{"id":22891,"date":"2013-04-17T02:39:09","date_gmt":"2013-04-17T07:39:09","guid":{"rendered":"http:\/\/akunq.net\/tr\/?p=22891"},"modified":"2013-04-17T02:39:09","modified_gmt":"2013-04-17T07:39:09","slug":"bulent-arinc-france-24e-konustu-kadinlara-pozitif-ayrimcilik-sagladik","status":"publish","type":"post","link":"https:\/\/akunq.net\/turkish\/2013\/04\/17\/bulent-arinc-france-24e-konustu-kadinlara-pozitif-ayrimcilik-sagladik\/","title":{"rendered":"B\u00fclent Ar\u0131n\u00e7 France 24&#8217;e konu\u015ftu: Kad\u0131nlara pozitif ayr\u0131mc\u0131l\u0131k sa\u011flad\u0131k"},"content":{"rendered":"<p style=\"text-align: justify\"><em><strong><a href=\"http:\/\/akunq.net\/tr\/?attachment_id=22892\" rel=\"attachment wp-att-22892\"><img loading=\"lazy\" decoding=\"async\" class=\"alignright size-medium wp-image-22892\" alt=\"\u0532\u0575\u0578\u0582\u056c\u0565\u0576\u0569 \u0531\u0580\u0568\u0576\u0579\" src=\"http:\/\/akunq.net\/tr\/wp-content\/uploads\/2013\/04\/\u0532\u0575\u0578\u0582\u056c\u0565\u0576\u0569-\u0531\u0580\u0568\u0576\u0579-300x205.jpg\" width=\"300\" height=\"205\" srcset=\"https:\/\/akunq.net\/turkish\/wp-content\/uploads\/sites\/5\/2013\/04\/\u0532\u0575\u0578\u0582\u056c\u0565\u0576\u0569-\u0531\u0580\u0568\u0576\u0579-300x205.jpg 300w, https:\/\/akunq.net\/turkish\/wp-content\/uploads\/sites\/5\/2013\/04\/\u0532\u0575\u0578\u0582\u056c\u0565\u0576\u0569-\u0531\u0580\u0568\u0576\u0579.jpg 600w\" sizes=\"auto, (max-width: 300px) 100vw, 300px\" \/><\/a>Paris&#8217;te temaslarda bulunan Ar\u0131n\u00e7, France 24 televizyonunda muhabir Gauthier Rybinski&#8217;nin, T\u00fcrkiye&#8217;de kad\u0131nlar\u0131n durumu, \u00e7\u00f6z\u00fcm s\u00fcreci ve AB \u00fcyeli\u011fine ili\u015fkin sorular\u0131n\u0131 yan\u0131tlad\u0131.<\/strong><\/em><br \/>\n<em><strong>ANKARA &#8211;<\/strong> <\/em>Ar\u0131n\u00e7, muhabirin sorusu \u00fczerine, Ba\u015fbakan Recep Tayyip Erdo\u011fan &#8216;\u0131n &#8220;en az 3 \u00e7ocuk&#8221; \u00e7a\u011fr\u0131s\u0131yla ilgili olarak, n\u00fcfusun artmas\u0131n\u0131 ve T\u00fcrkiye &#8216;de daha fazla gen\u00e7 olmas\u0131n\u0131 istediklerini belirterek, Avrupa&#8217;da n\u00fcfusun ya\u015fland\u0131\u011f\u0131n\u0131 ve her toplumun gen\u00e7lere ihtiya\u00e7 duydu\u011funu ifade etti.<\/p>\n<p style=\"text-align: justify\"><strong>KADINLARA POZ\u0130T\u0130F AYRIMCILIK<\/strong><\/p>\n<p style=\"text-align: justify\">AK Parti iktidar\u0131nda kad\u0131n haklar\u0131nda gerileme olup olmad\u0131\u011f\u0131yla ilgili soruya Ar\u0131n\u00e7, &#8220;se\u00e7imlerde kendilerine en fazla deste\u011fi kad\u0131nlar\u0131n verdi\u011fi, sosyal, ekonomik yard\u0131mlar\u0131n \u00f6zellikle kad\u0131nlara yap\u0131ld\u0131\u011f\u0131&#8221; cevab\u0131n\u0131 verdi.<\/p>\n<p style=\"text-align: justify\">Ar\u0131n\u00e7, 2010&#8217;daki referandumda yap\u0131lan de\u011fi\u015fikliklerle kad\u0131nlara pozitif ayr\u0131mc\u0131l\u0131k sa\u011fland\u0131\u011f\u0131na dikkati \u00e7ekti.<\/p>\n<p style=\"text-align: justify\"><strong>\u00c7\u00d6Z\u00dcM S\u00dcREC\u0130<\/strong><\/p>\n<p style=\"text-align: justify\">Kal\u0131c\u0131 bar\u0131\u015f\u0131 sa\u011flamak amac\u0131yla ba\u015flat\u0131lan \u00e7\u00f6z\u00fcm s\u00fcreciyle ilgili olarak Ar\u0131n\u00e7, s\u00fcrecin ba\u015flama zaman\u0131n\u0131n cumhurba\u015fkanl\u0131\u011f\u0131 se\u00e7imiyle ilgisinin bulunmad\u0131\u011f\u0131na dikkati \u00e7ekti.<br \/>\nAr\u0131n\u00e7, &#8220;10 y\u0131ld\u0131r iktidarday\u0131z. Ter\u00f6r bizim i\u00e7in 35 y\u0131ld\u0131r devam eden kronik bir sorun&#8221; diyerek, T\u00fcrkiye&#8217;nin ekonomik ve d\u0131\u015f politika alanlar\u0131nda en iyi ve \u00f6rg\u00fct\u00fcn en zay\u0131f oldu\u011fu zamanda s\u00fcrecin ba\u015flad\u0131\u011f\u0131n\u0131, 4 ayda \u00f6nemli sonu\u00e7lar\u0131n beklendi\u011fini ifade etti.<\/p>\n<p style=\"text-align: justify\"><strong>\u2018ERMEN\u0130 \u0130DD\u0130ALARI ASILSIZ\u2019<\/strong><\/p>\n<p style=\"text-align: justify\">1915 olaylar\u0131na <em>(Ermeni Soyk\u0131r\u0131m\u0131na-\u2018Akunq\u2019 web sayfas\u0131 y\u00f6neticileri)<\/em> ili\u015fkin Ermeni iddialar\u0131na ili\u015fkin bir soru \u00fczerine, iddialar\u0131n as\u0131ls\u0131z oldu\u011funu belirten Ar\u0131n\u00e7, siyaset\u00e7ilerin de\u011fil ancak tarih\u00e7ilerin ger\u00e7e\u011fi ortaya \u00e7\u0131karabilece\u011fini s\u00f6yledi.<\/p>\n<p style=\"text-align: justify\">2005&#8217;te parlamento ba\u015fkan\u0131 oldu\u011fu d\u00f6nemde anamuhalefet ve iktidar partisi liderlerinin bir araya gelerek bir deklarasyon imzalad\u0131klar\u0131n\u0131 hat\u0131rlatan Ar\u0131n\u00e7, T\u00fcrkiye&#8217;nin ar\u015fivlerini sonuna kadar a\u00e7t\u0131\u011f\u0131n\u0131 bildirdi.<\/p>\n<p style=\"text-align: justify\">Tarih\u00e7ilerden olu\u015fan ba\u011f\u0131ms\u0131z bir komisyonun verece\u011fi karara raz\u0131 olundu\u011funu ifade eden Ar\u0131n\u00e7 ancak Ermeni yetkililerin buna yana\u015fmad\u0131\u011f\u0131n\u0131 da belirtti.<\/p>\n<p style=\"text-align: justify\">Ar\u0131n\u00e7, bu d\u00f6nemde ayr\u0131ca Ermenistan ile ili\u015fkilerin normalle\u015ftirilmesi konusunda da ad\u0131mlar at\u0131ld\u0131\u011f\u0131n\u0131 hat\u0131rlatt\u0131.<\/p>\n<p style=\"text-align: justify\"><strong>AB \u00dcYEL\u0130\u011e\u0130<\/strong><\/p>\n<p style=\"text-align: justify\">T\u00fcrkiye&#8217;nin AB \u00fcyeli\u011fiyle ilgili soruya da Ar\u0131n\u00e7, h\u00fck\u00fcmetin hedefinin AB \u00fcyeli\u011fi oldu\u011funu belirtti. &#8220;Biz de sizlerle birlikte olmak istiyoruz&#8221; diyen Ar\u0131n\u00e7, Fransa ve Almanya ba\u015fta olmak \u00fczere T\u00fcrkiye&#8217;nin AB \u00fcyeli\u011fine baz\u0131 \u00fclkelerin kar\u015f\u0131 \u00e7\u0131kt\u0131\u011f\u0131n\u0131 kaydetti.<\/p>\n<p style=\"text-align: justify\">Ar\u0131n\u00e7, ge\u00e7mi\u015fte geni\u015flemeye kar\u015f\u0131 olan baz\u0131 \u00fclkelerinse \u015fimdi bunu istedi\u011fini belirterek, &#8220;Biz AB&#8217;ye y\u00fck olmaya gelmiyoruz. Biz AB&#8217;nin y\u00fck\u00fcn\u00fc almaya geliyoruz&#8221; dedi.<\/p>\n<p style=\"text-align: justify\">Fransa&#8217;n\u0131n eski Cumhurba\u015fkan\u0131 Nicolas Sarkozy d\u00f6neminde AB ile ili\u015fkilerin k\u00f6t\u00fcle\u015fti\u011fini hat\u0131rlatan Ar\u0131n\u00e7, yeni Cumhurba\u015fkan\u0131 Fran\u00e7ois Hollande h\u00fck\u00fcmetiyle el s\u0131k\u0131\u015fmaya haz\u0131r olundu\u011funu s\u00f6zlerine ekledi.<\/p>\n<p style=\"text-align: justify\"><em><strong>(aa)<\/strong><\/em><br \/>\n<em><strong>http:\/\/www.radikal.com.tr\/radikal.aspx?atype=radikaldetayv3&amp;articleid=1129719&amp;categoryid=78<\/strong><\/em><\/p>\n","protected":false},"excerpt":{"rendered":"<p>Paris&#8217;te temaslarda bulunan Ar\u0131n\u00e7, France 24 televizyonunda muhabir Gauthier Rybinski&#8217;nin, T\u00fcrkiye&#8217;de kad\u0131nlar\u0131n durumu, \u00e7\u00f6z\u00fcm s\u00fcreci ve AB \u00fcyeli\u011fine ili\u015fkin sorular\u0131n\u0131 yan\u0131tlad\u0131. ANKARA &#8211; Ar\u0131n\u00e7, muhabirin sorusu \u00fczerine, Ba\u015fbakan Recep Tayyip Erdo\u011fan &#8216;\u0131n &#8220;en az 3 \u00e7ocuk&#8221; \u00e7a\u011fr\u0131s\u0131yla ilgili olarak, n\u00fcfusun artmas\u0131n\u0131 ve T\u00fcrkiye &#8216;de daha fazla gen\u00e7 olmas\u0131n\u0131 istediklerini belirterek, Avrupa&#8217;da n\u00fcfusun ya\u015fland\u0131\u011f\u0131n\u0131 ve her [&hellip;]<\/p>\n","protected":false},"author":3,"featured_media":0,"comment_status":"open","ping_status":"open","sticky":false,"template":"","format":"standard","meta":{"footnotes":""},"categories":[14],"tags":[],"class_list":["post-22891","post","type-post","status-publish","format-standard","hentry","category-haberler"],"yoast_head":"<!-- This site is optimized with the Yoast SEO plugin v27.4 - https:\/\/yoast.com\/product\/yoast-seo-wordpress\/ -->\n<title>B\u00fclent Ar\u0131n\u00e7 France 24&#039;e konu\u015ftu: Kad\u0131nlara pozitif ayr\u0131mc\u0131l\u0131k sa\u011flad\u0131k - Bati Ermenistan Ve Bati Ermenileri Sorunlari Ara\u015ftirmalar Merkezi<\/title>\n<meta name=\"robots\" content=\"index, follow, max-snippet:-1, max-image-preview:large, max-video-preview:-1\" \/>\n<link rel=\"canonical\" href=\"https:\/\/akunq.net\/turkish\/2013\/04\/17\/bulent-arinc-france-24e-konustu-kadinlara-pozitif-ayrimcilik-sagladik\/\" \/>\n<meta property=\"og:locale\" content=\"en_US\" \/>\n<meta property=\"og:type\" content=\"article\" \/>\n<meta property=\"og:title\" content=\"B\u00fclent Ar\u0131n\u00e7 France 24&#039;e konu\u015ftu: Kad\u0131nlara pozitif ayr\u0131mc\u0131l\u0131k sa\u011flad\u0131k - Bati Ermenistan Ve Bati Ermenileri Sorunlari Ara\u015ftirmalar Merkezi\" \/>\n<meta property=\"og:description\" content=\"Paris&#8217;te temaslarda bulunan Ar\u0131n\u00e7, France 24 televizyonunda muhabir Gauthier Rybinski&#8217;nin, T\u00fcrkiye&#8217;de kad\u0131nlar\u0131n durumu, \u00e7\u00f6z\u00fcm s\u00fcreci ve AB \u00fcyeli\u011fine ili\u015fkin sorular\u0131n\u0131 yan\u0131tlad\u0131. ANKARA &#8211; Ar\u0131n\u00e7, muhabirin sorusu \u00fczerine, Ba\u015fbakan Recep Tayyip Erdo\u011fan &#8216;\u0131n &#8220;en az 3 \u00e7ocuk&#8221; \u00e7a\u011fr\u0131s\u0131yla ilgili olarak, n\u00fcfusun artmas\u0131n\u0131 ve T\u00fcrkiye &#8216;de daha fazla gen\u00e7 olmas\u0131n\u0131 istediklerini belirterek, Avrupa&#8217;da n\u00fcfusun ya\u015fland\u0131\u011f\u0131n\u0131 ve her [&hellip;]\" \/>\n<meta property=\"og:url\" content=\"https:\/\/akunq.net\/turkish\/2013\/04\/17\/bulent-arinc-france-24e-konustu-kadinlara-pozitif-ayrimcilik-sagladik\/\" \/>\n<meta property=\"og:site_name\" content=\"Bati Ermenistan Ve Bati Ermenileri Sorunlari Ara\u015ftirmalar Merkezi\" \/>\n<meta property=\"article:published_time\" content=\"2013-04-17T07:39:09+00:00\" \/>\n<meta name=\"author\" content=\"kalem\" \/>\n<meta name=\"twitter:card\" content=\"summary_large_image\" \/>\n<meta name=\"twitter:label1\" content=\"Written by\" \/>\n\t<meta name=\"twitter:data1\" content=\"kalem\" \/>\n\t<meta name=\"twitter:label2\" content=\"Est. reading time\" \/>\n\t<meta name=\"twitter:data2\" content=\"3 minutes\" \/>\n<script type=\"application\/ld+json\" class=\"yoast-schema-graph\">{\"@context\":\"https:\\\/\\\/schema.org\",\"@graph\":[{\"@type\":\"Article\",\"@id\":\"https:\\\/\\\/akunq.net\\\/turkish\\\/2013\\\/04\\\/17\\\/bulent-arinc-france-24e-konustu-kadinlara-pozitif-ayrimcilik-sagladik\\\/#article\",\"isPartOf\":{\"@id\":\"https:\\\/\\\/akunq.net\\\/turkish\\\/2013\\\/04\\\/17\\\/bulent-arinc-france-24e-konustu-kadinlara-pozitif-ayrimcilik-sagladik\\\/\"},\"author\":{\"name\":\"kalem\",\"@id\":\"https:\\\/\\\/akunq.net\\\/turkish\\\/#\\\/schema\\\/person\\\/135e7923d1aeb8887890799619969a6c\"},\"headline\":\"B\u00fclent Ar\u0131n\u00e7 France 24&#8217;e konu\u015ftu: Kad\u0131nlara pozitif ayr\u0131mc\u0131l\u0131k sa\u011flad\u0131k\",\"datePublished\":\"2013-04-17T07:39:09+00:00\",\"mainEntityOfPage\":{\"@id\":\"https:\\\/\\\/akunq.net\\\/turkish\\\/2013\\\/04\\\/17\\\/bulent-arinc-france-24e-konustu-kadinlara-pozitif-ayrimcilik-sagladik\\\/\"},\"wordCount\":534,\"commentCount\":0,\"articleSection\":[\"Haberler\"],\"inLanguage\":\"en-US\",\"potentialAction\":[{\"@type\":\"CommentAction\",\"name\":\"Comment\",\"target\":[\"https:\\\/\\\/akunq.net\\\/turkish\\\/2013\\\/04\\\/17\\\/bulent-arinc-france-24e-konustu-kadinlara-pozitif-ayrimcilik-sagladik\\\/#respond\"]}]},{\"@type\":\"WebPage\",\"@id\":\"https:\\\/\\\/akunq.net\\\/turkish\\\/2013\\\/04\\\/17\\\/bulent-arinc-france-24e-konustu-kadinlara-pozitif-ayrimcilik-sagladik\\\/\",\"url\":\"https:\\\/\\\/akunq.net\\\/turkish\\\/2013\\\/04\\\/17\\\/bulent-arinc-france-24e-konustu-kadinlara-pozitif-ayrimcilik-sagladik\\\/\",\"name\":\"B\u00fclent Ar\u0131n\u00e7 France 24'e konu\u015ftu: Kad\u0131nlara pozitif ayr\u0131mc\u0131l\u0131k sa\u011flad\u0131k - Bati Ermenistan Ve Bati Ermenileri Sorunlari Ara\u015ftirmalar Merkezi\",\"isPartOf\":{\"@id\":\"https:\\\/\\\/akunq.net\\\/turkish\\\/#website\"},\"datePublished\":\"2013-04-17T07:39:09+00:00\",\"author\":{\"@id\":\"https:\\\/\\\/akunq.net\\\/turkish\\\/#\\\/schema\\\/person\\\/135e7923d1aeb8887890799619969a6c\"},\"breadcrumb\":{\"@id\":\"https:\\\/\\\/akunq.net\\\/turkish\\\/2013\\\/04\\\/17\\\/bulent-arinc-france-24e-konustu-kadinlara-pozitif-ayrimcilik-sagladik\\\/#breadcrumb\"},\"inLanguage\":\"en-US\",\"potentialAction\":[{\"@type\":\"ReadAction\",\"target\":[\"https:\\\/\\\/akunq.net\\\/turkish\\\/2013\\\/04\\\/17\\\/bulent-arinc-france-24e-konustu-kadinlara-pozitif-ayrimcilik-sagladik\\\/\"]}]},{\"@type\":\"BreadcrumbList\",\"@id\":\"https:\\\/\\\/akunq.net\\\/turkish\\\/2013\\\/04\\\/17\\\/bulent-arinc-france-24e-konustu-kadinlara-pozitif-ayrimcilik-sagladik\\\/#breadcrumb\",\"itemListElement\":[{\"@type\":\"ListItem\",\"position\":1,\"name\":\"Home\",\"item\":\"https:\\\/\\\/akunq.net\\\/turkish\\\/\"},{\"@type\":\"ListItem\",\"position\":2,\"name\":\"B\u00fclent Ar\u0131n\u00e7 France 24&#8217;e konu\u015ftu: Kad\u0131nlara pozitif ayr\u0131mc\u0131l\u0131k sa\u011flad\u0131k\"}]},{\"@type\":\"WebSite\",\"@id\":\"https:\\\/\\\/akunq.net\\\/turkish\\\/#website\",\"url\":\"https:\\\/\\\/akunq.net\\\/turkish\\\/\",\"name\":\"Bati Ermenistan Ve Bati Ermenileri Sorunlari Ara\u015ftirmalar Merkezi\",\"description\":\"\",\"potentialAction\":[{\"@type\":\"SearchAction\",\"target\":{\"@type\":\"EntryPoint\",\"urlTemplate\":\"https:\\\/\\\/akunq.net\\\/turkish\\\/?s={search_term_string}\"},\"query-input\":{\"@type\":\"PropertyValueSpecification\",\"valueRequired\":true,\"valueName\":\"search_term_string\"}}],\"inLanguage\":\"en-US\"},{\"@type\":\"Person\",\"@id\":\"https:\\\/\\\/akunq.net\\\/turkish\\\/#\\\/schema\\\/person\\\/135e7923d1aeb8887890799619969a6c\",\"name\":\"kalem\",\"image\":{\"@type\":\"ImageObject\",\"inLanguage\":\"en-US\",\"@id\":\"https:\\\/\\\/secure.gravatar.com\\\/avatar\\\/a06875e4b25feb5674296adf8e8a7ae1e587cebce2493fe63c456109967e27d3?s=96&d=mm&r=g\",\"url\":\"https:\\\/\\\/secure.gravatar.com\\\/avatar\\\/a06875e4b25feb5674296adf8e8a7ae1e587cebce2493fe63c456109967e27d3?s=96&d=mm&r=g\",\"contentUrl\":\"https:\\\/\\\/secure.gravatar.com\\\/avatar\\\/a06875e4b25feb5674296adf8e8a7ae1e587cebce2493fe63c456109967e27d3?s=96&d=mm&r=g\",\"caption\":\"kalem\"},\"url\":\"https:\\\/\\\/akunq.net\\\/turkish\\\/author\\\/kalem\\\/\"}]}<\/script>\n<!-- \/ Yoast SEO plugin. -->","yoast_head_json":{"title":"B\u00fclent Ar\u0131n\u00e7 France 24'e konu\u015ftu: Kad\u0131nlara pozitif ayr\u0131mc\u0131l\u0131k sa\u011flad\u0131k - Bati Ermenistan Ve Bati Ermenileri Sorunlari Ara\u015ftirmalar Merkezi","robots":{"index":"index","follow":"follow","max-snippet":"max-snippet:-1","max-image-preview":"max-image-preview:large","max-video-preview":"max-video-preview:-1"},"canonical":"https:\/\/akunq.net\/turkish\/2013\/04\/17\/bulent-arinc-france-24e-konustu-kadinlara-pozitif-ayrimcilik-sagladik\/","og_locale":"en_US","og_type":"article","og_title":"B\u00fclent Ar\u0131n\u00e7 France 24'e konu\u015ftu: Kad\u0131nlara pozitif ayr\u0131mc\u0131l\u0131k sa\u011flad\u0131k - Bati Ermenistan Ve Bati Ermenileri Sorunlari Ara\u015ftirmalar Merkezi","og_description":"Paris&#8217;te temaslarda bulunan Ar\u0131n\u00e7, France 24 televizyonunda muhabir Gauthier Rybinski&#8217;nin, T\u00fcrkiye&#8217;de kad\u0131nlar\u0131n durumu, \u00e7\u00f6z\u00fcm s\u00fcreci ve AB \u00fcyeli\u011fine ili\u015fkin sorular\u0131n\u0131 yan\u0131tlad\u0131. ANKARA &#8211; Ar\u0131n\u00e7, muhabirin sorusu \u00fczerine, Ba\u015fbakan Recep Tayyip Erdo\u011fan &#8216;\u0131n &#8220;en az 3 \u00e7ocuk&#8221; \u00e7a\u011fr\u0131s\u0131yla ilgili olarak, n\u00fcfusun artmas\u0131n\u0131 ve T\u00fcrkiye &#8216;de daha fazla gen\u00e7 olmas\u0131n\u0131 istediklerini belirterek, Avrupa&#8217;da n\u00fcfusun ya\u015fland\u0131\u011f\u0131n\u0131 ve her [&hellip;]","og_url":"https:\/\/akunq.net\/turkish\/2013\/04\/17\/bulent-arinc-france-24e-konustu-kadinlara-pozitif-ayrimcilik-sagladik\/","og_site_name":"Bati Ermenistan Ve Bati Ermenileri Sorunlari Ara\u015ftirmalar Merkezi","article_published_time":"2013-04-17T07:39:09+00:00","author":"kalem","twitter_card":"summary_large_image","twitter_misc":{"Written by":"kalem","Est. reading time":"3 minutes"},"schema":{"@context":"https:\/\/schema.org","@graph":[{"@type":"Article","@id":"https:\/\/akunq.net\/turkish\/2013\/04\/17\/bulent-arinc-france-24e-konustu-kadinlara-pozitif-ayrimcilik-sagladik\/#article","isPartOf":{"@id":"https:\/\/akunq.net\/turkish\/2013\/04\/17\/bulent-arinc-france-24e-konustu-kadinlara-pozitif-ayrimcilik-sagladik\/"},"author":{"name":"kalem","@id":"https:\/\/akunq.net\/turkish\/#\/schema\/person\/135e7923d1aeb8887890799619969a6c"},"headline":"B\u00fclent Ar\u0131n\u00e7 France 24&#8217;e konu\u015ftu: Kad\u0131nlara pozitif ayr\u0131mc\u0131l\u0131k sa\u011flad\u0131k","datePublished":"2013-04-17T07:39:09+00:00","mainEntityOfPage":{"@id":"https:\/\/akunq.net\/turkish\/2013\/04\/17\/bulent-arinc-france-24e-konustu-kadinlara-pozitif-ayrimcilik-sagladik\/"},"wordCount":534,"commentCount":0,"articleSection":["Haberler"],"inLanguage":"en-US","potentialAction":[{"@type":"CommentAction","name":"Comment","target":["https:\/\/akunq.net\/turkish\/2013\/04\/17\/bulent-arinc-france-24e-konustu-kadinlara-pozitif-ayrimcilik-sagladik\/#respond"]}]},{"@type":"WebPage","@id":"https:\/\/akunq.net\/turkish\/2013\/04\/17\/bulent-arinc-france-24e-konustu-kadinlara-pozitif-ayrimcilik-sagladik\/","url":"https:\/\/akunq.net\/turkish\/2013\/04\/17\/bulent-arinc-france-24e-konustu-kadinlara-pozitif-ayrimcilik-sagladik\/","name":"B\u00fclent Ar\u0131n\u00e7 France 24'e konu\u015ftu: Kad\u0131nlara pozitif ayr\u0131mc\u0131l\u0131k sa\u011flad\u0131k - Bati Ermenistan Ve Bati Ermenileri Sorunlari Ara\u015ftirmalar Merkezi","isPartOf":{"@id":"https:\/\/akunq.net\/turkish\/#website"},"datePublished":"2013-04-17T07:39:09+00:00","author":{"@id":"https:\/\/akunq.net\/turkish\/#\/schema\/person\/135e7923d1aeb8887890799619969a6c"},"breadcrumb":{"@id":"https:\/\/akunq.net\/turkish\/2013\/04\/17\/bulent-arinc-france-24e-konustu-kadinlara-pozitif-ayrimcilik-sagladik\/#breadcrumb"},"inLanguage":"en-US","potentialAction":[{"@type":"ReadAction","target":["https:\/\/akunq.net\/turkish\/2013\/04\/17\/bulent-arinc-france-24e-konustu-kadinlara-pozitif-ayrimcilik-sagladik\/"]}]},{"@type":"BreadcrumbList","@id":"https:\/\/akunq.net\/turkish\/2013\/04\/17\/bulent-arinc-france-24e-konustu-kadinlara-pozitif-ayrimcilik-sagladik\/#breadcrumb","itemListElement":[{"@type":"ListItem","position":1,"name":"Home","item":"https:\/\/akunq.net\/turkish\/"},{"@type":"ListItem","position":2,"name":"B\u00fclent Ar\u0131n\u00e7 France 24&#8217;e konu\u015ftu: Kad\u0131nlara pozitif ayr\u0131mc\u0131l\u0131k sa\u011flad\u0131k"}]},{"@type":"WebSite","@id":"https:\/\/akunq.net\/turkish\/#website","url":"https:\/\/akunq.net\/turkish\/","name":"Bati Ermenistan Ve Bati Ermenileri Sorunlari Ara\u015ftirmalar Merkezi","description":"","potentialAction":[{"@type":"SearchAction","target":{"@type":"EntryPoint","urlTemplate":"https:\/\/akunq.net\/turkish\/?s={search_term_string}"},"query-input":{"@type":"PropertyValueSpecification","valueRequired":true,"valueName":"search_term_string"}}],"inLanguage":"en-US"},{"@type":"Person","@id":"https:\/\/akunq.net\/turkish\/#\/schema\/person\/135e7923d1aeb8887890799619969a6c","name":"kalem","image":{"@type":"ImageObject","inLanguage":"en-US","@id":"https:\/\/secure.gravatar.com\/avatar\/a06875e4b25feb5674296adf8e8a7ae1e587cebce2493fe63c456109967e27d3?s=96&d=mm&r=g","url":"https:\/\/secure.gravatar.com\/avatar\/a06875e4b25feb5674296adf8e8a7ae1e587cebce2493fe63c456109967e27d3?s=96&d=mm&r=g","contentUrl":"https:\/\/secure.gravatar.com\/avatar\/a06875e4b25feb5674296adf8e8a7ae1e587cebce2493fe63c456109967e27d3?s=96&d=mm&r=g","caption":"kalem"},"url":"https:\/\/akunq.net\/turkish\/author\/kalem\/"}]}},"_links":{"self":[{"href":"https:\/\/akunq.net\/turkish\/wp-json\/wp\/v2\/posts\/22891","targetHints":{"allow":["GET"]}}],"collection":[{"href":"https:\/\/akunq.net\/turkish\/wp-json\/wp\/v2\/posts"}],"about":[{"href":"https:\/\/akunq.net\/turkish\/wp-json\/wp\/v2\/types\/post"}],"author":[{"embeddable":true,"href":"https:\/\/akunq.net\/turkish\/wp-json\/wp\/v2\/users\/3"}],"replies":[{"embeddable":true,"href":"https:\/\/akunq.net\/turkish\/wp-json\/wp\/v2\/comments?post=22891"}],"version-history":[{"count":0,"href":"https:\/\/akunq.net\/turkish\/wp-json\/wp\/v2\/posts\/22891\/revisions"}],"wp:attachment":[{"href":"https:\/\/akunq.net\/turkish\/wp-json\/wp\/v2\/media?parent=22891"}],"wp:term":[{"taxonomy":"category","embeddable":true,"href":"https:\/\/akunq.net\/turkish\/wp-json\/wp\/v2\/categories?post=22891"},{"taxonomy":"post_tag","embeddable":true,"href":"https:\/\/akunq.net\/turkish\/wp-json\/wp\/v2\/tags?post=22891"}],"curies":[{"name":"wp","href":"https:\/\/api.w.org\/{rel}","templated":true}]}}