{"id":2286,"date":"2010-10-09T04:38:20","date_gmt":"2010-10-09T09:38:20","guid":{"rendered":"http:\/\/akunq.net\/tr\/?p=2286"},"modified":"2010-10-09T04:38:20","modified_gmt":"2010-10-09T09:38:20","slug":"ergenekona-bir-birlestirme-karari-da-sivastan","status":"publish","type":"post","link":"https:\/\/akunq.net\/turkish\/2010\/10\/09\/ergenekona-bir-birlestirme-karari-da-sivastan\/","title":{"rendered":"Ergenekon&#8217;a bir birle\u015ftirme karar\u0131 da Sivas&#8217;tan"},"content":{"rendered":"<p style=\"text-align: justify\"><strong><em>Sivas&#8217;ta, Ermeni k\u00f6kenli vatanda\u015flar\u0131n ruhani lideri oldu\u011fu belirtilen Minas Durmazg\u00fcler&#8217;e y\u00f6nelik suikast planlad\u0131klar\u0131 iddias\u0131yla Emrah G\u00f6nenci ve Bekir \u00c7elik hakk\u0131nda \u0130stanbul \u00f6zel yetkili Cumhuriyet Savc\u0131s\u0131 Kas\u0131m \u0130limo\u011flu taraf\u0131ndan dava a\u00e7\u0131ld\u0131.<\/em><\/strong><em><br \/>\n<\/em><br \/>\n\u0130ddianamede, bu san\u0131klar\u0131n &#8220;Ergenekon ter\u00f6r \u00f6rg\u00fct\u00fc olarak iddia olunan olu\u015fumun Sivas yap\u0131lanmas\u0131n\u0131n ba\u015f\u0131nda olan eski \u00d6zel Harekat Daire Ba\u015fkanvekili \u0130brahim \u015eahin&#8217;den talimat ald\u0131klar\u0131 belirtildi. Sivas&#8217;ta y\u00fcr\u00fct\u00fclen soru\u015fturmadan ayr\u0131larak \u0130stanbul&#8217;a g\u00f6nderilen ve Ergenekon davas\u0131yla birle\u015ftirme talepli olarak a\u00e7\u0131lan davan\u0131n iddianamesinde, ayn\u0131 soru\u015fturmada ad\u0131 ge\u00e7en \u0130brahim \u015eahin, Fatma Cengiz ve Ersin G\u00f6nenci&#8217;nin san\u0131k olarak yarg\u0131land\u0131klar\u0131 Ergenekon davas\u0131n\u0131n iddianamesinde ayn\u0131 su\u00e7laman\u0131n yer ald\u0131\u011f\u0131 hat\u0131rlat\u0131ld\u0131.<\/p>\n<p style=\"text-align: justify\">\u0130ddianamede, Sivas&#8217;ta Ermeni k\u00f6kenli vatanda\u015flar\u0131n ruhani lideri Minas Durmazg\u00fcler&#8217;e y\u00f6nelik eylem haz\u0131rl\u0131\u011f\u0131na ili\u015fkin \u0130brahim \u015eahin&#8217;in de aralar\u0131nda bulundu\u011fu 13 ki\u015fi hakk\u0131nda bir soru\u015fturma ba\u015flat\u0131ld\u0131\u011f\u0131 anlat\u0131ld\u0131. Bu suikast planlar\u0131n\u0131n ve S1 ad\u0131 verilen suikast timlerinin yer ald\u0131\u011f\u0131 &#8220;Tedhi\u015f plan\u0131&#8221;n\u0131n, Ergenekon soru\u015fturmas\u0131 kapsam\u0131nda \u0130brahim \u015eahin&#8217;in evinde yap\u0131lan aramalarda ele ge\u00e7irildi\u011fi hat\u0131rlat\u0131ld\u0131. Bu planla ilgili olarak \u0130stanbul 13. A\u011f\u0131r Ceza Mahkemesi&#8217;nde bir dava a\u00e7\u0131ld\u0131\u011f\u0131 kaydedilen iddianamede, \u0130brahim \u015eahin, Fatma Cengiz ve Ersin G\u00f6nenci hakk\u0131nda Ergenekon soru\u015fturmas\u0131 kapsam\u0131nda dava a\u00e7\u0131ld\u0131\u011f\u0131 ifade edildi.<\/p>\n<p style=\"text-align: justify\">Sivas&#8217;ta y\u00fcr\u00fct\u00fclen soru\u015fturma kapsam\u0131nda Minas Durmaz G\u00fcler&#8217;in Sivas Emniyet M\u00fcd\u00fcrl\u00fc\u011f\u00fc&#8217;nde 08 Ocak 2009 tarihinde ifadesinin al\u0131nd\u0131\u011f\u0131 belirtildi. Uzun y\u0131llard\u0131r g\u00fcm\u00fc\u015f i\u015f\u00e7ili\u011fi ile u\u011fra\u015ft\u0131\u011f\u0131n\u0131, kendisine ait d\u00fckkan\u0131 oldu\u011funu, Ermeni k\u00f6kenli oldu\u011funu, Sivas&#8217;ta yakla\u015f\u0131k 20 hane Ermeni vatanda\u015f\u0131 bulundu\u011funu, bu ki\u015filerle s\u00fcrekli g\u00f6r\u00fc\u015ft\u00fcklerini anlatan Durmazg\u00fcler&#8217;in, hi\u00e7 kimse ile her hangi bir probleminin olmad\u0131\u011f\u0131 \u015feklinde ifade verdi\u011fi kaydedildi. 2008 y\u0131l\u0131n\u0131n sonlar\u0131nda eylem haz\u0131rl\u0131\u011f\u0131n\u0131n ortaya \u00e7\u0131kmas\u0131 \u00fczerine Durmazg\u00fcler&#8217;in koruma alt\u0131na ald\u0131\u011f\u0131 belirtilen iddianamede, durumun kendisine anlat\u0131lmas\u0131 \u00fczerine Durmazg\u00fcler&#8217;in \u015f\u00fcphelileri tan\u0131mad\u0131\u011f\u0131n\u0131, kendisine hangi ama\u00e7la eylem tertip ettikleri hakk\u0131nda bilgisinin olmad\u0131\u011f\u0131n\u0131, aralar\u0131nda husumet bulunmad\u0131\u011f\u0131n\u0131, herkes ile dost oldu\u011funu, kendisine y\u00f6nelik eylem haz\u0131rl\u0131\u011f\u0131 i\u00e7erisindeki ki\u015filerden \u015fikayet\u00e7i oldu\u011funu s\u00f6yledi\u011fi a\u00e7\u0131kland\u0131.<\/p>\n<p style=\"text-align: justify\">\u015e\u00fcpheliler \u0130brahim \u015eahin ile Fatma Cengiz&#8217;in, Ermeni k\u00f6kenli ki\u015filer hakk\u0131nda bilgi temin etmeye, bir k\u0131s\u0131m giri\u015fimlerde bulunan ki\u015filerin isimlerini tespit etmeye \u00e7al\u0131\u015ft\u0131klar\u0131, aralar\u0131ndaki ileti\u015fim s\u0131ras\u0131nda tespit edilen mesajlardan bir tanesinde \u0130brahim \u015eahin&#8217;in, kendisini, &#8220;Ben Ermenilere kar\u015f\u0131 kurulan \u00f6rg\u00fct\u00fcn ilk ba\u015fkan\u0131y\u0131m&#8230;&#8221; \u015feklinde ifadelerle tarif etti\u011fi, bir ba\u015fka mesajda ise, &#8220;&#8230; Asena g\u00f6rev var, Ermeni \u00f6ld\u00fcr\u00fclmeli&#8221; s\u00f6zleriyle &#8216;Asena&#8217; kod ad\u0131n\u0131 kullanan Fatma Cengiz&#8217;e talimat iletti\u011fi kaydedildi.<\/p>\n<p style=\"text-align: justify\">\u015e\u00fcpheli \u015eahin ve grubunun Durmazg\u00fcler&#8217;e y\u00f6nelik eylem haz\u0131rl\u0131\u011f\u0131 i\u00e7erisinde bulunduklar\u0131, Ermenilerden \u00f6z\u00fcr dilenmesi y\u00f6n\u00fcnde TBMM Ba\u015fkanl\u0131\u011f\u0131&#8217;na dilek\u00e7e vererek kampanya d\u00fczenleyen ki\u015filerin isim listesini temin ettikleri, \u0130brahim \u015eahin&#8217;in evinde ele ge\u00e7en suikast planlar\u0131na g\u00f6re m\u00fc\u015ftekiler Ali Balk\u0131z, Kaz\u0131m Gen\u00e7 ve Mesrob Mutafyan&#8217;a y\u00f6nelik, &#8220;Tedhi\u015f planlar\u0131&#8221; haz\u0131rlad\u0131klar\u0131, Ankara G\u00f6lba\u015f\u0131&#8217;nda ele ge\u00e7en silahlar\u0131n planlanan suikastleri ger\u00e7ekle\u015ftirebilecek say\u0131 ve nitelikte oldu\u011fu, S-l isimli yap\u0131lanmada ve tedhi\u015f planlar\u0131nda isimleri bulunan \u015f\u00fcphelilerin bu suikastlerde g\u00f6rev alacak ekip olarak haz\u0131rland\u0131\u011f\u0131 da iddianamedeki bilgiler aras\u0131nda bulunuyor.<\/p>\n<p style=\"text-align: justify\">\u015e\u00fcpheli \u0130brahim \u015eahin liderli\u011findeki h\u00fccre yap\u0131lanmas\u0131na y\u00f6nelik yap\u0131lan teknik takip \u00e7al\u0131\u015fmalar\u0131nda, T\u00fcrkiye&#8217;de ya\u015fayan bir k\u0131s\u0131m Ermeni as\u0131ll\u0131 vatanda\u015flara y\u00f6nelik eylem haz\u0131rl\u0131\u011f\u0131 i\u00e7erisinde olduklar\u0131, \u00f6zellikle Sivas ilinde ya\u015fayan ve o b\u00f6lgedeki Ermeni as\u0131ll\u0131 vatanda\u015flar\u0131n ruhani lideri konumunda bulunan Minas Durmazg\u00fcler&#8217;e y\u00f6nelik suikast haz\u0131rl\u0131klar\u0131 yapt\u0131klar\u0131, bu ama\u00e7la \u015f\u00fcpheli \u0130brahim \u015eahin&#8217;in, Minas Durmazg\u00fcler&#8217;in adresini tespit etmeye y\u00f6nelik \u00e7al\u0131\u015fmalar yapt\u0131\u011f\u0131 anlat\u0131ld\u0131.<\/p>\n<p style=\"text-align: justify\">\u00a0Sivas&#8217;ta y\u00fcr\u00fct\u00fclen soru\u015fturman\u0131n Emrah G\u00f6nenci ve Bekir \u00c7elik y\u00f6n\u00fcnden ayr\u0131larak \u0130stanbul CMK 250 maddesi ile \u00f6zel yetkili Cumhuriyet Ba\u015fsavc\u0131 vekilli\u011fine g\u00f6nderildi\u011fi belirtilen iddianameyi, Savc\u0131 Kas\u0131m \u0130limo\u011flu haz\u0131rlad\u0131. Ergenekon davas\u0131yla birle\u015ftirme talepli olarak a\u00e7\u0131lan davan\u0131n iddianamesinde iki san\u0131k, &#8220;\u00d6rg\u00fct \u00fcyesi olmak, \u00f6rg\u00fcte yard\u0131m yatakl\u0131k yapmak&#8221;la su\u00e7lan\u0131yor. Dava, 29 Ekim 2010 tarihinde Silivri cezaevinin biti\u015fi\u011finde olu\u015fturulan ve Ergenekon davalar\u0131n\u0131n g\u00f6r\u00fcld\u00fc\u011f\u00fc mahkeme salonunda g\u00f6r\u00fclmeye ba\u015flanacak.<\/p>\n<p style=\"text-align: justify\"><strong><em>Star gazetesi<\/em><\/strong><\/p>\n<p style=\"text-align: justify\"><strong><em>08.10.10<\/em><\/strong><\/p>\n<p style=\"text-align: justify\"><strong><em>http:\/\/www.stargazete.com\/guncel\/ergenekon-a-bir-birlestirme-karari-da-sivas-tan-haber-300438.htm<\/em><\/strong><\/p>\n","protected":false},"excerpt":{"rendered":"<p>Sivas&#8217;ta, Ermeni k\u00f6kenli vatanda\u015flar\u0131n ruhani lideri oldu\u011fu belirtilen Minas Durmazg\u00fcler&#8217;e y\u00f6nelik suikast planlad\u0131klar\u0131 iddias\u0131yla Emrah G\u00f6nenci ve Bekir \u00c7elik hakk\u0131nda \u0130stanbul \u00f6zel yetkili Cumhuriyet Savc\u0131s\u0131 Kas\u0131m \u0130limo\u011flu taraf\u0131ndan dava a\u00e7\u0131ld\u0131. \u0130ddianamede, bu san\u0131klar\u0131n &#8220;Ergenekon ter\u00f6r \u00f6rg\u00fct\u00fc olarak iddia olunan olu\u015fumun Sivas yap\u0131lanmas\u0131n\u0131n ba\u015f\u0131nda olan eski \u00d6zel Harekat Daire Ba\u015fkanvekili \u0130brahim \u015eahin&#8217;den talimat ald\u0131klar\u0131 belirtildi. Sivas&#8217;ta [&hellip;]<\/p>\n","protected":false},"author":3,"featured_media":0,"comment_status":"closed","ping_status":"open","sticky":false,"template":"","format":"standard","meta":{"footnotes":""},"categories":[14],"tags":[],"class_list":["post-2286","post","type-post","status-publish","format-standard","hentry","category-haberler"],"yoast_head":"<!-- This site is optimized with the Yoast SEO plugin v27.4 - https:\/\/yoast.com\/product\/yoast-seo-wordpress\/ -->\n<title>Ergenekon&#039;a bir birle\u015ftirme karar\u0131 da Sivas&#039;tan - Bati Ermenistan Ve Bati Ermenileri Sorunlari Ara\u015ftirmalar Merkezi<\/title>\n<meta name=\"robots\" content=\"index, follow, max-snippet:-1, max-image-preview:large, max-video-preview:-1\" \/>\n<link rel=\"canonical\" href=\"https:\/\/akunq.net\/turkish\/2010\/10\/09\/ergenekona-bir-birlestirme-karari-da-sivastan\/\" \/>\n<meta property=\"og:locale\" content=\"en_US\" \/>\n<meta property=\"og:type\" content=\"article\" \/>\n<meta property=\"og:title\" content=\"Ergenekon&#039;a bir birle\u015ftirme karar\u0131 da Sivas&#039;tan - Bati Ermenistan Ve Bati Ermenileri Sorunlari Ara\u015ftirmalar Merkezi\" \/>\n<meta property=\"og:description\" content=\"Sivas&#8217;ta, Ermeni k\u00f6kenli vatanda\u015flar\u0131n ruhani lideri oldu\u011fu belirtilen Minas Durmazg\u00fcler&#8217;e y\u00f6nelik suikast planlad\u0131klar\u0131 iddias\u0131yla Emrah G\u00f6nenci ve Bekir \u00c7elik hakk\u0131nda \u0130stanbul \u00f6zel yetkili Cumhuriyet Savc\u0131s\u0131 Kas\u0131m \u0130limo\u011flu taraf\u0131ndan dava a\u00e7\u0131ld\u0131. \u0130ddianamede, bu san\u0131klar\u0131n &#8220;Ergenekon ter\u00f6r \u00f6rg\u00fct\u00fc olarak iddia olunan olu\u015fumun Sivas yap\u0131lanmas\u0131n\u0131n ba\u015f\u0131nda olan eski \u00d6zel Harekat Daire Ba\u015fkanvekili \u0130brahim \u015eahin&#8217;den talimat ald\u0131klar\u0131 belirtildi. Sivas&#8217;ta [&hellip;]\" \/>\n<meta property=\"og:url\" content=\"https:\/\/akunq.net\/turkish\/2010\/10\/09\/ergenekona-bir-birlestirme-karari-da-sivastan\/\" \/>\n<meta property=\"og:site_name\" content=\"Bati Ermenistan Ve Bati Ermenileri Sorunlari Ara\u015ftirmalar Merkezi\" \/>\n<meta property=\"article:published_time\" content=\"2010-10-09T09:38:20+00:00\" \/>\n<meta name=\"author\" content=\"kalem\" \/>\n<meta name=\"twitter:card\" content=\"summary_large_image\" \/>\n<meta name=\"twitter:label1\" content=\"Written by\" \/>\n\t<meta name=\"twitter:data1\" content=\"kalem\" \/>\n\t<meta name=\"twitter:label2\" content=\"Est. reading time\" \/>\n\t<meta name=\"twitter:data2\" content=\"4 minutes\" \/>\n<script type=\"application\/ld+json\" class=\"yoast-schema-graph\">{\"@context\":\"https:\\\/\\\/schema.org\",\"@graph\":[{\"@type\":\"Article\",\"@id\":\"https:\\\/\\\/akunq.net\\\/turkish\\\/2010\\\/10\\\/09\\\/ergenekona-bir-birlestirme-karari-da-sivastan\\\/#article\",\"isPartOf\":{\"@id\":\"https:\\\/\\\/akunq.net\\\/turkish\\\/2010\\\/10\\\/09\\\/ergenekona-bir-birlestirme-karari-da-sivastan\\\/\"},\"author\":{\"name\":\"kalem\",\"@id\":\"https:\\\/\\\/akunq.net\\\/turkish\\\/#\\\/schema\\\/person\\\/135e7923d1aeb8887890799619969a6c\"},\"headline\":\"Ergenekon&#8217;a bir birle\u015ftirme karar\u0131 da Sivas&#8217;tan\",\"datePublished\":\"2010-10-09T09:38:20+00:00\",\"mainEntityOfPage\":{\"@id\":\"https:\\\/\\\/akunq.net\\\/turkish\\\/2010\\\/10\\\/09\\\/ergenekona-bir-birlestirme-karari-da-sivastan\\\/\"},\"wordCount\":808,\"articleSection\":[\"Haberler\"],\"inLanguage\":\"en-US\"},{\"@type\":\"WebPage\",\"@id\":\"https:\\\/\\\/akunq.net\\\/turkish\\\/2010\\\/10\\\/09\\\/ergenekona-bir-birlestirme-karari-da-sivastan\\\/\",\"url\":\"https:\\\/\\\/akunq.net\\\/turkish\\\/2010\\\/10\\\/09\\\/ergenekona-bir-birlestirme-karari-da-sivastan\\\/\",\"name\":\"Ergenekon'a bir birle\u015ftirme karar\u0131 da Sivas'tan - Bati Ermenistan Ve Bati Ermenileri Sorunlari Ara\u015ftirmalar Merkezi\",\"isPartOf\":{\"@id\":\"https:\\\/\\\/akunq.net\\\/turkish\\\/#website\"},\"datePublished\":\"2010-10-09T09:38:20+00:00\",\"author\":{\"@id\":\"https:\\\/\\\/akunq.net\\\/turkish\\\/#\\\/schema\\\/person\\\/135e7923d1aeb8887890799619969a6c\"},\"breadcrumb\":{\"@id\":\"https:\\\/\\\/akunq.net\\\/turkish\\\/2010\\\/10\\\/09\\\/ergenekona-bir-birlestirme-karari-da-sivastan\\\/#breadcrumb\"},\"inLanguage\":\"en-US\",\"potentialAction\":[{\"@type\":\"ReadAction\",\"target\":[\"https:\\\/\\\/akunq.net\\\/turkish\\\/2010\\\/10\\\/09\\\/ergenekona-bir-birlestirme-karari-da-sivastan\\\/\"]}]},{\"@type\":\"BreadcrumbList\",\"@id\":\"https:\\\/\\\/akunq.net\\\/turkish\\\/2010\\\/10\\\/09\\\/ergenekona-bir-birlestirme-karari-da-sivastan\\\/#breadcrumb\",\"itemListElement\":[{\"@type\":\"ListItem\",\"position\":1,\"name\":\"Home\",\"item\":\"https:\\\/\\\/akunq.net\\\/turkish\\\/\"},{\"@type\":\"ListItem\",\"position\":2,\"name\":\"Ergenekon&#8217;a bir birle\u015ftirme karar\u0131 da Sivas&#8217;tan\"}]},{\"@type\":\"WebSite\",\"@id\":\"https:\\\/\\\/akunq.net\\\/turkish\\\/#website\",\"url\":\"https:\\\/\\\/akunq.net\\\/turkish\\\/\",\"name\":\"Bati Ermenistan Ve Bati Ermenileri Sorunlari Ara\u015ftirmalar Merkezi\",\"description\":\"\",\"potentialAction\":[{\"@type\":\"SearchAction\",\"target\":{\"@type\":\"EntryPoint\",\"urlTemplate\":\"https:\\\/\\\/akunq.net\\\/turkish\\\/?s={search_term_string}\"},\"query-input\":{\"@type\":\"PropertyValueSpecification\",\"valueRequired\":true,\"valueName\":\"search_term_string\"}}],\"inLanguage\":\"en-US\"},{\"@type\":\"Person\",\"@id\":\"https:\\\/\\\/akunq.net\\\/turkish\\\/#\\\/schema\\\/person\\\/135e7923d1aeb8887890799619969a6c\",\"name\":\"kalem\",\"image\":{\"@type\":\"ImageObject\",\"inLanguage\":\"en-US\",\"@id\":\"https:\\\/\\\/secure.gravatar.com\\\/avatar\\\/a06875e4b25feb5674296adf8e8a7ae1e587cebce2493fe63c456109967e27d3?s=96&d=mm&r=g\",\"url\":\"https:\\\/\\\/secure.gravatar.com\\\/avatar\\\/a06875e4b25feb5674296adf8e8a7ae1e587cebce2493fe63c456109967e27d3?s=96&d=mm&r=g\",\"contentUrl\":\"https:\\\/\\\/secure.gravatar.com\\\/avatar\\\/a06875e4b25feb5674296adf8e8a7ae1e587cebce2493fe63c456109967e27d3?s=96&d=mm&r=g\",\"caption\":\"kalem\"},\"url\":\"https:\\\/\\\/akunq.net\\\/turkish\\\/author\\\/kalem\\\/\"}]}<\/script>\n<!-- \/ Yoast SEO plugin. -->","yoast_head_json":{"title":"Ergenekon'a bir birle\u015ftirme karar\u0131 da Sivas'tan - Bati Ermenistan Ve Bati Ermenileri Sorunlari Ara\u015ftirmalar Merkezi","robots":{"index":"index","follow":"follow","max-snippet":"max-snippet:-1","max-image-preview":"max-image-preview:large","max-video-preview":"max-video-preview:-1"},"canonical":"https:\/\/akunq.net\/turkish\/2010\/10\/09\/ergenekona-bir-birlestirme-karari-da-sivastan\/","og_locale":"en_US","og_type":"article","og_title":"Ergenekon'a bir birle\u015ftirme karar\u0131 da Sivas'tan - Bati Ermenistan Ve Bati Ermenileri Sorunlari Ara\u015ftirmalar Merkezi","og_description":"Sivas&#8217;ta, Ermeni k\u00f6kenli vatanda\u015flar\u0131n ruhani lideri oldu\u011fu belirtilen Minas Durmazg\u00fcler&#8217;e y\u00f6nelik suikast planlad\u0131klar\u0131 iddias\u0131yla Emrah G\u00f6nenci ve Bekir \u00c7elik hakk\u0131nda \u0130stanbul \u00f6zel yetkili Cumhuriyet Savc\u0131s\u0131 Kas\u0131m \u0130limo\u011flu taraf\u0131ndan dava a\u00e7\u0131ld\u0131. \u0130ddianamede, bu san\u0131klar\u0131n &#8220;Ergenekon ter\u00f6r \u00f6rg\u00fct\u00fc olarak iddia olunan olu\u015fumun Sivas yap\u0131lanmas\u0131n\u0131n ba\u015f\u0131nda olan eski \u00d6zel Harekat Daire Ba\u015fkanvekili \u0130brahim \u015eahin&#8217;den talimat ald\u0131klar\u0131 belirtildi. Sivas&#8217;ta [&hellip;]","og_url":"https:\/\/akunq.net\/turkish\/2010\/10\/09\/ergenekona-bir-birlestirme-karari-da-sivastan\/","og_site_name":"Bati Ermenistan Ve Bati Ermenileri Sorunlari Ara\u015ftirmalar Merkezi","article_published_time":"2010-10-09T09:38:20+00:00","author":"kalem","twitter_card":"summary_large_image","twitter_misc":{"Written by":"kalem","Est. reading time":"4 minutes"},"schema":{"@context":"https:\/\/schema.org","@graph":[{"@type":"Article","@id":"https:\/\/akunq.net\/turkish\/2010\/10\/09\/ergenekona-bir-birlestirme-karari-da-sivastan\/#article","isPartOf":{"@id":"https:\/\/akunq.net\/turkish\/2010\/10\/09\/ergenekona-bir-birlestirme-karari-da-sivastan\/"},"author":{"name":"kalem","@id":"https:\/\/akunq.net\/turkish\/#\/schema\/person\/135e7923d1aeb8887890799619969a6c"},"headline":"Ergenekon&#8217;a bir birle\u015ftirme karar\u0131 da Sivas&#8217;tan","datePublished":"2010-10-09T09:38:20+00:00","mainEntityOfPage":{"@id":"https:\/\/akunq.net\/turkish\/2010\/10\/09\/ergenekona-bir-birlestirme-karari-da-sivastan\/"},"wordCount":808,"articleSection":["Haberler"],"inLanguage":"en-US"},{"@type":"WebPage","@id":"https:\/\/akunq.net\/turkish\/2010\/10\/09\/ergenekona-bir-birlestirme-karari-da-sivastan\/","url":"https:\/\/akunq.net\/turkish\/2010\/10\/09\/ergenekona-bir-birlestirme-karari-da-sivastan\/","name":"Ergenekon'a bir birle\u015ftirme karar\u0131 da Sivas'tan - Bati Ermenistan Ve Bati Ermenileri Sorunlari Ara\u015ftirmalar Merkezi","isPartOf":{"@id":"https:\/\/akunq.net\/turkish\/#website"},"datePublished":"2010-10-09T09:38:20+00:00","author":{"@id":"https:\/\/akunq.net\/turkish\/#\/schema\/person\/135e7923d1aeb8887890799619969a6c"},"breadcrumb":{"@id":"https:\/\/akunq.net\/turkish\/2010\/10\/09\/ergenekona-bir-birlestirme-karari-da-sivastan\/#breadcrumb"},"inLanguage":"en-US","potentialAction":[{"@type":"ReadAction","target":["https:\/\/akunq.net\/turkish\/2010\/10\/09\/ergenekona-bir-birlestirme-karari-da-sivastan\/"]}]},{"@type":"BreadcrumbList","@id":"https:\/\/akunq.net\/turkish\/2010\/10\/09\/ergenekona-bir-birlestirme-karari-da-sivastan\/#breadcrumb","itemListElement":[{"@type":"ListItem","position":1,"name":"Home","item":"https:\/\/akunq.net\/turkish\/"},{"@type":"ListItem","position":2,"name":"Ergenekon&#8217;a bir birle\u015ftirme karar\u0131 da Sivas&#8217;tan"}]},{"@type":"WebSite","@id":"https:\/\/akunq.net\/turkish\/#website","url":"https:\/\/akunq.net\/turkish\/","name":"Bati Ermenistan Ve Bati Ermenileri Sorunlari Ara\u015ftirmalar Merkezi","description":"","potentialAction":[{"@type":"SearchAction","target":{"@type":"EntryPoint","urlTemplate":"https:\/\/akunq.net\/turkish\/?s={search_term_string}"},"query-input":{"@type":"PropertyValueSpecification","valueRequired":true,"valueName":"search_term_string"}}],"inLanguage":"en-US"},{"@type":"Person","@id":"https:\/\/akunq.net\/turkish\/#\/schema\/person\/135e7923d1aeb8887890799619969a6c","name":"kalem","image":{"@type":"ImageObject","inLanguage":"en-US","@id":"https:\/\/secure.gravatar.com\/avatar\/a06875e4b25feb5674296adf8e8a7ae1e587cebce2493fe63c456109967e27d3?s=96&d=mm&r=g","url":"https:\/\/secure.gravatar.com\/avatar\/a06875e4b25feb5674296adf8e8a7ae1e587cebce2493fe63c456109967e27d3?s=96&d=mm&r=g","contentUrl":"https:\/\/secure.gravatar.com\/avatar\/a06875e4b25feb5674296adf8e8a7ae1e587cebce2493fe63c456109967e27d3?s=96&d=mm&r=g","caption":"kalem"},"url":"https:\/\/akunq.net\/turkish\/author\/kalem\/"}]}},"_links":{"self":[{"href":"https:\/\/akunq.net\/turkish\/wp-json\/wp\/v2\/posts\/2286","targetHints":{"allow":["GET"]}}],"collection":[{"href":"https:\/\/akunq.net\/turkish\/wp-json\/wp\/v2\/posts"}],"about":[{"href":"https:\/\/akunq.net\/turkish\/wp-json\/wp\/v2\/types\/post"}],"author":[{"embeddable":true,"href":"https:\/\/akunq.net\/turkish\/wp-json\/wp\/v2\/users\/3"}],"replies":[{"embeddable":true,"href":"https:\/\/akunq.net\/turkish\/wp-json\/wp\/v2\/comments?post=2286"}],"version-history":[{"count":0,"href":"https:\/\/akunq.net\/turkish\/wp-json\/wp\/v2\/posts\/2286\/revisions"}],"wp:attachment":[{"href":"https:\/\/akunq.net\/turkish\/wp-json\/wp\/v2\/media?parent=2286"}],"wp:term":[{"taxonomy":"category","embeddable":true,"href":"https:\/\/akunq.net\/turkish\/wp-json\/wp\/v2\/categories?post=2286"},{"taxonomy":"post_tag","embeddable":true,"href":"https:\/\/akunq.net\/turkish\/wp-json\/wp\/v2\/tags?post=2286"}],"curies":[{"name":"wp","href":"https:\/\/api.w.org\/{rel}","templated":true}]}}