{"id":2284,"date":"2010-10-09T03:17:49","date_gmt":"2010-10-09T08:17:49","guid":{"rendered":"http:\/\/akunq.net\/tr\/?p=2284"},"modified":"2010-10-09T03:17:49","modified_gmt":"2010-10-09T08:17:49","slug":"disisleri-1915-olaylarina-soykirim-demek-suc-degil","status":"publish","type":"post","link":"https:\/\/akunq.net\/turkish\/2010\/10\/09\/disisleri-1915-olaylarina-soykirim-demek-suc-degil\/","title":{"rendered":"D\u0131\u015fi\u015fleri: 1915 olaylar\u0131na soyk\u0131r\u0131m demek su\u00e7 de\u011fil"},"content":{"rendered":"<p style=\"text-align: justify\"><strong><em><a rel=\"attachment wp-att-2283\" href=\"http:\/\/akunq.net\/tr\/?attachment_id=2283\"><img loading=\"lazy\" decoding=\"async\" class=\"alignleft size-medium wp-image-2283\" title=\"Ermeni Soykirimi\" src=\"http:\/\/akunq.net\/tr\/wp-content\/uploads\/2010\/10\/Ermeni-Soykirimi-300x205.jpg\" alt=\"\" width=\"300\" height=\"205\" srcset=\"https:\/\/akunq.net\/turkish\/wp-content\/uploads\/sites\/5\/2010\/10\/Ermeni-Soykirimi-300x205.jpg 300w, https:\/\/akunq.net\/turkish\/wp-content\/uploads\/sites\/5\/2010\/10\/Ermeni-Soykirimi.jpg 307w\" sizes=\"auto, (max-width: 300px) 100vw, 300px\" \/><\/a>DI\u015e\u0130\u015eLER\u0130 Bakanl\u0131\u011f\u0131, T\u00fcrkiye\u2019de 1915 olaylar\u0131n\u0131 \u201csoyk\u0131r\u0131m\u201d\u00a0 diye nitelemenin su\u00e7 olmad\u0131\u011f\u0131n\u0131 a\u00e7\u0131klad\u0131.<\/em><\/strong><br \/>\nD\u0131\u015fi\u015fleri Bakanl\u0131\u011f\u0131, resmi internet sitesi \u201cwww.mfa.gov.tr\u201d adresinde \u201cSorularla D\u0131\u015f Politika\u201d ba\u015fl\u0131\u011f\u0131 alt\u0131nda yeni bir bilgilendirme sistemi ba\u015flatt\u0131. D\u0131\u015f politika konular\u0131yla ilgili soru ve cevaplar\u0131n yer ald\u0131\u011f\u0131 b\u00f6l\u00fcmde \u201c1915 olaylar\u0131n\u0131n yegane serbest\u00e7e ve \u00f6zg\u00fcrce tart\u0131\u015f\u0131ld\u0131\u011f\u0131 \u00fclkenin T\u00fcrkiye oldu\u011funu s\u00f6ylemek m\u00fcmk\u00fcnd\u00fcr\u201d denildi. Bakanl\u0131k, \u201cT\u00fcrkiye\u2019de, 1915 olaylar\u0131n\u0131 soyk\u0131r\u0131m diye nitelendirmek su\u00e7 mudur ve yasal takibata maruz kal\u0131n\u0131r m\u0131?\u201d sorusuna \u015fu yan\u0131t\u0131 verdi:<br \/>\n\u201cT\u00fcrk Ceza Kanunu\u2019nun ne 301. maddesinde ne de ba\u015fka bir b\u00f6l\u00fcm\u00fcnde \u2018Ermeni soyk\u0131r\u0131m\u0131\u2019n\u0131n inkar\u0131 gibi bir h\u00fck\u00fcm bulunmad\u0131\u011f\u0131 gibi, halihaz\u0131rda 1915 olaylar\u0131n\u0131n \u2018soyk\u0131r\u0131m\u2019 oldu\u011funu ileri s\u00fcrmesi nedeniyle adli kovu\u015fturmaya maruz kalm\u0131\u015f herhangi bir kimse bulunmamaktad\u0131r. \u2018Soyk\u0131r\u0131m\u0131n inkar\u0131 yasas\u0131\u2019 bulunan pek \u00e7ok \u00fclkenin aksine, T\u00fcrkiye\u2019de 1915 olaylar\u0131n\u0131n \u2018soyk\u0131r\u0131m\u2019 oldu\u011funu ileri s\u00fcren kitap, makale ve benzer yay\u0131nlar gerek orijinal olarak yaz\u0131ld\u0131klar\u0131 dillerde, gerek T\u00fcrk\u00e7e \u00e7evirileriyle sat\u0131lmaktad\u0131r. Bu kitaplar\u0131n aras\u0131nda, bilimsel ara\u015ft\u0131rmadan \u00e7ok ate\u015fli propaganda malzemesi olarak nitelendirilebilecek eserler de mevcuttur.<\/p>\n<p>AB\u2019den daha \u00f6zg\u00fcr\u00fcz<\/p>\n<p>T\u00fcrkiye\u2019deki bu \u00f6zg\u00fcrl\u00fck ortam\u0131n\u0131n aksine, aralar\u0131nda AB \u00fcyesi olan pek \u00e7ok \u00fclkenin de bulundu\u011fu Avrupa \u00fclkelerinin aras\u0131nda, \u2018soyk\u0131r\u0131m\u0131n inkar\u0131\u2019n\u0131 su\u00e7 sayan ve bu konuda vatanda\u015flar\u0131m\u0131z aleyhinde adli kovu\u015fturma ba\u015flatan \u00fclkeler mevcuttur. Ermeni diasporas\u0131n\u0131n a\u015f\u0131r\u0131 unsurlar\u0131n\u0131n bask\u0131 ve y\u00f6nlendirmeleriyle y\u00fcr\u00fct\u00fcld\u00fc\u011f\u00fc bilinen bu giri\u015fimler taraf\u0131m\u0131zca \u00fcz\u00fcnt\u00fcyle kar\u015f\u0131land\u0131\u011f\u0131 gibi, 1915 olaylar\u0131 konusunda a\u00e7\u0131k ve serbest bir tart\u0131\u015fma ortam\u0131n\u0131n yarat\u0131lmas\u0131na da engel te\u015fkil etmektedir.\u201d<\/p>\n<p style=\"text-align: justify\">\u00a0<strong><em><a href=\"http:\/\/hurarsiv.hurriyet.com.tr\/goster\/ShowNew.aspx?id=15998398\">http:\/\/hurarsiv.hurriyet.com.tr\/goster\/ShowNew.aspx?id=15998398<\/a><\/em><\/strong><\/p>\n","protected":false},"excerpt":{"rendered":"<p>DI\u015e\u0130\u015eLER\u0130 Bakanl\u0131\u011f\u0131, T\u00fcrkiye\u2019de 1915 olaylar\u0131n\u0131 \u201csoyk\u0131r\u0131m\u201d\u00a0 diye nitelemenin su\u00e7 olmad\u0131\u011f\u0131n\u0131 a\u00e7\u0131klad\u0131. D\u0131\u015fi\u015fleri Bakanl\u0131\u011f\u0131, resmi internet sitesi \u201cwww.mfa.gov.tr\u201d adresinde \u201cSorularla D\u0131\u015f Politika\u201d ba\u015fl\u0131\u011f\u0131 alt\u0131nda yeni bir bilgilendirme sistemi ba\u015flatt\u0131. D\u0131\u015f politika konular\u0131yla ilgili soru ve cevaplar\u0131n yer ald\u0131\u011f\u0131 b\u00f6l\u00fcmde \u201c1915 olaylar\u0131n\u0131n yegane serbest\u00e7e ve \u00f6zg\u00fcrce tart\u0131\u015f\u0131ld\u0131\u011f\u0131 \u00fclkenin T\u00fcrkiye oldu\u011funu s\u00f6ylemek m\u00fcmk\u00fcnd\u00fcr\u201d denildi. Bakanl\u0131k, \u201cT\u00fcrkiye\u2019de, 1915 olaylar\u0131n\u0131 [&hellip;]<\/p>\n","protected":false},"author":3,"featured_media":0,"comment_status":"closed","ping_status":"open","sticky":false,"template":"","format":"standard","meta":{"footnotes":""},"categories":[14],"tags":[],"class_list":["post-2284","post","type-post","status-publish","format-standard","hentry","category-haberler"],"yoast_head":"<!-- This site is optimized with the Yoast SEO plugin v27.4 - https:\/\/yoast.com\/product\/yoast-seo-wordpress\/ -->\n<title>D\u0131\u015fi\u015fleri: 1915 olaylar\u0131na soyk\u0131r\u0131m demek su\u00e7 de\u011fil - Bati Ermenistan Ve Bati Ermenileri Sorunlari Ara\u015ftirmalar Merkezi<\/title>\n<meta name=\"robots\" content=\"index, follow, max-snippet:-1, max-image-preview:large, max-video-preview:-1\" \/>\n<link rel=\"canonical\" href=\"https:\/\/akunq.net\/turkish\/2010\/10\/09\/disisleri-1915-olaylarina-soykirim-demek-suc-degil\/\" \/>\n<meta property=\"og:locale\" content=\"en_US\" \/>\n<meta property=\"og:type\" content=\"article\" \/>\n<meta property=\"og:title\" content=\"D\u0131\u015fi\u015fleri: 1915 olaylar\u0131na soyk\u0131r\u0131m demek su\u00e7 de\u011fil - Bati Ermenistan Ve Bati Ermenileri Sorunlari Ara\u015ftirmalar Merkezi\" \/>\n<meta property=\"og:description\" content=\"DI\u015e\u0130\u015eLER\u0130 Bakanl\u0131\u011f\u0131, T\u00fcrkiye\u2019de 1915 olaylar\u0131n\u0131 \u201csoyk\u0131r\u0131m\u201d\u00a0 diye nitelemenin su\u00e7 olmad\u0131\u011f\u0131n\u0131 a\u00e7\u0131klad\u0131. D\u0131\u015fi\u015fleri Bakanl\u0131\u011f\u0131, resmi internet sitesi \u201cwww.mfa.gov.tr\u201d adresinde \u201cSorularla D\u0131\u015f Politika\u201d ba\u015fl\u0131\u011f\u0131 alt\u0131nda yeni bir bilgilendirme sistemi ba\u015flatt\u0131. D\u0131\u015f politika konular\u0131yla ilgili soru ve cevaplar\u0131n yer ald\u0131\u011f\u0131 b\u00f6l\u00fcmde \u201c1915 olaylar\u0131n\u0131n yegane serbest\u00e7e ve \u00f6zg\u00fcrce tart\u0131\u015f\u0131ld\u0131\u011f\u0131 \u00fclkenin T\u00fcrkiye oldu\u011funu s\u00f6ylemek m\u00fcmk\u00fcnd\u00fcr\u201d denildi. Bakanl\u0131k, \u201cT\u00fcrkiye\u2019de, 1915 olaylar\u0131n\u0131 [&hellip;]\" \/>\n<meta property=\"og:url\" content=\"https:\/\/akunq.net\/turkish\/2010\/10\/09\/disisleri-1915-olaylarina-soykirim-demek-suc-degil\/\" \/>\n<meta property=\"og:site_name\" content=\"Bati Ermenistan Ve Bati Ermenileri Sorunlari Ara\u015ftirmalar Merkezi\" \/>\n<meta property=\"article:published_time\" content=\"2010-10-09T08:17:49+00:00\" \/>\n<meta property=\"og:image\" content=\"https:\/\/akunq.net\/turkish\/wp-content\/uploads\/sites\/5\/2010\/10\/Ermeni-Soykirimi.jpg\" \/>\n\t<meta property=\"og:image:width\" content=\"307\" \/>\n\t<meta property=\"og:image:height\" content=\"210\" \/>\n\t<meta property=\"og:image:type\" content=\"image\/jpeg\" \/>\n<meta name=\"author\" content=\"kalem\" \/>\n<meta name=\"twitter:card\" content=\"summary_large_image\" \/>\n<meta name=\"twitter:label1\" content=\"Written by\" \/>\n\t<meta name=\"twitter:data1\" content=\"kalem\" \/>\n\t<meta name=\"twitter:label2\" content=\"Est. reading time\" \/>\n\t<meta name=\"twitter:data2\" content=\"2 minutes\" \/>\n<script type=\"application\/ld+json\" class=\"yoast-schema-graph\">{\"@context\":\"https:\\\/\\\/schema.org\",\"@graph\":[{\"@type\":\"Article\",\"@id\":\"https:\\\/\\\/akunq.net\\\/turkish\\\/2010\\\/10\\\/09\\\/disisleri-1915-olaylarina-soykirim-demek-suc-degil\\\/#article\",\"isPartOf\":{\"@id\":\"https:\\\/\\\/akunq.net\\\/turkish\\\/2010\\\/10\\\/09\\\/disisleri-1915-olaylarina-soykirim-demek-suc-degil\\\/\"},\"author\":{\"name\":\"kalem\",\"@id\":\"https:\\\/\\\/akunq.net\\\/turkish\\\/#\\\/schema\\\/person\\\/135e7923d1aeb8887890799619969a6c\"},\"headline\":\"D\u0131\u015fi\u015fleri: 1915 olaylar\u0131na soyk\u0131r\u0131m demek su\u00e7 de\u011fil\",\"datePublished\":\"2010-10-09T08:17:49+00:00\",\"mainEntityOfPage\":{\"@id\":\"https:\\\/\\\/akunq.net\\\/turkish\\\/2010\\\/10\\\/09\\\/disisleri-1915-olaylarina-soykirim-demek-suc-degil\\\/\"},\"wordCount\":352,\"image\":{\"@id\":\"https:\\\/\\\/akunq.net\\\/turkish\\\/2010\\\/10\\\/09\\\/disisleri-1915-olaylarina-soykirim-demek-suc-degil\\\/#primaryimage\"},\"thumbnailUrl\":\"http:\\\/\\\/akunq.net\\\/tr\\\/wp-content\\\/uploads\\\/2010\\\/10\\\/Ermeni-Soykirimi-300x205.jpg\",\"articleSection\":[\"Haberler\"],\"inLanguage\":\"en-US\"},{\"@type\":\"WebPage\",\"@id\":\"https:\\\/\\\/akunq.net\\\/turkish\\\/2010\\\/10\\\/09\\\/disisleri-1915-olaylarina-soykirim-demek-suc-degil\\\/\",\"url\":\"https:\\\/\\\/akunq.net\\\/turkish\\\/2010\\\/10\\\/09\\\/disisleri-1915-olaylarina-soykirim-demek-suc-degil\\\/\",\"name\":\"D\u0131\u015fi\u015fleri: 1915 olaylar\u0131na soyk\u0131r\u0131m demek su\u00e7 de\u011fil - Bati Ermenistan Ve Bati Ermenileri Sorunlari Ara\u015ftirmalar Merkezi\",\"isPartOf\":{\"@id\":\"https:\\\/\\\/akunq.net\\\/turkish\\\/#website\"},\"primaryImageOfPage\":{\"@id\":\"https:\\\/\\\/akunq.net\\\/turkish\\\/2010\\\/10\\\/09\\\/disisleri-1915-olaylarina-soykirim-demek-suc-degil\\\/#primaryimage\"},\"image\":{\"@id\":\"https:\\\/\\\/akunq.net\\\/turkish\\\/2010\\\/10\\\/09\\\/disisleri-1915-olaylarina-soykirim-demek-suc-degil\\\/#primaryimage\"},\"thumbnailUrl\":\"http:\\\/\\\/akunq.net\\\/tr\\\/wp-content\\\/uploads\\\/2010\\\/10\\\/Ermeni-Soykirimi-300x205.jpg\",\"datePublished\":\"2010-10-09T08:17:49+00:00\",\"author\":{\"@id\":\"https:\\\/\\\/akunq.net\\\/turkish\\\/#\\\/schema\\\/person\\\/135e7923d1aeb8887890799619969a6c\"},\"breadcrumb\":{\"@id\":\"https:\\\/\\\/akunq.net\\\/turkish\\\/2010\\\/10\\\/09\\\/disisleri-1915-olaylarina-soykirim-demek-suc-degil\\\/#breadcrumb\"},\"inLanguage\":\"en-US\",\"potentialAction\":[{\"@type\":\"ReadAction\",\"target\":[\"https:\\\/\\\/akunq.net\\\/turkish\\\/2010\\\/10\\\/09\\\/disisleri-1915-olaylarina-soykirim-demek-suc-degil\\\/\"]}]},{\"@type\":\"ImageObject\",\"inLanguage\":\"en-US\",\"@id\":\"https:\\\/\\\/akunq.net\\\/turkish\\\/2010\\\/10\\\/09\\\/disisleri-1915-olaylarina-soykirim-demek-suc-degil\\\/#primaryimage\",\"url\":\"http:\\\/\\\/akunq.net\\\/tr\\\/wp-content\\\/uploads\\\/2010\\\/10\\\/Ermeni-Soykirimi-300x205.jpg\",\"contentUrl\":\"http:\\\/\\\/akunq.net\\\/tr\\\/wp-content\\\/uploads\\\/2010\\\/10\\\/Ermeni-Soykirimi-300x205.jpg\"},{\"@type\":\"BreadcrumbList\",\"@id\":\"https:\\\/\\\/akunq.net\\\/turkish\\\/2010\\\/10\\\/09\\\/disisleri-1915-olaylarina-soykirim-demek-suc-degil\\\/#breadcrumb\",\"itemListElement\":[{\"@type\":\"ListItem\",\"position\":1,\"name\":\"Home\",\"item\":\"https:\\\/\\\/akunq.net\\\/turkish\\\/\"},{\"@type\":\"ListItem\",\"position\":2,\"name\":\"D\u0131\u015fi\u015fleri: 1915 olaylar\u0131na soyk\u0131r\u0131m demek su\u00e7 de\u011fil\"}]},{\"@type\":\"WebSite\",\"@id\":\"https:\\\/\\\/akunq.net\\\/turkish\\\/#website\",\"url\":\"https:\\\/\\\/akunq.net\\\/turkish\\\/\",\"name\":\"Bati Ermenistan Ve Bati Ermenileri Sorunlari Ara\u015ftirmalar Merkezi\",\"description\":\"\",\"potentialAction\":[{\"@type\":\"SearchAction\",\"target\":{\"@type\":\"EntryPoint\",\"urlTemplate\":\"https:\\\/\\\/akunq.net\\\/turkish\\\/?s={search_term_string}\"},\"query-input\":{\"@type\":\"PropertyValueSpecification\",\"valueRequired\":true,\"valueName\":\"search_term_string\"}}],\"inLanguage\":\"en-US\"},{\"@type\":\"Person\",\"@id\":\"https:\\\/\\\/akunq.net\\\/turkish\\\/#\\\/schema\\\/person\\\/135e7923d1aeb8887890799619969a6c\",\"name\":\"kalem\",\"image\":{\"@type\":\"ImageObject\",\"inLanguage\":\"en-US\",\"@id\":\"https:\\\/\\\/secure.gravatar.com\\\/avatar\\\/a06875e4b25feb5674296adf8e8a7ae1e587cebce2493fe63c456109967e27d3?s=96&d=mm&r=g\",\"url\":\"https:\\\/\\\/secure.gravatar.com\\\/avatar\\\/a06875e4b25feb5674296adf8e8a7ae1e587cebce2493fe63c456109967e27d3?s=96&d=mm&r=g\",\"contentUrl\":\"https:\\\/\\\/secure.gravatar.com\\\/avatar\\\/a06875e4b25feb5674296adf8e8a7ae1e587cebce2493fe63c456109967e27d3?s=96&d=mm&r=g\",\"caption\":\"kalem\"},\"url\":\"https:\\\/\\\/akunq.net\\\/turkish\\\/author\\\/kalem\\\/\"}]}<\/script>\n<!-- \/ Yoast SEO plugin. -->","yoast_head_json":{"title":"D\u0131\u015fi\u015fleri: 1915 olaylar\u0131na soyk\u0131r\u0131m demek su\u00e7 de\u011fil - Bati Ermenistan Ve Bati Ermenileri Sorunlari Ara\u015ftirmalar Merkezi","robots":{"index":"index","follow":"follow","max-snippet":"max-snippet:-1","max-image-preview":"max-image-preview:large","max-video-preview":"max-video-preview:-1"},"canonical":"https:\/\/akunq.net\/turkish\/2010\/10\/09\/disisleri-1915-olaylarina-soykirim-demek-suc-degil\/","og_locale":"en_US","og_type":"article","og_title":"D\u0131\u015fi\u015fleri: 1915 olaylar\u0131na soyk\u0131r\u0131m demek su\u00e7 de\u011fil - Bati Ermenistan Ve Bati Ermenileri Sorunlari Ara\u015ftirmalar Merkezi","og_description":"DI\u015e\u0130\u015eLER\u0130 Bakanl\u0131\u011f\u0131, T\u00fcrkiye\u2019de 1915 olaylar\u0131n\u0131 \u201csoyk\u0131r\u0131m\u201d\u00a0 diye nitelemenin su\u00e7 olmad\u0131\u011f\u0131n\u0131 a\u00e7\u0131klad\u0131. D\u0131\u015fi\u015fleri Bakanl\u0131\u011f\u0131, resmi internet sitesi \u201cwww.mfa.gov.tr\u201d adresinde \u201cSorularla D\u0131\u015f Politika\u201d ba\u015fl\u0131\u011f\u0131 alt\u0131nda yeni bir bilgilendirme sistemi ba\u015flatt\u0131. D\u0131\u015f politika konular\u0131yla ilgili soru ve cevaplar\u0131n yer ald\u0131\u011f\u0131 b\u00f6l\u00fcmde \u201c1915 olaylar\u0131n\u0131n yegane serbest\u00e7e ve \u00f6zg\u00fcrce tart\u0131\u015f\u0131ld\u0131\u011f\u0131 \u00fclkenin T\u00fcrkiye oldu\u011funu s\u00f6ylemek m\u00fcmk\u00fcnd\u00fcr\u201d denildi. Bakanl\u0131k, \u201cT\u00fcrkiye\u2019de, 1915 olaylar\u0131n\u0131 [&hellip;]","og_url":"https:\/\/akunq.net\/turkish\/2010\/10\/09\/disisleri-1915-olaylarina-soykirim-demek-suc-degil\/","og_site_name":"Bati Ermenistan Ve Bati Ermenileri Sorunlari Ara\u015ftirmalar Merkezi","article_published_time":"2010-10-09T08:17:49+00:00","og_image":[{"width":307,"height":210,"url":"https:\/\/akunq.net\/turkish\/wp-content\/uploads\/sites\/5\/2010\/10\/Ermeni-Soykirimi.jpg","type":"image\/jpeg"}],"author":"kalem","twitter_card":"summary_large_image","twitter_misc":{"Written by":"kalem","Est. reading time":"2 minutes"},"schema":{"@context":"https:\/\/schema.org","@graph":[{"@type":"Article","@id":"https:\/\/akunq.net\/turkish\/2010\/10\/09\/disisleri-1915-olaylarina-soykirim-demek-suc-degil\/#article","isPartOf":{"@id":"https:\/\/akunq.net\/turkish\/2010\/10\/09\/disisleri-1915-olaylarina-soykirim-demek-suc-degil\/"},"author":{"name":"kalem","@id":"https:\/\/akunq.net\/turkish\/#\/schema\/person\/135e7923d1aeb8887890799619969a6c"},"headline":"D\u0131\u015fi\u015fleri: 1915 olaylar\u0131na soyk\u0131r\u0131m demek su\u00e7 de\u011fil","datePublished":"2010-10-09T08:17:49+00:00","mainEntityOfPage":{"@id":"https:\/\/akunq.net\/turkish\/2010\/10\/09\/disisleri-1915-olaylarina-soykirim-demek-suc-degil\/"},"wordCount":352,"image":{"@id":"https:\/\/akunq.net\/turkish\/2010\/10\/09\/disisleri-1915-olaylarina-soykirim-demek-suc-degil\/#primaryimage"},"thumbnailUrl":"http:\/\/akunq.net\/tr\/wp-content\/uploads\/2010\/10\/Ermeni-Soykirimi-300x205.jpg","articleSection":["Haberler"],"inLanguage":"en-US"},{"@type":"WebPage","@id":"https:\/\/akunq.net\/turkish\/2010\/10\/09\/disisleri-1915-olaylarina-soykirim-demek-suc-degil\/","url":"https:\/\/akunq.net\/turkish\/2010\/10\/09\/disisleri-1915-olaylarina-soykirim-demek-suc-degil\/","name":"D\u0131\u015fi\u015fleri: 1915 olaylar\u0131na soyk\u0131r\u0131m demek su\u00e7 de\u011fil - Bati Ermenistan Ve Bati Ermenileri Sorunlari Ara\u015ftirmalar Merkezi","isPartOf":{"@id":"https:\/\/akunq.net\/turkish\/#website"},"primaryImageOfPage":{"@id":"https:\/\/akunq.net\/turkish\/2010\/10\/09\/disisleri-1915-olaylarina-soykirim-demek-suc-degil\/#primaryimage"},"image":{"@id":"https:\/\/akunq.net\/turkish\/2010\/10\/09\/disisleri-1915-olaylarina-soykirim-demek-suc-degil\/#primaryimage"},"thumbnailUrl":"http:\/\/akunq.net\/tr\/wp-content\/uploads\/2010\/10\/Ermeni-Soykirimi-300x205.jpg","datePublished":"2010-10-09T08:17:49+00:00","author":{"@id":"https:\/\/akunq.net\/turkish\/#\/schema\/person\/135e7923d1aeb8887890799619969a6c"},"breadcrumb":{"@id":"https:\/\/akunq.net\/turkish\/2010\/10\/09\/disisleri-1915-olaylarina-soykirim-demek-suc-degil\/#breadcrumb"},"inLanguage":"en-US","potentialAction":[{"@type":"ReadAction","target":["https:\/\/akunq.net\/turkish\/2010\/10\/09\/disisleri-1915-olaylarina-soykirim-demek-suc-degil\/"]}]},{"@type":"ImageObject","inLanguage":"en-US","@id":"https:\/\/akunq.net\/turkish\/2010\/10\/09\/disisleri-1915-olaylarina-soykirim-demek-suc-degil\/#primaryimage","url":"http:\/\/akunq.net\/tr\/wp-content\/uploads\/2010\/10\/Ermeni-Soykirimi-300x205.jpg","contentUrl":"http:\/\/akunq.net\/tr\/wp-content\/uploads\/2010\/10\/Ermeni-Soykirimi-300x205.jpg"},{"@type":"BreadcrumbList","@id":"https:\/\/akunq.net\/turkish\/2010\/10\/09\/disisleri-1915-olaylarina-soykirim-demek-suc-degil\/#breadcrumb","itemListElement":[{"@type":"ListItem","position":1,"name":"Home","item":"https:\/\/akunq.net\/turkish\/"},{"@type":"ListItem","position":2,"name":"D\u0131\u015fi\u015fleri: 1915 olaylar\u0131na soyk\u0131r\u0131m demek su\u00e7 de\u011fil"}]},{"@type":"WebSite","@id":"https:\/\/akunq.net\/turkish\/#website","url":"https:\/\/akunq.net\/turkish\/","name":"Bati Ermenistan Ve Bati Ermenileri Sorunlari Ara\u015ftirmalar Merkezi","description":"","potentialAction":[{"@type":"SearchAction","target":{"@type":"EntryPoint","urlTemplate":"https:\/\/akunq.net\/turkish\/?s={search_term_string}"},"query-input":{"@type":"PropertyValueSpecification","valueRequired":true,"valueName":"search_term_string"}}],"inLanguage":"en-US"},{"@type":"Person","@id":"https:\/\/akunq.net\/turkish\/#\/schema\/person\/135e7923d1aeb8887890799619969a6c","name":"kalem","image":{"@type":"ImageObject","inLanguage":"en-US","@id":"https:\/\/secure.gravatar.com\/avatar\/a06875e4b25feb5674296adf8e8a7ae1e587cebce2493fe63c456109967e27d3?s=96&d=mm&r=g","url":"https:\/\/secure.gravatar.com\/avatar\/a06875e4b25feb5674296adf8e8a7ae1e587cebce2493fe63c456109967e27d3?s=96&d=mm&r=g","contentUrl":"https:\/\/secure.gravatar.com\/avatar\/a06875e4b25feb5674296adf8e8a7ae1e587cebce2493fe63c456109967e27d3?s=96&d=mm&r=g","caption":"kalem"},"url":"https:\/\/akunq.net\/turkish\/author\/kalem\/"}]}},"_links":{"self":[{"href":"https:\/\/akunq.net\/turkish\/wp-json\/wp\/v2\/posts\/2284","targetHints":{"allow":["GET"]}}],"collection":[{"href":"https:\/\/akunq.net\/turkish\/wp-json\/wp\/v2\/posts"}],"about":[{"href":"https:\/\/akunq.net\/turkish\/wp-json\/wp\/v2\/types\/post"}],"author":[{"embeddable":true,"href":"https:\/\/akunq.net\/turkish\/wp-json\/wp\/v2\/users\/3"}],"replies":[{"embeddable":true,"href":"https:\/\/akunq.net\/turkish\/wp-json\/wp\/v2\/comments?post=2284"}],"version-history":[{"count":0,"href":"https:\/\/akunq.net\/turkish\/wp-json\/wp\/v2\/posts\/2284\/revisions"}],"wp:attachment":[{"href":"https:\/\/akunq.net\/turkish\/wp-json\/wp\/v2\/media?parent=2284"}],"wp:term":[{"taxonomy":"category","embeddable":true,"href":"https:\/\/akunq.net\/turkish\/wp-json\/wp\/v2\/categories?post=2284"},{"taxonomy":"post_tag","embeddable":true,"href":"https:\/\/akunq.net\/turkish\/wp-json\/wp\/v2\/tags?post=2284"}],"curies":[{"name":"wp","href":"https:\/\/api.w.org\/{rel}","templated":true}]}}