{"id":2277,"date":"2010-10-09T02:58:09","date_gmt":"2010-10-09T07:58:09","guid":{"rendered":"http:\/\/akunq.net\/tr\/?p=2277"},"modified":"2010-10-09T02:58:09","modified_gmt":"2010-10-09T07:58:09","slug":"tarihi-taslar-inanclari-bir-araya-getirdi","status":"publish","type":"post","link":"https:\/\/akunq.net\/turkish\/2010\/10\/09\/tarihi-taslar-inanclari-bir-araya-getirdi\/","title":{"rendered":"Tarihi Ta\u015flar, \u0130nan\u00e7lar\u0131 Bir Araya Getirdi"},"content":{"rendered":"<table style=\"text-align: justify\" border=\"0\" cellspacing=\"0\" cellpadding=\"0\">\n<tbody>\n<tr>\n<td><strong><em><span style=\"color: #000000\"><a rel=\"attachment wp-att-2278\" href=\"http:\/\/akunq.net\/tr\/?attachment_id=2278\"><img loading=\"lazy\" decoding=\"async\" class=\"alignleft size-medium wp-image-2278\" title=\"dikranagerd-34a950\" src=\"http:\/\/akunq.net\/tr\/wp-content\/uploads\/2010\/10\/dikranagerd-34a950-300x180.jpg\" alt=\"\" width=\"300\" height=\"180\" srcset=\"https:\/\/akunq.net\/turkish\/wp-content\/uploads\/sites\/5\/2010\/10\/dikranagerd-34a950-300x180.jpg 300w, https:\/\/akunq.net\/turkish\/wp-content\/uploads\/sites\/5\/2010\/10\/dikranagerd-34a950.jpg 500w\" sizes=\"auto, (max-width: 300px) 100vw, 300px\" \/><\/a><a title=\"Diyarbak\u0131r Haberleri\" href=\"http:\/\/haberler.com\/diyarbakir\/\">Diyarbak\u0131r<\/a><strong><em><span style=\"color: #000000\"> Sur Belediyesince Restorasyon \u00c7al\u0131\u015fmalar\u0131nda Kullan\u0131lmak \u00dczere Toplanan Ta\u015flar, Restorasyonu S\u00fcren Tarihi Ulu Cami ve Surp Giragos Ermeni Kilisesi&#8217;ne Verildi. <\/span><\/em><\/strong><\/span><\/em><\/strong><\/td>\n<\/tr>\n<\/tbody>\n<\/table>\n<p style=\"text-align: justify\"><span style=\"color: #000000\">Sur Belediyesi&#8217;nce restorasyon \u00e7al\u0131\u015fmas\u0131 s\u00fcren Ulu Cami ve Surp Giragos Ermeni Kilisesi&#8217;ne verilmek \u00fczere y\u0131k\u0131k ve terk edilmi\u015f binalardan toplanan kente \u00f6zg\u00fc bazalt ta\u015flar\u0131n verilmesi amac\u0131yla t\u00f6ren d\u00fczenlendi. Ulu Cami&#8217;de d\u00fczenlenen t\u00f6rene, Sur Belediye Ba\u015fkan\u0131 <\/span><a title=\"Abdullah Demirba\u015f Haberleri\" href=\"http:\/\/haberler.com\/abdullah-demirbas\/\"><span style=\"color: #000000\">Abdullah Demirba\u015f<\/span><\/a><span style=\"color: #000000\">, Ulu Cami \u0130mam\u0131 Sait Yaz, <\/span><a title=\"Pir Sultan Abdal Haberleri\" href=\"http:\/\/haberler.com\/pir-sultan-abdal\/\"><span style=\"color: #000000\">Pir Sultan Abdal<\/span><\/a><span style=\"color: #000000\"> Derne\u011fi <\/span><a title=\"Diyarbak\u0131r Haberleri\" href=\"http:\/\/haberler.com\/diyarbakir\/\"><span style=\"color: #000000\">Diyarbak\u0131r<\/span><\/a><span style=\"color: #000000\"> \u015eube Ba\u015fkan\u0131 Cafer Kolunu\u00e7, Keldani Kilisesi Papaz\u0131 Yusuf <\/span><a title=\"Karaday\u0131 Haberleri\" href=\"http:\/\/haberler.com\/karadayi\/\"><span style=\"color: #000000\">Karaday\u0131<\/span><\/a><span style=\"color: #000000\">, <\/span><a title=\"Meryem Ana Haberleri\" href=\"http:\/\/haberler.com\/meryem-ana\/\"><span style=\"color: #000000\">Meryem Ana<\/span><\/a><span style=\"color: #000000\"> Kilisesi Papaz\u0131 Yusuf Akbulut, Din Adamlar\u0131 Yard\u0131mla\u015fma ve Dayan\u0131\u015fma Derne\u011fi (D\u0130YADER) Ba\u015fkan\u0131 Zahit \u00c7iftk\u0131ran ve Ermeni Vakf\u0131 Temsilcisi Tekin Pabu\u00e7\u00e7iyan kat\u0131ld\u0131.<br \/>\nDemirba\u015f, t\u00f6rende yapt\u0131\u011f\u0131 konu\u015fmada, Ulu Cami&#8217;nin asl\u0131nda \u0130slam inanc\u0131n\u0131n en \u00f6nemli 5 mabeti, Ortado\u011fu, hatta d\u00fcnyada en \u00f6nemli merkezlerden biri oldu\u011funu s\u00f6yledi.<br \/>\nB\u00f6ylesi kutsal bir mekana <\/span><a title=\"Pir Sultan Abdal Haberleri\" href=\"http:\/\/haberler.com\/pir-sultan-abdal\/\"><span style=\"color: #000000\">Pir Sultan Abdal<\/span><\/a><span style=\"color: #000000\"> Derne\u011fi, S\u00fcryani, Keldani ve Ermeni Kilisesi&#8217;nin deste\u011fiyle manevi anlamda harabelerden toplad\u0131klar\u0131 ta\u015flar\u0131 ve restorasyon i\u00e7in bedelsiz vereceklerini ifade ettiklerini anlatan <\/span><a title=\"Demirta\u015f Haberleri\" href=\"http:\/\/haberler.com\/demirtas\/\"><span style=\"color: #000000\">Demirta\u015f<\/span><\/a><span style=\"color: #000000\">, \u015funlar\u0131 kaydetti:<br \/>\n&#8216;Art\u0131k hi\u00e7 kimse t\u00fcrban\u0131 takt\u0131\u011f\u0131 i\u00e7in, farkl\u0131 inan\u00e7 ya\u015fad\u0131\u011f\u0131 i\u00e7in engellenmemeli. Herkes inand\u0131\u011f\u0131 gibi ya\u015famal\u0131. Gen\u00e7 k\u0131zlar\u0131m\u0131z\u0131n t\u00fcrban takt\u0131\u011f\u0131 i\u00e7in d\u0131\u015flanmas\u0131n\u0131 do\u011fru bulmuyoruz. Herkes inand\u0131\u011f\u0131 gibi giyinmeli ve ya\u015famal\u0131d\u0131r. Kendi de\u011feriyle inanc\u0131 ve k\u00fclt\u00fcr\u00fcyle ya\u015famal\u0131. <\/span><a title=\"Diyarbak\u0131r Haberleri\" href=\"http:\/\/haberler.com\/diyarbakir\/\"><span style=\"color: #000000\">Diyarbak\u0131r<\/span><\/a><span style=\"color: #000000\"> bunun i\u00e7in \u00f6rnektir. Herkesi davet ediyoruz, gelsinler bu g\u00fczellikleri g\u00f6rs\u00fcnler. Bizim inanc\u0131m\u0131z ve kimli\u011fimiz ne olursa olsun kendimizden farkl\u0131 olanlara hizmet etmek zorunday\u0131z. Ben K\u00fcrd\u00fcn ve M\u00fcsl\u00fcman\u0131n, ancak bu sadece K\u00fcrtlere hizmet edece\u011fim anlam\u0131na gelmez. T\u00fcrklere, Ermenilere, Araplara, Alevilere, Keldanilere, \u00c7erkezlere de hizmet etmeliyim. Ke\u015fke bu foto\u011fraf her yerde uygulansa.&#8217;<br \/>\n<\/span><span style=\"color: #000000\"><strong><em>&#8211; TA\u015eLAR TAR\u0130H\u0130-<br \/>\n<\/em><\/strong>Toplad\u0131klar\u0131n ta\u015flar\u0131n hi\u00e7bir yerde bulunmad\u0131\u011f\u0131n\u0131, fabrikadan al\u0131nma de\u011fil, tarihi ta\u015flar oldu\u011funu vurgulayan Demirba\u015f, restorasyonun asl\u0131na uygun yap\u0131lmas\u0131 i\u00e7in \u00e7ok \u00f6nemli oldu\u011funu belirtti.<br \/>\nAkbulut da b\u00f6lgenin gururu Ulu Cami&#8217;nin herkesi g\u00f6rmesi gereken bir mekan oldu\u011funu bildirdi.<br \/>\nAlevili\u011fin y\u0131llarca yasakl\u0131 bir inan\u00e7 olarak ya\u015fand\u0131\u011f\u0131n\u0131 savunan Kolunu\u00e7, bu nedenle bir tak\u0131m \u00f6n yarg\u0131lar\u0131n olu\u015ftu\u011funu, <\/span><a title=\"Mehmet Ali Erbil Haberleri\" href=\"http:\/\/haberler.com\/mehmet-ali-erbil\/\"><span style=\"color: #000000\">Mehmet Ali Erbil<\/span><\/a><span style=\"color: #000000\">&#8216;i k\u0131nad\u0131klar\u0131n\u0131, bu \u00f6rne\u011fin halen yanl\u0131\u015f \u00f6n yarg\u0131lar\u0131n a\u00e7\u0131k kan\u0131t\u0131 oldu\u011funu belirtti.<br \/>\nDaha sonra restorasyonu devam eden Surp Gragos Kilisesi&#8217;ne gidilerek, t\u00f6renle ta\u015flar teslim edildi. Pabu\u00e7\u00e7iyan, kilisenin Ortado\u011fu&#8217;nun en b\u00fcy\u00fck Ermeni Kilisesi oldu\u011funu, bin 200 metrekare kapal\u0131 alan\u0131 bulundu\u011funu s\u00f6yledi.<br \/>\nPabu\u00e7\u00e7iyan, restorasyon ile kiliseyi <\/span><a title=\"Diyarbak\u0131r Haberleri\" href=\"http:\/\/haberler.com\/diyarbakir\/\"><span style=\"color: #000000\">Diyarbak\u0131r<\/span><\/a><span style=\"color: #000000\"> turizmine kazand\u0131rmak istediklerini ifade ederek, &#8216;Bu burada kalacak. Bizim amac\u0131m\u0131z turistlerin gelip g\u00f6rmesidir. \u00c7\u00fcnk\u00fc <\/span><a title=\"Diyarbak\u0131r Haberleri\" href=\"http:\/\/haberler.com\/diyarbakir\/\"><span style=\"color: #000000\">Diyarbak\u0131r<\/span><\/a><\/p>\n<div style=\"text-align: justify\"><span style=\"color: #000000\">&#8216;da ya\u015fayan Ermeni yok&#8217; diye konu\u015ftu.<\/span><\/div>\n<p><span style=\"color: #000000\"><strong><em>\u00a0<\/em><\/strong><\/p>\n<p><\/span><\/p>\n<p style=\"text-align: justify\"><strong><em><span style=\"color: #000000\">(K\u0131sat\u0131lm\u0131\u015ft\u0131r)<\/span><\/em><\/strong><\/p>\n<p style=\"text-align: justify\"><strong><em><span style=\"color: #000000\">Anadolu Ajans\u0131<\/span><\/em><\/strong><\/p>\n<p style=\"text-align: justify\"><strong><em><span style=\"color: #000000\">D\u0130YARBAKIR<\/span><\/em><\/strong><\/p>\n<p style=\"text-align: justify\">\n<div style=\"text-align: justify\"><span style=\"color: #000000\"><strong><em>08.10.10<\/em><\/strong><\/span><\/div>\n<p><span style=\"color: #000000\">\u00a0<\/p>\n<p><\/span><\/p>\n","protected":false},"excerpt":{"rendered":"<p>Diyarbak\u0131r Sur Belediyesince Restorasyon \u00c7al\u0131\u015fmalar\u0131nda Kullan\u0131lmak \u00dczere Toplanan Ta\u015flar, Restorasyonu S\u00fcren Tarihi Ulu Cami ve Surp Giragos Ermeni Kilisesi&#8217;ne Verildi. Sur Belediyesi&#8217;nce restorasyon \u00e7al\u0131\u015fmas\u0131 s\u00fcren Ulu Cami ve Surp Giragos Ermeni Kilisesi&#8217;ne verilmek \u00fczere y\u0131k\u0131k ve terk edilmi\u015f binalardan toplanan kente \u00f6zg\u00fc bazalt ta\u015flar\u0131n verilmesi amac\u0131yla t\u00f6ren d\u00fczenlendi. Ulu Cami&#8217;de d\u00fczenlenen t\u00f6rene, Sur Belediye Ba\u015fkan\u0131 [&hellip;]<\/p>\n","protected":false},"author":3,"featured_media":0,"comment_status":"closed","ping_status":"open","sticky":false,"template":"","format":"standard","meta":{"footnotes":""},"categories":[14],"tags":[],"class_list":["post-2277","post","type-post","status-publish","format-standard","hentry","category-haberler"],"yoast_head":"<!-- This site is optimized with the Yoast SEO plugin v27.4 - https:\/\/yoast.com\/product\/yoast-seo-wordpress\/ -->\n<title>Tarihi Ta\u015flar, \u0130nan\u00e7lar\u0131 Bir Araya Getirdi - Bati Ermenistan Ve Bati Ermenileri Sorunlari Ara\u015ftirmalar Merkezi<\/title>\n<meta name=\"robots\" content=\"index, follow, max-snippet:-1, max-image-preview:large, max-video-preview:-1\" \/>\n<link rel=\"canonical\" href=\"https:\/\/akunq.net\/turkish\/2010\/10\/09\/tarihi-taslar-inanclari-bir-araya-getirdi\/\" \/>\n<meta property=\"og:locale\" content=\"en_US\" \/>\n<meta property=\"og:type\" content=\"article\" \/>\n<meta property=\"og:title\" content=\"Tarihi Ta\u015flar, \u0130nan\u00e7lar\u0131 Bir Araya Getirdi - Bati Ermenistan Ve Bati Ermenileri Sorunlari Ara\u015ftirmalar Merkezi\" \/>\n<meta property=\"og:description\" content=\"Diyarbak\u0131r Sur Belediyesince Restorasyon \u00c7al\u0131\u015fmalar\u0131nda Kullan\u0131lmak \u00dczere Toplanan Ta\u015flar, Restorasyonu S\u00fcren Tarihi Ulu Cami ve Surp Giragos Ermeni Kilisesi&#8217;ne Verildi. Sur Belediyesi&#8217;nce restorasyon \u00e7al\u0131\u015fmas\u0131 s\u00fcren Ulu Cami ve Surp Giragos Ermeni Kilisesi&#8217;ne verilmek \u00fczere y\u0131k\u0131k ve terk edilmi\u015f binalardan toplanan kente \u00f6zg\u00fc bazalt ta\u015flar\u0131n verilmesi amac\u0131yla t\u00f6ren d\u00fczenlendi. Ulu Cami&#8217;de d\u00fczenlenen t\u00f6rene, Sur Belediye Ba\u015fkan\u0131 [&hellip;]\" \/>\n<meta property=\"og:url\" content=\"https:\/\/akunq.net\/turkish\/2010\/10\/09\/tarihi-taslar-inanclari-bir-araya-getirdi\/\" \/>\n<meta property=\"og:site_name\" content=\"Bati Ermenistan Ve Bati Ermenileri Sorunlari Ara\u015ftirmalar Merkezi\" \/>\n<meta property=\"article:published_time\" content=\"2010-10-09T07:58:09+00:00\" \/>\n<meta property=\"og:image\" content=\"https:\/\/akunq.net\/turkish\/wp-content\/uploads\/sites\/5\/2010\/10\/dikranagerd-34a950.jpg\" \/>\n\t<meta property=\"og:image:width\" content=\"500\" \/>\n\t<meta property=\"og:image:height\" content=\"300\" \/>\n\t<meta property=\"og:image:type\" content=\"image\/jpeg\" \/>\n<meta name=\"author\" content=\"kalem\" \/>\n<meta name=\"twitter:card\" content=\"summary_large_image\" \/>\n<meta name=\"twitter:label1\" content=\"Written by\" \/>\n\t<meta name=\"twitter:data1\" content=\"kalem\" \/>\n\t<meta name=\"twitter:label2\" content=\"Est. reading time\" \/>\n\t<meta name=\"twitter:data2\" content=\"3 minutes\" \/>\n<script type=\"application\/ld+json\" class=\"yoast-schema-graph\">{\"@context\":\"https:\\\/\\\/schema.org\",\"@graph\":[{\"@type\":\"Article\",\"@id\":\"https:\\\/\\\/akunq.net\\\/turkish\\\/2010\\\/10\\\/09\\\/tarihi-taslar-inanclari-bir-araya-getirdi\\\/#article\",\"isPartOf\":{\"@id\":\"https:\\\/\\\/akunq.net\\\/turkish\\\/2010\\\/10\\\/09\\\/tarihi-taslar-inanclari-bir-araya-getirdi\\\/\"},\"author\":{\"name\":\"kalem\",\"@id\":\"https:\\\/\\\/akunq.net\\\/turkish\\\/#\\\/schema\\\/person\\\/135e7923d1aeb8887890799619969a6c\"},\"headline\":\"Tarihi Ta\u015flar, \u0130nan\u00e7lar\u0131 Bir Araya Getirdi\",\"datePublished\":\"2010-10-09T07:58:09+00:00\",\"mainEntityOfPage\":{\"@id\":\"https:\\\/\\\/akunq.net\\\/turkish\\\/2010\\\/10\\\/09\\\/tarihi-taslar-inanclari-bir-araya-getirdi\\\/\"},\"wordCount\":521,\"image\":{\"@id\":\"https:\\\/\\\/akunq.net\\\/turkish\\\/2010\\\/10\\\/09\\\/tarihi-taslar-inanclari-bir-araya-getirdi\\\/#primaryimage\"},\"thumbnailUrl\":\"http:\\\/\\\/akunq.net\\\/tr\\\/wp-content\\\/uploads\\\/2010\\\/10\\\/dikranagerd-34a950-300x180.jpg\",\"articleSection\":[\"Haberler\"],\"inLanguage\":\"en-US\"},{\"@type\":\"WebPage\",\"@id\":\"https:\\\/\\\/akunq.net\\\/turkish\\\/2010\\\/10\\\/09\\\/tarihi-taslar-inanclari-bir-araya-getirdi\\\/\",\"url\":\"https:\\\/\\\/akunq.net\\\/turkish\\\/2010\\\/10\\\/09\\\/tarihi-taslar-inanclari-bir-araya-getirdi\\\/\",\"name\":\"Tarihi Ta\u015flar, \u0130nan\u00e7lar\u0131 Bir Araya Getirdi - Bati Ermenistan Ve Bati Ermenileri Sorunlari Ara\u015ftirmalar Merkezi\",\"isPartOf\":{\"@id\":\"https:\\\/\\\/akunq.net\\\/turkish\\\/#website\"},\"primaryImageOfPage\":{\"@id\":\"https:\\\/\\\/akunq.net\\\/turkish\\\/2010\\\/10\\\/09\\\/tarihi-taslar-inanclari-bir-araya-getirdi\\\/#primaryimage\"},\"image\":{\"@id\":\"https:\\\/\\\/akunq.net\\\/turkish\\\/2010\\\/10\\\/09\\\/tarihi-taslar-inanclari-bir-araya-getirdi\\\/#primaryimage\"},\"thumbnailUrl\":\"http:\\\/\\\/akunq.net\\\/tr\\\/wp-content\\\/uploads\\\/2010\\\/10\\\/dikranagerd-34a950-300x180.jpg\",\"datePublished\":\"2010-10-09T07:58:09+00:00\",\"author\":{\"@id\":\"https:\\\/\\\/akunq.net\\\/turkish\\\/#\\\/schema\\\/person\\\/135e7923d1aeb8887890799619969a6c\"},\"breadcrumb\":{\"@id\":\"https:\\\/\\\/akunq.net\\\/turkish\\\/2010\\\/10\\\/09\\\/tarihi-taslar-inanclari-bir-araya-getirdi\\\/#breadcrumb\"},\"inLanguage\":\"en-US\",\"potentialAction\":[{\"@type\":\"ReadAction\",\"target\":[\"https:\\\/\\\/akunq.net\\\/turkish\\\/2010\\\/10\\\/09\\\/tarihi-taslar-inanclari-bir-araya-getirdi\\\/\"]}]},{\"@type\":\"ImageObject\",\"inLanguage\":\"en-US\",\"@id\":\"https:\\\/\\\/akunq.net\\\/turkish\\\/2010\\\/10\\\/09\\\/tarihi-taslar-inanclari-bir-araya-getirdi\\\/#primaryimage\",\"url\":\"http:\\\/\\\/akunq.net\\\/tr\\\/wp-content\\\/uploads\\\/2010\\\/10\\\/dikranagerd-34a950-300x180.jpg\",\"contentUrl\":\"http:\\\/\\\/akunq.net\\\/tr\\\/wp-content\\\/uploads\\\/2010\\\/10\\\/dikranagerd-34a950-300x180.jpg\"},{\"@type\":\"BreadcrumbList\",\"@id\":\"https:\\\/\\\/akunq.net\\\/turkish\\\/2010\\\/10\\\/09\\\/tarihi-taslar-inanclari-bir-araya-getirdi\\\/#breadcrumb\",\"itemListElement\":[{\"@type\":\"ListItem\",\"position\":1,\"name\":\"Home\",\"item\":\"https:\\\/\\\/akunq.net\\\/turkish\\\/\"},{\"@type\":\"ListItem\",\"position\":2,\"name\":\"Tarihi Ta\u015flar, \u0130nan\u00e7lar\u0131 Bir Araya Getirdi\"}]},{\"@type\":\"WebSite\",\"@id\":\"https:\\\/\\\/akunq.net\\\/turkish\\\/#website\",\"url\":\"https:\\\/\\\/akunq.net\\\/turkish\\\/\",\"name\":\"Bati Ermenistan Ve Bati Ermenileri Sorunlari Ara\u015ftirmalar Merkezi\",\"description\":\"\",\"potentialAction\":[{\"@type\":\"SearchAction\",\"target\":{\"@type\":\"EntryPoint\",\"urlTemplate\":\"https:\\\/\\\/akunq.net\\\/turkish\\\/?s={search_term_string}\"},\"query-input\":{\"@type\":\"PropertyValueSpecification\",\"valueRequired\":true,\"valueName\":\"search_term_string\"}}],\"inLanguage\":\"en-US\"},{\"@type\":\"Person\",\"@id\":\"https:\\\/\\\/akunq.net\\\/turkish\\\/#\\\/schema\\\/person\\\/135e7923d1aeb8887890799619969a6c\",\"name\":\"kalem\",\"image\":{\"@type\":\"ImageObject\",\"inLanguage\":\"en-US\",\"@id\":\"https:\\\/\\\/secure.gravatar.com\\\/avatar\\\/a06875e4b25feb5674296adf8e8a7ae1e587cebce2493fe63c456109967e27d3?s=96&d=mm&r=g\",\"url\":\"https:\\\/\\\/secure.gravatar.com\\\/avatar\\\/a06875e4b25feb5674296adf8e8a7ae1e587cebce2493fe63c456109967e27d3?s=96&d=mm&r=g\",\"contentUrl\":\"https:\\\/\\\/secure.gravatar.com\\\/avatar\\\/a06875e4b25feb5674296adf8e8a7ae1e587cebce2493fe63c456109967e27d3?s=96&d=mm&r=g\",\"caption\":\"kalem\"},\"url\":\"https:\\\/\\\/akunq.net\\\/turkish\\\/author\\\/kalem\\\/\"}]}<\/script>\n<!-- \/ Yoast SEO plugin. -->","yoast_head_json":{"title":"Tarihi Ta\u015flar, \u0130nan\u00e7lar\u0131 Bir Araya Getirdi - Bati Ermenistan Ve Bati Ermenileri Sorunlari Ara\u015ftirmalar Merkezi","robots":{"index":"index","follow":"follow","max-snippet":"max-snippet:-1","max-image-preview":"max-image-preview:large","max-video-preview":"max-video-preview:-1"},"canonical":"https:\/\/akunq.net\/turkish\/2010\/10\/09\/tarihi-taslar-inanclari-bir-araya-getirdi\/","og_locale":"en_US","og_type":"article","og_title":"Tarihi Ta\u015flar, \u0130nan\u00e7lar\u0131 Bir Araya Getirdi - Bati Ermenistan Ve Bati Ermenileri Sorunlari Ara\u015ftirmalar Merkezi","og_description":"Diyarbak\u0131r Sur Belediyesince Restorasyon \u00c7al\u0131\u015fmalar\u0131nda Kullan\u0131lmak \u00dczere Toplanan Ta\u015flar, Restorasyonu S\u00fcren Tarihi Ulu Cami ve Surp Giragos Ermeni Kilisesi&#8217;ne Verildi. Sur Belediyesi&#8217;nce restorasyon \u00e7al\u0131\u015fmas\u0131 s\u00fcren Ulu Cami ve Surp Giragos Ermeni Kilisesi&#8217;ne verilmek \u00fczere y\u0131k\u0131k ve terk edilmi\u015f binalardan toplanan kente \u00f6zg\u00fc bazalt ta\u015flar\u0131n verilmesi amac\u0131yla t\u00f6ren d\u00fczenlendi. Ulu Cami&#8217;de d\u00fczenlenen t\u00f6rene, Sur Belediye Ba\u015fkan\u0131 [&hellip;]","og_url":"https:\/\/akunq.net\/turkish\/2010\/10\/09\/tarihi-taslar-inanclari-bir-araya-getirdi\/","og_site_name":"Bati Ermenistan Ve Bati Ermenileri Sorunlari Ara\u015ftirmalar Merkezi","article_published_time":"2010-10-09T07:58:09+00:00","og_image":[{"width":500,"height":300,"url":"https:\/\/akunq.net\/turkish\/wp-content\/uploads\/sites\/5\/2010\/10\/dikranagerd-34a950.jpg","type":"image\/jpeg"}],"author":"kalem","twitter_card":"summary_large_image","twitter_misc":{"Written by":"kalem","Est. reading time":"3 minutes"},"schema":{"@context":"https:\/\/schema.org","@graph":[{"@type":"Article","@id":"https:\/\/akunq.net\/turkish\/2010\/10\/09\/tarihi-taslar-inanclari-bir-araya-getirdi\/#article","isPartOf":{"@id":"https:\/\/akunq.net\/turkish\/2010\/10\/09\/tarihi-taslar-inanclari-bir-araya-getirdi\/"},"author":{"name":"kalem","@id":"https:\/\/akunq.net\/turkish\/#\/schema\/person\/135e7923d1aeb8887890799619969a6c"},"headline":"Tarihi Ta\u015flar, \u0130nan\u00e7lar\u0131 Bir Araya Getirdi","datePublished":"2010-10-09T07:58:09+00:00","mainEntityOfPage":{"@id":"https:\/\/akunq.net\/turkish\/2010\/10\/09\/tarihi-taslar-inanclari-bir-araya-getirdi\/"},"wordCount":521,"image":{"@id":"https:\/\/akunq.net\/turkish\/2010\/10\/09\/tarihi-taslar-inanclari-bir-araya-getirdi\/#primaryimage"},"thumbnailUrl":"http:\/\/akunq.net\/tr\/wp-content\/uploads\/2010\/10\/dikranagerd-34a950-300x180.jpg","articleSection":["Haberler"],"inLanguage":"en-US"},{"@type":"WebPage","@id":"https:\/\/akunq.net\/turkish\/2010\/10\/09\/tarihi-taslar-inanclari-bir-araya-getirdi\/","url":"https:\/\/akunq.net\/turkish\/2010\/10\/09\/tarihi-taslar-inanclari-bir-araya-getirdi\/","name":"Tarihi Ta\u015flar, \u0130nan\u00e7lar\u0131 Bir Araya Getirdi - Bati Ermenistan Ve Bati Ermenileri Sorunlari Ara\u015ftirmalar Merkezi","isPartOf":{"@id":"https:\/\/akunq.net\/turkish\/#website"},"primaryImageOfPage":{"@id":"https:\/\/akunq.net\/turkish\/2010\/10\/09\/tarihi-taslar-inanclari-bir-araya-getirdi\/#primaryimage"},"image":{"@id":"https:\/\/akunq.net\/turkish\/2010\/10\/09\/tarihi-taslar-inanclari-bir-araya-getirdi\/#primaryimage"},"thumbnailUrl":"http:\/\/akunq.net\/tr\/wp-content\/uploads\/2010\/10\/dikranagerd-34a950-300x180.jpg","datePublished":"2010-10-09T07:58:09+00:00","author":{"@id":"https:\/\/akunq.net\/turkish\/#\/schema\/person\/135e7923d1aeb8887890799619969a6c"},"breadcrumb":{"@id":"https:\/\/akunq.net\/turkish\/2010\/10\/09\/tarihi-taslar-inanclari-bir-araya-getirdi\/#breadcrumb"},"inLanguage":"en-US","potentialAction":[{"@type":"ReadAction","target":["https:\/\/akunq.net\/turkish\/2010\/10\/09\/tarihi-taslar-inanclari-bir-araya-getirdi\/"]}]},{"@type":"ImageObject","inLanguage":"en-US","@id":"https:\/\/akunq.net\/turkish\/2010\/10\/09\/tarihi-taslar-inanclari-bir-araya-getirdi\/#primaryimage","url":"http:\/\/akunq.net\/tr\/wp-content\/uploads\/2010\/10\/dikranagerd-34a950-300x180.jpg","contentUrl":"http:\/\/akunq.net\/tr\/wp-content\/uploads\/2010\/10\/dikranagerd-34a950-300x180.jpg"},{"@type":"BreadcrumbList","@id":"https:\/\/akunq.net\/turkish\/2010\/10\/09\/tarihi-taslar-inanclari-bir-araya-getirdi\/#breadcrumb","itemListElement":[{"@type":"ListItem","position":1,"name":"Home","item":"https:\/\/akunq.net\/turkish\/"},{"@type":"ListItem","position":2,"name":"Tarihi Ta\u015flar, \u0130nan\u00e7lar\u0131 Bir Araya Getirdi"}]},{"@type":"WebSite","@id":"https:\/\/akunq.net\/turkish\/#website","url":"https:\/\/akunq.net\/turkish\/","name":"Bati Ermenistan Ve Bati Ermenileri Sorunlari Ara\u015ftirmalar Merkezi","description":"","potentialAction":[{"@type":"SearchAction","target":{"@type":"EntryPoint","urlTemplate":"https:\/\/akunq.net\/turkish\/?s={search_term_string}"},"query-input":{"@type":"PropertyValueSpecification","valueRequired":true,"valueName":"search_term_string"}}],"inLanguage":"en-US"},{"@type":"Person","@id":"https:\/\/akunq.net\/turkish\/#\/schema\/person\/135e7923d1aeb8887890799619969a6c","name":"kalem","image":{"@type":"ImageObject","inLanguage":"en-US","@id":"https:\/\/secure.gravatar.com\/avatar\/a06875e4b25feb5674296adf8e8a7ae1e587cebce2493fe63c456109967e27d3?s=96&d=mm&r=g","url":"https:\/\/secure.gravatar.com\/avatar\/a06875e4b25feb5674296adf8e8a7ae1e587cebce2493fe63c456109967e27d3?s=96&d=mm&r=g","contentUrl":"https:\/\/secure.gravatar.com\/avatar\/a06875e4b25feb5674296adf8e8a7ae1e587cebce2493fe63c456109967e27d3?s=96&d=mm&r=g","caption":"kalem"},"url":"https:\/\/akunq.net\/turkish\/author\/kalem\/"}]}},"_links":{"self":[{"href":"https:\/\/akunq.net\/turkish\/wp-json\/wp\/v2\/posts\/2277","targetHints":{"allow":["GET"]}}],"collection":[{"href":"https:\/\/akunq.net\/turkish\/wp-json\/wp\/v2\/posts"}],"about":[{"href":"https:\/\/akunq.net\/turkish\/wp-json\/wp\/v2\/types\/post"}],"author":[{"embeddable":true,"href":"https:\/\/akunq.net\/turkish\/wp-json\/wp\/v2\/users\/3"}],"replies":[{"embeddable":true,"href":"https:\/\/akunq.net\/turkish\/wp-json\/wp\/v2\/comments?post=2277"}],"version-history":[{"count":0,"href":"https:\/\/akunq.net\/turkish\/wp-json\/wp\/v2\/posts\/2277\/revisions"}],"wp:attachment":[{"href":"https:\/\/akunq.net\/turkish\/wp-json\/wp\/v2\/media?parent=2277"}],"wp:term":[{"taxonomy":"category","embeddable":true,"href":"https:\/\/akunq.net\/turkish\/wp-json\/wp\/v2\/categories?post=2277"},{"taxonomy":"post_tag","embeddable":true,"href":"https:\/\/akunq.net\/turkish\/wp-json\/wp\/v2\/tags?post=2277"}],"curies":[{"name":"wp","href":"https:\/\/api.w.org\/{rel}","templated":true}]}}