{"id":2273,"date":"2010-10-08T05:30:42","date_gmt":"2010-10-08T10:30:42","guid":{"rendered":"http:\/\/akunq.net\/tr\/?p=2273"},"modified":"2010-10-08T05:30:42","modified_gmt":"2010-10-08T10:30:42","slug":"haydar-karatas-yazar-vank-kilisesi-insa-edilsin","status":"publish","type":"post","link":"https:\/\/akunq.net\/turkish\/2010\/10\/08\/haydar-karatas-yazar-vank-kilisesi-insa-edilsin\/","title":{"rendered":"Haydar Karata\u015f (yazar): &#8220;Vank Kilisesi \u0130n\u015fa Edilsin&#8221;"},"content":{"rendered":"<p style=\"text-align: justify\"><a rel=\"attachment wp-att-2274\" href=\"http:\/\/akunq.net\/tr\/?attachment_id=2274\"><img loading=\"lazy\" decoding=\"async\" class=\"alignleft size-full wp-image-2274\" title=\"haydar\" src=\"http:\/\/akunq.net\/tr\/wp-content\/uploads\/2010\/10\/haydar.jpg\" alt=\"\" width=\"150\" height=\"130\" \/><\/a>&#8220;Gece Kelebe\u011fi&#8221; roman\u0131nda Dersim&#8217;de ya\u015fanan ac\u0131lar\u0131 anlatan Haydar Karata\u015f:\u00a0<br \/>\n&#8220;Topraklar\u0131m\u0131zda art\u0131k \u00fcst\u00fc sakl\u0131 ac\u0131lar kalmamal\u0131, bunlar hep daha derin yaralar a\u00e7arak kar\u015f\u0131m\u0131za \u00e7\u0131k\u0131yor. Bu hik\u00e2yelerle b\u00fcy\u00fcyen insanlar, toplumun onlar\u0131n kederini sahiplendi\u011fini g\u00f6rd\u00fcklerinde hafifler.\u00a0<br \/>\nDersim Ermeni kimli\u011fi saklanm\u0131\u015f kimlikler anlam\u0131nda b\u00fcy\u00fck bir y\u00fczle\u015fme, Dersimli dahi kimli\u011fini\u00a0yeni\u00a0yeni ifade ediyor. Dersim mayas\u0131nda Ermeni yoksa, Dersim k\u00fclt\u00fcr\u00fcn\u00fcn kendisi yoktur, bu bulu\u015fma\u00a0yeniden\u00a0sa\u011flanmal\u0131.&#8221;<\/p>\n<p style=\"text-align: justify\">\u00a0<strong><em><a href=\"http:\/\/yeniaktuel.com.tr\/tur103,277@2100.html\">http:\/\/yeniaktuel.com.tr\/tur103,277@2100.html<\/a><\/em><\/strong><\/p>\n","protected":false},"excerpt":{"rendered":"<p>&#8220;Gece Kelebe\u011fi&#8221; roman\u0131nda Dersim&#8217;de ya\u015fanan ac\u0131lar\u0131 anlatan Haydar Karata\u015f:\u00a0 &#8220;Topraklar\u0131m\u0131zda art\u0131k \u00fcst\u00fc sakl\u0131 ac\u0131lar kalmamal\u0131, bunlar hep daha derin yaralar a\u00e7arak kar\u015f\u0131m\u0131za \u00e7\u0131k\u0131yor. Bu hik\u00e2yelerle b\u00fcy\u00fcyen insanlar, toplumun onlar\u0131n kederini sahiplendi\u011fini g\u00f6rd\u00fcklerinde hafifler.\u00a0 Dersim Ermeni kimli\u011fi saklanm\u0131\u015f kimlikler anlam\u0131nda b\u00fcy\u00fck bir y\u00fczle\u015fme, Dersimli dahi kimli\u011fini\u00a0yeni\u00a0yeni ifade ediyor. Dersim mayas\u0131nda Ermeni yoksa, Dersim k\u00fclt\u00fcr\u00fcn\u00fcn kendisi yoktur, [&hellip;]<\/p>\n","protected":false},"author":3,"featured_media":0,"comment_status":"closed","ping_status":"open","sticky":false,"template":"","format":"standard","meta":{"footnotes":""},"categories":[14],"tags":[],"class_list":["post-2273","post","type-post","status-publish","format-standard","hentry","category-haberler"],"yoast_head":"<!-- This site is optimized with the Yoast SEO plugin v27.4 - https:\/\/yoast.com\/product\/yoast-seo-wordpress\/ -->\n<title>Haydar Karata\u015f (yazar): &quot;Vank Kilisesi \u0130n\u015fa Edilsin&quot; - Bati Ermenistan Ve Bati Ermenileri Sorunlari Ara\u015ftirmalar Merkezi<\/title>\n<meta name=\"robots\" content=\"index, follow, max-snippet:-1, max-image-preview:large, max-video-preview:-1\" \/>\n<link rel=\"canonical\" href=\"https:\/\/akunq.net\/turkish\/2010\/10\/08\/haydar-karatas-yazar-vank-kilisesi-insa-edilsin\/\" \/>\n<meta property=\"og:locale\" content=\"en_US\" \/>\n<meta property=\"og:type\" content=\"article\" \/>\n<meta property=\"og:title\" content=\"Haydar Karata\u015f (yazar): &quot;Vank Kilisesi \u0130n\u015fa Edilsin&quot; - Bati Ermenistan Ve Bati Ermenileri Sorunlari Ara\u015ftirmalar Merkezi\" \/>\n<meta property=\"og:description\" content=\"&#8220;Gece Kelebe\u011fi&#8221; roman\u0131nda Dersim&#8217;de ya\u015fanan ac\u0131lar\u0131 anlatan Haydar Karata\u015f:\u00a0 &#8220;Topraklar\u0131m\u0131zda art\u0131k \u00fcst\u00fc sakl\u0131 ac\u0131lar kalmamal\u0131, bunlar hep daha derin yaralar a\u00e7arak kar\u015f\u0131m\u0131za \u00e7\u0131k\u0131yor. Bu hik\u00e2yelerle b\u00fcy\u00fcyen insanlar, toplumun onlar\u0131n kederini sahiplendi\u011fini g\u00f6rd\u00fcklerinde hafifler.\u00a0 Dersim Ermeni kimli\u011fi saklanm\u0131\u015f kimlikler anlam\u0131nda b\u00fcy\u00fck bir y\u00fczle\u015fme, Dersimli dahi kimli\u011fini\u00a0yeni\u00a0yeni ifade ediyor. Dersim mayas\u0131nda Ermeni yoksa, Dersim k\u00fclt\u00fcr\u00fcn\u00fcn kendisi yoktur, [&hellip;]\" \/>\n<meta property=\"og:url\" content=\"https:\/\/akunq.net\/turkish\/2010\/10\/08\/haydar-karatas-yazar-vank-kilisesi-insa-edilsin\/\" \/>\n<meta property=\"og:site_name\" content=\"Bati Ermenistan Ve Bati Ermenileri Sorunlari Ara\u015ftirmalar Merkezi\" \/>\n<meta property=\"article:published_time\" content=\"2010-10-08T10:30:42+00:00\" \/>\n<meta property=\"og:image\" content=\"https:\/\/akunq.net\/turkish\/wp-content\/uploads\/sites\/5\/2010\/10\/haydar.jpg\" \/>\n\t<meta property=\"og:image:width\" content=\"150\" \/>\n\t<meta property=\"og:image:height\" content=\"130\" \/>\n\t<meta property=\"og:image:type\" content=\"image\/jpeg\" \/>\n<meta name=\"author\" content=\"kalem\" \/>\n<meta name=\"twitter:card\" content=\"summary_large_image\" \/>\n<meta name=\"twitter:label1\" content=\"Written by\" \/>\n\t<meta name=\"twitter:data1\" content=\"kalem\" \/>\n\t<meta name=\"twitter:label2\" content=\"Est. reading time\" \/>\n\t<meta name=\"twitter:data2\" content=\"1 minute\" \/>\n<script type=\"application\/ld+json\" class=\"yoast-schema-graph\">{\"@context\":\"https:\\\/\\\/schema.org\",\"@graph\":[{\"@type\":\"Article\",\"@id\":\"https:\\\/\\\/akunq.net\\\/turkish\\\/2010\\\/10\\\/08\\\/haydar-karatas-yazar-vank-kilisesi-insa-edilsin\\\/#article\",\"isPartOf\":{\"@id\":\"https:\\\/\\\/akunq.net\\\/turkish\\\/2010\\\/10\\\/08\\\/haydar-karatas-yazar-vank-kilisesi-insa-edilsin\\\/\"},\"author\":{\"name\":\"kalem\",\"@id\":\"https:\\\/\\\/akunq.net\\\/turkish\\\/#\\\/schema\\\/person\\\/135e7923d1aeb8887890799619969a6c\"},\"headline\":\"Haydar Karata\u015f (yazar): &#8220;Vank Kilisesi \u0130n\u015fa Edilsin&#8221;\",\"datePublished\":\"2010-10-08T10:30:42+00:00\",\"mainEntityOfPage\":{\"@id\":\"https:\\\/\\\/akunq.net\\\/turkish\\\/2010\\\/10\\\/08\\\/haydar-karatas-yazar-vank-kilisesi-insa-edilsin\\\/\"},\"wordCount\":108,\"image\":{\"@id\":\"https:\\\/\\\/akunq.net\\\/turkish\\\/2010\\\/10\\\/08\\\/haydar-karatas-yazar-vank-kilisesi-insa-edilsin\\\/#primaryimage\"},\"thumbnailUrl\":\"http:\\\/\\\/akunq.net\\\/tr\\\/wp-content\\\/uploads\\\/2010\\\/10\\\/haydar.jpg\",\"articleSection\":[\"Haberler\"],\"inLanguage\":\"en-US\"},{\"@type\":\"WebPage\",\"@id\":\"https:\\\/\\\/akunq.net\\\/turkish\\\/2010\\\/10\\\/08\\\/haydar-karatas-yazar-vank-kilisesi-insa-edilsin\\\/\",\"url\":\"https:\\\/\\\/akunq.net\\\/turkish\\\/2010\\\/10\\\/08\\\/haydar-karatas-yazar-vank-kilisesi-insa-edilsin\\\/\",\"name\":\"Haydar Karata\u015f (yazar): \\\"Vank Kilisesi \u0130n\u015fa Edilsin\\\" - Bati Ermenistan Ve Bati Ermenileri Sorunlari Ara\u015ftirmalar Merkezi\",\"isPartOf\":{\"@id\":\"https:\\\/\\\/akunq.net\\\/turkish\\\/#website\"},\"primaryImageOfPage\":{\"@id\":\"https:\\\/\\\/akunq.net\\\/turkish\\\/2010\\\/10\\\/08\\\/haydar-karatas-yazar-vank-kilisesi-insa-edilsin\\\/#primaryimage\"},\"image\":{\"@id\":\"https:\\\/\\\/akunq.net\\\/turkish\\\/2010\\\/10\\\/08\\\/haydar-karatas-yazar-vank-kilisesi-insa-edilsin\\\/#primaryimage\"},\"thumbnailUrl\":\"http:\\\/\\\/akunq.net\\\/tr\\\/wp-content\\\/uploads\\\/2010\\\/10\\\/haydar.jpg\",\"datePublished\":\"2010-10-08T10:30:42+00:00\",\"author\":{\"@id\":\"https:\\\/\\\/akunq.net\\\/turkish\\\/#\\\/schema\\\/person\\\/135e7923d1aeb8887890799619969a6c\"},\"breadcrumb\":{\"@id\":\"https:\\\/\\\/akunq.net\\\/turkish\\\/2010\\\/10\\\/08\\\/haydar-karatas-yazar-vank-kilisesi-insa-edilsin\\\/#breadcrumb\"},\"inLanguage\":\"en-US\",\"potentialAction\":[{\"@type\":\"ReadAction\",\"target\":[\"https:\\\/\\\/akunq.net\\\/turkish\\\/2010\\\/10\\\/08\\\/haydar-karatas-yazar-vank-kilisesi-insa-edilsin\\\/\"]}]},{\"@type\":\"ImageObject\",\"inLanguage\":\"en-US\",\"@id\":\"https:\\\/\\\/akunq.net\\\/turkish\\\/2010\\\/10\\\/08\\\/haydar-karatas-yazar-vank-kilisesi-insa-edilsin\\\/#primaryimage\",\"url\":\"http:\\\/\\\/akunq.net\\\/tr\\\/wp-content\\\/uploads\\\/2010\\\/10\\\/haydar.jpg\",\"contentUrl\":\"http:\\\/\\\/akunq.net\\\/tr\\\/wp-content\\\/uploads\\\/2010\\\/10\\\/haydar.jpg\"},{\"@type\":\"BreadcrumbList\",\"@id\":\"https:\\\/\\\/akunq.net\\\/turkish\\\/2010\\\/10\\\/08\\\/haydar-karatas-yazar-vank-kilisesi-insa-edilsin\\\/#breadcrumb\",\"itemListElement\":[{\"@type\":\"ListItem\",\"position\":1,\"name\":\"Home\",\"item\":\"https:\\\/\\\/akunq.net\\\/turkish\\\/\"},{\"@type\":\"ListItem\",\"position\":2,\"name\":\"Haydar Karata\u015f (yazar): &#8220;Vank Kilisesi \u0130n\u015fa Edilsin&#8221;\"}]},{\"@type\":\"WebSite\",\"@id\":\"https:\\\/\\\/akunq.net\\\/turkish\\\/#website\",\"url\":\"https:\\\/\\\/akunq.net\\\/turkish\\\/\",\"name\":\"Bati Ermenistan Ve Bati Ermenileri Sorunlari Ara\u015ftirmalar Merkezi\",\"description\":\"\",\"potentialAction\":[{\"@type\":\"SearchAction\",\"target\":{\"@type\":\"EntryPoint\",\"urlTemplate\":\"https:\\\/\\\/akunq.net\\\/turkish\\\/?s={search_term_string}\"},\"query-input\":{\"@type\":\"PropertyValueSpecification\",\"valueRequired\":true,\"valueName\":\"search_term_string\"}}],\"inLanguage\":\"en-US\"},{\"@type\":\"Person\",\"@id\":\"https:\\\/\\\/akunq.net\\\/turkish\\\/#\\\/schema\\\/person\\\/135e7923d1aeb8887890799619969a6c\",\"name\":\"kalem\",\"image\":{\"@type\":\"ImageObject\",\"inLanguage\":\"en-US\",\"@id\":\"https:\\\/\\\/secure.gravatar.com\\\/avatar\\\/a06875e4b25feb5674296adf8e8a7ae1e587cebce2493fe63c456109967e27d3?s=96&d=mm&r=g\",\"url\":\"https:\\\/\\\/secure.gravatar.com\\\/avatar\\\/a06875e4b25feb5674296adf8e8a7ae1e587cebce2493fe63c456109967e27d3?s=96&d=mm&r=g\",\"contentUrl\":\"https:\\\/\\\/secure.gravatar.com\\\/avatar\\\/a06875e4b25feb5674296adf8e8a7ae1e587cebce2493fe63c456109967e27d3?s=96&d=mm&r=g\",\"caption\":\"kalem\"},\"url\":\"https:\\\/\\\/akunq.net\\\/turkish\\\/author\\\/kalem\\\/\"}]}<\/script>\n<!-- \/ Yoast SEO plugin. -->","yoast_head_json":{"title":"Haydar Karata\u015f (yazar): \"Vank Kilisesi \u0130n\u015fa Edilsin\" - Bati Ermenistan Ve Bati Ermenileri Sorunlari Ara\u015ftirmalar Merkezi","robots":{"index":"index","follow":"follow","max-snippet":"max-snippet:-1","max-image-preview":"max-image-preview:large","max-video-preview":"max-video-preview:-1"},"canonical":"https:\/\/akunq.net\/turkish\/2010\/10\/08\/haydar-karatas-yazar-vank-kilisesi-insa-edilsin\/","og_locale":"en_US","og_type":"article","og_title":"Haydar Karata\u015f (yazar): \"Vank Kilisesi \u0130n\u015fa Edilsin\" - Bati Ermenistan Ve Bati Ermenileri Sorunlari Ara\u015ftirmalar Merkezi","og_description":"&#8220;Gece Kelebe\u011fi&#8221; roman\u0131nda Dersim&#8217;de ya\u015fanan ac\u0131lar\u0131 anlatan Haydar Karata\u015f:\u00a0 &#8220;Topraklar\u0131m\u0131zda art\u0131k \u00fcst\u00fc sakl\u0131 ac\u0131lar kalmamal\u0131, bunlar hep daha derin yaralar a\u00e7arak kar\u015f\u0131m\u0131za \u00e7\u0131k\u0131yor. Bu hik\u00e2yelerle b\u00fcy\u00fcyen insanlar, toplumun onlar\u0131n kederini sahiplendi\u011fini g\u00f6rd\u00fcklerinde hafifler.\u00a0 Dersim Ermeni kimli\u011fi saklanm\u0131\u015f kimlikler anlam\u0131nda b\u00fcy\u00fck bir y\u00fczle\u015fme, Dersimli dahi kimli\u011fini\u00a0yeni\u00a0yeni ifade ediyor. Dersim mayas\u0131nda Ermeni yoksa, Dersim k\u00fclt\u00fcr\u00fcn\u00fcn kendisi yoktur, [&hellip;]","og_url":"https:\/\/akunq.net\/turkish\/2010\/10\/08\/haydar-karatas-yazar-vank-kilisesi-insa-edilsin\/","og_site_name":"Bati Ermenistan Ve Bati Ermenileri Sorunlari Ara\u015ftirmalar Merkezi","article_published_time":"2010-10-08T10:30:42+00:00","og_image":[{"width":150,"height":130,"url":"https:\/\/akunq.net\/turkish\/wp-content\/uploads\/sites\/5\/2010\/10\/haydar.jpg","type":"image\/jpeg"}],"author":"kalem","twitter_card":"summary_large_image","twitter_misc":{"Written by":"kalem","Est. reading time":"1 minute"},"schema":{"@context":"https:\/\/schema.org","@graph":[{"@type":"Article","@id":"https:\/\/akunq.net\/turkish\/2010\/10\/08\/haydar-karatas-yazar-vank-kilisesi-insa-edilsin\/#article","isPartOf":{"@id":"https:\/\/akunq.net\/turkish\/2010\/10\/08\/haydar-karatas-yazar-vank-kilisesi-insa-edilsin\/"},"author":{"name":"kalem","@id":"https:\/\/akunq.net\/turkish\/#\/schema\/person\/135e7923d1aeb8887890799619969a6c"},"headline":"Haydar Karata\u015f (yazar): &#8220;Vank Kilisesi \u0130n\u015fa Edilsin&#8221;","datePublished":"2010-10-08T10:30:42+00:00","mainEntityOfPage":{"@id":"https:\/\/akunq.net\/turkish\/2010\/10\/08\/haydar-karatas-yazar-vank-kilisesi-insa-edilsin\/"},"wordCount":108,"image":{"@id":"https:\/\/akunq.net\/turkish\/2010\/10\/08\/haydar-karatas-yazar-vank-kilisesi-insa-edilsin\/#primaryimage"},"thumbnailUrl":"http:\/\/akunq.net\/tr\/wp-content\/uploads\/2010\/10\/haydar.jpg","articleSection":["Haberler"],"inLanguage":"en-US"},{"@type":"WebPage","@id":"https:\/\/akunq.net\/turkish\/2010\/10\/08\/haydar-karatas-yazar-vank-kilisesi-insa-edilsin\/","url":"https:\/\/akunq.net\/turkish\/2010\/10\/08\/haydar-karatas-yazar-vank-kilisesi-insa-edilsin\/","name":"Haydar Karata\u015f (yazar): \"Vank Kilisesi \u0130n\u015fa Edilsin\" - Bati Ermenistan Ve Bati Ermenileri Sorunlari Ara\u015ftirmalar Merkezi","isPartOf":{"@id":"https:\/\/akunq.net\/turkish\/#website"},"primaryImageOfPage":{"@id":"https:\/\/akunq.net\/turkish\/2010\/10\/08\/haydar-karatas-yazar-vank-kilisesi-insa-edilsin\/#primaryimage"},"image":{"@id":"https:\/\/akunq.net\/turkish\/2010\/10\/08\/haydar-karatas-yazar-vank-kilisesi-insa-edilsin\/#primaryimage"},"thumbnailUrl":"http:\/\/akunq.net\/tr\/wp-content\/uploads\/2010\/10\/haydar.jpg","datePublished":"2010-10-08T10:30:42+00:00","author":{"@id":"https:\/\/akunq.net\/turkish\/#\/schema\/person\/135e7923d1aeb8887890799619969a6c"},"breadcrumb":{"@id":"https:\/\/akunq.net\/turkish\/2010\/10\/08\/haydar-karatas-yazar-vank-kilisesi-insa-edilsin\/#breadcrumb"},"inLanguage":"en-US","potentialAction":[{"@type":"ReadAction","target":["https:\/\/akunq.net\/turkish\/2010\/10\/08\/haydar-karatas-yazar-vank-kilisesi-insa-edilsin\/"]}]},{"@type":"ImageObject","inLanguage":"en-US","@id":"https:\/\/akunq.net\/turkish\/2010\/10\/08\/haydar-karatas-yazar-vank-kilisesi-insa-edilsin\/#primaryimage","url":"http:\/\/akunq.net\/tr\/wp-content\/uploads\/2010\/10\/haydar.jpg","contentUrl":"http:\/\/akunq.net\/tr\/wp-content\/uploads\/2010\/10\/haydar.jpg"},{"@type":"BreadcrumbList","@id":"https:\/\/akunq.net\/turkish\/2010\/10\/08\/haydar-karatas-yazar-vank-kilisesi-insa-edilsin\/#breadcrumb","itemListElement":[{"@type":"ListItem","position":1,"name":"Home","item":"https:\/\/akunq.net\/turkish\/"},{"@type":"ListItem","position":2,"name":"Haydar Karata\u015f (yazar): &#8220;Vank Kilisesi \u0130n\u015fa Edilsin&#8221;"}]},{"@type":"WebSite","@id":"https:\/\/akunq.net\/turkish\/#website","url":"https:\/\/akunq.net\/turkish\/","name":"Bati Ermenistan Ve Bati Ermenileri Sorunlari Ara\u015ftirmalar Merkezi","description":"","potentialAction":[{"@type":"SearchAction","target":{"@type":"EntryPoint","urlTemplate":"https:\/\/akunq.net\/turkish\/?s={search_term_string}"},"query-input":{"@type":"PropertyValueSpecification","valueRequired":true,"valueName":"search_term_string"}}],"inLanguage":"en-US"},{"@type":"Person","@id":"https:\/\/akunq.net\/turkish\/#\/schema\/person\/135e7923d1aeb8887890799619969a6c","name":"kalem","image":{"@type":"ImageObject","inLanguage":"en-US","@id":"https:\/\/secure.gravatar.com\/avatar\/a06875e4b25feb5674296adf8e8a7ae1e587cebce2493fe63c456109967e27d3?s=96&d=mm&r=g","url":"https:\/\/secure.gravatar.com\/avatar\/a06875e4b25feb5674296adf8e8a7ae1e587cebce2493fe63c456109967e27d3?s=96&d=mm&r=g","contentUrl":"https:\/\/secure.gravatar.com\/avatar\/a06875e4b25feb5674296adf8e8a7ae1e587cebce2493fe63c456109967e27d3?s=96&d=mm&r=g","caption":"kalem"},"url":"https:\/\/akunq.net\/turkish\/author\/kalem\/"}]}},"_links":{"self":[{"href":"https:\/\/akunq.net\/turkish\/wp-json\/wp\/v2\/posts\/2273","targetHints":{"allow":["GET"]}}],"collection":[{"href":"https:\/\/akunq.net\/turkish\/wp-json\/wp\/v2\/posts"}],"about":[{"href":"https:\/\/akunq.net\/turkish\/wp-json\/wp\/v2\/types\/post"}],"author":[{"embeddable":true,"href":"https:\/\/akunq.net\/turkish\/wp-json\/wp\/v2\/users\/3"}],"replies":[{"embeddable":true,"href":"https:\/\/akunq.net\/turkish\/wp-json\/wp\/v2\/comments?post=2273"}],"version-history":[{"count":0,"href":"https:\/\/akunq.net\/turkish\/wp-json\/wp\/v2\/posts\/2273\/revisions"}],"wp:attachment":[{"href":"https:\/\/akunq.net\/turkish\/wp-json\/wp\/v2\/media?parent=2273"}],"wp:term":[{"taxonomy":"category","embeddable":true,"href":"https:\/\/akunq.net\/turkish\/wp-json\/wp\/v2\/categories?post=2273"},{"taxonomy":"post_tag","embeddable":true,"href":"https:\/\/akunq.net\/turkish\/wp-json\/wp\/v2\/tags?post=2273"}],"curies":[{"name":"wp","href":"https:\/\/api.w.org\/{rel}","templated":true}]}}