{"id":22689,"date":"2013-04-03T03:32:09","date_gmt":"2013-04-03T08:32:09","guid":{"rendered":"http:\/\/akunq.net\/tr\/?p=22689"},"modified":"2013-04-03T03:32:09","modified_gmt":"2013-04-03T08:32:09","slug":"iste-vanin-yeni-stadindan-kareler","status":"publish","type":"post","link":"https:\/\/akunq.net\/turkish\/2013\/04\/03\/iste-vanin-yeni-stadindan-kareler\/","title":{"rendered":"\u0130\u015fte Van&#8217;\u0131n yeni stad\u0131ndan kareler"},"content":{"rendered":"<p style=\"text-align: justify\"><b><i><a href=\"http:\/\/akunq.net\/tr\/?attachment_id=22690\" rel=\"attachment wp-att-22690\"><img loading=\"lazy\" decoding=\"async\" class=\"alignright size-medium wp-image-22690\" alt=\"\u054e\u0561\u0576 \u0584\u0561\u0572\u0561\u0584\u0568\" src=\"http:\/\/akunq.net\/tr\/wp-content\/uploads\/2013\/04\/\u054e\u0561\u0576-\u0584\u0561\u0572\u0561\u0584\u0568-300x205.jpg\" width=\"300\" height=\"205\" srcset=\"https:\/\/akunq.net\/turkish\/wp-content\/uploads\/sites\/5\/2013\/04\/\u054e\u0561\u0576-\u0584\u0561\u0572\u0561\u0584\u0568-300x205.jpg 300w, https:\/\/akunq.net\/turkish\/wp-content\/uploads\/sites\/5\/2013\/04\/\u054e\u0561\u0576-\u0584\u0561\u0572\u0561\u0584\u0568.jpg 600w\" sizes=\"auto, (max-width: 300px) 100vw, 300px\" \/><\/a>Van&#8217;da ya\u015fanan depremlerin ard\u0131ndan yeni ve daha canl\u0131 bir \u015fehir kurmak i\u00e7in yap\u0131lan \u00e7al\u0131\u015fmalar kapsam\u0131nda, il merkezindeki stadyumun da ta\u015f\u0131nmas\u0131 planlan\u0131yor.<\/i><\/b><\/p>\n<p style=\"text-align: justify\">\u00c7evre ve \u015eehircilik Bakanl\u0131\u011f\u0131 Mekansal Planlama Genel M\u00fcd\u00fcrl\u00fc\u011f\u00fc&#8217;nce Van&#8217;\u0131n b\u00f6lgenin cazibe merkezi olmas\u0131 i\u00e7in kentsel tasar\u0131m projeleri haz\u0131rland\u0131. Bu kapsamda il merkezinde bulunan ve 2 y\u0131l \u00f6nceki depremlerde b\u00fcy\u00fck zarar g\u00f6ren 70 bin metrekare alandaki stadyum y\u0131k\u0131lacak. Bu alan, Van Valili\u011fi Binas\u0131, b\u00fcy\u00fck bir cami ve meydan i\u00e7in kullan\u0131lacak. Yeni stadyum, Van \u00c7evre Yolu&#8217;na yak\u0131n, kav\u015fak bir noktada in\u015fa edilecek spor kompleksinin i\u00e7inde olacak. 30-40 bin ki\u015fi kapasiteli olmas\u0131 planlanan stadyumun yan\u0131nda oteller ve b\u00fcy\u00fck al\u0131\u015fveri\u015f merkezleri de yer alacak.<\/p>\n<p>Yakla\u015f\u0131k 1 milyon metrekare alanda yap\u0131lmas\u0131 planlanan spor kompleksinin i\u00e7inde, stadyumun yan\u0131 s\u0131ra a\u00e7\u0131k spor tesisleri, \u00e7im sahalar, tenis kortlar\u0131, basketbol ve voleybol sahalar\u0131 bulunacak.<br \/>\n<b><br \/>\nSU SPORLARI \u0130\u00c7\u0130N D\u00dcZENLEME<br \/>\n<\/b><br \/>\n\u00c7evre ve \u015eehircilik Bakanl\u0131\u011f\u0131 Mekansal Planlama Genel M\u00fcd\u00fcr\u00fc Mehmet Ali Kahraman, Van&#8217;\u0131n yeni stadyumu i\u00e7in tasar\u0131mlar\u0131n haz\u0131rland\u0131\u011f\u0131n\u0131 belirterek, bu y\u0131l i\u00e7inde in\u015faatlara ba\u015flamay\u0131 planlad\u0131klar\u0131n\u0131 s\u00f6yledi.<\/p>\n<p>Yeni planlar ve kentsel tasar\u0131mlarla Van&#8217;\u0131n cazibe merkezi olaca\u011f\u0131n\u0131 dile getiren Kahraman, stadyumun da kente hareket ve canl\u0131l\u0131k getirece\u011fini anlatt\u0131.<\/p>\n<p>Kahraman, yeni Van Stadyumu&#8217;nun, uluslararas\u0131 kar\u015f\u0131la\u015fmalar\u0131n yap\u0131labilece\u011fi donan\u0131m ve altyap\u0131ya sahip olaca\u011f\u0131na dikkati \u00e7ekerek, &#8221;Van&#8217;\u0131 \u00f6nemli spor organizasyonlar\u0131na ev sahipli\u011fi yapabilecek g\u00fczel bir stadyuma kavu\u015fturaca\u011f\u0131z.&#8221; dedi.<\/p>\n<p>Van G\u00f6l\u00fc&#8217;n\u00fcn su sporlar\u0131 a\u00e7\u0131s\u0131ndan daha aktif \u015fekilde kullan\u0131lmas\u0131na y\u00f6nelik de \u00e7al\u0131\u015fmalar\u0131n\u0131n bulundu\u011funu ifade eden Kahraman, buna ili\u015fkin planlar\u0131n turizmin canlanmas\u0131na katk\u0131da bulunaca\u011f\u0131n\u0131 kaydetti.<\/p>\n<p style=\"text-align: justify\"><b><i>http:\/\/www.sabah.com.tr\/SabahSpor\/Futbol\/2013\/04\/02\/iste-vanin-yeni-stadindan-kareler<\/i><\/b><\/p>\n","protected":false},"excerpt":{"rendered":"<p>Van&#8217;da ya\u015fanan depremlerin ard\u0131ndan yeni ve daha canl\u0131 bir \u015fehir kurmak i\u00e7in yap\u0131lan \u00e7al\u0131\u015fmalar kapsam\u0131nda, il merkezindeki stadyumun da ta\u015f\u0131nmas\u0131 planlan\u0131yor. \u00c7evre ve \u015eehircilik Bakanl\u0131\u011f\u0131 Mekansal Planlama Genel M\u00fcd\u00fcrl\u00fc\u011f\u00fc&#8217;nce Van&#8217;\u0131n b\u00f6lgenin cazibe merkezi olmas\u0131 i\u00e7in kentsel tasar\u0131m projeleri haz\u0131rland\u0131. Bu kapsamda il merkezinde bulunan ve 2 y\u0131l \u00f6nceki depremlerde b\u00fcy\u00fck zarar g\u00f6ren 70 bin metrekare [&hellip;]<\/p>\n","protected":false},"author":3,"featured_media":0,"comment_status":"open","ping_status":"open","sticky":false,"template":"","format":"standard","meta":{"footnotes":""},"categories":[14],"tags":[],"class_list":["post-22689","post","type-post","status-publish","format-standard","hentry","category-haberler"],"yoast_head":"<!-- This site is optimized with the Yoast SEO plugin v27.4 - https:\/\/yoast.com\/product\/yoast-seo-wordpress\/ -->\n<title>\u0130\u015fte Van&#039;\u0131n yeni stad\u0131ndan kareler - Bati Ermenistan Ve Bati Ermenileri Sorunlari Ara\u015ftirmalar Merkezi<\/title>\n<meta name=\"robots\" content=\"index, follow, max-snippet:-1, max-image-preview:large, max-video-preview:-1\" \/>\n<link rel=\"canonical\" href=\"https:\/\/akunq.net\/turkish\/2013\/04\/03\/iste-vanin-yeni-stadindan-kareler\/\" \/>\n<meta property=\"og:locale\" content=\"en_US\" \/>\n<meta property=\"og:type\" content=\"article\" \/>\n<meta property=\"og:title\" content=\"\u0130\u015fte Van&#039;\u0131n yeni stad\u0131ndan kareler - Bati Ermenistan Ve Bati Ermenileri Sorunlari Ara\u015ftirmalar Merkezi\" \/>\n<meta property=\"og:description\" content=\"Van&#8217;da ya\u015fanan depremlerin ard\u0131ndan yeni ve daha canl\u0131 bir \u015fehir kurmak i\u00e7in yap\u0131lan \u00e7al\u0131\u015fmalar kapsam\u0131nda, il merkezindeki stadyumun da ta\u015f\u0131nmas\u0131 planlan\u0131yor. \u00c7evre ve \u015eehircilik Bakanl\u0131\u011f\u0131 Mekansal Planlama Genel M\u00fcd\u00fcrl\u00fc\u011f\u00fc&#8217;nce Van&#8217;\u0131n b\u00f6lgenin cazibe merkezi olmas\u0131 i\u00e7in kentsel tasar\u0131m projeleri haz\u0131rland\u0131. Bu kapsamda il merkezinde bulunan ve 2 y\u0131l \u00f6nceki depremlerde b\u00fcy\u00fck zarar g\u00f6ren 70 bin metrekare [&hellip;]\" \/>\n<meta property=\"og:url\" content=\"https:\/\/akunq.net\/turkish\/2013\/04\/03\/iste-vanin-yeni-stadindan-kareler\/\" \/>\n<meta property=\"og:site_name\" content=\"Bati Ermenistan Ve Bati Ermenileri Sorunlari Ara\u015ftirmalar Merkezi\" \/>\n<meta property=\"article:published_time\" content=\"2013-04-03T08:32:09+00:00\" \/>\n<meta name=\"author\" content=\"kalem\" \/>\n<meta name=\"twitter:card\" content=\"summary_large_image\" \/>\n<meta name=\"twitter:label1\" content=\"Written by\" \/>\n\t<meta name=\"twitter:data1\" content=\"kalem\" \/>\n\t<meta name=\"twitter:label2\" content=\"Est. reading time\" \/>\n\t<meta name=\"twitter:data2\" content=\"2 minutes\" \/>\n<script type=\"application\/ld+json\" class=\"yoast-schema-graph\">{\"@context\":\"https:\\\/\\\/schema.org\",\"@graph\":[{\"@type\":\"Article\",\"@id\":\"https:\\\/\\\/akunq.net\\\/turkish\\\/2013\\\/04\\\/03\\\/iste-vanin-yeni-stadindan-kareler\\\/#article\",\"isPartOf\":{\"@id\":\"https:\\\/\\\/akunq.net\\\/turkish\\\/2013\\\/04\\\/03\\\/iste-vanin-yeni-stadindan-kareler\\\/\"},\"author\":{\"name\":\"kalem\",\"@id\":\"https:\\\/\\\/akunq.net\\\/turkish\\\/#\\\/schema\\\/person\\\/135e7923d1aeb8887890799619969a6c\"},\"headline\":\"\u0130\u015fte Van&#8217;\u0131n yeni stad\u0131ndan kareler\",\"datePublished\":\"2013-04-03T08:32:09+00:00\",\"mainEntityOfPage\":{\"@id\":\"https:\\\/\\\/akunq.net\\\/turkish\\\/2013\\\/04\\\/03\\\/iste-vanin-yeni-stadindan-kareler\\\/\"},\"wordCount\":331,\"commentCount\":0,\"articleSection\":[\"Haberler\"],\"inLanguage\":\"en-US\",\"potentialAction\":[{\"@type\":\"CommentAction\",\"name\":\"Comment\",\"target\":[\"https:\\\/\\\/akunq.net\\\/turkish\\\/2013\\\/04\\\/03\\\/iste-vanin-yeni-stadindan-kareler\\\/#respond\"]}]},{\"@type\":\"WebPage\",\"@id\":\"https:\\\/\\\/akunq.net\\\/turkish\\\/2013\\\/04\\\/03\\\/iste-vanin-yeni-stadindan-kareler\\\/\",\"url\":\"https:\\\/\\\/akunq.net\\\/turkish\\\/2013\\\/04\\\/03\\\/iste-vanin-yeni-stadindan-kareler\\\/\",\"name\":\"\u0130\u015fte Van'\u0131n yeni stad\u0131ndan kareler - Bati Ermenistan Ve Bati Ermenileri Sorunlari Ara\u015ftirmalar Merkezi\",\"isPartOf\":{\"@id\":\"https:\\\/\\\/akunq.net\\\/turkish\\\/#website\"},\"datePublished\":\"2013-04-03T08:32:09+00:00\",\"author\":{\"@id\":\"https:\\\/\\\/akunq.net\\\/turkish\\\/#\\\/schema\\\/person\\\/135e7923d1aeb8887890799619969a6c\"},\"breadcrumb\":{\"@id\":\"https:\\\/\\\/akunq.net\\\/turkish\\\/2013\\\/04\\\/03\\\/iste-vanin-yeni-stadindan-kareler\\\/#breadcrumb\"},\"inLanguage\":\"en-US\",\"potentialAction\":[{\"@type\":\"ReadAction\",\"target\":[\"https:\\\/\\\/akunq.net\\\/turkish\\\/2013\\\/04\\\/03\\\/iste-vanin-yeni-stadindan-kareler\\\/\"]}]},{\"@type\":\"BreadcrumbList\",\"@id\":\"https:\\\/\\\/akunq.net\\\/turkish\\\/2013\\\/04\\\/03\\\/iste-vanin-yeni-stadindan-kareler\\\/#breadcrumb\",\"itemListElement\":[{\"@type\":\"ListItem\",\"position\":1,\"name\":\"Home\",\"item\":\"https:\\\/\\\/akunq.net\\\/turkish\\\/\"},{\"@type\":\"ListItem\",\"position\":2,\"name\":\"\u0130\u015fte Van&#8217;\u0131n yeni stad\u0131ndan kareler\"}]},{\"@type\":\"WebSite\",\"@id\":\"https:\\\/\\\/akunq.net\\\/turkish\\\/#website\",\"url\":\"https:\\\/\\\/akunq.net\\\/turkish\\\/\",\"name\":\"Bati Ermenistan Ve Bati Ermenileri Sorunlari Ara\u015ftirmalar Merkezi\",\"description\":\"\",\"potentialAction\":[{\"@type\":\"SearchAction\",\"target\":{\"@type\":\"EntryPoint\",\"urlTemplate\":\"https:\\\/\\\/akunq.net\\\/turkish\\\/?s={search_term_string}\"},\"query-input\":{\"@type\":\"PropertyValueSpecification\",\"valueRequired\":true,\"valueName\":\"search_term_string\"}}],\"inLanguage\":\"en-US\"},{\"@type\":\"Person\",\"@id\":\"https:\\\/\\\/akunq.net\\\/turkish\\\/#\\\/schema\\\/person\\\/135e7923d1aeb8887890799619969a6c\",\"name\":\"kalem\",\"image\":{\"@type\":\"ImageObject\",\"inLanguage\":\"en-US\",\"@id\":\"https:\\\/\\\/secure.gravatar.com\\\/avatar\\\/a06875e4b25feb5674296adf8e8a7ae1e587cebce2493fe63c456109967e27d3?s=96&d=mm&r=g\",\"url\":\"https:\\\/\\\/secure.gravatar.com\\\/avatar\\\/a06875e4b25feb5674296adf8e8a7ae1e587cebce2493fe63c456109967e27d3?s=96&d=mm&r=g\",\"contentUrl\":\"https:\\\/\\\/secure.gravatar.com\\\/avatar\\\/a06875e4b25feb5674296adf8e8a7ae1e587cebce2493fe63c456109967e27d3?s=96&d=mm&r=g\",\"caption\":\"kalem\"},\"url\":\"https:\\\/\\\/akunq.net\\\/turkish\\\/author\\\/kalem\\\/\"}]}<\/script>\n<!-- \/ Yoast SEO plugin. -->","yoast_head_json":{"title":"\u0130\u015fte Van'\u0131n yeni stad\u0131ndan kareler - Bati Ermenistan Ve Bati Ermenileri Sorunlari Ara\u015ftirmalar Merkezi","robots":{"index":"index","follow":"follow","max-snippet":"max-snippet:-1","max-image-preview":"max-image-preview:large","max-video-preview":"max-video-preview:-1"},"canonical":"https:\/\/akunq.net\/turkish\/2013\/04\/03\/iste-vanin-yeni-stadindan-kareler\/","og_locale":"en_US","og_type":"article","og_title":"\u0130\u015fte Van'\u0131n yeni stad\u0131ndan kareler - Bati Ermenistan Ve Bati Ermenileri Sorunlari Ara\u015ftirmalar Merkezi","og_description":"Van&#8217;da ya\u015fanan depremlerin ard\u0131ndan yeni ve daha canl\u0131 bir \u015fehir kurmak i\u00e7in yap\u0131lan \u00e7al\u0131\u015fmalar kapsam\u0131nda, il merkezindeki stadyumun da ta\u015f\u0131nmas\u0131 planlan\u0131yor. \u00c7evre ve \u015eehircilik Bakanl\u0131\u011f\u0131 Mekansal Planlama Genel M\u00fcd\u00fcrl\u00fc\u011f\u00fc&#8217;nce Van&#8217;\u0131n b\u00f6lgenin cazibe merkezi olmas\u0131 i\u00e7in kentsel tasar\u0131m projeleri haz\u0131rland\u0131. Bu kapsamda il merkezinde bulunan ve 2 y\u0131l \u00f6nceki depremlerde b\u00fcy\u00fck zarar g\u00f6ren 70 bin metrekare [&hellip;]","og_url":"https:\/\/akunq.net\/turkish\/2013\/04\/03\/iste-vanin-yeni-stadindan-kareler\/","og_site_name":"Bati Ermenistan Ve Bati Ermenileri Sorunlari Ara\u015ftirmalar Merkezi","article_published_time":"2013-04-03T08:32:09+00:00","author":"kalem","twitter_card":"summary_large_image","twitter_misc":{"Written by":"kalem","Est. reading time":"2 minutes"},"schema":{"@context":"https:\/\/schema.org","@graph":[{"@type":"Article","@id":"https:\/\/akunq.net\/turkish\/2013\/04\/03\/iste-vanin-yeni-stadindan-kareler\/#article","isPartOf":{"@id":"https:\/\/akunq.net\/turkish\/2013\/04\/03\/iste-vanin-yeni-stadindan-kareler\/"},"author":{"name":"kalem","@id":"https:\/\/akunq.net\/turkish\/#\/schema\/person\/135e7923d1aeb8887890799619969a6c"},"headline":"\u0130\u015fte Van&#8217;\u0131n yeni stad\u0131ndan kareler","datePublished":"2013-04-03T08:32:09+00:00","mainEntityOfPage":{"@id":"https:\/\/akunq.net\/turkish\/2013\/04\/03\/iste-vanin-yeni-stadindan-kareler\/"},"wordCount":331,"commentCount":0,"articleSection":["Haberler"],"inLanguage":"en-US","potentialAction":[{"@type":"CommentAction","name":"Comment","target":["https:\/\/akunq.net\/turkish\/2013\/04\/03\/iste-vanin-yeni-stadindan-kareler\/#respond"]}]},{"@type":"WebPage","@id":"https:\/\/akunq.net\/turkish\/2013\/04\/03\/iste-vanin-yeni-stadindan-kareler\/","url":"https:\/\/akunq.net\/turkish\/2013\/04\/03\/iste-vanin-yeni-stadindan-kareler\/","name":"\u0130\u015fte Van'\u0131n yeni stad\u0131ndan kareler - Bati Ermenistan Ve Bati Ermenileri Sorunlari Ara\u015ftirmalar Merkezi","isPartOf":{"@id":"https:\/\/akunq.net\/turkish\/#website"},"datePublished":"2013-04-03T08:32:09+00:00","author":{"@id":"https:\/\/akunq.net\/turkish\/#\/schema\/person\/135e7923d1aeb8887890799619969a6c"},"breadcrumb":{"@id":"https:\/\/akunq.net\/turkish\/2013\/04\/03\/iste-vanin-yeni-stadindan-kareler\/#breadcrumb"},"inLanguage":"en-US","potentialAction":[{"@type":"ReadAction","target":["https:\/\/akunq.net\/turkish\/2013\/04\/03\/iste-vanin-yeni-stadindan-kareler\/"]}]},{"@type":"BreadcrumbList","@id":"https:\/\/akunq.net\/turkish\/2013\/04\/03\/iste-vanin-yeni-stadindan-kareler\/#breadcrumb","itemListElement":[{"@type":"ListItem","position":1,"name":"Home","item":"https:\/\/akunq.net\/turkish\/"},{"@type":"ListItem","position":2,"name":"\u0130\u015fte Van&#8217;\u0131n yeni stad\u0131ndan kareler"}]},{"@type":"WebSite","@id":"https:\/\/akunq.net\/turkish\/#website","url":"https:\/\/akunq.net\/turkish\/","name":"Bati Ermenistan Ve Bati Ermenileri Sorunlari Ara\u015ftirmalar Merkezi","description":"","potentialAction":[{"@type":"SearchAction","target":{"@type":"EntryPoint","urlTemplate":"https:\/\/akunq.net\/turkish\/?s={search_term_string}"},"query-input":{"@type":"PropertyValueSpecification","valueRequired":true,"valueName":"search_term_string"}}],"inLanguage":"en-US"},{"@type":"Person","@id":"https:\/\/akunq.net\/turkish\/#\/schema\/person\/135e7923d1aeb8887890799619969a6c","name":"kalem","image":{"@type":"ImageObject","inLanguage":"en-US","@id":"https:\/\/secure.gravatar.com\/avatar\/a06875e4b25feb5674296adf8e8a7ae1e587cebce2493fe63c456109967e27d3?s=96&d=mm&r=g","url":"https:\/\/secure.gravatar.com\/avatar\/a06875e4b25feb5674296adf8e8a7ae1e587cebce2493fe63c456109967e27d3?s=96&d=mm&r=g","contentUrl":"https:\/\/secure.gravatar.com\/avatar\/a06875e4b25feb5674296adf8e8a7ae1e587cebce2493fe63c456109967e27d3?s=96&d=mm&r=g","caption":"kalem"},"url":"https:\/\/akunq.net\/turkish\/author\/kalem\/"}]}},"_links":{"self":[{"href":"https:\/\/akunq.net\/turkish\/wp-json\/wp\/v2\/posts\/22689","targetHints":{"allow":["GET"]}}],"collection":[{"href":"https:\/\/akunq.net\/turkish\/wp-json\/wp\/v2\/posts"}],"about":[{"href":"https:\/\/akunq.net\/turkish\/wp-json\/wp\/v2\/types\/post"}],"author":[{"embeddable":true,"href":"https:\/\/akunq.net\/turkish\/wp-json\/wp\/v2\/users\/3"}],"replies":[{"embeddable":true,"href":"https:\/\/akunq.net\/turkish\/wp-json\/wp\/v2\/comments?post=22689"}],"version-history":[{"count":0,"href":"https:\/\/akunq.net\/turkish\/wp-json\/wp\/v2\/posts\/22689\/revisions"}],"wp:attachment":[{"href":"https:\/\/akunq.net\/turkish\/wp-json\/wp\/v2\/media?parent=22689"}],"wp:term":[{"taxonomy":"category","embeddable":true,"href":"https:\/\/akunq.net\/turkish\/wp-json\/wp\/v2\/categories?post=22689"},{"taxonomy":"post_tag","embeddable":true,"href":"https:\/\/akunq.net\/turkish\/wp-json\/wp\/v2\/tags?post=22689"}],"curies":[{"name":"wp","href":"https:\/\/api.w.org\/{rel}","templated":true}]}}