{"id":22623,"date":"2013-03-29T02:46:48","date_gmt":"2013-03-29T07:46:48","guid":{"rendered":"http:\/\/akunq.net\/tr\/?p=22623"},"modified":"2013-03-29T02:46:48","modified_gmt":"2013-03-29T07:46:48","slug":"turkiye-eyalete-hazir-degil","status":"publish","type":"post","link":"https:\/\/akunq.net\/turkish\/2013\/03\/29\/turkiye-eyalete-hazir-degil\/","title":{"rendered":"T\u00fcrkiye \u2018eyalet\u2019e haz\u0131r de\u011fil"},"content":{"rendered":"<p style=\"text-align: justify\"><b><i><a href=\"http:\/\/akunq.net\/tr\/?attachment_id=22624\" rel=\"attachment wp-att-22624\"><img loading=\"lazy\" decoding=\"async\" class=\"alignright size-medium wp-image-22624\" alt=\"\u0537\u0580\u0564\u0578\u0572\u0561\u0576\" src=\"http:\/\/akunq.net\/tr\/wp-content\/uploads\/2013\/03\/\u0537\u0580\u0564\u0578\u0572\u0561\u05765-300x150.jpg\" width=\"300\" height=\"150\" srcset=\"https:\/\/akunq.net\/turkish\/wp-content\/uploads\/sites\/5\/2013\/03\/\u0537\u0580\u0564\u0578\u0572\u0561\u05765-300x150.jpg 300w, https:\/\/akunq.net\/turkish\/wp-content\/uploads\/sites\/5\/2013\/03\/\u0537\u0580\u0564\u0578\u0572\u0561\u05765.jpg 450w\" sizes=\"auto, (max-width: 300px) 100vw, 300px\" \/><\/a>Ba\u015fbakan Tayyip Erdo\u011fan, Osmanl\u0131\u2019da ba\u015far\u0131l\u0131 \u015fekilde y\u00fcr\u00fct\u00fclen eyalet sistemine T\u00fcrkiye\u2019nin haz\u0131r olmad\u0131\u011f\u0131n\u0131 s\u00f6yledi. Akdeniz B\u00f6lgesi milletvekilleri toplant\u0131s\u0131na kat\u0131lan Erdo\u011fan, eyalet sisteminin g\u00fc\u00e7l\u00fc \u00fclkelerde b\u00f6l\u00fcnmeye neden olmayaca\u011f\u0131n\u0131 vurgulayarak, \u201c2023\u2019te ben ba\u015fbakan olursam bunu \u00f6neririm\u201d dedi.<\/i><\/b><\/p>\n<p style=\"text-align: justify\">BA\u015eBAKAN <a title=\"Tayyip Erdo\u011fan\" href=\"http:\/\/www.hurriyet.com.tr\/index\/recep_tayyip_erdo\u011fan\/\" target=\"_blank\">Tayyip Erdo\u011fan<\/a>, partisinin milletvekilleriyle b\u00f6lgeler halinde yapt\u0131\u011f\u0131 kahvalt\u0131l\u0131 toplant\u0131lara, d\u00fcn Akdeniz B\u00f6lgesi\u2019ndeki 8 ille devam etti. Milletvekillerinin yan\u0131 s\u0131ra il ve belediye ba\u015fkanlar\u0131n\u0131n da kat\u0131ld\u0131\u011f\u0131 toplant\u0131da s\u00f6z alanlar, \u2018\u00e7\u00f6z\u00fcm s\u00fcrecine ili\u015fkin merak ve endi\u015felerini\u2019 dile getirirken, \u00f6zellikle de Ba\u015fbakan\u2019\u0131n, \u201cMilliyet\u00e7ili\u011fi ayaklar\u0131m\u0131z\u0131n alt\u0131na ald\u0131k\u201d s\u00f6z\u00fcn\u00fcn yaratt\u0131\u011f\u0131 tepkileri g\u00fcndeme getirdiler. Erdo\u011fan, bas\u0131na kapal\u0131 toplant\u0131da, genel bir sunu\u015ftan sonra, milletvekillerinin sorular\u0131na da yan\u0131t vererek \u00f6zetle \u015funlar\u0131 s\u00f6yledi:<\/p>\n<p style=\"text-align: justify\"><b>M\u00dcZAKERE PAZARLIK DE\u011e\u0130L\u00a0\u00a0\u00a0\u00a0 <\/b><\/p>\n<p style=\"text-align: justify\">Anketlerde 2011\u2019e g\u00f6re bir miktar \u00fczerindeyiz. Biz oylar\u0131m\u0131z\u0131 art\u0131r\u0131yoruz, muhalefetin d\u00fc\u015f\u00fcyor. H\u0131r\u00e7\u0131nl\u0131klar\u0131 da bundan. Mevcut oylar\u0131n\u0131 bile muhafaza edemiyorlar. O nedenle s\u00fcreci istismar ediyorlar. Yeni s\u00fcre\u00e7, <a title=\"CHP\" href=\"http:\/\/www.hurriyet.com.tr\/index\/CHP\/\" target=\"_blank\">CHP<\/a> ve <a title=\"MHP\" href=\"http:\/\/www.hurriyet.com.tr\/index\/mhp\/\" target=\"_blank\">MHP<\/a>\u2019nin istismar\u0131na a\u00e7\u0131k bir s\u00fcre\u00e7 ve bunu da yap\u0131yorlar. Biz bir s\u00fcre\u00e7 ba\u015flatt\u0131k ve ba\u015far\u0131l\u0131 bir \u015fekilde ilerliyor. M\u00fczakere demek bir pazarl\u0131k demek de\u011fildir. Bir pazarl\u0131k yoktur. Hi\u00e7bir \u015feyi gizlemiyoruz. Milletin de\u011ferleri ile \u00f6rt\u00fc\u015fmeyecek hi\u00e7bir \u015fey yok.<\/p>\n<p style=\"text-align: justify\"><b>2023\u2019TE BA\u015eBAKAN OLURSAM \u00d6NER\u0130R\u0130M<\/b><\/p>\n<p style=\"text-align: justify\">\u0130l \u00f6zel idareleri ile i\u015fler tam manas\u0131yla yap\u0131lam\u0131yordu. \u015eimdi bunlar\u0131 b\u00fcy\u00fck\u015fehir belediyeleri yapacak. B\u00fcy\u00fck\u015fehir Yasas\u0131, ink\u0131lap niteli\u011finde bir ad\u0131md\u0131r. Muhalefet liderlerinin hayat deneyimleri olmad\u0131\u011f\u0131 i\u00e7in bu yasaya kar\u015f\u0131 b\u00f6yle konu\u015fuyorlar. Biri memurluktan geliyor, \u00f6teki doktor mu ne? Y\u00f6netim tecr\u00fcbeleri yok. \u2018Eyalet sistemi getirmek istiyorsunuz\u2019 diye ele\u015ftirdiler. G\u00fc\u00e7l\u00fc Osmanl\u0131 d\u00f6neminde \u00e7e\u015fitli eyaletler vard\u0131. Ama T\u00fcrkiye \u015fu anda buna haz\u0131r de\u011fil. Eyalet sistemi, g\u00fc\u00e7l\u00fc \u00fclkelerde b\u00f6l\u00fcnmeye neden olmaz. 2023\u2019te ben ba\u015fbakan olursam bunu \u00f6neririm.\u00a0<\/p>\n<p style=\"text-align: justify\"><b>T\u00dcRKLER DE K\u00dcRTLER DE AS\u0130M\u0130LASYON YAPTI<\/b><\/p>\n<p style=\"text-align: justify\">Asimilasyon denilince Osmanl\u0131 hassas olmu\u015ftur ama Cumhuriyet h\u00fck\u00fcmetleri hassas olmam\u0131\u015ft\u0131r. Cumhuriyetin ilk 20 y\u0131l\u0131nda yoktur, ama sonras\u0131nda vard\u0131r. Sonras\u0131nda T\u00fcrkler de, K\u00fcrtler de asimilasyon yapm\u0131\u015flard\u0131r. Biz \u2018aya\u011f\u0131m\u0131z\u0131n alt\u0131ndad\u0131r\u2019 derken, \u2018M\u00fcsl\u00fcman\u0131z bizde asimilasyon, ret ve inkar politikalar\u0131 olmaz\u2019 demek istiyoruz. Bunun i\u00e7in biz partimizi merkeze oturttuk ve \u2018muhafazak\u00e2r demokrat\u2019 dedik. B\u00f6ylece siyasi tarihimize yeni bir tan\u0131m soktuk. Bizim milliyet\u00e7ilik anlay\u0131\u015f\u0131m\u0131z\u0131 kendi i\u00e7imizde baz\u0131 arkada\u015flar\u0131m\u0131zdan bile anlamayanlar var. Biz buna \u00fcz\u00fcl\u00fcr\u00fcz.<\/p>\n<p style=\"text-align: justify\"><b>\u2018BEN\u0130M K\u00dcRT KARDE\u015e\u0130M\u2019 D\u0130YEMED\u0130LER<\/b><\/p>\n<p style=\"text-align: justify\">Millet kavram\u0131 \u00e7ok geni\u015ftir. 36 etnik grup varsa bunlar\u0131n hepsi bizim millet anlay\u0131\u015f\u0131m\u0131z\u0131n i\u00e7indedir. Sen ne mutlu T\u00fcrk\u2019\u00fcm dersen, da\u011fa ta\u015fa yazarsan, \u00f6b\u00fcr\u00fc de ne mutlu K\u00fcrt\u2019\u00fcm diye bunu yaparsa ne olacak? Biz b\u00fct\u00fcn bunlar\u0131 T\u00fcrkiye Cumhuriyeti vatanda\u015fl\u0131\u011f\u0131 alt\u0131nda bulu\u015fturdu\u011fumuzda mesele biter. T\u00fcm b\u00fct\u00fcnle\u015ftirici olur. Benden \u00f6nce gelen hi\u00e7bir h\u00fck\u00fcmet \u2018Benim K\u00fcrt karde\u015fim\u2019 bile demedi, diyemedi.<\/p>\n<p style=\"text-align: justify\"><b>\u0130ST\u0130SMARI B\u0130RL\u0130KTE \u00d6NLEYEL\u0130M<\/b><\/p>\n<p style=\"text-align: justify\">\u00c7\u00f6z\u00fcm s\u00fcrecini \u00f6zellikle Akdeniz B\u00f6lgesi\u2019nde istismar edilmesini \u00f6nlemek i\u00e7in her \u015feyi yapmal\u0131y\u0131z. Milli ve manevi duygular ekmekle su kadar bir ihtiya\u00e7t\u0131r. Antalya, Mersin ve Adana\u2019ya \u00e7ok ciddi yat\u0131r\u0131mlar yapt\u0131k. Buna ra\u011fmen istismar ediliyor. Ben her y\u0131l sadece bir y\u0131l hari\u00e7 \u00c7anakkale\u2019ye gittim. Bu zamana kadar bir tane MHP milletvekili gelmedi. Sadece istismar ediyorlar. \u00c7anakkale ruhu diyoruz bundan rahats\u0131z oluyorlar. MHP Genel Ba\u015fkan\u0131 \u2018Araplar bizi arkam\u0131zdan vurdu, orada K\u00fcrtler yoktu\u2019 diyerek, \u00c7anakkale ruhuna ayk\u0131r\u0131 hareket ediyor.<\/p>\n<p style=\"text-align: justify\"><b><i><a href=\"http:\/\/www.hurriyet.com.tr\/gundem\/22914322.asp\">http:\/\/www.hurriyet.com.tr\/gundem\/22914322.asp<\/a><\/i><\/b><\/p>\n","protected":false},"excerpt":{"rendered":"<p>Ba\u015fbakan Tayyip Erdo\u011fan, Osmanl\u0131\u2019da ba\u015far\u0131l\u0131 \u015fekilde y\u00fcr\u00fct\u00fclen eyalet sistemine T\u00fcrkiye\u2019nin haz\u0131r olmad\u0131\u011f\u0131n\u0131 s\u00f6yledi. Akdeniz B\u00f6lgesi milletvekilleri toplant\u0131s\u0131na kat\u0131lan Erdo\u011fan, eyalet sisteminin g\u00fc\u00e7l\u00fc \u00fclkelerde b\u00f6l\u00fcnmeye neden olmayaca\u011f\u0131n\u0131 vurgulayarak, \u201c2023\u2019te ben ba\u015fbakan olursam bunu \u00f6neririm\u201d dedi. BA\u015eBAKAN Tayyip Erdo\u011fan, partisinin milletvekilleriyle b\u00f6lgeler halinde yapt\u0131\u011f\u0131 kahvalt\u0131l\u0131 toplant\u0131lara, d\u00fcn Akdeniz B\u00f6lgesi\u2019ndeki 8 ille devam etti. Milletvekillerinin yan\u0131 s\u0131ra il [&hellip;]<\/p>\n","protected":false},"author":3,"featured_media":0,"comment_status":"open","ping_status":"open","sticky":false,"template":"","format":"standard","meta":{"footnotes":""},"categories":[14],"tags":[],"class_list":["post-22623","post","type-post","status-publish","format-standard","hentry","category-haberler"],"yoast_head":"<!-- This site is optimized with the Yoast SEO plugin v27.4 - https:\/\/yoast.com\/product\/yoast-seo-wordpress\/ -->\n<title>T\u00fcrkiye \u2018eyalet\u2019e haz\u0131r de\u011fil - Bati Ermenistan Ve Bati Ermenileri Sorunlari Ara\u015ftirmalar Merkezi<\/title>\n<meta name=\"robots\" content=\"index, follow, max-snippet:-1, max-image-preview:large, max-video-preview:-1\" \/>\n<link rel=\"canonical\" href=\"https:\/\/akunq.net\/turkish\/2013\/03\/29\/turkiye-eyalete-hazir-degil\/\" \/>\n<meta property=\"og:locale\" content=\"en_US\" \/>\n<meta property=\"og:type\" content=\"article\" \/>\n<meta property=\"og:title\" content=\"T\u00fcrkiye \u2018eyalet\u2019e haz\u0131r de\u011fil - Bati Ermenistan Ve Bati Ermenileri Sorunlari Ara\u015ftirmalar Merkezi\" \/>\n<meta property=\"og:description\" content=\"Ba\u015fbakan Tayyip Erdo\u011fan, Osmanl\u0131\u2019da ba\u015far\u0131l\u0131 \u015fekilde y\u00fcr\u00fct\u00fclen eyalet sistemine T\u00fcrkiye\u2019nin haz\u0131r olmad\u0131\u011f\u0131n\u0131 s\u00f6yledi. Akdeniz B\u00f6lgesi milletvekilleri toplant\u0131s\u0131na kat\u0131lan Erdo\u011fan, eyalet sisteminin g\u00fc\u00e7l\u00fc \u00fclkelerde b\u00f6l\u00fcnmeye neden olmayaca\u011f\u0131n\u0131 vurgulayarak, \u201c2023\u2019te ben ba\u015fbakan olursam bunu \u00f6neririm\u201d dedi. BA\u015eBAKAN Tayyip Erdo\u011fan, partisinin milletvekilleriyle b\u00f6lgeler halinde yapt\u0131\u011f\u0131 kahvalt\u0131l\u0131 toplant\u0131lara, d\u00fcn Akdeniz B\u00f6lgesi\u2019ndeki 8 ille devam etti. Milletvekillerinin yan\u0131 s\u0131ra il [&hellip;]\" \/>\n<meta property=\"og:url\" content=\"https:\/\/akunq.net\/turkish\/2013\/03\/29\/turkiye-eyalete-hazir-degil\/\" \/>\n<meta property=\"og:site_name\" content=\"Bati Ermenistan Ve Bati Ermenileri Sorunlari Ara\u015ftirmalar Merkezi\" \/>\n<meta property=\"article:published_time\" content=\"2013-03-29T07:46:48+00:00\" \/>\n<meta name=\"author\" content=\"kalem\" \/>\n<meta name=\"twitter:card\" content=\"summary_large_image\" \/>\n<meta name=\"twitter:label1\" content=\"Written by\" \/>\n\t<meta name=\"twitter:data1\" content=\"kalem\" \/>\n\t<meta name=\"twitter:label2\" content=\"Est. reading time\" \/>\n\t<meta name=\"twitter:data2\" content=\"3 minutes\" \/>\n<script type=\"application\/ld+json\" class=\"yoast-schema-graph\">{\"@context\":\"https:\\\/\\\/schema.org\",\"@graph\":[{\"@type\":\"Article\",\"@id\":\"https:\\\/\\\/akunq.net\\\/turkish\\\/2013\\\/03\\\/29\\\/turkiye-eyalete-hazir-degil\\\/#article\",\"isPartOf\":{\"@id\":\"https:\\\/\\\/akunq.net\\\/turkish\\\/2013\\\/03\\\/29\\\/turkiye-eyalete-hazir-degil\\\/\"},\"author\":{\"name\":\"kalem\",\"@id\":\"https:\\\/\\\/akunq.net\\\/turkish\\\/#\\\/schema\\\/person\\\/135e7923d1aeb8887890799619969a6c\"},\"headline\":\"T\u00fcrkiye \u2018eyalet\u2019e haz\u0131r de\u011fil\",\"datePublished\":\"2013-03-29T07:46:48+00:00\",\"mainEntityOfPage\":{\"@id\":\"https:\\\/\\\/akunq.net\\\/turkish\\\/2013\\\/03\\\/29\\\/turkiye-eyalete-hazir-degil\\\/\"},\"wordCount\":695,\"commentCount\":0,\"articleSection\":[\"Haberler\"],\"inLanguage\":\"en-US\",\"potentialAction\":[{\"@type\":\"CommentAction\",\"name\":\"Comment\",\"target\":[\"https:\\\/\\\/akunq.net\\\/turkish\\\/2013\\\/03\\\/29\\\/turkiye-eyalete-hazir-degil\\\/#respond\"]}]},{\"@type\":\"WebPage\",\"@id\":\"https:\\\/\\\/akunq.net\\\/turkish\\\/2013\\\/03\\\/29\\\/turkiye-eyalete-hazir-degil\\\/\",\"url\":\"https:\\\/\\\/akunq.net\\\/turkish\\\/2013\\\/03\\\/29\\\/turkiye-eyalete-hazir-degil\\\/\",\"name\":\"T\u00fcrkiye \u2018eyalet\u2019e haz\u0131r de\u011fil - Bati Ermenistan Ve Bati Ermenileri Sorunlari Ara\u015ftirmalar Merkezi\",\"isPartOf\":{\"@id\":\"https:\\\/\\\/akunq.net\\\/turkish\\\/#website\"},\"datePublished\":\"2013-03-29T07:46:48+00:00\",\"author\":{\"@id\":\"https:\\\/\\\/akunq.net\\\/turkish\\\/#\\\/schema\\\/person\\\/135e7923d1aeb8887890799619969a6c\"},\"breadcrumb\":{\"@id\":\"https:\\\/\\\/akunq.net\\\/turkish\\\/2013\\\/03\\\/29\\\/turkiye-eyalete-hazir-degil\\\/#breadcrumb\"},\"inLanguage\":\"en-US\",\"potentialAction\":[{\"@type\":\"ReadAction\",\"target\":[\"https:\\\/\\\/akunq.net\\\/turkish\\\/2013\\\/03\\\/29\\\/turkiye-eyalete-hazir-degil\\\/\"]}]},{\"@type\":\"BreadcrumbList\",\"@id\":\"https:\\\/\\\/akunq.net\\\/turkish\\\/2013\\\/03\\\/29\\\/turkiye-eyalete-hazir-degil\\\/#breadcrumb\",\"itemListElement\":[{\"@type\":\"ListItem\",\"position\":1,\"name\":\"Home\",\"item\":\"https:\\\/\\\/akunq.net\\\/turkish\\\/\"},{\"@type\":\"ListItem\",\"position\":2,\"name\":\"T\u00fcrkiye \u2018eyalet\u2019e haz\u0131r de\u011fil\"}]},{\"@type\":\"WebSite\",\"@id\":\"https:\\\/\\\/akunq.net\\\/turkish\\\/#website\",\"url\":\"https:\\\/\\\/akunq.net\\\/turkish\\\/\",\"name\":\"Bati Ermenistan Ve Bati Ermenileri Sorunlari Ara\u015ftirmalar Merkezi\",\"description\":\"\",\"potentialAction\":[{\"@type\":\"SearchAction\",\"target\":{\"@type\":\"EntryPoint\",\"urlTemplate\":\"https:\\\/\\\/akunq.net\\\/turkish\\\/?s={search_term_string}\"},\"query-input\":{\"@type\":\"PropertyValueSpecification\",\"valueRequired\":true,\"valueName\":\"search_term_string\"}}],\"inLanguage\":\"en-US\"},{\"@type\":\"Person\",\"@id\":\"https:\\\/\\\/akunq.net\\\/turkish\\\/#\\\/schema\\\/person\\\/135e7923d1aeb8887890799619969a6c\",\"name\":\"kalem\",\"image\":{\"@type\":\"ImageObject\",\"inLanguage\":\"en-US\",\"@id\":\"https:\\\/\\\/secure.gravatar.com\\\/avatar\\\/a06875e4b25feb5674296adf8e8a7ae1e587cebce2493fe63c456109967e27d3?s=96&d=mm&r=g\",\"url\":\"https:\\\/\\\/secure.gravatar.com\\\/avatar\\\/a06875e4b25feb5674296adf8e8a7ae1e587cebce2493fe63c456109967e27d3?s=96&d=mm&r=g\",\"contentUrl\":\"https:\\\/\\\/secure.gravatar.com\\\/avatar\\\/a06875e4b25feb5674296adf8e8a7ae1e587cebce2493fe63c456109967e27d3?s=96&d=mm&r=g\",\"caption\":\"kalem\"},\"url\":\"https:\\\/\\\/akunq.net\\\/turkish\\\/author\\\/kalem\\\/\"}]}<\/script>\n<!-- \/ Yoast SEO plugin. -->","yoast_head_json":{"title":"T\u00fcrkiye \u2018eyalet\u2019e haz\u0131r de\u011fil - Bati Ermenistan Ve Bati Ermenileri Sorunlari Ara\u015ftirmalar Merkezi","robots":{"index":"index","follow":"follow","max-snippet":"max-snippet:-1","max-image-preview":"max-image-preview:large","max-video-preview":"max-video-preview:-1"},"canonical":"https:\/\/akunq.net\/turkish\/2013\/03\/29\/turkiye-eyalete-hazir-degil\/","og_locale":"en_US","og_type":"article","og_title":"T\u00fcrkiye \u2018eyalet\u2019e haz\u0131r de\u011fil - Bati Ermenistan Ve Bati Ermenileri Sorunlari Ara\u015ftirmalar Merkezi","og_description":"Ba\u015fbakan Tayyip Erdo\u011fan, Osmanl\u0131\u2019da ba\u015far\u0131l\u0131 \u015fekilde y\u00fcr\u00fct\u00fclen eyalet sistemine T\u00fcrkiye\u2019nin haz\u0131r olmad\u0131\u011f\u0131n\u0131 s\u00f6yledi. Akdeniz B\u00f6lgesi milletvekilleri toplant\u0131s\u0131na kat\u0131lan Erdo\u011fan, eyalet sisteminin g\u00fc\u00e7l\u00fc \u00fclkelerde b\u00f6l\u00fcnmeye neden olmayaca\u011f\u0131n\u0131 vurgulayarak, \u201c2023\u2019te ben ba\u015fbakan olursam bunu \u00f6neririm\u201d dedi. BA\u015eBAKAN Tayyip Erdo\u011fan, partisinin milletvekilleriyle b\u00f6lgeler halinde yapt\u0131\u011f\u0131 kahvalt\u0131l\u0131 toplant\u0131lara, d\u00fcn Akdeniz B\u00f6lgesi\u2019ndeki 8 ille devam etti. Milletvekillerinin yan\u0131 s\u0131ra il [&hellip;]","og_url":"https:\/\/akunq.net\/turkish\/2013\/03\/29\/turkiye-eyalete-hazir-degil\/","og_site_name":"Bati Ermenistan Ve Bati Ermenileri Sorunlari Ara\u015ftirmalar Merkezi","article_published_time":"2013-03-29T07:46:48+00:00","author":"kalem","twitter_card":"summary_large_image","twitter_misc":{"Written by":"kalem","Est. reading time":"3 minutes"},"schema":{"@context":"https:\/\/schema.org","@graph":[{"@type":"Article","@id":"https:\/\/akunq.net\/turkish\/2013\/03\/29\/turkiye-eyalete-hazir-degil\/#article","isPartOf":{"@id":"https:\/\/akunq.net\/turkish\/2013\/03\/29\/turkiye-eyalete-hazir-degil\/"},"author":{"name":"kalem","@id":"https:\/\/akunq.net\/turkish\/#\/schema\/person\/135e7923d1aeb8887890799619969a6c"},"headline":"T\u00fcrkiye \u2018eyalet\u2019e haz\u0131r de\u011fil","datePublished":"2013-03-29T07:46:48+00:00","mainEntityOfPage":{"@id":"https:\/\/akunq.net\/turkish\/2013\/03\/29\/turkiye-eyalete-hazir-degil\/"},"wordCount":695,"commentCount":0,"articleSection":["Haberler"],"inLanguage":"en-US","potentialAction":[{"@type":"CommentAction","name":"Comment","target":["https:\/\/akunq.net\/turkish\/2013\/03\/29\/turkiye-eyalete-hazir-degil\/#respond"]}]},{"@type":"WebPage","@id":"https:\/\/akunq.net\/turkish\/2013\/03\/29\/turkiye-eyalete-hazir-degil\/","url":"https:\/\/akunq.net\/turkish\/2013\/03\/29\/turkiye-eyalete-hazir-degil\/","name":"T\u00fcrkiye \u2018eyalet\u2019e haz\u0131r de\u011fil - Bati Ermenistan Ve Bati Ermenileri Sorunlari Ara\u015ftirmalar Merkezi","isPartOf":{"@id":"https:\/\/akunq.net\/turkish\/#website"},"datePublished":"2013-03-29T07:46:48+00:00","author":{"@id":"https:\/\/akunq.net\/turkish\/#\/schema\/person\/135e7923d1aeb8887890799619969a6c"},"breadcrumb":{"@id":"https:\/\/akunq.net\/turkish\/2013\/03\/29\/turkiye-eyalete-hazir-degil\/#breadcrumb"},"inLanguage":"en-US","potentialAction":[{"@type":"ReadAction","target":["https:\/\/akunq.net\/turkish\/2013\/03\/29\/turkiye-eyalete-hazir-degil\/"]}]},{"@type":"BreadcrumbList","@id":"https:\/\/akunq.net\/turkish\/2013\/03\/29\/turkiye-eyalete-hazir-degil\/#breadcrumb","itemListElement":[{"@type":"ListItem","position":1,"name":"Home","item":"https:\/\/akunq.net\/turkish\/"},{"@type":"ListItem","position":2,"name":"T\u00fcrkiye \u2018eyalet\u2019e haz\u0131r de\u011fil"}]},{"@type":"WebSite","@id":"https:\/\/akunq.net\/turkish\/#website","url":"https:\/\/akunq.net\/turkish\/","name":"Bati Ermenistan Ve Bati Ermenileri Sorunlari Ara\u015ftirmalar Merkezi","description":"","potentialAction":[{"@type":"SearchAction","target":{"@type":"EntryPoint","urlTemplate":"https:\/\/akunq.net\/turkish\/?s={search_term_string}"},"query-input":{"@type":"PropertyValueSpecification","valueRequired":true,"valueName":"search_term_string"}}],"inLanguage":"en-US"},{"@type":"Person","@id":"https:\/\/akunq.net\/turkish\/#\/schema\/person\/135e7923d1aeb8887890799619969a6c","name":"kalem","image":{"@type":"ImageObject","inLanguage":"en-US","@id":"https:\/\/secure.gravatar.com\/avatar\/a06875e4b25feb5674296adf8e8a7ae1e587cebce2493fe63c456109967e27d3?s=96&d=mm&r=g","url":"https:\/\/secure.gravatar.com\/avatar\/a06875e4b25feb5674296adf8e8a7ae1e587cebce2493fe63c456109967e27d3?s=96&d=mm&r=g","contentUrl":"https:\/\/secure.gravatar.com\/avatar\/a06875e4b25feb5674296adf8e8a7ae1e587cebce2493fe63c456109967e27d3?s=96&d=mm&r=g","caption":"kalem"},"url":"https:\/\/akunq.net\/turkish\/author\/kalem\/"}]}},"_links":{"self":[{"href":"https:\/\/akunq.net\/turkish\/wp-json\/wp\/v2\/posts\/22623","targetHints":{"allow":["GET"]}}],"collection":[{"href":"https:\/\/akunq.net\/turkish\/wp-json\/wp\/v2\/posts"}],"about":[{"href":"https:\/\/akunq.net\/turkish\/wp-json\/wp\/v2\/types\/post"}],"author":[{"embeddable":true,"href":"https:\/\/akunq.net\/turkish\/wp-json\/wp\/v2\/users\/3"}],"replies":[{"embeddable":true,"href":"https:\/\/akunq.net\/turkish\/wp-json\/wp\/v2\/comments?post=22623"}],"version-history":[{"count":0,"href":"https:\/\/akunq.net\/turkish\/wp-json\/wp\/v2\/posts\/22623\/revisions"}],"wp:attachment":[{"href":"https:\/\/akunq.net\/turkish\/wp-json\/wp\/v2\/media?parent=22623"}],"wp:term":[{"taxonomy":"category","embeddable":true,"href":"https:\/\/akunq.net\/turkish\/wp-json\/wp\/v2\/categories?post=22623"},{"taxonomy":"post_tag","embeddable":true,"href":"https:\/\/akunq.net\/turkish\/wp-json\/wp\/v2\/tags?post=22623"}],"curies":[{"name":"wp","href":"https:\/\/api.w.org\/{rel}","templated":true}]}}