{"id":2261,"date":"2010-10-08T04:04:07","date_gmt":"2010-10-08T09:04:07","guid":{"rendered":"http:\/\/akunq.net\/tr\/?p=2261"},"modified":"2010-10-08T04:04:07","modified_gmt":"2010-10-08T09:04:07","slug":"dersim-ermenileri","status":"publish","type":"post","link":"https:\/\/akunq.net\/turkish\/2010\/10\/08\/dersim-ermenileri\/","title":{"rendered":"Dersim Ermenileri"},"content":{"rendered":"<p style=\"text-align: justify\"><strong><em>Dersim Ermenileri Saklaman\u0131n Cezas\u0131n\u0131 M\u0131 \u00c7ekti?<\/em><\/strong><\/p>\n<p style=\"text-align: justify\"><strong><em>\u00a0<a rel=\"attachment wp-att-2262\" href=\"http:\/\/akunq.net\/tr\/?attachment_id=2262\"><img loading=\"lazy\" decoding=\"async\" class=\"alignleft size-full wp-image-2262\" title=\"dersim\" src=\"http:\/\/akunq.net\/tr\/wp-content\/uploads\/2010\/10\/dersim.jpg\" alt=\"\" width=\"150\" height=\"130\" \/><\/a><\/em><\/strong><strong><em>Akt\u00fcel Dersim Ermenilerinin hik\u00e2yelerini anlatmaya devam ediyor. Uzmanlara g\u00f6re 1937-38&#8217;de devlet, K\u00fcrt, Alevi ve Ermeni sorununun birle\u015fti\u011fi yer olan Dersim&#8217;e, Ermenileri 1915&#8217;te saklad\u0131klar\u0131 i\u00e7in daha ac\u0131mas\u0131z davrand\u0131.<\/em><\/strong><\/p>\n<p style=\"text-align: justify\">Ba\u015fbakan Recep Tayyip Erdo\u011fan 14 A\u011fustos 2010&#8217;da &#8220;vergi vermiyorlar diye CHP Dersim&#8217;de 50 bin ki\u015fiyi \u00f6ld\u00fcrd\u00fc&#8221; demi\u015f ve &#8220;katliam&#8221; kelimesini kullanm\u0131\u015ft\u0131. O tarihten beri, Dersim 37-38 olaylar\u0131 T\u00fcrkiye&#8217;de konu\u015fuluyor, oysa on y\u0131llard\u0131r b\u00fcy\u00fck bir suskunluk h\u00e2kimdi. \u0130stisnalardan Necip Faz\u0131l K\u0131sak\u00fcrek, 1969&#8217;da &#8220;\u015eu anda yaln\u0131z ana prensip ve manas\u0131yla tespit etti\u011fimiz bu facian\u0131n, tarihte bir benzeri g\u00f6sterilemez&#8221; demi\u015fti. Dersim&#8217;de ya\u015fananlar\u0131 okuyunca, dinleyince Necip Faz\u0131l&#8217;a hak vermemek, ya\u015fanan ac\u0131larla yaralanmamak m\u00fcmk\u00fcn de\u011fil. Dersim&#8217;in Ermenileri hakk\u0131nda yapt\u0131\u011f\u0131m\u0131z bu haber ku\u015fkusuz taraftarl\u0131\u011f\u0131 ve ka\u00e7\u0131n\u0131lmaz sonucu \u00f6fkeyi bertaraf etmeyi ama\u00e7l\u0131yor; ac\u0131lar\u0131n ancak anlat\u0131larak anla\u015f\u0131laca\u011f\u0131, payla\u015f\u0131ld\u0131k\u00e7a azalaca\u011f\u0131 \u00f6n kabul\u00fcnden yola \u00e7\u0131k\u0131yor.\u00a0<br \/>\nDersim tarihi hakk\u0131nda ara\u015ft\u0131rma derinle\u015ftik\u00e7e, &#8220;ba\u015fka hi\u00e7bir yere&#8221; benzemedi\u011fi anla\u015f\u0131l\u0131yor. Etnik k\u00f6keni hakk\u0131nda h\u00e2l\u00e2 tart\u0131\u015f\u0131lan Dersim, Osmanl\u0131&#8217;n\u0131n son d\u00f6nemlerinden beri devlet i\u00e7in &#8220;K\u00fcrt, Alevi ve Ermeni&#8221; sorunlar\u0131n\u0131n birle\u015fti\u011fi yer olmu\u015f. Tunceli ili, Erzincan&#8217;\u0131n Kemah ve Tercan il\u00e7eleri ile Bing\u00f6l&#8217;\u00fcn Ki\u011f\u0131 il\u00e7esini i\u00e7eren Dersim b\u00f6lgesinde etnik gruplar aras\u0131nda ya\u015fanan problemlere devlet diyalog ve i\u015fbirli\u011fi yerine \u015fiddet ve zor ile cevap vermi\u015f. <em><\/em><\/p>\n<p style=\"text-align: justify\">\u00a0&#8220;Iskalanm\u0131\u015f Bar\u0131\u015f&#8221; kitab\u0131nda dile getirilen, \u00f6zellikle 1921&#8217;deki Ko\u00e7giri Ayaklanmas\u0131&#8217;nda kendini g\u00f6steren bu tespit, b\u00f6lgede \u015fiddetin neden hi\u00e7 dinmedi\u011fi sorusuna cevap niteli\u011fi ta\u015f\u0131yor. 1937-38&#8217;den \u00f6nce, Harput b\u00f6lgesinde 1895-96&#8217;da ya\u015fanan olaylarda H\u0131ristiyanlara ait binlerce (8 bin ile 28 bin aras\u0131nda) ev yak\u0131ld\u0131\u011f\u0131, binlerce ki\u015finin \u00f6ld\u00fcr\u00fcld\u00fc\u011f\u00fc (15 bin ile 39 bin aras\u0131nda) ve zorla M\u00fcsl\u00fcmanla\u015ft\u0131r\u0131ld\u0131\u011f\u0131 s\u00f6yleniyor.<\/p>\n<p style=\"text-align: justify\">\u00a0<strong><em><a href=\"mailto:gokcen.dinc@aktuel.com.tr\">G\u00f6k\u00e7en B. Din\u00e7<\/a><\/em><\/strong><strong><em><br \/>\n<\/em><\/strong><strong><em><a href=\"http:\/\/yeniaktuel.com.tr\/tur102,277@2100.html\">http:\/\/yeniaktuel.com.tr\/tur102,277@2100.html<\/a><\/em><\/strong><\/p>\n","protected":false},"excerpt":{"rendered":"<p>Dersim Ermenileri Saklaman\u0131n Cezas\u0131n\u0131 M\u0131 \u00c7ekti? \u00a0Akt\u00fcel Dersim Ermenilerinin hik\u00e2yelerini anlatmaya devam ediyor. Uzmanlara g\u00f6re 1937-38&#8217;de devlet, K\u00fcrt, Alevi ve Ermeni sorununun birle\u015fti\u011fi yer olan Dersim&#8217;e, Ermenileri 1915&#8217;te saklad\u0131klar\u0131 i\u00e7in daha ac\u0131mas\u0131z davrand\u0131. Ba\u015fbakan Recep Tayyip Erdo\u011fan 14 A\u011fustos 2010&#8217;da &#8220;vergi vermiyorlar diye CHP Dersim&#8217;de 50 bin ki\u015fiyi \u00f6ld\u00fcrd\u00fc&#8221; demi\u015f ve &#8220;katliam&#8221; kelimesini kullanm\u0131\u015ft\u0131. O [&hellip;]<\/p>\n","protected":false},"author":3,"featured_media":0,"comment_status":"closed","ping_status":"open","sticky":false,"template":"","format":"standard","meta":{"footnotes":""},"categories":[14],"tags":[],"class_list":["post-2261","post","type-post","status-publish","format-standard","hentry","category-haberler"],"yoast_head":"<!-- This site is optimized with the Yoast SEO plugin v27.4 - https:\/\/yoast.com\/product\/yoast-seo-wordpress\/ -->\n<title>Dersim Ermenileri - Bati Ermenistan Ve Bati Ermenileri Sorunlari Ara\u015ftirmalar Merkezi<\/title>\n<meta name=\"robots\" content=\"index, follow, max-snippet:-1, max-image-preview:large, max-video-preview:-1\" \/>\n<link rel=\"canonical\" href=\"https:\/\/akunq.net\/turkish\/2010\/10\/08\/dersim-ermenileri\/\" \/>\n<meta property=\"og:locale\" content=\"en_US\" \/>\n<meta property=\"og:type\" content=\"article\" \/>\n<meta property=\"og:title\" content=\"Dersim Ermenileri - Bati Ermenistan Ve Bati Ermenileri Sorunlari Ara\u015ftirmalar Merkezi\" \/>\n<meta property=\"og:description\" content=\"Dersim Ermenileri Saklaman\u0131n Cezas\u0131n\u0131 M\u0131 \u00c7ekti? \u00a0Akt\u00fcel Dersim Ermenilerinin hik\u00e2yelerini anlatmaya devam ediyor. Uzmanlara g\u00f6re 1937-38&#8217;de devlet, K\u00fcrt, Alevi ve Ermeni sorununun birle\u015fti\u011fi yer olan Dersim&#8217;e, Ermenileri 1915&#8217;te saklad\u0131klar\u0131 i\u00e7in daha ac\u0131mas\u0131z davrand\u0131. Ba\u015fbakan Recep Tayyip Erdo\u011fan 14 A\u011fustos 2010&#8217;da &#8220;vergi vermiyorlar diye CHP Dersim&#8217;de 50 bin ki\u015fiyi \u00f6ld\u00fcrd\u00fc&#8221; demi\u015f ve &#8220;katliam&#8221; kelimesini kullanm\u0131\u015ft\u0131. O [&hellip;]\" \/>\n<meta property=\"og:url\" content=\"https:\/\/akunq.net\/turkish\/2010\/10\/08\/dersim-ermenileri\/\" \/>\n<meta property=\"og:site_name\" content=\"Bati Ermenistan Ve Bati Ermenileri Sorunlari Ara\u015ftirmalar Merkezi\" \/>\n<meta property=\"article:published_time\" content=\"2010-10-08T09:04:07+00:00\" \/>\n<meta property=\"og:image\" content=\"https:\/\/akunq.net\/turkish\/wp-content\/uploads\/sites\/5\/2010\/10\/dersim.jpg\" \/>\n\t<meta property=\"og:image:width\" content=\"150\" \/>\n\t<meta property=\"og:image:height\" content=\"130\" \/>\n\t<meta property=\"og:image:type\" content=\"image\/jpeg\" \/>\n<meta name=\"author\" content=\"kalem\" \/>\n<meta name=\"twitter:card\" content=\"summary_large_image\" \/>\n<meta name=\"twitter:label1\" content=\"Written by\" \/>\n\t<meta name=\"twitter:data1\" content=\"kalem\" \/>\n\t<meta name=\"twitter:label2\" content=\"Est. reading time\" \/>\n\t<meta name=\"twitter:data2\" content=\"2 minutes\" \/>\n<script type=\"application\/ld+json\" class=\"yoast-schema-graph\">{\"@context\":\"https:\\\/\\\/schema.org\",\"@graph\":[{\"@type\":\"Article\",\"@id\":\"https:\\\/\\\/akunq.net\\\/turkish\\\/2010\\\/10\\\/08\\\/dersim-ermenileri\\\/#article\",\"isPartOf\":{\"@id\":\"https:\\\/\\\/akunq.net\\\/turkish\\\/2010\\\/10\\\/08\\\/dersim-ermenileri\\\/\"},\"author\":{\"name\":\"kalem\",\"@id\":\"https:\\\/\\\/akunq.net\\\/turkish\\\/#\\\/schema\\\/person\\\/135e7923d1aeb8887890799619969a6c\"},\"headline\":\"Dersim Ermenileri\",\"datePublished\":\"2010-10-08T09:04:07+00:00\",\"mainEntityOfPage\":{\"@id\":\"https:\\\/\\\/akunq.net\\\/turkish\\\/2010\\\/10\\\/08\\\/dersim-ermenileri\\\/\"},\"wordCount\":366,\"image\":{\"@id\":\"https:\\\/\\\/akunq.net\\\/turkish\\\/2010\\\/10\\\/08\\\/dersim-ermenileri\\\/#primaryimage\"},\"thumbnailUrl\":\"http:\\\/\\\/akunq.net\\\/tr\\\/wp-content\\\/uploads\\\/2010\\\/10\\\/dersim.jpg\",\"articleSection\":[\"Haberler\"],\"inLanguage\":\"en-US\"},{\"@type\":\"WebPage\",\"@id\":\"https:\\\/\\\/akunq.net\\\/turkish\\\/2010\\\/10\\\/08\\\/dersim-ermenileri\\\/\",\"url\":\"https:\\\/\\\/akunq.net\\\/turkish\\\/2010\\\/10\\\/08\\\/dersim-ermenileri\\\/\",\"name\":\"Dersim Ermenileri - Bati Ermenistan Ve Bati Ermenileri Sorunlari Ara\u015ftirmalar Merkezi\",\"isPartOf\":{\"@id\":\"https:\\\/\\\/akunq.net\\\/turkish\\\/#website\"},\"primaryImageOfPage\":{\"@id\":\"https:\\\/\\\/akunq.net\\\/turkish\\\/2010\\\/10\\\/08\\\/dersim-ermenileri\\\/#primaryimage\"},\"image\":{\"@id\":\"https:\\\/\\\/akunq.net\\\/turkish\\\/2010\\\/10\\\/08\\\/dersim-ermenileri\\\/#primaryimage\"},\"thumbnailUrl\":\"http:\\\/\\\/akunq.net\\\/tr\\\/wp-content\\\/uploads\\\/2010\\\/10\\\/dersim.jpg\",\"datePublished\":\"2010-10-08T09:04:07+00:00\",\"author\":{\"@id\":\"https:\\\/\\\/akunq.net\\\/turkish\\\/#\\\/schema\\\/person\\\/135e7923d1aeb8887890799619969a6c\"},\"breadcrumb\":{\"@id\":\"https:\\\/\\\/akunq.net\\\/turkish\\\/2010\\\/10\\\/08\\\/dersim-ermenileri\\\/#breadcrumb\"},\"inLanguage\":\"en-US\",\"potentialAction\":[{\"@type\":\"ReadAction\",\"target\":[\"https:\\\/\\\/akunq.net\\\/turkish\\\/2010\\\/10\\\/08\\\/dersim-ermenileri\\\/\"]}]},{\"@type\":\"ImageObject\",\"inLanguage\":\"en-US\",\"@id\":\"https:\\\/\\\/akunq.net\\\/turkish\\\/2010\\\/10\\\/08\\\/dersim-ermenileri\\\/#primaryimage\",\"url\":\"http:\\\/\\\/akunq.net\\\/tr\\\/wp-content\\\/uploads\\\/2010\\\/10\\\/dersim.jpg\",\"contentUrl\":\"http:\\\/\\\/akunq.net\\\/tr\\\/wp-content\\\/uploads\\\/2010\\\/10\\\/dersim.jpg\"},{\"@type\":\"BreadcrumbList\",\"@id\":\"https:\\\/\\\/akunq.net\\\/turkish\\\/2010\\\/10\\\/08\\\/dersim-ermenileri\\\/#breadcrumb\",\"itemListElement\":[{\"@type\":\"ListItem\",\"position\":1,\"name\":\"Home\",\"item\":\"https:\\\/\\\/akunq.net\\\/turkish\\\/\"},{\"@type\":\"ListItem\",\"position\":2,\"name\":\"Dersim Ermenileri\"}]},{\"@type\":\"WebSite\",\"@id\":\"https:\\\/\\\/akunq.net\\\/turkish\\\/#website\",\"url\":\"https:\\\/\\\/akunq.net\\\/turkish\\\/\",\"name\":\"Bati Ermenistan Ve Bati Ermenileri Sorunlari Ara\u015ftirmalar Merkezi\",\"description\":\"\",\"potentialAction\":[{\"@type\":\"SearchAction\",\"target\":{\"@type\":\"EntryPoint\",\"urlTemplate\":\"https:\\\/\\\/akunq.net\\\/turkish\\\/?s={search_term_string}\"},\"query-input\":{\"@type\":\"PropertyValueSpecification\",\"valueRequired\":true,\"valueName\":\"search_term_string\"}}],\"inLanguage\":\"en-US\"},{\"@type\":\"Person\",\"@id\":\"https:\\\/\\\/akunq.net\\\/turkish\\\/#\\\/schema\\\/person\\\/135e7923d1aeb8887890799619969a6c\",\"name\":\"kalem\",\"image\":{\"@type\":\"ImageObject\",\"inLanguage\":\"en-US\",\"@id\":\"https:\\\/\\\/secure.gravatar.com\\\/avatar\\\/a06875e4b25feb5674296adf8e8a7ae1e587cebce2493fe63c456109967e27d3?s=96&d=mm&r=g\",\"url\":\"https:\\\/\\\/secure.gravatar.com\\\/avatar\\\/a06875e4b25feb5674296adf8e8a7ae1e587cebce2493fe63c456109967e27d3?s=96&d=mm&r=g\",\"contentUrl\":\"https:\\\/\\\/secure.gravatar.com\\\/avatar\\\/a06875e4b25feb5674296adf8e8a7ae1e587cebce2493fe63c456109967e27d3?s=96&d=mm&r=g\",\"caption\":\"kalem\"},\"url\":\"https:\\\/\\\/akunq.net\\\/turkish\\\/author\\\/kalem\\\/\"}]}<\/script>\n<!-- \/ Yoast SEO plugin. -->","yoast_head_json":{"title":"Dersim Ermenileri - Bati Ermenistan Ve Bati Ermenileri Sorunlari Ara\u015ftirmalar Merkezi","robots":{"index":"index","follow":"follow","max-snippet":"max-snippet:-1","max-image-preview":"max-image-preview:large","max-video-preview":"max-video-preview:-1"},"canonical":"https:\/\/akunq.net\/turkish\/2010\/10\/08\/dersim-ermenileri\/","og_locale":"en_US","og_type":"article","og_title":"Dersim Ermenileri - Bati Ermenistan Ve Bati Ermenileri Sorunlari Ara\u015ftirmalar Merkezi","og_description":"Dersim Ermenileri Saklaman\u0131n Cezas\u0131n\u0131 M\u0131 \u00c7ekti? \u00a0Akt\u00fcel Dersim Ermenilerinin hik\u00e2yelerini anlatmaya devam ediyor. Uzmanlara g\u00f6re 1937-38&#8217;de devlet, K\u00fcrt, Alevi ve Ermeni sorununun birle\u015fti\u011fi yer olan Dersim&#8217;e, Ermenileri 1915&#8217;te saklad\u0131klar\u0131 i\u00e7in daha ac\u0131mas\u0131z davrand\u0131. Ba\u015fbakan Recep Tayyip Erdo\u011fan 14 A\u011fustos 2010&#8217;da &#8220;vergi vermiyorlar diye CHP Dersim&#8217;de 50 bin ki\u015fiyi \u00f6ld\u00fcrd\u00fc&#8221; demi\u015f ve &#8220;katliam&#8221; kelimesini kullanm\u0131\u015ft\u0131. O [&hellip;]","og_url":"https:\/\/akunq.net\/turkish\/2010\/10\/08\/dersim-ermenileri\/","og_site_name":"Bati Ermenistan Ve Bati Ermenileri Sorunlari Ara\u015ftirmalar Merkezi","article_published_time":"2010-10-08T09:04:07+00:00","og_image":[{"width":150,"height":130,"url":"https:\/\/akunq.net\/turkish\/wp-content\/uploads\/sites\/5\/2010\/10\/dersim.jpg","type":"image\/jpeg"}],"author":"kalem","twitter_card":"summary_large_image","twitter_misc":{"Written by":"kalem","Est. reading time":"2 minutes"},"schema":{"@context":"https:\/\/schema.org","@graph":[{"@type":"Article","@id":"https:\/\/akunq.net\/turkish\/2010\/10\/08\/dersim-ermenileri\/#article","isPartOf":{"@id":"https:\/\/akunq.net\/turkish\/2010\/10\/08\/dersim-ermenileri\/"},"author":{"name":"kalem","@id":"https:\/\/akunq.net\/turkish\/#\/schema\/person\/135e7923d1aeb8887890799619969a6c"},"headline":"Dersim Ermenileri","datePublished":"2010-10-08T09:04:07+00:00","mainEntityOfPage":{"@id":"https:\/\/akunq.net\/turkish\/2010\/10\/08\/dersim-ermenileri\/"},"wordCount":366,"image":{"@id":"https:\/\/akunq.net\/turkish\/2010\/10\/08\/dersim-ermenileri\/#primaryimage"},"thumbnailUrl":"http:\/\/akunq.net\/tr\/wp-content\/uploads\/2010\/10\/dersim.jpg","articleSection":["Haberler"],"inLanguage":"en-US"},{"@type":"WebPage","@id":"https:\/\/akunq.net\/turkish\/2010\/10\/08\/dersim-ermenileri\/","url":"https:\/\/akunq.net\/turkish\/2010\/10\/08\/dersim-ermenileri\/","name":"Dersim Ermenileri - Bati Ermenistan Ve Bati Ermenileri Sorunlari Ara\u015ftirmalar Merkezi","isPartOf":{"@id":"https:\/\/akunq.net\/turkish\/#website"},"primaryImageOfPage":{"@id":"https:\/\/akunq.net\/turkish\/2010\/10\/08\/dersim-ermenileri\/#primaryimage"},"image":{"@id":"https:\/\/akunq.net\/turkish\/2010\/10\/08\/dersim-ermenileri\/#primaryimage"},"thumbnailUrl":"http:\/\/akunq.net\/tr\/wp-content\/uploads\/2010\/10\/dersim.jpg","datePublished":"2010-10-08T09:04:07+00:00","author":{"@id":"https:\/\/akunq.net\/turkish\/#\/schema\/person\/135e7923d1aeb8887890799619969a6c"},"breadcrumb":{"@id":"https:\/\/akunq.net\/turkish\/2010\/10\/08\/dersim-ermenileri\/#breadcrumb"},"inLanguage":"en-US","potentialAction":[{"@type":"ReadAction","target":["https:\/\/akunq.net\/turkish\/2010\/10\/08\/dersim-ermenileri\/"]}]},{"@type":"ImageObject","inLanguage":"en-US","@id":"https:\/\/akunq.net\/turkish\/2010\/10\/08\/dersim-ermenileri\/#primaryimage","url":"http:\/\/akunq.net\/tr\/wp-content\/uploads\/2010\/10\/dersim.jpg","contentUrl":"http:\/\/akunq.net\/tr\/wp-content\/uploads\/2010\/10\/dersim.jpg"},{"@type":"BreadcrumbList","@id":"https:\/\/akunq.net\/turkish\/2010\/10\/08\/dersim-ermenileri\/#breadcrumb","itemListElement":[{"@type":"ListItem","position":1,"name":"Home","item":"https:\/\/akunq.net\/turkish\/"},{"@type":"ListItem","position":2,"name":"Dersim Ermenileri"}]},{"@type":"WebSite","@id":"https:\/\/akunq.net\/turkish\/#website","url":"https:\/\/akunq.net\/turkish\/","name":"Bati Ermenistan Ve Bati Ermenileri Sorunlari Ara\u015ftirmalar Merkezi","description":"","potentialAction":[{"@type":"SearchAction","target":{"@type":"EntryPoint","urlTemplate":"https:\/\/akunq.net\/turkish\/?s={search_term_string}"},"query-input":{"@type":"PropertyValueSpecification","valueRequired":true,"valueName":"search_term_string"}}],"inLanguage":"en-US"},{"@type":"Person","@id":"https:\/\/akunq.net\/turkish\/#\/schema\/person\/135e7923d1aeb8887890799619969a6c","name":"kalem","image":{"@type":"ImageObject","inLanguage":"en-US","@id":"https:\/\/secure.gravatar.com\/avatar\/a06875e4b25feb5674296adf8e8a7ae1e587cebce2493fe63c456109967e27d3?s=96&d=mm&r=g","url":"https:\/\/secure.gravatar.com\/avatar\/a06875e4b25feb5674296adf8e8a7ae1e587cebce2493fe63c456109967e27d3?s=96&d=mm&r=g","contentUrl":"https:\/\/secure.gravatar.com\/avatar\/a06875e4b25feb5674296adf8e8a7ae1e587cebce2493fe63c456109967e27d3?s=96&d=mm&r=g","caption":"kalem"},"url":"https:\/\/akunq.net\/turkish\/author\/kalem\/"}]}},"_links":{"self":[{"href":"https:\/\/akunq.net\/turkish\/wp-json\/wp\/v2\/posts\/2261","targetHints":{"allow":["GET"]}}],"collection":[{"href":"https:\/\/akunq.net\/turkish\/wp-json\/wp\/v2\/posts"}],"about":[{"href":"https:\/\/akunq.net\/turkish\/wp-json\/wp\/v2\/types\/post"}],"author":[{"embeddable":true,"href":"https:\/\/akunq.net\/turkish\/wp-json\/wp\/v2\/users\/3"}],"replies":[{"embeddable":true,"href":"https:\/\/akunq.net\/turkish\/wp-json\/wp\/v2\/comments?post=2261"}],"version-history":[{"count":0,"href":"https:\/\/akunq.net\/turkish\/wp-json\/wp\/v2\/posts\/2261\/revisions"}],"wp:attachment":[{"href":"https:\/\/akunq.net\/turkish\/wp-json\/wp\/v2\/media?parent=2261"}],"wp:term":[{"taxonomy":"category","embeddable":true,"href":"https:\/\/akunq.net\/turkish\/wp-json\/wp\/v2\/categories?post=2261"},{"taxonomy":"post_tag","embeddable":true,"href":"https:\/\/akunq.net\/turkish\/wp-json\/wp\/v2\/tags?post=2261"}],"curies":[{"name":"wp","href":"https:\/\/api.w.org\/{rel}","templated":true}]}}