{"id":2259,"date":"2010-10-08T03:15:04","date_gmt":"2010-10-08T08:15:04","guid":{"rendered":"http:\/\/akunq.net\/tr\/?p=2259"},"modified":"2010-10-08T03:15:04","modified_gmt":"2010-10-08T08:15:04","slug":"t-c-kultur-bakanligina","status":"publish","type":"post","link":"https:\/\/akunq.net\/turkish\/2010\/10\/08\/t-c-kultur-bakanligina\/","title":{"rendered":"T.C. K\u00fclt\u00fcr Bakanl\u0131\u011f\u0131na"},"content":{"rendered":"<p style=\"text-align: justify\">Gazetelerden izledi\u011fimiz kadar\u0131 ile Bakanl\u0131\u011f\u0131n\u0131z taraf\u0131ndan MHP&#8217;nin ba\u015fvurusu \u00fczerine 1 Ekim Cuma g\u00fcn\u00fc Kars Ani Harabelerinde Fethiye Cami diye bilinen mahalde Cuma Namaz\u0131 k\u0131l\u0131nmas\u0131 izni verilmi\u015ftir.<br \/>\n\u00dclkemizin bug\u00fcn geldi\u011fi noktada demokrasi alan\u0131ndaki toplumun \u00e7o\u011funlu\u011fu taraf\u0131ndan kabul g\u00f6rd\u00fc\u011f\u00fc 12 Eyl\u00fcl referandumu ile tescil edilmi\u015f anayasa de\u011fi\u015fiklikleri, yine toplumun \u00e7ok k\u0131sa zaman \u00f6ncesine kadar \u00fczerinde sert tart\u0131\u015fmalarla ayr\u0131\u015ft\u0131\u011f\u0131 K\u00fcrt sorununun \u00e7\u00f6z\u00fcm\u00fcne ili\u015fkin \u00e7abalar\u0131n bug\u00fcn toplumun \u00e7o\u011funlu\u011funca desteklendi\u011fine ili\u015fkin belirti ve g\u00f6stergeler ileriye donuk umutlar\u0131m\u0131z\u0131 g\u00fc\u00e7lendirmi\u015f T\u00fcrkiye ve T\u00fcrkiyelilerin daha ileri, daha demokratik ve daha insanca ya\u015fanacak bir gelece\u011fe do\u011fru ilerledi\u011fine dair inanc\u0131m\u0131z\u0131 peki\u015ftirmi\u015ftir.<br \/>\nBir yandan bu olumlu geli\u015fmeler ya\u015fan\u0131rken di\u011fer yandan bu ilerleme ve geli\u015fmelere engel olmaya y\u00f6nelik gizli ve ac\u0131k d\u00fczenler g\u00fcn be g\u00fcn g\u00f6rsel ve yaz\u0131l\u0131 haber kaynaklar\u0131 arac\u0131l\u0131\u011f\u0131 hepimizin g\u00f6zleri \u00f6n\u00fcne serilmektedir. Kan\u0131m\u0131zca Say\u0131n Bakanl\u0131\u011f\u0131n\u0131z\u0131n bu namaz ba\u015fvurusuna verdi\u011fi izin bahsetti\u011fimiz bu gizli\/a\u00e7\u0131k d\u00fczen heveslilerinin bu y\u00f6ndeki \u00e7abalar\u0131na dolayl\u0131 bir destek ve yasal bir zemin olu\u015fturmaktad\u0131r. Bu yan\u0131yla bu izin, ayni zamanda h\u00fck\u00fcmetinizin ba\u015fta belirtti\u011fimiz olumlu \u00e7abalar\u0131 ile de taban tabana ters d\u00fc\u015fmektedir. Ayr\u0131ca toplumun dini inan\u00e7lar\u0131 gere\u011fi kutsal bildi\u011fi ve tarihsel ve bilimsel a\u00e7\u0131dan da bu \u00f6zelli\u011fi tescil edilmi\u015f, Ani Harabelerinde b\u00f6yle bir g\u00f6steri d\u00fczenine izin verilmi\u015f olmas\u0131, T\u00fcrkiye\u2019deki Ermeni toplumumun kutsal addetti\u011fi duygular\u0131n\u0131 da incitmi\u015ftir.<\/p>\n<p style=\"text-align: justify\">Sayg\u0131 ile dikkatinize arz ederiz,<\/p>\n<p><strong><em>R\u00fcstem Ayral<br \/>\nNadya Uygun<br \/>\nArthur Hanimyan\u00a0<br \/>\nMurat Bebiro\u011flu<br \/>\nHaluk Sunat<br \/>\nSemra Sunat<br \/>\nSona K\u00fc\u00e7\u00fckyan<br \/>\nTamar \u00c7itak<\/p>\n<p>ID:730<br \/>\nTarih:5.10.2010<\/em><\/strong><\/p>\n<p style=\"text-align: justify\"><strong><em>http:\/\/www.hyetert.com\/yazi3.asp?s=0&amp;Id=730&amp;DilId=1<\/em><\/strong><\/p>\n","protected":false},"excerpt":{"rendered":"<p>Gazetelerden izledi\u011fimiz kadar\u0131 ile Bakanl\u0131\u011f\u0131n\u0131z taraf\u0131ndan MHP&#8217;nin ba\u015fvurusu \u00fczerine 1 Ekim Cuma g\u00fcn\u00fc Kars Ani Harabelerinde Fethiye Cami diye bilinen mahalde Cuma Namaz\u0131 k\u0131l\u0131nmas\u0131 izni verilmi\u015ftir. \u00dclkemizin bug\u00fcn geldi\u011fi noktada demokrasi alan\u0131ndaki toplumun \u00e7o\u011funlu\u011fu taraf\u0131ndan kabul g\u00f6rd\u00fc\u011f\u00fc 12 Eyl\u00fcl referandumu ile tescil edilmi\u015f anayasa de\u011fi\u015fiklikleri, yine toplumun \u00e7ok k\u0131sa zaman \u00f6ncesine kadar \u00fczerinde sert tart\u0131\u015fmalarla [&hellip;]<\/p>\n","protected":false},"author":3,"featured_media":0,"comment_status":"closed","ping_status":"open","sticky":false,"template":"","format":"standard","meta":{"footnotes":""},"categories":[14],"tags":[],"class_list":["post-2259","post","type-post","status-publish","format-standard","hentry","category-haberler"],"yoast_head":"<!-- This site is optimized with the Yoast SEO plugin v27.4 - https:\/\/yoast.com\/product\/yoast-seo-wordpress\/ -->\n<title>T.C. K\u00fclt\u00fcr Bakanl\u0131\u011f\u0131na - Bati Ermenistan Ve Bati Ermenileri Sorunlari Ara\u015ftirmalar Merkezi<\/title>\n<meta name=\"robots\" content=\"index, follow, max-snippet:-1, max-image-preview:large, max-video-preview:-1\" \/>\n<link rel=\"canonical\" href=\"https:\/\/akunq.net\/turkish\/2010\/10\/08\/t-c-kultur-bakanligina\/\" \/>\n<meta property=\"og:locale\" content=\"en_US\" \/>\n<meta property=\"og:type\" content=\"article\" \/>\n<meta property=\"og:title\" content=\"T.C. K\u00fclt\u00fcr Bakanl\u0131\u011f\u0131na - Bati Ermenistan Ve Bati Ermenileri Sorunlari Ara\u015ftirmalar Merkezi\" \/>\n<meta property=\"og:description\" content=\"Gazetelerden izledi\u011fimiz kadar\u0131 ile Bakanl\u0131\u011f\u0131n\u0131z taraf\u0131ndan MHP&#8217;nin ba\u015fvurusu \u00fczerine 1 Ekim Cuma g\u00fcn\u00fc Kars Ani Harabelerinde Fethiye Cami diye bilinen mahalde Cuma Namaz\u0131 k\u0131l\u0131nmas\u0131 izni verilmi\u015ftir. \u00dclkemizin bug\u00fcn geldi\u011fi noktada demokrasi alan\u0131ndaki toplumun \u00e7o\u011funlu\u011fu taraf\u0131ndan kabul g\u00f6rd\u00fc\u011f\u00fc 12 Eyl\u00fcl referandumu ile tescil edilmi\u015f anayasa de\u011fi\u015fiklikleri, yine toplumun \u00e7ok k\u0131sa zaman \u00f6ncesine kadar \u00fczerinde sert tart\u0131\u015fmalarla [&hellip;]\" \/>\n<meta property=\"og:url\" content=\"https:\/\/akunq.net\/turkish\/2010\/10\/08\/t-c-kultur-bakanligina\/\" \/>\n<meta property=\"og:site_name\" content=\"Bati Ermenistan Ve Bati Ermenileri Sorunlari Ara\u015ftirmalar Merkezi\" \/>\n<meta property=\"article:published_time\" content=\"2010-10-08T08:15:04+00:00\" \/>\n<meta name=\"author\" content=\"kalem\" \/>\n<meta name=\"twitter:card\" content=\"summary_large_image\" \/>\n<meta name=\"twitter:label1\" content=\"Written by\" \/>\n\t<meta name=\"twitter:data1\" content=\"kalem\" \/>\n\t<meta name=\"twitter:label2\" content=\"Est. reading time\" \/>\n\t<meta name=\"twitter:data2\" content=\"2 minutes\" \/>\n<script type=\"application\/ld+json\" class=\"yoast-schema-graph\">{\"@context\":\"https:\\\/\\\/schema.org\",\"@graph\":[{\"@type\":\"Article\",\"@id\":\"https:\\\/\\\/akunq.net\\\/turkish\\\/2010\\\/10\\\/08\\\/t-c-kultur-bakanligina\\\/#article\",\"isPartOf\":{\"@id\":\"https:\\\/\\\/akunq.net\\\/turkish\\\/2010\\\/10\\\/08\\\/t-c-kultur-bakanligina\\\/\"},\"author\":{\"name\":\"kalem\",\"@id\":\"https:\\\/\\\/akunq.net\\\/turkish\\\/#\\\/schema\\\/person\\\/135e7923d1aeb8887890799619969a6c\"},\"headline\":\"T.C. K\u00fclt\u00fcr Bakanl\u0131\u011f\u0131na\",\"datePublished\":\"2010-10-08T08:15:04+00:00\",\"mainEntityOfPage\":{\"@id\":\"https:\\\/\\\/akunq.net\\\/turkish\\\/2010\\\/10\\\/08\\\/t-c-kultur-bakanligina\\\/\"},\"wordCount\":337,\"articleSection\":[\"Haberler\"],\"inLanguage\":\"en-US\"},{\"@type\":\"WebPage\",\"@id\":\"https:\\\/\\\/akunq.net\\\/turkish\\\/2010\\\/10\\\/08\\\/t-c-kultur-bakanligina\\\/\",\"url\":\"https:\\\/\\\/akunq.net\\\/turkish\\\/2010\\\/10\\\/08\\\/t-c-kultur-bakanligina\\\/\",\"name\":\"T.C. K\u00fclt\u00fcr Bakanl\u0131\u011f\u0131na - Bati Ermenistan Ve Bati Ermenileri Sorunlari Ara\u015ftirmalar Merkezi\",\"isPartOf\":{\"@id\":\"https:\\\/\\\/akunq.net\\\/turkish\\\/#website\"},\"datePublished\":\"2010-10-08T08:15:04+00:00\",\"author\":{\"@id\":\"https:\\\/\\\/akunq.net\\\/turkish\\\/#\\\/schema\\\/person\\\/135e7923d1aeb8887890799619969a6c\"},\"breadcrumb\":{\"@id\":\"https:\\\/\\\/akunq.net\\\/turkish\\\/2010\\\/10\\\/08\\\/t-c-kultur-bakanligina\\\/#breadcrumb\"},\"inLanguage\":\"en-US\",\"potentialAction\":[{\"@type\":\"ReadAction\",\"target\":[\"https:\\\/\\\/akunq.net\\\/turkish\\\/2010\\\/10\\\/08\\\/t-c-kultur-bakanligina\\\/\"]}]},{\"@type\":\"BreadcrumbList\",\"@id\":\"https:\\\/\\\/akunq.net\\\/turkish\\\/2010\\\/10\\\/08\\\/t-c-kultur-bakanligina\\\/#breadcrumb\",\"itemListElement\":[{\"@type\":\"ListItem\",\"position\":1,\"name\":\"Home\",\"item\":\"https:\\\/\\\/akunq.net\\\/turkish\\\/\"},{\"@type\":\"ListItem\",\"position\":2,\"name\":\"T.C. K\u00fclt\u00fcr Bakanl\u0131\u011f\u0131na\"}]},{\"@type\":\"WebSite\",\"@id\":\"https:\\\/\\\/akunq.net\\\/turkish\\\/#website\",\"url\":\"https:\\\/\\\/akunq.net\\\/turkish\\\/\",\"name\":\"Bati Ermenistan Ve Bati Ermenileri Sorunlari Ara\u015ftirmalar Merkezi\",\"description\":\"\",\"potentialAction\":[{\"@type\":\"SearchAction\",\"target\":{\"@type\":\"EntryPoint\",\"urlTemplate\":\"https:\\\/\\\/akunq.net\\\/turkish\\\/?s={search_term_string}\"},\"query-input\":{\"@type\":\"PropertyValueSpecification\",\"valueRequired\":true,\"valueName\":\"search_term_string\"}}],\"inLanguage\":\"en-US\"},{\"@type\":\"Person\",\"@id\":\"https:\\\/\\\/akunq.net\\\/turkish\\\/#\\\/schema\\\/person\\\/135e7923d1aeb8887890799619969a6c\",\"name\":\"kalem\",\"image\":{\"@type\":\"ImageObject\",\"inLanguage\":\"en-US\",\"@id\":\"https:\\\/\\\/secure.gravatar.com\\\/avatar\\\/a06875e4b25feb5674296adf8e8a7ae1e587cebce2493fe63c456109967e27d3?s=96&d=mm&r=g\",\"url\":\"https:\\\/\\\/secure.gravatar.com\\\/avatar\\\/a06875e4b25feb5674296adf8e8a7ae1e587cebce2493fe63c456109967e27d3?s=96&d=mm&r=g\",\"contentUrl\":\"https:\\\/\\\/secure.gravatar.com\\\/avatar\\\/a06875e4b25feb5674296adf8e8a7ae1e587cebce2493fe63c456109967e27d3?s=96&d=mm&r=g\",\"caption\":\"kalem\"},\"url\":\"https:\\\/\\\/akunq.net\\\/turkish\\\/author\\\/kalem\\\/\"}]}<\/script>\n<!-- \/ Yoast SEO plugin. -->","yoast_head_json":{"title":"T.C. K\u00fclt\u00fcr Bakanl\u0131\u011f\u0131na - Bati Ermenistan Ve Bati Ermenileri Sorunlari Ara\u015ftirmalar Merkezi","robots":{"index":"index","follow":"follow","max-snippet":"max-snippet:-1","max-image-preview":"max-image-preview:large","max-video-preview":"max-video-preview:-1"},"canonical":"https:\/\/akunq.net\/turkish\/2010\/10\/08\/t-c-kultur-bakanligina\/","og_locale":"en_US","og_type":"article","og_title":"T.C. K\u00fclt\u00fcr Bakanl\u0131\u011f\u0131na - Bati Ermenistan Ve Bati Ermenileri Sorunlari Ara\u015ftirmalar Merkezi","og_description":"Gazetelerden izledi\u011fimiz kadar\u0131 ile Bakanl\u0131\u011f\u0131n\u0131z taraf\u0131ndan MHP&#8217;nin ba\u015fvurusu \u00fczerine 1 Ekim Cuma g\u00fcn\u00fc Kars Ani Harabelerinde Fethiye Cami diye bilinen mahalde Cuma Namaz\u0131 k\u0131l\u0131nmas\u0131 izni verilmi\u015ftir. \u00dclkemizin bug\u00fcn geldi\u011fi noktada demokrasi alan\u0131ndaki toplumun \u00e7o\u011funlu\u011fu taraf\u0131ndan kabul g\u00f6rd\u00fc\u011f\u00fc 12 Eyl\u00fcl referandumu ile tescil edilmi\u015f anayasa de\u011fi\u015fiklikleri, yine toplumun \u00e7ok k\u0131sa zaman \u00f6ncesine kadar \u00fczerinde sert tart\u0131\u015fmalarla [&hellip;]","og_url":"https:\/\/akunq.net\/turkish\/2010\/10\/08\/t-c-kultur-bakanligina\/","og_site_name":"Bati Ermenistan Ve Bati Ermenileri Sorunlari Ara\u015ftirmalar Merkezi","article_published_time":"2010-10-08T08:15:04+00:00","author":"kalem","twitter_card":"summary_large_image","twitter_misc":{"Written by":"kalem","Est. reading time":"2 minutes"},"schema":{"@context":"https:\/\/schema.org","@graph":[{"@type":"Article","@id":"https:\/\/akunq.net\/turkish\/2010\/10\/08\/t-c-kultur-bakanligina\/#article","isPartOf":{"@id":"https:\/\/akunq.net\/turkish\/2010\/10\/08\/t-c-kultur-bakanligina\/"},"author":{"name":"kalem","@id":"https:\/\/akunq.net\/turkish\/#\/schema\/person\/135e7923d1aeb8887890799619969a6c"},"headline":"T.C. K\u00fclt\u00fcr Bakanl\u0131\u011f\u0131na","datePublished":"2010-10-08T08:15:04+00:00","mainEntityOfPage":{"@id":"https:\/\/akunq.net\/turkish\/2010\/10\/08\/t-c-kultur-bakanligina\/"},"wordCount":337,"articleSection":["Haberler"],"inLanguage":"en-US"},{"@type":"WebPage","@id":"https:\/\/akunq.net\/turkish\/2010\/10\/08\/t-c-kultur-bakanligina\/","url":"https:\/\/akunq.net\/turkish\/2010\/10\/08\/t-c-kultur-bakanligina\/","name":"T.C. K\u00fclt\u00fcr Bakanl\u0131\u011f\u0131na - Bati Ermenistan Ve Bati Ermenileri Sorunlari Ara\u015ftirmalar Merkezi","isPartOf":{"@id":"https:\/\/akunq.net\/turkish\/#website"},"datePublished":"2010-10-08T08:15:04+00:00","author":{"@id":"https:\/\/akunq.net\/turkish\/#\/schema\/person\/135e7923d1aeb8887890799619969a6c"},"breadcrumb":{"@id":"https:\/\/akunq.net\/turkish\/2010\/10\/08\/t-c-kultur-bakanligina\/#breadcrumb"},"inLanguage":"en-US","potentialAction":[{"@type":"ReadAction","target":["https:\/\/akunq.net\/turkish\/2010\/10\/08\/t-c-kultur-bakanligina\/"]}]},{"@type":"BreadcrumbList","@id":"https:\/\/akunq.net\/turkish\/2010\/10\/08\/t-c-kultur-bakanligina\/#breadcrumb","itemListElement":[{"@type":"ListItem","position":1,"name":"Home","item":"https:\/\/akunq.net\/turkish\/"},{"@type":"ListItem","position":2,"name":"T.C. K\u00fclt\u00fcr Bakanl\u0131\u011f\u0131na"}]},{"@type":"WebSite","@id":"https:\/\/akunq.net\/turkish\/#website","url":"https:\/\/akunq.net\/turkish\/","name":"Bati Ermenistan Ve Bati Ermenileri Sorunlari Ara\u015ftirmalar Merkezi","description":"","potentialAction":[{"@type":"SearchAction","target":{"@type":"EntryPoint","urlTemplate":"https:\/\/akunq.net\/turkish\/?s={search_term_string}"},"query-input":{"@type":"PropertyValueSpecification","valueRequired":true,"valueName":"search_term_string"}}],"inLanguage":"en-US"},{"@type":"Person","@id":"https:\/\/akunq.net\/turkish\/#\/schema\/person\/135e7923d1aeb8887890799619969a6c","name":"kalem","image":{"@type":"ImageObject","inLanguage":"en-US","@id":"https:\/\/secure.gravatar.com\/avatar\/a06875e4b25feb5674296adf8e8a7ae1e587cebce2493fe63c456109967e27d3?s=96&d=mm&r=g","url":"https:\/\/secure.gravatar.com\/avatar\/a06875e4b25feb5674296adf8e8a7ae1e587cebce2493fe63c456109967e27d3?s=96&d=mm&r=g","contentUrl":"https:\/\/secure.gravatar.com\/avatar\/a06875e4b25feb5674296adf8e8a7ae1e587cebce2493fe63c456109967e27d3?s=96&d=mm&r=g","caption":"kalem"},"url":"https:\/\/akunq.net\/turkish\/author\/kalem\/"}]}},"_links":{"self":[{"href":"https:\/\/akunq.net\/turkish\/wp-json\/wp\/v2\/posts\/2259","targetHints":{"allow":["GET"]}}],"collection":[{"href":"https:\/\/akunq.net\/turkish\/wp-json\/wp\/v2\/posts"}],"about":[{"href":"https:\/\/akunq.net\/turkish\/wp-json\/wp\/v2\/types\/post"}],"author":[{"embeddable":true,"href":"https:\/\/akunq.net\/turkish\/wp-json\/wp\/v2\/users\/3"}],"replies":[{"embeddable":true,"href":"https:\/\/akunq.net\/turkish\/wp-json\/wp\/v2\/comments?post=2259"}],"version-history":[{"count":0,"href":"https:\/\/akunq.net\/turkish\/wp-json\/wp\/v2\/posts\/2259\/revisions"}],"wp:attachment":[{"href":"https:\/\/akunq.net\/turkish\/wp-json\/wp\/v2\/media?parent=2259"}],"wp:term":[{"taxonomy":"category","embeddable":true,"href":"https:\/\/akunq.net\/turkish\/wp-json\/wp\/v2\/categories?post=2259"},{"taxonomy":"post_tag","embeddable":true,"href":"https:\/\/akunq.net\/turkish\/wp-json\/wp\/v2\/tags?post=2259"}],"curies":[{"name":"wp","href":"https:\/\/api.w.org\/{rel}","templated":true}]}}