{"id":2253,"date":"2010-10-07T08:20:10","date_gmt":"2010-10-07T13:20:10","guid":{"rendered":"http:\/\/akunq.net\/tr\/?p=2253"},"modified":"2010-10-07T08:20:10","modified_gmt":"2010-10-07T13:20:10","slug":"erivanda-van-kentinin-kurulus-ve-tarihine-iliskin-3-gunluk-konferans-duzenleniyor","status":"publish","type":"post","link":"https:\/\/akunq.net\/turkish\/2010\/10\/07\/erivanda-van-kentinin-kurulus-ve-tarihine-iliskin-3-gunluk-konferans-duzenleniyor\/","title":{"rendered":"ER\u0130VAN\u2019DA VAN KENT\u0130N\u0130N KURULU\u015e VE TAR\u0130H\u0130NE \u0130L\u0130\u015eK\u0130N 3 G\u00dcNL\u00dcK KONFERANS D\u00dcZENLEN\u0130YOR"},"content":{"rendered":"<p style=\"text-align: justify\">Bug\u00fcn \u2018Moskova Evi\u2019, \u2018Vaspurakan Hem\u015fehriler Birli\u011fi\u2019 ve Ermenistan Ulusal Bilimler Akademisi (EUBA) Arkeoloji Enstit\u00fcs\u00fc ortak giri\u015fimiyle, Van kentinin kurulu\u015funun 2865. y\u0131ld\u00f6n\u00fcm\u00fcne ili\u015fkin 3 g\u00fcnl\u00fck uluslararas\u0131 bir konferans ba\u015fl\u0131yor.<\/p>\n<p style=\"text-align: justify\">EUBA Tarih ve \u015earkiyat Enstit\u00fclerinden ayd\u0131nlar\u0131n da kat\u0131l\u0131m\u0131yla ger\u00e7ekle\u015ftirilen konferansta Ermeni ve yabanc\u0131 bilim adamlar\u0131 Van\u2019a ili\u015fkin tebli\u011fler sunacaklar.<\/p>\n<p style=\"text-align: justify\">Vaspurakan Hem\u015fehriler Birli\u011fi b\u015fk. Gagik Ba\u011fdasaryan, konuya ili\u015fkin Azg\u2019la yapt\u0131\u011f\u0131 telefon g\u00f6r\u00fc\u015fmesinde, Van Ahtamar Sp. Ha\u00e7 Kilisesi ayini sonras\u0131nda Van\u2019a y\u00f6nelik uluslararas\u0131 ilginin artt\u0131\u011f\u0131na dikkat \u00e7ekti. Ba\u011fdasaryan, durumu dikkate alarak uluslararas\u0131 bir konferans d\u00fczenlemeye karar verdiklerini belirtti.<\/p>\n<p style=\"text-align: justify\"><strong><em>H.H.<\/em><\/strong><\/p>\n<p style=\"text-align: justify\"><strong><em>AZG DAILY #182<\/em><\/strong><\/p>\n<p style=\"text-align: justify\"><strong><em>07-10-2010<\/em><\/strong><strong><em><\/em><\/strong><\/p>\n<p style=\"text-align: justify\">\u00a0<\/p>\n","protected":false},"excerpt":{"rendered":"<p>Bug\u00fcn \u2018Moskova Evi\u2019, \u2018Vaspurakan Hem\u015fehriler Birli\u011fi\u2019 ve Ermenistan Ulusal Bilimler Akademisi (EUBA) Arkeoloji Enstit\u00fcs\u00fc ortak giri\u015fimiyle, Van kentinin kurulu\u015funun 2865. y\u0131ld\u00f6n\u00fcm\u00fcne ili\u015fkin 3 g\u00fcnl\u00fck uluslararas\u0131 bir konferans ba\u015fl\u0131yor. EUBA Tarih ve \u015earkiyat Enstit\u00fclerinden ayd\u0131nlar\u0131n da kat\u0131l\u0131m\u0131yla ger\u00e7ekle\u015ftirilen konferansta Ermeni ve yabanc\u0131 bilim adamlar\u0131 Van\u2019a ili\u015fkin tebli\u011fler sunacaklar. Vaspurakan Hem\u015fehriler Birli\u011fi b\u015fk. Gagik Ba\u011fdasaryan, konuya ili\u015fkin [&hellip;]<\/p>\n","protected":false},"author":3,"featured_media":0,"comment_status":"closed","ping_status":"open","sticky":false,"template":"","format":"standard","meta":{"footnotes":""},"categories":[14],"tags":[],"class_list":["post-2253","post","type-post","status-publish","format-standard","hentry","category-haberler"],"yoast_head":"<!-- This site is optimized with the Yoast SEO plugin v27.4 - https:\/\/yoast.com\/product\/yoast-seo-wordpress\/ -->\n<title>ER\u0130VAN\u2019DA VAN KENT\u0130N\u0130N KURULU\u015e VE TAR\u0130H\u0130NE \u0130L\u0130\u015eK\u0130N 3 G\u00dcNL\u00dcK KONFERANS D\u00dcZENLEN\u0130YOR - Bati Ermenistan Ve Bati Ermenileri Sorunlari Ara\u015ftirmalar Merkezi<\/title>\n<meta name=\"robots\" content=\"index, follow, max-snippet:-1, max-image-preview:large, max-video-preview:-1\" \/>\n<link rel=\"canonical\" href=\"https:\/\/akunq.net\/turkish\/2010\/10\/07\/erivanda-van-kentinin-kurulus-ve-tarihine-iliskin-3-gunluk-konferans-duzenleniyor\/\" \/>\n<meta property=\"og:locale\" content=\"en_US\" \/>\n<meta property=\"og:type\" content=\"article\" \/>\n<meta property=\"og:title\" content=\"ER\u0130VAN\u2019DA VAN KENT\u0130N\u0130N KURULU\u015e VE TAR\u0130H\u0130NE \u0130L\u0130\u015eK\u0130N 3 G\u00dcNL\u00dcK KONFERANS D\u00dcZENLEN\u0130YOR - Bati Ermenistan Ve Bati Ermenileri Sorunlari Ara\u015ftirmalar Merkezi\" \/>\n<meta property=\"og:description\" content=\"Bug\u00fcn \u2018Moskova Evi\u2019, \u2018Vaspurakan Hem\u015fehriler Birli\u011fi\u2019 ve Ermenistan Ulusal Bilimler Akademisi (EUBA) Arkeoloji Enstit\u00fcs\u00fc ortak giri\u015fimiyle, Van kentinin kurulu\u015funun 2865. y\u0131ld\u00f6n\u00fcm\u00fcne ili\u015fkin 3 g\u00fcnl\u00fck uluslararas\u0131 bir konferans ba\u015fl\u0131yor. EUBA Tarih ve \u015earkiyat Enstit\u00fclerinden ayd\u0131nlar\u0131n da kat\u0131l\u0131m\u0131yla ger\u00e7ekle\u015ftirilen konferansta Ermeni ve yabanc\u0131 bilim adamlar\u0131 Van\u2019a ili\u015fkin tebli\u011fler sunacaklar. Vaspurakan Hem\u015fehriler Birli\u011fi b\u015fk. Gagik Ba\u011fdasaryan, konuya ili\u015fkin [&hellip;]\" \/>\n<meta property=\"og:url\" content=\"https:\/\/akunq.net\/turkish\/2010\/10\/07\/erivanda-van-kentinin-kurulus-ve-tarihine-iliskin-3-gunluk-konferans-duzenleniyor\/\" \/>\n<meta property=\"og:site_name\" content=\"Bati Ermenistan Ve Bati Ermenileri Sorunlari Ara\u015ftirmalar Merkezi\" \/>\n<meta property=\"article:published_time\" content=\"2010-10-07T13:20:10+00:00\" \/>\n<meta name=\"author\" content=\"kalem\" \/>\n<meta name=\"twitter:card\" content=\"summary_large_image\" \/>\n<meta name=\"twitter:label1\" content=\"Written by\" \/>\n\t<meta name=\"twitter:data1\" content=\"kalem\" \/>\n\t<meta name=\"twitter:label2\" content=\"Est. reading time\" \/>\n\t<meta name=\"twitter:data2\" content=\"1 minute\" \/>\n<script type=\"application\/ld+json\" class=\"yoast-schema-graph\">{\"@context\":\"https:\\\/\\\/schema.org\",\"@graph\":[{\"@type\":\"Article\",\"@id\":\"https:\\\/\\\/akunq.net\\\/turkish\\\/2010\\\/10\\\/07\\\/erivanda-van-kentinin-kurulus-ve-tarihine-iliskin-3-gunluk-konferans-duzenleniyor\\\/#article\",\"isPartOf\":{\"@id\":\"https:\\\/\\\/akunq.net\\\/turkish\\\/2010\\\/10\\\/07\\\/erivanda-van-kentinin-kurulus-ve-tarihine-iliskin-3-gunluk-konferans-duzenleniyor\\\/\"},\"author\":{\"name\":\"kalem\",\"@id\":\"https:\\\/\\\/akunq.net\\\/turkish\\\/#\\\/schema\\\/person\\\/135e7923d1aeb8887890799619969a6c\"},\"headline\":\"ER\u0130VAN\u2019DA VAN KENT\u0130N\u0130N KURULU\u015e VE TAR\u0130H\u0130NE \u0130L\u0130\u015eK\u0130N 3 G\u00dcNL\u00dcK KONFERANS D\u00dcZENLEN\u0130YOR\",\"datePublished\":\"2010-10-07T13:20:10+00:00\",\"mainEntityOfPage\":{\"@id\":\"https:\\\/\\\/akunq.net\\\/turkish\\\/2010\\\/10\\\/07\\\/erivanda-van-kentinin-kurulus-ve-tarihine-iliskin-3-gunluk-konferans-duzenleniyor\\\/\"},\"wordCount\":150,\"articleSection\":[\"Haberler\"],\"inLanguage\":\"en-US\"},{\"@type\":\"WebPage\",\"@id\":\"https:\\\/\\\/akunq.net\\\/turkish\\\/2010\\\/10\\\/07\\\/erivanda-van-kentinin-kurulus-ve-tarihine-iliskin-3-gunluk-konferans-duzenleniyor\\\/\",\"url\":\"https:\\\/\\\/akunq.net\\\/turkish\\\/2010\\\/10\\\/07\\\/erivanda-van-kentinin-kurulus-ve-tarihine-iliskin-3-gunluk-konferans-duzenleniyor\\\/\",\"name\":\"ER\u0130VAN\u2019DA VAN KENT\u0130N\u0130N KURULU\u015e VE TAR\u0130H\u0130NE \u0130L\u0130\u015eK\u0130N 3 G\u00dcNL\u00dcK KONFERANS D\u00dcZENLEN\u0130YOR - Bati Ermenistan Ve Bati Ermenileri Sorunlari Ara\u015ftirmalar Merkezi\",\"isPartOf\":{\"@id\":\"https:\\\/\\\/akunq.net\\\/turkish\\\/#website\"},\"datePublished\":\"2010-10-07T13:20:10+00:00\",\"author\":{\"@id\":\"https:\\\/\\\/akunq.net\\\/turkish\\\/#\\\/schema\\\/person\\\/135e7923d1aeb8887890799619969a6c\"},\"breadcrumb\":{\"@id\":\"https:\\\/\\\/akunq.net\\\/turkish\\\/2010\\\/10\\\/07\\\/erivanda-van-kentinin-kurulus-ve-tarihine-iliskin-3-gunluk-konferans-duzenleniyor\\\/#breadcrumb\"},\"inLanguage\":\"en-US\",\"potentialAction\":[{\"@type\":\"ReadAction\",\"target\":[\"https:\\\/\\\/akunq.net\\\/turkish\\\/2010\\\/10\\\/07\\\/erivanda-van-kentinin-kurulus-ve-tarihine-iliskin-3-gunluk-konferans-duzenleniyor\\\/\"]}]},{\"@type\":\"BreadcrumbList\",\"@id\":\"https:\\\/\\\/akunq.net\\\/turkish\\\/2010\\\/10\\\/07\\\/erivanda-van-kentinin-kurulus-ve-tarihine-iliskin-3-gunluk-konferans-duzenleniyor\\\/#breadcrumb\",\"itemListElement\":[{\"@type\":\"ListItem\",\"position\":1,\"name\":\"Home\",\"item\":\"https:\\\/\\\/akunq.net\\\/turkish\\\/\"},{\"@type\":\"ListItem\",\"position\":2,\"name\":\"ER\u0130VAN\u2019DA VAN KENT\u0130N\u0130N KURULU\u015e VE TAR\u0130H\u0130NE \u0130L\u0130\u015eK\u0130N 3 G\u00dcNL\u00dcK KONFERANS D\u00dcZENLEN\u0130YOR\"}]},{\"@type\":\"WebSite\",\"@id\":\"https:\\\/\\\/akunq.net\\\/turkish\\\/#website\",\"url\":\"https:\\\/\\\/akunq.net\\\/turkish\\\/\",\"name\":\"Bati Ermenistan Ve Bati Ermenileri Sorunlari Ara\u015ftirmalar Merkezi\",\"description\":\"\",\"potentialAction\":[{\"@type\":\"SearchAction\",\"target\":{\"@type\":\"EntryPoint\",\"urlTemplate\":\"https:\\\/\\\/akunq.net\\\/turkish\\\/?s={search_term_string}\"},\"query-input\":{\"@type\":\"PropertyValueSpecification\",\"valueRequired\":true,\"valueName\":\"search_term_string\"}}],\"inLanguage\":\"en-US\"},{\"@type\":\"Person\",\"@id\":\"https:\\\/\\\/akunq.net\\\/turkish\\\/#\\\/schema\\\/person\\\/135e7923d1aeb8887890799619969a6c\",\"name\":\"kalem\",\"image\":{\"@type\":\"ImageObject\",\"inLanguage\":\"en-US\",\"@id\":\"https:\\\/\\\/secure.gravatar.com\\\/avatar\\\/a06875e4b25feb5674296adf8e8a7ae1e587cebce2493fe63c456109967e27d3?s=96&d=mm&r=g\",\"url\":\"https:\\\/\\\/secure.gravatar.com\\\/avatar\\\/a06875e4b25feb5674296adf8e8a7ae1e587cebce2493fe63c456109967e27d3?s=96&d=mm&r=g\",\"contentUrl\":\"https:\\\/\\\/secure.gravatar.com\\\/avatar\\\/a06875e4b25feb5674296adf8e8a7ae1e587cebce2493fe63c456109967e27d3?s=96&d=mm&r=g\",\"caption\":\"kalem\"},\"url\":\"https:\\\/\\\/akunq.net\\\/turkish\\\/author\\\/kalem\\\/\"}]}<\/script>\n<!-- \/ Yoast SEO plugin. -->","yoast_head_json":{"title":"ER\u0130VAN\u2019DA VAN KENT\u0130N\u0130N KURULU\u015e VE TAR\u0130H\u0130NE \u0130L\u0130\u015eK\u0130N 3 G\u00dcNL\u00dcK KONFERANS D\u00dcZENLEN\u0130YOR - Bati Ermenistan Ve Bati Ermenileri Sorunlari Ara\u015ftirmalar Merkezi","robots":{"index":"index","follow":"follow","max-snippet":"max-snippet:-1","max-image-preview":"max-image-preview:large","max-video-preview":"max-video-preview:-1"},"canonical":"https:\/\/akunq.net\/turkish\/2010\/10\/07\/erivanda-van-kentinin-kurulus-ve-tarihine-iliskin-3-gunluk-konferans-duzenleniyor\/","og_locale":"en_US","og_type":"article","og_title":"ER\u0130VAN\u2019DA VAN KENT\u0130N\u0130N KURULU\u015e VE TAR\u0130H\u0130NE \u0130L\u0130\u015eK\u0130N 3 G\u00dcNL\u00dcK KONFERANS D\u00dcZENLEN\u0130YOR - Bati Ermenistan Ve Bati Ermenileri Sorunlari Ara\u015ftirmalar Merkezi","og_description":"Bug\u00fcn \u2018Moskova Evi\u2019, \u2018Vaspurakan Hem\u015fehriler Birli\u011fi\u2019 ve Ermenistan Ulusal Bilimler Akademisi (EUBA) Arkeoloji Enstit\u00fcs\u00fc ortak giri\u015fimiyle, Van kentinin kurulu\u015funun 2865. y\u0131ld\u00f6n\u00fcm\u00fcne ili\u015fkin 3 g\u00fcnl\u00fck uluslararas\u0131 bir konferans ba\u015fl\u0131yor. EUBA Tarih ve \u015earkiyat Enstit\u00fclerinden ayd\u0131nlar\u0131n da kat\u0131l\u0131m\u0131yla ger\u00e7ekle\u015ftirilen konferansta Ermeni ve yabanc\u0131 bilim adamlar\u0131 Van\u2019a ili\u015fkin tebli\u011fler sunacaklar. Vaspurakan Hem\u015fehriler Birli\u011fi b\u015fk. Gagik Ba\u011fdasaryan, konuya ili\u015fkin [&hellip;]","og_url":"https:\/\/akunq.net\/turkish\/2010\/10\/07\/erivanda-van-kentinin-kurulus-ve-tarihine-iliskin-3-gunluk-konferans-duzenleniyor\/","og_site_name":"Bati Ermenistan Ve Bati Ermenileri Sorunlari Ara\u015ftirmalar Merkezi","article_published_time":"2010-10-07T13:20:10+00:00","author":"kalem","twitter_card":"summary_large_image","twitter_misc":{"Written by":"kalem","Est. reading time":"1 minute"},"schema":{"@context":"https:\/\/schema.org","@graph":[{"@type":"Article","@id":"https:\/\/akunq.net\/turkish\/2010\/10\/07\/erivanda-van-kentinin-kurulus-ve-tarihine-iliskin-3-gunluk-konferans-duzenleniyor\/#article","isPartOf":{"@id":"https:\/\/akunq.net\/turkish\/2010\/10\/07\/erivanda-van-kentinin-kurulus-ve-tarihine-iliskin-3-gunluk-konferans-duzenleniyor\/"},"author":{"name":"kalem","@id":"https:\/\/akunq.net\/turkish\/#\/schema\/person\/135e7923d1aeb8887890799619969a6c"},"headline":"ER\u0130VAN\u2019DA VAN KENT\u0130N\u0130N KURULU\u015e VE TAR\u0130H\u0130NE \u0130L\u0130\u015eK\u0130N 3 G\u00dcNL\u00dcK KONFERANS D\u00dcZENLEN\u0130YOR","datePublished":"2010-10-07T13:20:10+00:00","mainEntityOfPage":{"@id":"https:\/\/akunq.net\/turkish\/2010\/10\/07\/erivanda-van-kentinin-kurulus-ve-tarihine-iliskin-3-gunluk-konferans-duzenleniyor\/"},"wordCount":150,"articleSection":["Haberler"],"inLanguage":"en-US"},{"@type":"WebPage","@id":"https:\/\/akunq.net\/turkish\/2010\/10\/07\/erivanda-van-kentinin-kurulus-ve-tarihine-iliskin-3-gunluk-konferans-duzenleniyor\/","url":"https:\/\/akunq.net\/turkish\/2010\/10\/07\/erivanda-van-kentinin-kurulus-ve-tarihine-iliskin-3-gunluk-konferans-duzenleniyor\/","name":"ER\u0130VAN\u2019DA VAN KENT\u0130N\u0130N KURULU\u015e VE TAR\u0130H\u0130NE \u0130L\u0130\u015eK\u0130N 3 G\u00dcNL\u00dcK KONFERANS D\u00dcZENLEN\u0130YOR - Bati Ermenistan Ve Bati Ermenileri Sorunlari Ara\u015ftirmalar Merkezi","isPartOf":{"@id":"https:\/\/akunq.net\/turkish\/#website"},"datePublished":"2010-10-07T13:20:10+00:00","author":{"@id":"https:\/\/akunq.net\/turkish\/#\/schema\/person\/135e7923d1aeb8887890799619969a6c"},"breadcrumb":{"@id":"https:\/\/akunq.net\/turkish\/2010\/10\/07\/erivanda-van-kentinin-kurulus-ve-tarihine-iliskin-3-gunluk-konferans-duzenleniyor\/#breadcrumb"},"inLanguage":"en-US","potentialAction":[{"@type":"ReadAction","target":["https:\/\/akunq.net\/turkish\/2010\/10\/07\/erivanda-van-kentinin-kurulus-ve-tarihine-iliskin-3-gunluk-konferans-duzenleniyor\/"]}]},{"@type":"BreadcrumbList","@id":"https:\/\/akunq.net\/turkish\/2010\/10\/07\/erivanda-van-kentinin-kurulus-ve-tarihine-iliskin-3-gunluk-konferans-duzenleniyor\/#breadcrumb","itemListElement":[{"@type":"ListItem","position":1,"name":"Home","item":"https:\/\/akunq.net\/turkish\/"},{"@type":"ListItem","position":2,"name":"ER\u0130VAN\u2019DA VAN KENT\u0130N\u0130N KURULU\u015e VE TAR\u0130H\u0130NE \u0130L\u0130\u015eK\u0130N 3 G\u00dcNL\u00dcK KONFERANS D\u00dcZENLEN\u0130YOR"}]},{"@type":"WebSite","@id":"https:\/\/akunq.net\/turkish\/#website","url":"https:\/\/akunq.net\/turkish\/","name":"Bati Ermenistan Ve Bati Ermenileri Sorunlari Ara\u015ftirmalar Merkezi","description":"","potentialAction":[{"@type":"SearchAction","target":{"@type":"EntryPoint","urlTemplate":"https:\/\/akunq.net\/turkish\/?s={search_term_string}"},"query-input":{"@type":"PropertyValueSpecification","valueRequired":true,"valueName":"search_term_string"}}],"inLanguage":"en-US"},{"@type":"Person","@id":"https:\/\/akunq.net\/turkish\/#\/schema\/person\/135e7923d1aeb8887890799619969a6c","name":"kalem","image":{"@type":"ImageObject","inLanguage":"en-US","@id":"https:\/\/secure.gravatar.com\/avatar\/a06875e4b25feb5674296adf8e8a7ae1e587cebce2493fe63c456109967e27d3?s=96&d=mm&r=g","url":"https:\/\/secure.gravatar.com\/avatar\/a06875e4b25feb5674296adf8e8a7ae1e587cebce2493fe63c456109967e27d3?s=96&d=mm&r=g","contentUrl":"https:\/\/secure.gravatar.com\/avatar\/a06875e4b25feb5674296adf8e8a7ae1e587cebce2493fe63c456109967e27d3?s=96&d=mm&r=g","caption":"kalem"},"url":"https:\/\/akunq.net\/turkish\/author\/kalem\/"}]}},"_links":{"self":[{"href":"https:\/\/akunq.net\/turkish\/wp-json\/wp\/v2\/posts\/2253","targetHints":{"allow":["GET"]}}],"collection":[{"href":"https:\/\/akunq.net\/turkish\/wp-json\/wp\/v2\/posts"}],"about":[{"href":"https:\/\/akunq.net\/turkish\/wp-json\/wp\/v2\/types\/post"}],"author":[{"embeddable":true,"href":"https:\/\/akunq.net\/turkish\/wp-json\/wp\/v2\/users\/3"}],"replies":[{"embeddable":true,"href":"https:\/\/akunq.net\/turkish\/wp-json\/wp\/v2\/comments?post=2253"}],"version-history":[{"count":0,"href":"https:\/\/akunq.net\/turkish\/wp-json\/wp\/v2\/posts\/2253\/revisions"}],"wp:attachment":[{"href":"https:\/\/akunq.net\/turkish\/wp-json\/wp\/v2\/media?parent=2253"}],"wp:term":[{"taxonomy":"category","embeddable":true,"href":"https:\/\/akunq.net\/turkish\/wp-json\/wp\/v2\/categories?post=2253"},{"taxonomy":"post_tag","embeddable":true,"href":"https:\/\/akunq.net\/turkish\/wp-json\/wp\/v2\/tags?post=2253"}],"curies":[{"name":"wp","href":"https:\/\/api.w.org\/{rel}","templated":true}]}}