{"id":2241,"date":"2010-10-07T02:34:41","date_gmt":"2010-10-07T07:34:41","guid":{"rendered":"http:\/\/akunq.net\/tr\/?p=2241"},"modified":"2010-10-07T02:34:41","modified_gmt":"2010-10-07T07:34:41","slug":"basbakanin-anideki-sovmenlerden-ne-farki-var","status":"publish","type":"post","link":"https:\/\/akunq.net\/turkish\/2010\/10\/07\/basbakanin-anideki-sovmenlerden-ne-farki-var\/","title":{"rendered":"Ba\u015fbakan\u2019\u0131n Ani\u2019deki \u015fovmenlerden ne fark\u0131 var?"},"content":{"rendered":"<p style=\"text-align: justify\"><strong><em>Ani antik \u015fehriyle ilgili konu\u015furken \u0131srarla \u201cAn\u0131\u201d dedi.<\/em><\/strong><br \/>\nBiliyorsunuz bin y\u0131ll\u0131k Ani\u2019yi \u201cAn\u0131\u201d yapmak eski K\u00fclt\u00fcr ve Turizm Bakan\u0131 Atilla Ko\u00e7\u2019un bizlere \u201chediyesidir\u201d. (\u201cT\u00fcrk insan\u0131 Sangaryos\u2019u Sakarya yapm\u0131\u015ft\u0131r, \u0130konyum\u2019u Konya yapm\u0131\u015ft\u0131r, Smyrna\u2019y\u0131 \u0130zmir yapm\u0131\u015ft\u0131r, Sagalassos\u2019u da A\u011flasun yapm\u0131\u015ft\u0131r. Gelin, T\u00fcrkiye Cumhuriyeti\u2019nin K\u00fclt\u00fcr Bakan\u0131 da \u201cAni\u201dyi \u201cAn\u0131\u201d yaps\u0131n. Bunu da bana m\u00fcsaade edin.\u201d 17 Aral\u0131k 2006 Meclis tutana\u011f\u0131ndan Atilla Ko\u00e7\u2019un konu\u015fmas\u0131.)<br \/>\nBu ulusulc\u0131 goygoya Ba\u015fbakan da dahil olmu\u015ftur. \u00dcstelik \u015fu c\u00fcmleyi de sarf etti\u011fi konu\u015fmas\u0131nda: \u201cAyakta kalabilmek i\u00e7in milletin duygular\u0131n\u0131 istismar etmekten \u00e7ekinmeyenler her zaman kaybederler!\u201d<br \/>\nAni\u2019ye An\u0131 demek nedir peki? Bir b\u00f6l\u00fcm milletin bir b\u00f6l\u00fcm fa\u015fo duygular\u0131n\u0131n bal gibi istismar\u0131 de\u011fil midir? Zira koskoca ba\u015fbakan oran\u0131n An\u0131 de\u011fil Ani oldu\u011funu bal gibi bilmez mi?<br \/>\nResmi ideolojiye kar\u015f\u0131 \u00e7\u0131kt\u0131\u011f\u0131n\u0131 iddia eden bir ba\u015fbakan Ani\u2019yi An\u0131 yaparak resmi ideolojinin bal gibi tekrar\u0131n\u0131 ve savunuculu\u011funu yapm\u0131\u015ft\u0131r.<br \/>\nDolay\u0131s\u0131yla Ani\u2019de namaz k\u0131lma hadisesine laf \u00e7akay\u0131m derken resmi (ve hayli yalan dolan) tarihe misler gibi hizmet etmi\u015ftir.<br \/>\nAni\u2019ye \u201cAn\u0131\u201d derken T\u00fcrkiye &#8211; Ermenistan ili\u015fkilerini nas\u0131l d\u00fczelteceksin? T\u00fcrkiye\u2019deki bir avu\u00e7 Ermeni\u2019nin huzursuzlu\u011funu nas\u0131l gidereceksin? \u201cB\u00fcy\u00fck Felaket\u201din izlerini nas\u0131l sileceksin?<br \/>\n\u201cSamimi\u201d namazdan s\u00f6z ediliyorsa l\u00fctfen \u201csamimi\u201d politik vaatlerden de s\u00f6z edilsin. \u201cAn\u0131lar\u201d fena halde hortlar yoksa.<br \/>\n***Ba\u015fbakan, Ani harabeleriyle ilgili konu\u015furken \u015f\u00f6yle bir paragraf da etti:<br \/>\n\u201cLiderlerden bir tanesi ve beraberindekiler Kars Ani Harabeleri\u2019nde Cuma namaz\u0131 k\u0131ld\u0131lar. Allah kabul etsin. Ani Harabeleri\u2019nin onlar\u0131n akl\u0131na gelmedi\u011fi bir d\u00f6nemde biz oraya 42 kilometrelik duble yol yapt\u0131k. B\u00f6lgeye gitti\u011fimizde bir de k\u00f6y evini ziyaret ettik. K\u00f6y evinde bizi ya\u015fl\u0131 bir teyze kar\u015f\u0131lad\u0131. EV\u0130N EFEND\u0130S\u0130 NEREDE diye sorduk. EV\u0130N EFEND\u0130S\u0130N\u0130 \u00e7a\u011f\u0131rd\u0131lar. Gelmesi uzun s\u00fcrd\u00fc. \u015eimdi orada duble yol var.\u201d<br \/>\nBuyrun! Art\u0131k yolumuz var, medeni olduk demeye \u00e7al\u0131\u015f\u0131rken gayri medeni bir \u201cdil\u201d daha. Medeni Kanun\u2019da \u201ckoca birli\u011fin reisi\u201ddir h\u00fckm\u00fc kalkal\u0131 nerdeyse 7 y\u0131l oldu. \u201cEvin reisi\u201d laf\u0131 bile yasalardan kalkm\u0131\u015fken EV\u0130N EFEND\u0130S\u0130 laf\u0131 nerden ve niye \u00e7\u0131kt\u0131 \u015fiddetle merak ediyorum.<br \/>\nReis deseydi, hadi eski al\u0131\u015fkanl\u0131k diyebilirdim. Fakat reislik bile yetmemi\u015f, \u201cefendilik\u201d mertebesine y\u00fckseltilmi\u015f erkek denilen ah o y\u00fcceler y\u00fccesi yarat\u0131k!<br \/>\nBir kaburga \u00f6d\u00fcn\u00e7 alm\u0131\u015f olmak nelere kadir hey g\u00fczel Allah\u0131m! 15 ya\u015f\u0131ndan beri kendi kendinin efendisi (ve ayn\u0131 zamanda k\u00f6lesi) olmu\u015f, kendi paras\u0131n\u0131 da gelece\u011fini de kazanm\u0131\u015f bir kad\u0131n olarak kim niye benim efendim oluyor? O ya\u015fl\u0131 teyze neden evin efendisi olam\u0131yor, niye efendiden say\u0131lam\u0131yor, neden illa bir fazlal\u0131kl\u0131 \u00e7a\u011fr\u0131l\u0131yor taaa uzaklardan \u201cefendi gel\u201d diyerek?<br \/>\nBen o kaburgay\u0131 geri vermek istiyorum art\u0131k! Var m\u0131 alan? Yetti. Al\u0131n diyetinizi. \u0130stedi\u011finiz yerinize tak\u0131n.<br \/>\n***<br \/>\n\u201cYok asl\u0131nda birbirimizden bir fark\u0131m\u0131z ama biz Osmanl\u0131 Bankas\u0131y\u0131z\u201d diye bir reklam vard\u0131. Sahnemize g\u00f6rd\u00fc\u011f\u00fcn\u00fcz gibi cuk oturmakta.<br \/>\nS\u00f6z konusu olan \u201c\u00fcber milliyet\u00e7ilik\u201d olunca gerisi teferruat oluyor.<br \/>\nBu arada \u201cevin efendisi\u201d laf\u0131 da yetmezse bir g\u00fcn \u201cevin padi\u015fah\u0131\u201d, \u201cevin yedi d\u00fcvel cihan \u015fah\u0131\u201d, \u201cevin d\u00fcvel-i muazzama krallar h\u00fck\u00fcmdar\u0131\u201d, \u201cevin her bir taraf\u0131 alt\u0131ndan s\u00fcper \u015fahsiyeti, harika yarat\u0131\u011f\u0131, ola\u011fan\u00fcst\u00fc m\u00fckemmel, her bir taraf\u0131 \u00f6p\u00fclesi \u015fevketl\u00fc, ker\u00e2metl\u00fc, kudretl\u00fc, velinimetim hazretleri\u201d gibi tan\u0131mlamalar da kullan\u0131labilir.<br \/>\nBir yerlere not edilsin.<\/p>\n<p style=\"text-align: justify\"><strong><strong><em>Mutlu T\u00f6nbekici &#8211; <a href=\"mailto:mutlu.tonbekici@gmail.com\">mutlu.tonbekici@gmail.com<\/a>\u00a0<\/em><\/strong><\/strong><\/p>\n<p style=\"text-align: justify\">\u00a0<strong><em>Kaynak:<\/em><\/strong><strong><em> gazetevatan.com<br \/>\nTarih: 5.10.2010<\/em><\/strong><\/p>\n","protected":false},"excerpt":{"rendered":"<p>Ani antik \u015fehriyle ilgili konu\u015furken \u0131srarla \u201cAn\u0131\u201d dedi. Biliyorsunuz bin y\u0131ll\u0131k Ani\u2019yi \u201cAn\u0131\u201d yapmak eski K\u00fclt\u00fcr ve Turizm Bakan\u0131 Atilla Ko\u00e7\u2019un bizlere \u201chediyesidir\u201d. (\u201cT\u00fcrk insan\u0131 Sangaryos\u2019u Sakarya yapm\u0131\u015ft\u0131r, \u0130konyum\u2019u Konya yapm\u0131\u015ft\u0131r, Smyrna\u2019y\u0131 \u0130zmir yapm\u0131\u015ft\u0131r, Sagalassos\u2019u da A\u011flasun yapm\u0131\u015ft\u0131r. Gelin, T\u00fcrkiye Cumhuriyeti\u2019nin K\u00fclt\u00fcr Bakan\u0131 da \u201cAni\u201dyi \u201cAn\u0131\u201d yaps\u0131n. Bunu da bana m\u00fcsaade edin.\u201d 17 Aral\u0131k 2006 [&hellip;]<\/p>\n","protected":false},"author":3,"featured_media":0,"comment_status":"closed","ping_status":"open","sticky":false,"template":"","format":"standard","meta":{"footnotes":""},"categories":[14],"tags":[],"class_list":["post-2241","post","type-post","status-publish","format-standard","hentry","category-haberler"],"yoast_head":"<!-- This site is optimized with the Yoast SEO plugin v27.4 - https:\/\/yoast.com\/product\/yoast-seo-wordpress\/ -->\n<title>Ba\u015fbakan\u2019\u0131n Ani\u2019deki \u015fovmenlerden ne fark\u0131 var? - Bati Ermenistan Ve Bati Ermenileri Sorunlari Ara\u015ftirmalar Merkezi<\/title>\n<meta name=\"robots\" content=\"index, follow, max-snippet:-1, max-image-preview:large, max-video-preview:-1\" \/>\n<link rel=\"canonical\" href=\"https:\/\/akunq.net\/turkish\/2010\/10\/07\/basbakanin-anideki-sovmenlerden-ne-farki-var\/\" \/>\n<meta property=\"og:locale\" content=\"en_US\" \/>\n<meta property=\"og:type\" content=\"article\" \/>\n<meta property=\"og:title\" content=\"Ba\u015fbakan\u2019\u0131n Ani\u2019deki \u015fovmenlerden ne fark\u0131 var? - Bati Ermenistan Ve Bati Ermenileri Sorunlari Ara\u015ftirmalar Merkezi\" \/>\n<meta property=\"og:description\" content=\"Ani antik \u015fehriyle ilgili konu\u015furken \u0131srarla \u201cAn\u0131\u201d dedi. Biliyorsunuz bin y\u0131ll\u0131k Ani\u2019yi \u201cAn\u0131\u201d yapmak eski K\u00fclt\u00fcr ve Turizm Bakan\u0131 Atilla Ko\u00e7\u2019un bizlere \u201chediyesidir\u201d. (\u201cT\u00fcrk insan\u0131 Sangaryos\u2019u Sakarya yapm\u0131\u015ft\u0131r, \u0130konyum\u2019u Konya yapm\u0131\u015ft\u0131r, Smyrna\u2019y\u0131 \u0130zmir yapm\u0131\u015ft\u0131r, Sagalassos\u2019u da A\u011flasun yapm\u0131\u015ft\u0131r. Gelin, T\u00fcrkiye Cumhuriyeti\u2019nin K\u00fclt\u00fcr Bakan\u0131 da \u201cAni\u201dyi \u201cAn\u0131\u201d yaps\u0131n. Bunu da bana m\u00fcsaade edin.\u201d 17 Aral\u0131k 2006 [&hellip;]\" \/>\n<meta property=\"og:url\" content=\"https:\/\/akunq.net\/turkish\/2010\/10\/07\/basbakanin-anideki-sovmenlerden-ne-farki-var\/\" \/>\n<meta property=\"og:site_name\" content=\"Bati Ermenistan Ve Bati Ermenileri Sorunlari Ara\u015ftirmalar Merkezi\" \/>\n<meta property=\"article:published_time\" content=\"2010-10-07T07:34:41+00:00\" \/>\n<meta name=\"author\" content=\"kalem\" \/>\n<meta name=\"twitter:card\" content=\"summary_large_image\" \/>\n<meta name=\"twitter:label1\" content=\"Written by\" \/>\n\t<meta name=\"twitter:data1\" content=\"kalem\" \/>\n\t<meta name=\"twitter:label2\" content=\"Est. reading time\" \/>\n\t<meta name=\"twitter:data2\" content=\"3 minutes\" \/>\n<script type=\"application\/ld+json\" class=\"yoast-schema-graph\">{\"@context\":\"https:\\\/\\\/schema.org\",\"@graph\":[{\"@type\":\"Article\",\"@id\":\"https:\\\/\\\/akunq.net\\\/turkish\\\/2010\\\/10\\\/07\\\/basbakanin-anideki-sovmenlerden-ne-farki-var\\\/#article\",\"isPartOf\":{\"@id\":\"https:\\\/\\\/akunq.net\\\/turkish\\\/2010\\\/10\\\/07\\\/basbakanin-anideki-sovmenlerden-ne-farki-var\\\/\"},\"author\":{\"name\":\"kalem\",\"@id\":\"https:\\\/\\\/akunq.net\\\/turkish\\\/#\\\/schema\\\/person\\\/135e7923d1aeb8887890799619969a6c\"},\"headline\":\"Ba\u015fbakan\u2019\u0131n Ani\u2019deki \u015fovmenlerden ne fark\u0131 var?\",\"datePublished\":\"2010-10-07T07:34:41+00:00\",\"mainEntityOfPage\":{\"@id\":\"https:\\\/\\\/akunq.net\\\/turkish\\\/2010\\\/10\\\/07\\\/basbakanin-anideki-sovmenlerden-ne-farki-var\\\/\"},\"wordCount\":650,\"articleSection\":[\"Haberler\"],\"inLanguage\":\"en-US\"},{\"@type\":\"WebPage\",\"@id\":\"https:\\\/\\\/akunq.net\\\/turkish\\\/2010\\\/10\\\/07\\\/basbakanin-anideki-sovmenlerden-ne-farki-var\\\/\",\"url\":\"https:\\\/\\\/akunq.net\\\/turkish\\\/2010\\\/10\\\/07\\\/basbakanin-anideki-sovmenlerden-ne-farki-var\\\/\",\"name\":\"Ba\u015fbakan\u2019\u0131n Ani\u2019deki \u015fovmenlerden ne fark\u0131 var? - Bati Ermenistan Ve Bati Ermenileri Sorunlari Ara\u015ftirmalar Merkezi\",\"isPartOf\":{\"@id\":\"https:\\\/\\\/akunq.net\\\/turkish\\\/#website\"},\"datePublished\":\"2010-10-07T07:34:41+00:00\",\"author\":{\"@id\":\"https:\\\/\\\/akunq.net\\\/turkish\\\/#\\\/schema\\\/person\\\/135e7923d1aeb8887890799619969a6c\"},\"breadcrumb\":{\"@id\":\"https:\\\/\\\/akunq.net\\\/turkish\\\/2010\\\/10\\\/07\\\/basbakanin-anideki-sovmenlerden-ne-farki-var\\\/#breadcrumb\"},\"inLanguage\":\"en-US\",\"potentialAction\":[{\"@type\":\"ReadAction\",\"target\":[\"https:\\\/\\\/akunq.net\\\/turkish\\\/2010\\\/10\\\/07\\\/basbakanin-anideki-sovmenlerden-ne-farki-var\\\/\"]}]},{\"@type\":\"BreadcrumbList\",\"@id\":\"https:\\\/\\\/akunq.net\\\/turkish\\\/2010\\\/10\\\/07\\\/basbakanin-anideki-sovmenlerden-ne-farki-var\\\/#breadcrumb\",\"itemListElement\":[{\"@type\":\"ListItem\",\"position\":1,\"name\":\"Home\",\"item\":\"https:\\\/\\\/akunq.net\\\/turkish\\\/\"},{\"@type\":\"ListItem\",\"position\":2,\"name\":\"Ba\u015fbakan\u2019\u0131n Ani\u2019deki \u015fovmenlerden ne fark\u0131 var?\"}]},{\"@type\":\"WebSite\",\"@id\":\"https:\\\/\\\/akunq.net\\\/turkish\\\/#website\",\"url\":\"https:\\\/\\\/akunq.net\\\/turkish\\\/\",\"name\":\"Bati Ermenistan Ve Bati Ermenileri Sorunlari Ara\u015ftirmalar Merkezi\",\"description\":\"\",\"potentialAction\":[{\"@type\":\"SearchAction\",\"target\":{\"@type\":\"EntryPoint\",\"urlTemplate\":\"https:\\\/\\\/akunq.net\\\/turkish\\\/?s={search_term_string}\"},\"query-input\":{\"@type\":\"PropertyValueSpecification\",\"valueRequired\":true,\"valueName\":\"search_term_string\"}}],\"inLanguage\":\"en-US\"},{\"@type\":\"Person\",\"@id\":\"https:\\\/\\\/akunq.net\\\/turkish\\\/#\\\/schema\\\/person\\\/135e7923d1aeb8887890799619969a6c\",\"name\":\"kalem\",\"image\":{\"@type\":\"ImageObject\",\"inLanguage\":\"en-US\",\"@id\":\"https:\\\/\\\/secure.gravatar.com\\\/avatar\\\/a06875e4b25feb5674296adf8e8a7ae1e587cebce2493fe63c456109967e27d3?s=96&d=mm&r=g\",\"url\":\"https:\\\/\\\/secure.gravatar.com\\\/avatar\\\/a06875e4b25feb5674296adf8e8a7ae1e587cebce2493fe63c456109967e27d3?s=96&d=mm&r=g\",\"contentUrl\":\"https:\\\/\\\/secure.gravatar.com\\\/avatar\\\/a06875e4b25feb5674296adf8e8a7ae1e587cebce2493fe63c456109967e27d3?s=96&d=mm&r=g\",\"caption\":\"kalem\"},\"url\":\"https:\\\/\\\/akunq.net\\\/turkish\\\/author\\\/kalem\\\/\"}]}<\/script>\n<!-- \/ Yoast SEO plugin. -->","yoast_head_json":{"title":"Ba\u015fbakan\u2019\u0131n Ani\u2019deki \u015fovmenlerden ne fark\u0131 var? - Bati Ermenistan Ve Bati Ermenileri Sorunlari Ara\u015ftirmalar Merkezi","robots":{"index":"index","follow":"follow","max-snippet":"max-snippet:-1","max-image-preview":"max-image-preview:large","max-video-preview":"max-video-preview:-1"},"canonical":"https:\/\/akunq.net\/turkish\/2010\/10\/07\/basbakanin-anideki-sovmenlerden-ne-farki-var\/","og_locale":"en_US","og_type":"article","og_title":"Ba\u015fbakan\u2019\u0131n Ani\u2019deki \u015fovmenlerden ne fark\u0131 var? - Bati Ermenistan Ve Bati Ermenileri Sorunlari Ara\u015ftirmalar Merkezi","og_description":"Ani antik \u015fehriyle ilgili konu\u015furken \u0131srarla \u201cAn\u0131\u201d dedi. Biliyorsunuz bin y\u0131ll\u0131k Ani\u2019yi \u201cAn\u0131\u201d yapmak eski K\u00fclt\u00fcr ve Turizm Bakan\u0131 Atilla Ko\u00e7\u2019un bizlere \u201chediyesidir\u201d. (\u201cT\u00fcrk insan\u0131 Sangaryos\u2019u Sakarya yapm\u0131\u015ft\u0131r, \u0130konyum\u2019u Konya yapm\u0131\u015ft\u0131r, Smyrna\u2019y\u0131 \u0130zmir yapm\u0131\u015ft\u0131r, Sagalassos\u2019u da A\u011flasun yapm\u0131\u015ft\u0131r. Gelin, T\u00fcrkiye Cumhuriyeti\u2019nin K\u00fclt\u00fcr Bakan\u0131 da \u201cAni\u201dyi \u201cAn\u0131\u201d yaps\u0131n. Bunu da bana m\u00fcsaade edin.\u201d 17 Aral\u0131k 2006 [&hellip;]","og_url":"https:\/\/akunq.net\/turkish\/2010\/10\/07\/basbakanin-anideki-sovmenlerden-ne-farki-var\/","og_site_name":"Bati Ermenistan Ve Bati Ermenileri Sorunlari Ara\u015ftirmalar Merkezi","article_published_time":"2010-10-07T07:34:41+00:00","author":"kalem","twitter_card":"summary_large_image","twitter_misc":{"Written by":"kalem","Est. reading time":"3 minutes"},"schema":{"@context":"https:\/\/schema.org","@graph":[{"@type":"Article","@id":"https:\/\/akunq.net\/turkish\/2010\/10\/07\/basbakanin-anideki-sovmenlerden-ne-farki-var\/#article","isPartOf":{"@id":"https:\/\/akunq.net\/turkish\/2010\/10\/07\/basbakanin-anideki-sovmenlerden-ne-farki-var\/"},"author":{"name":"kalem","@id":"https:\/\/akunq.net\/turkish\/#\/schema\/person\/135e7923d1aeb8887890799619969a6c"},"headline":"Ba\u015fbakan\u2019\u0131n Ani\u2019deki \u015fovmenlerden ne fark\u0131 var?","datePublished":"2010-10-07T07:34:41+00:00","mainEntityOfPage":{"@id":"https:\/\/akunq.net\/turkish\/2010\/10\/07\/basbakanin-anideki-sovmenlerden-ne-farki-var\/"},"wordCount":650,"articleSection":["Haberler"],"inLanguage":"en-US"},{"@type":"WebPage","@id":"https:\/\/akunq.net\/turkish\/2010\/10\/07\/basbakanin-anideki-sovmenlerden-ne-farki-var\/","url":"https:\/\/akunq.net\/turkish\/2010\/10\/07\/basbakanin-anideki-sovmenlerden-ne-farki-var\/","name":"Ba\u015fbakan\u2019\u0131n Ani\u2019deki \u015fovmenlerden ne fark\u0131 var? - Bati Ermenistan Ve Bati Ermenileri Sorunlari Ara\u015ftirmalar Merkezi","isPartOf":{"@id":"https:\/\/akunq.net\/turkish\/#website"},"datePublished":"2010-10-07T07:34:41+00:00","author":{"@id":"https:\/\/akunq.net\/turkish\/#\/schema\/person\/135e7923d1aeb8887890799619969a6c"},"breadcrumb":{"@id":"https:\/\/akunq.net\/turkish\/2010\/10\/07\/basbakanin-anideki-sovmenlerden-ne-farki-var\/#breadcrumb"},"inLanguage":"en-US","potentialAction":[{"@type":"ReadAction","target":["https:\/\/akunq.net\/turkish\/2010\/10\/07\/basbakanin-anideki-sovmenlerden-ne-farki-var\/"]}]},{"@type":"BreadcrumbList","@id":"https:\/\/akunq.net\/turkish\/2010\/10\/07\/basbakanin-anideki-sovmenlerden-ne-farki-var\/#breadcrumb","itemListElement":[{"@type":"ListItem","position":1,"name":"Home","item":"https:\/\/akunq.net\/turkish\/"},{"@type":"ListItem","position":2,"name":"Ba\u015fbakan\u2019\u0131n Ani\u2019deki \u015fovmenlerden ne fark\u0131 var?"}]},{"@type":"WebSite","@id":"https:\/\/akunq.net\/turkish\/#website","url":"https:\/\/akunq.net\/turkish\/","name":"Bati Ermenistan Ve Bati Ermenileri Sorunlari Ara\u015ftirmalar Merkezi","description":"","potentialAction":[{"@type":"SearchAction","target":{"@type":"EntryPoint","urlTemplate":"https:\/\/akunq.net\/turkish\/?s={search_term_string}"},"query-input":{"@type":"PropertyValueSpecification","valueRequired":true,"valueName":"search_term_string"}}],"inLanguage":"en-US"},{"@type":"Person","@id":"https:\/\/akunq.net\/turkish\/#\/schema\/person\/135e7923d1aeb8887890799619969a6c","name":"kalem","image":{"@type":"ImageObject","inLanguage":"en-US","@id":"https:\/\/secure.gravatar.com\/avatar\/a06875e4b25feb5674296adf8e8a7ae1e587cebce2493fe63c456109967e27d3?s=96&d=mm&r=g","url":"https:\/\/secure.gravatar.com\/avatar\/a06875e4b25feb5674296adf8e8a7ae1e587cebce2493fe63c456109967e27d3?s=96&d=mm&r=g","contentUrl":"https:\/\/secure.gravatar.com\/avatar\/a06875e4b25feb5674296adf8e8a7ae1e587cebce2493fe63c456109967e27d3?s=96&d=mm&r=g","caption":"kalem"},"url":"https:\/\/akunq.net\/turkish\/author\/kalem\/"}]}},"_links":{"self":[{"href":"https:\/\/akunq.net\/turkish\/wp-json\/wp\/v2\/posts\/2241","targetHints":{"allow":["GET"]}}],"collection":[{"href":"https:\/\/akunq.net\/turkish\/wp-json\/wp\/v2\/posts"}],"about":[{"href":"https:\/\/akunq.net\/turkish\/wp-json\/wp\/v2\/types\/post"}],"author":[{"embeddable":true,"href":"https:\/\/akunq.net\/turkish\/wp-json\/wp\/v2\/users\/3"}],"replies":[{"embeddable":true,"href":"https:\/\/akunq.net\/turkish\/wp-json\/wp\/v2\/comments?post=2241"}],"version-history":[{"count":0,"href":"https:\/\/akunq.net\/turkish\/wp-json\/wp\/v2\/posts\/2241\/revisions"}],"wp:attachment":[{"href":"https:\/\/akunq.net\/turkish\/wp-json\/wp\/v2\/media?parent=2241"}],"wp:term":[{"taxonomy":"category","embeddable":true,"href":"https:\/\/akunq.net\/turkish\/wp-json\/wp\/v2\/categories?post=2241"},{"taxonomy":"post_tag","embeddable":true,"href":"https:\/\/akunq.net\/turkish\/wp-json\/wp\/v2\/tags?post=2241"}],"curies":[{"name":"wp","href":"https:\/\/api.w.org\/{rel}","templated":true}]}}