{"id":2239,"date":"2010-10-07T01:23:03","date_gmt":"2010-10-07T06:23:03","guid":{"rendered":"http:\/\/akunq.net\/tr\/?p=2239"},"modified":"2010-10-07T01:23:03","modified_gmt":"2010-10-07T06:23:03","slug":"atilmis-kopruleri-yeniden-insa-etmek","status":"publish","type":"post","link":"https:\/\/akunq.net\/turkish\/2010\/10\/07\/atilmis-kopruleri-yeniden-insa-etmek\/","title":{"rendered":"At\u0131lm\u0131\u015f k\u00f6pr\u00fcleri yeniden in\u015fa etmek"},"content":{"rendered":"<p style=\"text-align: justify\">Erivan. D\u00fcn sabah Hakkari\u2019den yola \u00e7\u0131kt\u0131m, gece yar\u0131s\u0131 Erivan\u2019da idim. \u00d6nce Van, sonra \u0130stanbul, sonra b\u00fct\u00fcn o geldi\u011fim yolu geri giderek Erivan\u2026 Hrant\u2019\u0131n deyimi ile, \u201cUzak, yak\u0131n kom\u015fu\u201d Ermenistan\u2019a gitmek kolay de\u011fil. Onca yak\u0131n olmas\u0131na kar\u015f\u0131n, onca uzak durmaya \u00e7al\u0131\u015ft\u0131\u011f\u0131m\u0131z kom\u015fu.<br \/>\nYine de iyi ge\u00e7mi\u015fe oranla, eskiden Erivan\u2019a gitmek i\u00e7in illa ki Moskova\u2019dan ge\u00e7mek zorunda idiniz. \u015eimdi s\u0131n\u0131r kapal\u0131 ama, hi\u00e7 olmazsa \u0130stanbul-Erivan hava k\u00f6pr\u00fcs\u00fc var.<br \/>\nBir zamanlar Berlin ile olan hava k\u00f6pr\u00fcs\u00fc gibi.<br \/>\nSo\u011fuk sava\u015f biteli onlarca y\u0131l oldu, ama Ermenistan ile so\u011fuk sava\u015f h\u00e2l\u00e2 bitmedi. Bu nedenle, T\u00fcrkiye-Ermenistan s\u0131n\u0131r\u0131n\u0131 h\u00e2l\u00e2 Rus askeri bekliyor. Buna Ermenistan\u2019\u0131 T\u00fcrkiye mecbur k\u0131ld\u0131.<br \/>\nSon d\u00f6nemde Azerbaycan, ate\u015fkesi ihlal eden davran\u0131\u015flar\u0131n\u0131 s\u0131kla\u015ft\u0131rd\u0131. Buna cesaret veren nedenlerden biri de, T\u00fcrkiye\u2019nin uygulad\u0131\u011f\u0131 abluka.<br \/>\nBurada yeni bir sava\u015f provokasyonunun \u00f6n\u00fcne ge\u00e7ilmesi gerek.<br \/>\nT\u00fcrkiye, K\u0131br\u0131s\u2019taki T\u00fcrk toplumunun g\u00fcvenli\u011fi bahanesini, uluslararas\u0131 hukukla \u00e7eli\u015fse bile bir fiili durumu s\u00fcrd\u00fcrmek i\u00e7in ileri s\u00fcrebiliyor.<\/p>\n<p style=\"text-align: justify\">Ama Ermenistan\u2019\u0131n, zaten \u00f6zerk olan Karaba\u011f\u2019\u0131n g\u00fcvenli\u011fi nedeniyle varolan fiili durumu devam ettirmesini ele\u015ftiriyor.<br \/>\nEle\u015ftirmenin \u00f6tesinde Ermenistan\u2019\u0131 ablukaya alarak bir anlamda cezaland\u0131r\u0131yor.<br \/>\nT\u00fcrkiye b\u00fcy\u00fck \u00fclke oldu\u011fu i\u00e7in bunu yapmaya kendinde hak g\u00f6r\u00fcyor ve buna d\u00fcnyada ses \u00e7\u0131karan olmuyor.<br \/>\nAma Ermenistan bunu yap\u0131nca, k\u00fc\u00e7\u00fck \u00fclke oldu\u011fu i\u00e7in, petrol\u00fc olmad\u0131\u011f\u0131 i\u00e7in ya\u015fanan trajedi kimsenin umurunda olmuyor.<br \/>\nErmenistan, k\u00fc\u00e7\u00fck ama onurlu bir \u00fclke ve \u00e7etin bir ceviz.<\/p>\n<p style=\"text-align: justify\">Ermenistan K\u00fcba gibi abluka alt\u0131nda.\u00a0<br \/>\nStalin, b\u00f6l-y\u00f6net mant\u0131\u011f\u0131 ile, Do\u011fu Ermenistan co\u011frafyas\u0131n\u0131 bir labirente \u00e7evirdi. Ermenilerin yo\u011fun oldu\u011fu Karaba\u011f\u2019\u0131 Azarbaycan topraklar\u0131 i\u00e7inde b\u0131rak\u0131rken, T\u00fcrkiye ile Ermenistan aras\u0131ndaki Nah\u00e7evan\u2019\u0131 da Azerilere b\u0131rakt\u0131. Kemalist Ankara\u2019n\u0131n da talebi ile.<\/p>\n<p style=\"text-align: justify\">Oysa madem Karaba\u011f Azerbeycan i\u00e7inde \u00f6zerk olacakt\u0131, pekala Nah\u00e7evan da Ermenistan i\u00e7inde \u00f6zerk b\u00f6lge olabilirdi, iki cumhuriyet aras\u0131nda biraz olsun hakkaniyet ve e\u015fitlik kayg\u0131s\u0131 olsayd\u0131.<br \/>\nOrta\u00e7a\u011f\u0131n en \u00f6nemli Ermeni k\u00fclt\u00fcr merkezlerinden biri olan Culfa kenti de Nah\u00e7evan b\u00f6lgesinde idi. Birka\u00e7 y\u0131l \u00f6nce Culfa kenti kal\u0131nt\u0131lar\u0131ndaki Bin k\u00fcs\u00fcr y\u0131ll\u0131k ha\u00e7karlar ortadan kald\u0131r\u0131ld\u0131. Etnik de\u011fil, tarihsel temizlik! Cavakethi b\u00f6lgesi ise G\u00fcrcistan\u2019a b\u0131rak\u0131ld\u0131. Orada da son on y\u0131ld\u0131r ciddi s\u0131k\u0131nt\u0131lar ya\u015fan\u0131yor. Ermeni kiliseleri G\u00fcrc\u00fcle\u015ftiriliyor. Ermenicenin kullan\u0131m\u0131 k\u0131s\u0131tlan\u0131yor, Ermenice e\u011fitim konusunda s\u0131k\u0131nt\u0131lar ya\u015fan\u0131yor.<br \/>\nAni\u2019de b\u00fcy\u00fck bir ay\u0131p i\u015flendi. Hem tarihe, hem inanca kar\u015f\u0131. Ama buna kar\u015f\u0131, en iyi yan\u0131t yine Kur\u2019an\u2019dan verildi: \u201cVay ki, g\u00f6steri\u015f i\u00e7in ibadet edenlere!..\u201d<br \/>\nMHP panik i\u00e7inde, \u00e7\u00fcnk\u00fc \u0130ttihat Terakki ideolojisi \u0130slam-T\u00fcrk sentezi ellerinden kay\u0131p gidiyor, \u0130slami e\u011filimi g\u00fc\u00e7l\u00fc olanlar AKP\u2019ye, T\u00fcrk\u00e7\u00fc e\u011filimi g\u00fc\u00e7l\u00fc olanlar ise CHP\u2019ye kay\u0131yor\u2026 Asl\u0131nda bu ola\u011fan, T\u00fcrkiye\u2019de dinci yakla\u015f\u0131m ile milliyet\u00e7i yakla\u015f\u0131m, en b\u00fcy\u00fck hegemonya kavgas\u0131n\u0131 s\u00fcrd\u00fcr\u00fcrken, b\u00f6yle bir y\u0131rt\u0131lman\u0131n ya\u015fanmas\u0131 son derece ola\u011fan.<br \/>\n1915 y\u0131l\u0131nda Alman talebi ile \u00e7\u0131kar\u0131lan Cihat karar\u0131 da, dini inanc\u0131n milliyet\u00e7ilik ad\u0131na k\u00f6t\u00fcye kullanl\u0131m\u0131n\u0131n \u00f6rneklerinden biri idi.<br \/>\nOysa Ani\u2019de kilise ile cami aras\u0131nda \u00e7at\u0131\u015fma yok, payla\u015f\u0131m vard\u0131. Sel\u00e7uklu mimarisi dedi\u011finiz \u015fey, Ermeni ustalar\u0131n k\u00fclt\u00fcr\u00fcm\u00fcze payla\u015f\u0131mc\u0131 katk\u0131s\u0131d\u0131r. K\u00fcmbetler, ha\u00e7karlar\u0131 model alan Sel\u00e7uklu mezar ta\u015flar\u0131. Bunun en g\u00fczel \u00f6rnekleri, Van k\u0131y\u0131s\u0131nda ge\u00e7ti\u011fimiz g\u00fcnlerde k\u00fclt\u00fcr miras\u0131 olarak koruma alt\u0131na al\u0131nan Ahlat kentinde.\u00a0\u00a0<\/p>\n<p style=\"text-align: justify\">Dilerim Van G\u00f6l\u00fc \u00e7evresindeki manast\u0131r ve kiliseler de koruma alt\u0131na al\u0131n\u0131r, define avc\u0131lar\u0131n\u0131n tahribat\u0131ndan kurtar\u0131l\u0131r.<br \/>\nBunlar Ermeni mimarisi ve sanat\u0131n\u0131n \u0130slami inan\u00e7 i\u00e7in yap\u0131lm\u0131\u015f uyarlamalar\u0131d\u0131r. Bu birlikte ya\u015fama k\u00fclt\u00fcr\u00fc, Ermenice-T\u00fcrk\u00e7e iki dilli paralara kadar uzanm\u0131\u015ft\u0131r.<br \/>\nSel\u00e7uklu y\u00f6netimi s\u0131ras\u0131nda ve sonras\u0131nda bir \u00e7ok Ermeni beyli\u011fi \u00f6zerk olarak egemenli\u011fini s\u00fcrd\u00fcrm\u00fc\u015ft\u00fcr. Ve Timur ile Osmanl\u0131 aras\u0131nda kavga da, iki egemenlik aras\u0131ndaki bir Ermeni Beyli\u011finin vergisini kime \u00f6deyece\u011fi konusundaki anla\u015fmazl\u0131ktan \u00e7\u0131km\u0131\u015ft\u0131r.<br \/>\nEvet, tarihi Hakkari b\u00f6lgesinden Erivan\u2019a k\u0131sa s\u00fcrede ula\u015fmak m\u00fcmk\u00fcnken, uzun bir yol ald\u0131k.<br \/>\nKafamda ise Hakkari halk\u0131n\u0131n Bat\u0131dan gelen T\u00fcrkiyeli gen\u00e7leri kucaklamas\u0131n\u0131n g\u00f6r\u00fcnt\u00fcleri vard\u0131.<br \/>\nDevrimci Gen\u00e7lik burada asl\u0131nda sadece Zap\u2019\u0131n iki yakas\u0131 aras\u0131nda de\u011fil, iki halk aras\u0131nda k\u00f6pr\u00fc kurmu\u015ftu. Bu k\u00f6pr\u00fcy\u00fc atmaya \u00e7al\u0131\u015fanlar ba\u015far\u0131l\u0131 olamayacak.<br \/>\nGen\u00e7lik, T\u00fcrkiye ile Ermenistan aras\u0131ndaki, bu arada, Ani yak\u0131nlar\u0131ndaki at\u0131lm\u0131\u015f olan tarihsel k\u00f6pr\u00fcleri de yeniden in\u015fa edecektir.<br \/>\nBuna inan\u0131yorum.<\/p>\n<p style=\"text-align: justify\"><strong><em>RAGIP ZARAKOLU\u00a0<\/em><\/strong><strong><em><\/em><\/strong><\/p>\n<p style=\"text-align: justify\"><strong><em>Kaynak:<\/em><\/strong><strong><em> evrensel.net<br \/>\nTarih: 05.10.2010<\/em><\/strong><\/p>\n","protected":false},"excerpt":{"rendered":"<p>Erivan. D\u00fcn sabah Hakkari\u2019den yola \u00e7\u0131kt\u0131m, gece yar\u0131s\u0131 Erivan\u2019da idim. \u00d6nce Van, sonra \u0130stanbul, sonra b\u00fct\u00fcn o geldi\u011fim yolu geri giderek Erivan\u2026 Hrant\u2019\u0131n deyimi ile, \u201cUzak, yak\u0131n kom\u015fu\u201d Ermenistan\u2019a gitmek kolay de\u011fil. Onca yak\u0131n olmas\u0131na kar\u015f\u0131n, onca uzak durmaya \u00e7al\u0131\u015ft\u0131\u011f\u0131m\u0131z kom\u015fu. Yine de iyi ge\u00e7mi\u015fe oranla, eskiden Erivan\u2019a gitmek i\u00e7in illa ki Moskova\u2019dan ge\u00e7mek zorunda [&hellip;]<\/p>\n","protected":false},"author":3,"featured_media":0,"comment_status":"closed","ping_status":"open","sticky":false,"template":"","format":"standard","meta":{"footnotes":""},"categories":[14],"tags":[],"class_list":["post-2239","post","type-post","status-publish","format-standard","hentry","category-haberler"],"yoast_head":"<!-- This site is optimized with the Yoast SEO plugin v27.4 - https:\/\/yoast.com\/product\/yoast-seo-wordpress\/ -->\n<title>At\u0131lm\u0131\u015f k\u00f6pr\u00fcleri yeniden in\u015fa etmek - Bati Ermenistan Ve Bati Ermenileri Sorunlari Ara\u015ftirmalar Merkezi<\/title>\n<meta name=\"robots\" content=\"index, follow, max-snippet:-1, max-image-preview:large, max-video-preview:-1\" \/>\n<link rel=\"canonical\" href=\"https:\/\/akunq.net\/turkish\/2010\/10\/07\/atilmis-kopruleri-yeniden-insa-etmek\/\" \/>\n<meta property=\"og:locale\" content=\"en_US\" \/>\n<meta property=\"og:type\" content=\"article\" \/>\n<meta property=\"og:title\" content=\"At\u0131lm\u0131\u015f k\u00f6pr\u00fcleri yeniden in\u015fa etmek - Bati Ermenistan Ve Bati Ermenileri Sorunlari Ara\u015ftirmalar Merkezi\" \/>\n<meta property=\"og:description\" content=\"Erivan. D\u00fcn sabah Hakkari\u2019den yola \u00e7\u0131kt\u0131m, gece yar\u0131s\u0131 Erivan\u2019da idim. \u00d6nce Van, sonra \u0130stanbul, sonra b\u00fct\u00fcn o geldi\u011fim yolu geri giderek Erivan\u2026 Hrant\u2019\u0131n deyimi ile, \u201cUzak, yak\u0131n kom\u015fu\u201d Ermenistan\u2019a gitmek kolay de\u011fil. Onca yak\u0131n olmas\u0131na kar\u015f\u0131n, onca uzak durmaya \u00e7al\u0131\u015ft\u0131\u011f\u0131m\u0131z kom\u015fu. Yine de iyi ge\u00e7mi\u015fe oranla, eskiden Erivan\u2019a gitmek i\u00e7in illa ki Moskova\u2019dan ge\u00e7mek zorunda [&hellip;]\" \/>\n<meta property=\"og:url\" content=\"https:\/\/akunq.net\/turkish\/2010\/10\/07\/atilmis-kopruleri-yeniden-insa-etmek\/\" \/>\n<meta property=\"og:site_name\" content=\"Bati Ermenistan Ve Bati Ermenileri Sorunlari Ara\u015ftirmalar Merkezi\" \/>\n<meta property=\"article:published_time\" content=\"2010-10-07T06:23:03+00:00\" \/>\n<meta name=\"author\" content=\"kalem\" \/>\n<meta name=\"twitter:card\" content=\"summary_large_image\" \/>\n<meta name=\"twitter:label1\" content=\"Written by\" \/>\n\t<meta name=\"twitter:data1\" content=\"kalem\" \/>\n\t<meta name=\"twitter:label2\" content=\"Est. reading time\" \/>\n\t<meta name=\"twitter:data2\" content=\"5 minutes\" \/>\n<script type=\"application\/ld+json\" class=\"yoast-schema-graph\">{\"@context\":\"https:\\\/\\\/schema.org\",\"@graph\":[{\"@type\":\"Article\",\"@id\":\"https:\\\/\\\/akunq.net\\\/turkish\\\/2010\\\/10\\\/07\\\/atilmis-kopruleri-yeniden-insa-etmek\\\/#article\",\"isPartOf\":{\"@id\":\"https:\\\/\\\/akunq.net\\\/turkish\\\/2010\\\/10\\\/07\\\/atilmis-kopruleri-yeniden-insa-etmek\\\/\"},\"author\":{\"name\":\"kalem\",\"@id\":\"https:\\\/\\\/akunq.net\\\/turkish\\\/#\\\/schema\\\/person\\\/135e7923d1aeb8887890799619969a6c\"},\"headline\":\"At\u0131lm\u0131\u015f k\u00f6pr\u00fcleri yeniden in\u015fa etmek\",\"datePublished\":\"2010-10-07T06:23:03+00:00\",\"mainEntityOfPage\":{\"@id\":\"https:\\\/\\\/akunq.net\\\/turkish\\\/2010\\\/10\\\/07\\\/atilmis-kopruleri-yeniden-insa-etmek\\\/\"},\"wordCount\":918,\"articleSection\":[\"Haberler\"],\"inLanguage\":\"en-US\"},{\"@type\":\"WebPage\",\"@id\":\"https:\\\/\\\/akunq.net\\\/turkish\\\/2010\\\/10\\\/07\\\/atilmis-kopruleri-yeniden-insa-etmek\\\/\",\"url\":\"https:\\\/\\\/akunq.net\\\/turkish\\\/2010\\\/10\\\/07\\\/atilmis-kopruleri-yeniden-insa-etmek\\\/\",\"name\":\"At\u0131lm\u0131\u015f k\u00f6pr\u00fcleri yeniden in\u015fa etmek - Bati Ermenistan Ve Bati Ermenileri Sorunlari Ara\u015ftirmalar Merkezi\",\"isPartOf\":{\"@id\":\"https:\\\/\\\/akunq.net\\\/turkish\\\/#website\"},\"datePublished\":\"2010-10-07T06:23:03+00:00\",\"author\":{\"@id\":\"https:\\\/\\\/akunq.net\\\/turkish\\\/#\\\/schema\\\/person\\\/135e7923d1aeb8887890799619969a6c\"},\"breadcrumb\":{\"@id\":\"https:\\\/\\\/akunq.net\\\/turkish\\\/2010\\\/10\\\/07\\\/atilmis-kopruleri-yeniden-insa-etmek\\\/#breadcrumb\"},\"inLanguage\":\"en-US\",\"potentialAction\":[{\"@type\":\"ReadAction\",\"target\":[\"https:\\\/\\\/akunq.net\\\/turkish\\\/2010\\\/10\\\/07\\\/atilmis-kopruleri-yeniden-insa-etmek\\\/\"]}]},{\"@type\":\"BreadcrumbList\",\"@id\":\"https:\\\/\\\/akunq.net\\\/turkish\\\/2010\\\/10\\\/07\\\/atilmis-kopruleri-yeniden-insa-etmek\\\/#breadcrumb\",\"itemListElement\":[{\"@type\":\"ListItem\",\"position\":1,\"name\":\"Home\",\"item\":\"https:\\\/\\\/akunq.net\\\/turkish\\\/\"},{\"@type\":\"ListItem\",\"position\":2,\"name\":\"At\u0131lm\u0131\u015f k\u00f6pr\u00fcleri yeniden in\u015fa etmek\"}]},{\"@type\":\"WebSite\",\"@id\":\"https:\\\/\\\/akunq.net\\\/turkish\\\/#website\",\"url\":\"https:\\\/\\\/akunq.net\\\/turkish\\\/\",\"name\":\"Bati Ermenistan Ve Bati Ermenileri Sorunlari Ara\u015ftirmalar Merkezi\",\"description\":\"\",\"potentialAction\":[{\"@type\":\"SearchAction\",\"target\":{\"@type\":\"EntryPoint\",\"urlTemplate\":\"https:\\\/\\\/akunq.net\\\/turkish\\\/?s={search_term_string}\"},\"query-input\":{\"@type\":\"PropertyValueSpecification\",\"valueRequired\":true,\"valueName\":\"search_term_string\"}}],\"inLanguage\":\"en-US\"},{\"@type\":\"Person\",\"@id\":\"https:\\\/\\\/akunq.net\\\/turkish\\\/#\\\/schema\\\/person\\\/135e7923d1aeb8887890799619969a6c\",\"name\":\"kalem\",\"image\":{\"@type\":\"ImageObject\",\"inLanguage\":\"en-US\",\"@id\":\"https:\\\/\\\/secure.gravatar.com\\\/avatar\\\/a06875e4b25feb5674296adf8e8a7ae1e587cebce2493fe63c456109967e27d3?s=96&d=mm&r=g\",\"url\":\"https:\\\/\\\/secure.gravatar.com\\\/avatar\\\/a06875e4b25feb5674296adf8e8a7ae1e587cebce2493fe63c456109967e27d3?s=96&d=mm&r=g\",\"contentUrl\":\"https:\\\/\\\/secure.gravatar.com\\\/avatar\\\/a06875e4b25feb5674296adf8e8a7ae1e587cebce2493fe63c456109967e27d3?s=96&d=mm&r=g\",\"caption\":\"kalem\"},\"url\":\"https:\\\/\\\/akunq.net\\\/turkish\\\/author\\\/kalem\\\/\"}]}<\/script>\n<!-- \/ Yoast SEO plugin. -->","yoast_head_json":{"title":"At\u0131lm\u0131\u015f k\u00f6pr\u00fcleri yeniden in\u015fa etmek - Bati Ermenistan Ve Bati Ermenileri Sorunlari Ara\u015ftirmalar Merkezi","robots":{"index":"index","follow":"follow","max-snippet":"max-snippet:-1","max-image-preview":"max-image-preview:large","max-video-preview":"max-video-preview:-1"},"canonical":"https:\/\/akunq.net\/turkish\/2010\/10\/07\/atilmis-kopruleri-yeniden-insa-etmek\/","og_locale":"en_US","og_type":"article","og_title":"At\u0131lm\u0131\u015f k\u00f6pr\u00fcleri yeniden in\u015fa etmek - Bati Ermenistan Ve Bati Ermenileri Sorunlari Ara\u015ftirmalar Merkezi","og_description":"Erivan. D\u00fcn sabah Hakkari\u2019den yola \u00e7\u0131kt\u0131m, gece yar\u0131s\u0131 Erivan\u2019da idim. \u00d6nce Van, sonra \u0130stanbul, sonra b\u00fct\u00fcn o geldi\u011fim yolu geri giderek Erivan\u2026 Hrant\u2019\u0131n deyimi ile, \u201cUzak, yak\u0131n kom\u015fu\u201d Ermenistan\u2019a gitmek kolay de\u011fil. Onca yak\u0131n olmas\u0131na kar\u015f\u0131n, onca uzak durmaya \u00e7al\u0131\u015ft\u0131\u011f\u0131m\u0131z kom\u015fu. Yine de iyi ge\u00e7mi\u015fe oranla, eskiden Erivan\u2019a gitmek i\u00e7in illa ki Moskova\u2019dan ge\u00e7mek zorunda [&hellip;]","og_url":"https:\/\/akunq.net\/turkish\/2010\/10\/07\/atilmis-kopruleri-yeniden-insa-etmek\/","og_site_name":"Bati Ermenistan Ve Bati Ermenileri Sorunlari Ara\u015ftirmalar Merkezi","article_published_time":"2010-10-07T06:23:03+00:00","author":"kalem","twitter_card":"summary_large_image","twitter_misc":{"Written by":"kalem","Est. reading time":"5 minutes"},"schema":{"@context":"https:\/\/schema.org","@graph":[{"@type":"Article","@id":"https:\/\/akunq.net\/turkish\/2010\/10\/07\/atilmis-kopruleri-yeniden-insa-etmek\/#article","isPartOf":{"@id":"https:\/\/akunq.net\/turkish\/2010\/10\/07\/atilmis-kopruleri-yeniden-insa-etmek\/"},"author":{"name":"kalem","@id":"https:\/\/akunq.net\/turkish\/#\/schema\/person\/135e7923d1aeb8887890799619969a6c"},"headline":"At\u0131lm\u0131\u015f k\u00f6pr\u00fcleri yeniden in\u015fa etmek","datePublished":"2010-10-07T06:23:03+00:00","mainEntityOfPage":{"@id":"https:\/\/akunq.net\/turkish\/2010\/10\/07\/atilmis-kopruleri-yeniden-insa-etmek\/"},"wordCount":918,"articleSection":["Haberler"],"inLanguage":"en-US"},{"@type":"WebPage","@id":"https:\/\/akunq.net\/turkish\/2010\/10\/07\/atilmis-kopruleri-yeniden-insa-etmek\/","url":"https:\/\/akunq.net\/turkish\/2010\/10\/07\/atilmis-kopruleri-yeniden-insa-etmek\/","name":"At\u0131lm\u0131\u015f k\u00f6pr\u00fcleri yeniden in\u015fa etmek - Bati Ermenistan Ve Bati Ermenileri Sorunlari Ara\u015ftirmalar Merkezi","isPartOf":{"@id":"https:\/\/akunq.net\/turkish\/#website"},"datePublished":"2010-10-07T06:23:03+00:00","author":{"@id":"https:\/\/akunq.net\/turkish\/#\/schema\/person\/135e7923d1aeb8887890799619969a6c"},"breadcrumb":{"@id":"https:\/\/akunq.net\/turkish\/2010\/10\/07\/atilmis-kopruleri-yeniden-insa-etmek\/#breadcrumb"},"inLanguage":"en-US","potentialAction":[{"@type":"ReadAction","target":["https:\/\/akunq.net\/turkish\/2010\/10\/07\/atilmis-kopruleri-yeniden-insa-etmek\/"]}]},{"@type":"BreadcrumbList","@id":"https:\/\/akunq.net\/turkish\/2010\/10\/07\/atilmis-kopruleri-yeniden-insa-etmek\/#breadcrumb","itemListElement":[{"@type":"ListItem","position":1,"name":"Home","item":"https:\/\/akunq.net\/turkish\/"},{"@type":"ListItem","position":2,"name":"At\u0131lm\u0131\u015f k\u00f6pr\u00fcleri yeniden in\u015fa etmek"}]},{"@type":"WebSite","@id":"https:\/\/akunq.net\/turkish\/#website","url":"https:\/\/akunq.net\/turkish\/","name":"Bati Ermenistan Ve Bati Ermenileri Sorunlari Ara\u015ftirmalar Merkezi","description":"","potentialAction":[{"@type":"SearchAction","target":{"@type":"EntryPoint","urlTemplate":"https:\/\/akunq.net\/turkish\/?s={search_term_string}"},"query-input":{"@type":"PropertyValueSpecification","valueRequired":true,"valueName":"search_term_string"}}],"inLanguage":"en-US"},{"@type":"Person","@id":"https:\/\/akunq.net\/turkish\/#\/schema\/person\/135e7923d1aeb8887890799619969a6c","name":"kalem","image":{"@type":"ImageObject","inLanguage":"en-US","@id":"https:\/\/secure.gravatar.com\/avatar\/a06875e4b25feb5674296adf8e8a7ae1e587cebce2493fe63c456109967e27d3?s=96&d=mm&r=g","url":"https:\/\/secure.gravatar.com\/avatar\/a06875e4b25feb5674296adf8e8a7ae1e587cebce2493fe63c456109967e27d3?s=96&d=mm&r=g","contentUrl":"https:\/\/secure.gravatar.com\/avatar\/a06875e4b25feb5674296adf8e8a7ae1e587cebce2493fe63c456109967e27d3?s=96&d=mm&r=g","caption":"kalem"},"url":"https:\/\/akunq.net\/turkish\/author\/kalem\/"}]}},"_links":{"self":[{"href":"https:\/\/akunq.net\/turkish\/wp-json\/wp\/v2\/posts\/2239","targetHints":{"allow":["GET"]}}],"collection":[{"href":"https:\/\/akunq.net\/turkish\/wp-json\/wp\/v2\/posts"}],"about":[{"href":"https:\/\/akunq.net\/turkish\/wp-json\/wp\/v2\/types\/post"}],"author":[{"embeddable":true,"href":"https:\/\/akunq.net\/turkish\/wp-json\/wp\/v2\/users\/3"}],"replies":[{"embeddable":true,"href":"https:\/\/akunq.net\/turkish\/wp-json\/wp\/v2\/comments?post=2239"}],"version-history":[{"count":0,"href":"https:\/\/akunq.net\/turkish\/wp-json\/wp\/v2\/posts\/2239\/revisions"}],"wp:attachment":[{"href":"https:\/\/akunq.net\/turkish\/wp-json\/wp\/v2\/media?parent=2239"}],"wp:term":[{"taxonomy":"category","embeddable":true,"href":"https:\/\/akunq.net\/turkish\/wp-json\/wp\/v2\/categories?post=2239"},{"taxonomy":"post_tag","embeddable":true,"href":"https:\/\/akunq.net\/turkish\/wp-json\/wp\/v2\/tags?post=2239"}],"curies":[{"name":"wp","href":"https:\/\/api.w.org\/{rel}","templated":true}]}}