{"id":2234,"date":"2010-10-06T04:26:57","date_gmt":"2010-10-06T09:26:57","guid":{"rendered":"http:\/\/akunq.net\/tr\/?p=2234"},"modified":"2010-10-06T04:26:57","modified_gmt":"2010-10-06T09:26:57","slug":"akrabalarim-nerede-sergisi-acildi","status":"publish","type":"post","link":"https:\/\/akunq.net\/turkish\/2010\/10\/06\/akrabalarim-nerede-sergisi-acildi\/","title":{"rendered":"&#8216;Akrabalar\u0131m Nerede&#8217; sergisi a\u00e7\u0131ld\u0131"},"content":{"rendered":"<p style=\"text-align: justify\"><strong><em>Girit\u2019de ya\u015fayan T\u00fcrk vatanda\u015flar\u0131n\u0131n T\u00fcrkiye\u2019ye g\u00f6nderilmeleri ile par\u00e7alanan aileler aras\u0131nda Tarsus\u2019un \u0130hsaniye k\u00f6y\u00fcnde ya\u015fayan Girit M\u00fcbadillerinin ya\u015famlar\u0131n\u0131 konu alan resim sergisini Adana K\u00fclt\u00fcr Sanat Merkezinde verilen kokteyl ile a\u00e7t\u0131.<\/em><\/strong><em><\/em><\/p>\n<p style=\"text-align: justify\">\u00a0Dr. Ali \u0130hsan \u00d6kten ve \u0130lhan Mara\u015fl\u0131, 1897\u00a0 y\u0131l\u0131nda ba\u015flayan T\u00fcrk-Yunan sava\u015f\u0131nda Girit adas\u0131n\u0131n Osmanl\u0131lardan Yunanistan\u2019a ge\u00e7mesi sonucunda Girit\u2019de ya\u015fayan T\u00fcrk vatanda\u015flar\u0131n\u0131n T\u00fcrkiye\u2019ye g\u00f6nderilmeleri ile par\u00e7alanan aileler aras\u0131nda Tarsus\u2019un \u0130hsaniye k\u00f6y\u00fcnde ya\u015fayan Girit M\u00fcbadillerinin ya\u015famlar\u0131n\u0131 konu alan resim sergisini Adana K\u00fclt\u00fcr Sanat Merkezinde verilen kokteyl ile a\u00e7t\u0131.<\/p>\n<p style=\"text-align: justify\">Akrabalar\u0131m Nerede sergisinin a\u00e7\u0131l\u0131\u015f\u0131na Adana Tabip Odas\u0131(ATO) Ba\u015fkan\u0131 Dr. R\u0131za Mete ve Y\u00f6netim Kurulu \u00dcyeleri, Do\u011fu Akdeniz Sanayici ve \u0130\u015fadamalar\u0131 Dernekleri Federasyonu(DAS\u0130FED) Ba\u015fkan\u0131 S\u00fcleyman Onat\u00e7a, TMMOB \u0130KK Adana Sekreteri Mustafa Alt\u0131okka, Ziraat M\u00fchendisleri Odas\u0131 Adana \u015eube Y\u00f6netim Kurulu \u00dcyeleri, E\u011fitimsen Adana \u015eube Ba\u015fkan\u0131 G\u00fcven Bo\u011fa, SES Adana \u015eube Ba\u015fkan\u0131 Dr. Mehmet Antmen ve Y\u00f6netim Kurulu \u00dcyeleri, Adana Foto\u011fraf Amat\u00f6rleri Derne\u011fi(AFAD) Ba\u015fkan\u0131 Tahsin Sezer ve \u00dcyeleri, Tarsus Giritliler Derne\u011fi Ba\u015fkan\u0131 Sait Karail, \u00c7ukurova Girit M\u00fcbadilleri K\u00fclt\u00fcr ve Dayan\u0131\u015fma Derne\u011fi Ba\u015fkan\u0131 Y\u00fcksel Han\u00e7erli ve \u00dcyeleri, Zeytindostu Derne\u011fi Genel Sekreteri ve Adana B\u00f6lge Temsilcisi Murat \u00d6ztanr\u0131\u00f6ver, Foto\u011fraf Sanat\u00e7\u0131lar\u0131 ve Sanatseverler kat\u0131ld\u0131.<\/p>\n<p style=\"text-align: justify\">Serginin a\u00e7\u0131l\u0131\u015f konu\u015fmas\u0131n\u0131 yapan Dr. Ali \u0130hsan \u00d6kten,\u201d K\u00fclt\u00fcrel \u00e7e\u015fitlilik \u00fczerine ba\u015flad\u0131\u011f\u0131m\u0131z projede \u201cT\u00fcrkiye T\u00fcrklerindir\u201d s\u00f6z\u00fcndeki kimdir bu T\u00fcrkler? Sorusunun yan\u0131t\u0131n\u0131 objektifimiz arac\u0131l\u0131\u011f\u0131yla de\u011fi\u015fik arkada\u015flarla aramaya ba\u015flad\u0131k. Asl\u0131nda T\u00fcrkiye kimlerindir? Sorusuna yan\u0131t basittir. Yan\u0131t buradaki herkestir. T\u00fcrkiye, Giritlilerindir, Arap Alevilerindir, S\u00fcnnilerindir, K\u0131r\u0131m Tatarlar\u0131nd\u0131r, Bulgar, Arnavut g\u00f6\u00e7melerinindir, Sar\u0131 ke\u00e7ililerindir, Y\u00f6r\u00fcklerindir, Ermenilerindir, Arap H\u0131ristiyanlar\u0131nd\u0131r, K\u00fcrtlerindir, Romanlar\u0131nd\u0131r, Lazlar\u0131nd\u0131r, \u00d6zbeklerindir, vs. vs. Bu foto\u011fraflar, de\u011fi\u015fik kimliklerden do\u011fan k\u00fclt\u00fcrel ve ya\u015famsal farkl\u0131l\u0131klar\u0131 yans\u0131tmak amac\u0131yla \u00e7ekilmi\u015ftir. Bundan sonra yapaca\u011f\u0131m\u0131z \u00e7al\u0131\u015fmalar, insan olmam\u0131zdan gelen bir ortak ba\u011f\u0131 payla\u015fmakta oldu\u011fumuzu, anlatmak amac\u0131yla ger\u00e7ekle\u015ftirece\u011fiz. Bu foto\u011fraflar\u0131n hepsinde bir insan portresi g\u00f6receksiniz. Ne\u015felendi\u011finde g\u00fclen, h\u00fcz\u00fcnlendi\u011finde a\u011flayan, seven, sevilen, ya\u015fam\u0131n\u0131 s\u00fcrd\u00fcrmek i\u00e7in \u00e7al\u0131\u015fan, umutlar\u0131, kayg\u0131lar\u0131 ve d\u00fc\u015fleri olan ancak, daha \u00e7ok kendi k\u00fclt\u00fcrel ge\u00e7mi\u015fini ya\u015fatan veya ya\u015fatmaya \u00e7al\u0131\u015fan insanlar\u0131n \u00f6yk\u00fcs\u00fcn\u00fc bulacaks\u0131n\u0131z. Baz\u0131 foto\u011fraflarda derin bir h\u00fcz\u00fcn, baz\u0131lar\u0131nda derin bir yer ve yurt \u00f6zlemi duyabilirsiniz. \u00c7al\u0131\u015fman\u0131n sonunda bir soya\u011fac\u0131 foto\u011fraf\u0131 g\u00f6receksiniz. Bu foto\u011fraf k\u00f6kleri Girit\u2019te dallar\u0131 ise T\u00fcrkiye\u2019ye uzanm\u0131\u015f bir ailenin foto\u011fraf\u0131d\u0131r, arada baz\u0131 dallar\u0131n kopmu\u015f veya kesilmi\u015f oldu\u011funu g\u00f6rseniz bile dallardaki yapraklar yeni bir hayat ve yeni bir ya\u015fama sevincini yans\u0131tmaktad\u0131r. Aradan y\u0131llar ge\u00e7se bile ta\u015f\u0131nmaz her t\u00fcrl\u00fc mal varl\u0131klar\u0131n\u0131 sevdiklerinin mezarlar\u0131n\u0131 geride b\u0131rakan bu m\u00fcbadiller beraberlerinde sadece birka\u00e7 par\u00e7a ta\u015f\u0131nabilir e\u015fyayla somut olmayan k\u00fclt\u00fcrel miraslar\u0131n\u0131, dillerini, o dilde s\u00f6yledikleri t\u00fcrk\u00fclerini, \u015fark\u0131lar\u0131n\u0131, ke\u00e7i s\u00fct\u00fcnden yap\u0131lm\u0131\u015f peynirlerini, zeytinlerini, zeytinya\u011flar\u0131n\u0131, kendi \u00fcrettikleri \u015faraplar\u0131n\u0131, ot ve sebzeye dayanan mutfak k\u00fclt\u00fcrlerini k\u0131sacas\u0131 belleklerini getirmi\u015flerdir. Bu foto\u011fraflar, foto\u011fraf\u00e7\u0131larla konusu aras\u0131ndaki etkile\u015fimi m\u00fcmk\u00fcn oldu\u011fu kadar yans\u0131tmaya \u00e7al\u0131\u015farak \u00e7ekilmi\u015ftir\u201d dedi.<\/p>\n<p style=\"text-align: justify\">\u00a0<strong><em>03.10.10<\/em><\/strong><\/p>\n<p style=\"text-align: justify\"><strong><em>http:\/\/www.ekspresgazete.com\/?\/haber\/oku\/24252<\/em><\/strong><\/p>\n","protected":false},"excerpt":{"rendered":"<p>Girit\u2019de ya\u015fayan T\u00fcrk vatanda\u015flar\u0131n\u0131n T\u00fcrkiye\u2019ye g\u00f6nderilmeleri ile par\u00e7alanan aileler aras\u0131nda Tarsus\u2019un \u0130hsaniye k\u00f6y\u00fcnde ya\u015fayan Girit M\u00fcbadillerinin ya\u015famlar\u0131n\u0131 konu alan resim sergisini Adana K\u00fclt\u00fcr Sanat Merkezinde verilen kokteyl ile a\u00e7t\u0131. \u00a0Dr. Ali \u0130hsan \u00d6kten ve \u0130lhan Mara\u015fl\u0131, 1897\u00a0 y\u0131l\u0131nda ba\u015flayan T\u00fcrk-Yunan sava\u015f\u0131nda Girit adas\u0131n\u0131n Osmanl\u0131lardan Yunanistan\u2019a ge\u00e7mesi sonucunda Girit\u2019de ya\u015fayan T\u00fcrk vatanda\u015flar\u0131n\u0131n T\u00fcrkiye\u2019ye g\u00f6nderilmeleri ile par\u00e7alanan [&hellip;]<\/p>\n","protected":false},"author":3,"featured_media":0,"comment_status":"closed","ping_status":"open","sticky":false,"template":"","format":"standard","meta":{"footnotes":""},"categories":[14],"tags":[],"class_list":["post-2234","post","type-post","status-publish","format-standard","hentry","category-haberler"],"yoast_head":"<!-- This site is optimized with the Yoast SEO plugin v27.4 - https:\/\/yoast.com\/product\/yoast-seo-wordpress\/ -->\n<title>&#039;Akrabalar\u0131m Nerede&#039; sergisi a\u00e7\u0131ld\u0131 - Bati Ermenistan Ve Bati Ermenileri Sorunlari Ara\u015ftirmalar Merkezi<\/title>\n<meta name=\"robots\" content=\"index, follow, max-snippet:-1, max-image-preview:large, max-video-preview:-1\" \/>\n<link rel=\"canonical\" href=\"https:\/\/akunq.net\/turkish\/2010\/10\/06\/akrabalarim-nerede-sergisi-acildi\/\" \/>\n<meta property=\"og:locale\" content=\"en_US\" \/>\n<meta property=\"og:type\" content=\"article\" \/>\n<meta property=\"og:title\" content=\"&#039;Akrabalar\u0131m Nerede&#039; sergisi a\u00e7\u0131ld\u0131 - Bati Ermenistan Ve Bati Ermenileri Sorunlari Ara\u015ftirmalar Merkezi\" \/>\n<meta property=\"og:description\" content=\"Girit\u2019de ya\u015fayan T\u00fcrk vatanda\u015flar\u0131n\u0131n T\u00fcrkiye\u2019ye g\u00f6nderilmeleri ile par\u00e7alanan aileler aras\u0131nda Tarsus\u2019un \u0130hsaniye k\u00f6y\u00fcnde ya\u015fayan Girit M\u00fcbadillerinin ya\u015famlar\u0131n\u0131 konu alan resim sergisini Adana K\u00fclt\u00fcr Sanat Merkezinde verilen kokteyl ile a\u00e7t\u0131. \u00a0Dr. Ali \u0130hsan \u00d6kten ve \u0130lhan Mara\u015fl\u0131, 1897\u00a0 y\u0131l\u0131nda ba\u015flayan T\u00fcrk-Yunan sava\u015f\u0131nda Girit adas\u0131n\u0131n Osmanl\u0131lardan Yunanistan\u2019a ge\u00e7mesi sonucunda Girit\u2019de ya\u015fayan T\u00fcrk vatanda\u015flar\u0131n\u0131n T\u00fcrkiye\u2019ye g\u00f6nderilmeleri ile par\u00e7alanan [&hellip;]\" \/>\n<meta property=\"og:url\" content=\"https:\/\/akunq.net\/turkish\/2010\/10\/06\/akrabalarim-nerede-sergisi-acildi\/\" \/>\n<meta property=\"og:site_name\" content=\"Bati Ermenistan Ve Bati Ermenileri Sorunlari Ara\u015ftirmalar Merkezi\" \/>\n<meta property=\"article:published_time\" content=\"2010-10-06T09:26:57+00:00\" \/>\n<meta name=\"author\" content=\"kalem\" \/>\n<meta name=\"twitter:card\" content=\"summary_large_image\" \/>\n<meta name=\"twitter:label1\" content=\"Written by\" \/>\n\t<meta name=\"twitter:data1\" content=\"kalem\" \/>\n\t<meta name=\"twitter:label2\" content=\"Est. reading time\" \/>\n\t<meta name=\"twitter:data2\" content=\"3 minutes\" \/>\n<script type=\"application\/ld+json\" class=\"yoast-schema-graph\">{\"@context\":\"https:\\\/\\\/schema.org\",\"@graph\":[{\"@type\":\"Article\",\"@id\":\"https:\\\/\\\/akunq.net\\\/turkish\\\/2010\\\/10\\\/06\\\/akrabalarim-nerede-sergisi-acildi\\\/#article\",\"isPartOf\":{\"@id\":\"https:\\\/\\\/akunq.net\\\/turkish\\\/2010\\\/10\\\/06\\\/akrabalarim-nerede-sergisi-acildi\\\/\"},\"author\":{\"name\":\"kalem\",\"@id\":\"https:\\\/\\\/akunq.net\\\/turkish\\\/#\\\/schema\\\/person\\\/135e7923d1aeb8887890799619969a6c\"},\"headline\":\"&#8216;Akrabalar\u0131m Nerede&#8217; sergisi a\u00e7\u0131ld\u0131\",\"datePublished\":\"2010-10-06T09:26:57+00:00\",\"mainEntityOfPage\":{\"@id\":\"https:\\\/\\\/akunq.net\\\/turkish\\\/2010\\\/10\\\/06\\\/akrabalarim-nerede-sergisi-acildi\\\/\"},\"wordCount\":676,\"articleSection\":[\"Haberler\"],\"inLanguage\":\"en-US\"},{\"@type\":\"WebPage\",\"@id\":\"https:\\\/\\\/akunq.net\\\/turkish\\\/2010\\\/10\\\/06\\\/akrabalarim-nerede-sergisi-acildi\\\/\",\"url\":\"https:\\\/\\\/akunq.net\\\/turkish\\\/2010\\\/10\\\/06\\\/akrabalarim-nerede-sergisi-acildi\\\/\",\"name\":\"'Akrabalar\u0131m Nerede' sergisi a\u00e7\u0131ld\u0131 - Bati Ermenistan Ve Bati Ermenileri Sorunlari Ara\u015ftirmalar Merkezi\",\"isPartOf\":{\"@id\":\"https:\\\/\\\/akunq.net\\\/turkish\\\/#website\"},\"datePublished\":\"2010-10-06T09:26:57+00:00\",\"author\":{\"@id\":\"https:\\\/\\\/akunq.net\\\/turkish\\\/#\\\/schema\\\/person\\\/135e7923d1aeb8887890799619969a6c\"},\"breadcrumb\":{\"@id\":\"https:\\\/\\\/akunq.net\\\/turkish\\\/2010\\\/10\\\/06\\\/akrabalarim-nerede-sergisi-acildi\\\/#breadcrumb\"},\"inLanguage\":\"en-US\",\"potentialAction\":[{\"@type\":\"ReadAction\",\"target\":[\"https:\\\/\\\/akunq.net\\\/turkish\\\/2010\\\/10\\\/06\\\/akrabalarim-nerede-sergisi-acildi\\\/\"]}]},{\"@type\":\"BreadcrumbList\",\"@id\":\"https:\\\/\\\/akunq.net\\\/turkish\\\/2010\\\/10\\\/06\\\/akrabalarim-nerede-sergisi-acildi\\\/#breadcrumb\",\"itemListElement\":[{\"@type\":\"ListItem\",\"position\":1,\"name\":\"Home\",\"item\":\"https:\\\/\\\/akunq.net\\\/turkish\\\/\"},{\"@type\":\"ListItem\",\"position\":2,\"name\":\"&#8216;Akrabalar\u0131m Nerede&#8217; sergisi a\u00e7\u0131ld\u0131\"}]},{\"@type\":\"WebSite\",\"@id\":\"https:\\\/\\\/akunq.net\\\/turkish\\\/#website\",\"url\":\"https:\\\/\\\/akunq.net\\\/turkish\\\/\",\"name\":\"Bati Ermenistan Ve Bati Ermenileri Sorunlari Ara\u015ftirmalar Merkezi\",\"description\":\"\",\"potentialAction\":[{\"@type\":\"SearchAction\",\"target\":{\"@type\":\"EntryPoint\",\"urlTemplate\":\"https:\\\/\\\/akunq.net\\\/turkish\\\/?s={search_term_string}\"},\"query-input\":{\"@type\":\"PropertyValueSpecification\",\"valueRequired\":true,\"valueName\":\"search_term_string\"}}],\"inLanguage\":\"en-US\"},{\"@type\":\"Person\",\"@id\":\"https:\\\/\\\/akunq.net\\\/turkish\\\/#\\\/schema\\\/person\\\/135e7923d1aeb8887890799619969a6c\",\"name\":\"kalem\",\"image\":{\"@type\":\"ImageObject\",\"inLanguage\":\"en-US\",\"@id\":\"https:\\\/\\\/secure.gravatar.com\\\/avatar\\\/a06875e4b25feb5674296adf8e8a7ae1e587cebce2493fe63c456109967e27d3?s=96&d=mm&r=g\",\"url\":\"https:\\\/\\\/secure.gravatar.com\\\/avatar\\\/a06875e4b25feb5674296adf8e8a7ae1e587cebce2493fe63c456109967e27d3?s=96&d=mm&r=g\",\"contentUrl\":\"https:\\\/\\\/secure.gravatar.com\\\/avatar\\\/a06875e4b25feb5674296adf8e8a7ae1e587cebce2493fe63c456109967e27d3?s=96&d=mm&r=g\",\"caption\":\"kalem\"},\"url\":\"https:\\\/\\\/akunq.net\\\/turkish\\\/author\\\/kalem\\\/\"}]}<\/script>\n<!-- \/ Yoast SEO plugin. -->","yoast_head_json":{"title":"'Akrabalar\u0131m Nerede' sergisi a\u00e7\u0131ld\u0131 - Bati Ermenistan Ve Bati Ermenileri Sorunlari Ara\u015ftirmalar Merkezi","robots":{"index":"index","follow":"follow","max-snippet":"max-snippet:-1","max-image-preview":"max-image-preview:large","max-video-preview":"max-video-preview:-1"},"canonical":"https:\/\/akunq.net\/turkish\/2010\/10\/06\/akrabalarim-nerede-sergisi-acildi\/","og_locale":"en_US","og_type":"article","og_title":"'Akrabalar\u0131m Nerede' sergisi a\u00e7\u0131ld\u0131 - Bati Ermenistan Ve Bati Ermenileri Sorunlari Ara\u015ftirmalar Merkezi","og_description":"Girit\u2019de ya\u015fayan T\u00fcrk vatanda\u015flar\u0131n\u0131n T\u00fcrkiye\u2019ye g\u00f6nderilmeleri ile par\u00e7alanan aileler aras\u0131nda Tarsus\u2019un \u0130hsaniye k\u00f6y\u00fcnde ya\u015fayan Girit M\u00fcbadillerinin ya\u015famlar\u0131n\u0131 konu alan resim sergisini Adana K\u00fclt\u00fcr Sanat Merkezinde verilen kokteyl ile a\u00e7t\u0131. \u00a0Dr. Ali \u0130hsan \u00d6kten ve \u0130lhan Mara\u015fl\u0131, 1897\u00a0 y\u0131l\u0131nda ba\u015flayan T\u00fcrk-Yunan sava\u015f\u0131nda Girit adas\u0131n\u0131n Osmanl\u0131lardan Yunanistan\u2019a ge\u00e7mesi sonucunda Girit\u2019de ya\u015fayan T\u00fcrk vatanda\u015flar\u0131n\u0131n T\u00fcrkiye\u2019ye g\u00f6nderilmeleri ile par\u00e7alanan [&hellip;]","og_url":"https:\/\/akunq.net\/turkish\/2010\/10\/06\/akrabalarim-nerede-sergisi-acildi\/","og_site_name":"Bati Ermenistan Ve Bati Ermenileri Sorunlari Ara\u015ftirmalar Merkezi","article_published_time":"2010-10-06T09:26:57+00:00","author":"kalem","twitter_card":"summary_large_image","twitter_misc":{"Written by":"kalem","Est. reading time":"3 minutes"},"schema":{"@context":"https:\/\/schema.org","@graph":[{"@type":"Article","@id":"https:\/\/akunq.net\/turkish\/2010\/10\/06\/akrabalarim-nerede-sergisi-acildi\/#article","isPartOf":{"@id":"https:\/\/akunq.net\/turkish\/2010\/10\/06\/akrabalarim-nerede-sergisi-acildi\/"},"author":{"name":"kalem","@id":"https:\/\/akunq.net\/turkish\/#\/schema\/person\/135e7923d1aeb8887890799619969a6c"},"headline":"&#8216;Akrabalar\u0131m Nerede&#8217; sergisi a\u00e7\u0131ld\u0131","datePublished":"2010-10-06T09:26:57+00:00","mainEntityOfPage":{"@id":"https:\/\/akunq.net\/turkish\/2010\/10\/06\/akrabalarim-nerede-sergisi-acildi\/"},"wordCount":676,"articleSection":["Haberler"],"inLanguage":"en-US"},{"@type":"WebPage","@id":"https:\/\/akunq.net\/turkish\/2010\/10\/06\/akrabalarim-nerede-sergisi-acildi\/","url":"https:\/\/akunq.net\/turkish\/2010\/10\/06\/akrabalarim-nerede-sergisi-acildi\/","name":"'Akrabalar\u0131m Nerede' sergisi a\u00e7\u0131ld\u0131 - Bati Ermenistan Ve Bati Ermenileri Sorunlari Ara\u015ftirmalar Merkezi","isPartOf":{"@id":"https:\/\/akunq.net\/turkish\/#website"},"datePublished":"2010-10-06T09:26:57+00:00","author":{"@id":"https:\/\/akunq.net\/turkish\/#\/schema\/person\/135e7923d1aeb8887890799619969a6c"},"breadcrumb":{"@id":"https:\/\/akunq.net\/turkish\/2010\/10\/06\/akrabalarim-nerede-sergisi-acildi\/#breadcrumb"},"inLanguage":"en-US","potentialAction":[{"@type":"ReadAction","target":["https:\/\/akunq.net\/turkish\/2010\/10\/06\/akrabalarim-nerede-sergisi-acildi\/"]}]},{"@type":"BreadcrumbList","@id":"https:\/\/akunq.net\/turkish\/2010\/10\/06\/akrabalarim-nerede-sergisi-acildi\/#breadcrumb","itemListElement":[{"@type":"ListItem","position":1,"name":"Home","item":"https:\/\/akunq.net\/turkish\/"},{"@type":"ListItem","position":2,"name":"&#8216;Akrabalar\u0131m Nerede&#8217; sergisi a\u00e7\u0131ld\u0131"}]},{"@type":"WebSite","@id":"https:\/\/akunq.net\/turkish\/#website","url":"https:\/\/akunq.net\/turkish\/","name":"Bati Ermenistan Ve Bati Ermenileri Sorunlari Ara\u015ftirmalar Merkezi","description":"","potentialAction":[{"@type":"SearchAction","target":{"@type":"EntryPoint","urlTemplate":"https:\/\/akunq.net\/turkish\/?s={search_term_string}"},"query-input":{"@type":"PropertyValueSpecification","valueRequired":true,"valueName":"search_term_string"}}],"inLanguage":"en-US"},{"@type":"Person","@id":"https:\/\/akunq.net\/turkish\/#\/schema\/person\/135e7923d1aeb8887890799619969a6c","name":"kalem","image":{"@type":"ImageObject","inLanguage":"en-US","@id":"https:\/\/secure.gravatar.com\/avatar\/a06875e4b25feb5674296adf8e8a7ae1e587cebce2493fe63c456109967e27d3?s=96&d=mm&r=g","url":"https:\/\/secure.gravatar.com\/avatar\/a06875e4b25feb5674296adf8e8a7ae1e587cebce2493fe63c456109967e27d3?s=96&d=mm&r=g","contentUrl":"https:\/\/secure.gravatar.com\/avatar\/a06875e4b25feb5674296adf8e8a7ae1e587cebce2493fe63c456109967e27d3?s=96&d=mm&r=g","caption":"kalem"},"url":"https:\/\/akunq.net\/turkish\/author\/kalem\/"}]}},"_links":{"self":[{"href":"https:\/\/akunq.net\/turkish\/wp-json\/wp\/v2\/posts\/2234","targetHints":{"allow":["GET"]}}],"collection":[{"href":"https:\/\/akunq.net\/turkish\/wp-json\/wp\/v2\/posts"}],"about":[{"href":"https:\/\/akunq.net\/turkish\/wp-json\/wp\/v2\/types\/post"}],"author":[{"embeddable":true,"href":"https:\/\/akunq.net\/turkish\/wp-json\/wp\/v2\/users\/3"}],"replies":[{"embeddable":true,"href":"https:\/\/akunq.net\/turkish\/wp-json\/wp\/v2\/comments?post=2234"}],"version-history":[{"count":0,"href":"https:\/\/akunq.net\/turkish\/wp-json\/wp\/v2\/posts\/2234\/revisions"}],"wp:attachment":[{"href":"https:\/\/akunq.net\/turkish\/wp-json\/wp\/v2\/media?parent=2234"}],"wp:term":[{"taxonomy":"category","embeddable":true,"href":"https:\/\/akunq.net\/turkish\/wp-json\/wp\/v2\/categories?post=2234"},{"taxonomy":"post_tag","embeddable":true,"href":"https:\/\/akunq.net\/turkish\/wp-json\/wp\/v2\/tags?post=2234"}],"curies":[{"name":"wp","href":"https:\/\/api.w.org\/{rel}","templated":true}]}}