{"id":22317,"date":"2013-03-16T02:15:59","date_gmt":"2013-03-16T07:15:59","guid":{"rendered":"http:\/\/akunq.net\/tr\/?p=22317"},"modified":"2013-03-16T02:15:59","modified_gmt":"2013-03-16T07:15:59","slug":"bakanlar-davutoglu-ve-eker-diyarbakirda","status":"publish","type":"post","link":"https:\/\/akunq.net\/turkish\/2013\/03\/16\/bakanlar-davutoglu-ve-eker-diyarbakirda\/","title":{"rendered":"Bakanlar Davuto\u011flu ve Eker, Diyarbak\u0131r&#8217;da"},"content":{"rendered":"<p style=\"text-align: justify\"><b><i><a href=\"http:\/\/akunq.net\/tr\/?attachment_id=22318\" rel=\"attachment wp-att-22318\"><img loading=\"lazy\" decoding=\"async\" class=\"alignright size-full wp-image-22318\" alt=\"Davuto\u011flu ve Eker\" src=\"http:\/\/akunq.net\/tr\/wp-content\/uploads\/2013\/03\/Davuto\u011flu-ve-Eker.jpg\" width=\"400\" height=\"303\" \/><\/a>D\u0131\u015fi\u015fleri Bakan\u0131 Ahmet Davuto\u011flu, \u00e7\u00f6z\u00fcm s\u00fcreci ile ilgili olarak &#8220;Bu art\u0131k sadece T\u00fcrkiye&#8217;nin meselesi de\u011fil.&#8221; <\/i><\/b><\/p>\n<p style=\"text-align: justify\">D\u0131\u015fi\u015fleri Bakan\u0131 Ahmet Davuto\u011flu, \u00e7\u00f6z\u00fcm s\u00fcreci ile ilgili olarak &#8220;Bu art\u0131k sadece T\u00fcrkiye&#8217;nin meselesi de\u011fil. B\u00f6yle bir ortama kavu\u015fuldu\u011funda \u00f6ylesine b\u00fcy\u00fck bir domino etkisi yapacak ki; b\u00f6lgedeki demokrasi talep eden, T\u00fcrkiye&#8217;yi \u00f6rnek alarak ayn\u0131 \u015feyleri \u00fclkelerinde zor \u015fartlarda talep eden Suriyeli, M\u0131s\u0131rl\u0131, Tunuslu, Libyal\u0131, Yemenli karde\u015flerimize umut \u0131\u015f\u0131\u011f\u0131 olacak&#8221; dedi.<\/p>\n<p style=\"text-align: justify\">D\u0131\u015fi\u015fleri Bakan\u0131 Ahmet Davuto\u011flu ile G\u0131da Tar\u0131m ve Hayvanc\u0131l\u0131k Bakan\u0131 Mehdi Eker, Sur il\u00e7esindeki tarihi Ulucami&#8217;de cuma namaz\u0131 k\u0131ld\u0131ktan sonra esnaf\u0131 ziyaret etti. Bakanlar Davuto\u011flu ve Eker&#8217;e Diyarbak\u0131r B\u00fcy\u00fck\u015fehir Belediye Ba\u015fkan\u0131 Osman Baydemir de e\u015flik etti. Hasan Pa\u015fa Han\u0131&#8217;na ge\u00e7en Davuto\u011flu ve Eker, burada bir kitapevini ziyaret etti. Kitapevinde ye\u011fenlerine kitap alan bir gence Bakan Davuto\u011flu, &#8220;Ye\u011fenlerine kitaplar\u0131 ben alaca\u011f\u0131m&#8221; dedi.<\/p>\n<p style=\"text-align: justify\">Kitapevi sahibi de Bakan Davuto\u011flu&#8217;na K\u00fcrt\u00e7e s\u00f6zl\u00fck hediye etti. Bir s\u00fcre s\u00f6zl\u00fc\u011f\u00fc inceleyen Bakan Davuto\u011flu, &#8220;Ben TRT \u015ee\u015f&#8217;i takip ediyorum. Orada baz\u0131 c\u00fcmleleri anlayabiliyorum&#8221; diye konu\u015ftu.<\/p>\n<p style=\"text-align: justify\">Bu arada Osman Baydemir de, Hasanpa\u015fa Han\u0131&#8217;ndaki bir g\u00fcm\u00fc\u015f\u00e7\u00fcden kehribar tespih alarak, bakanlar Davuto\u011flu ve Eker&#8217;e hediye etti.<\/p>\n<p style=\"text-align: justify\">Daha sonra Diyarbak\u0131r Surlar\u0131&#8217;na giderek Ke\u00e7i Burcu&#8217;nda gazetecilere a\u00e7\u0131klama yapan Davuto\u011flu, cemrenin, havaya, suya, topra\u011fa d\u00fc\u015fmesi gibi Diyarbak\u0131rl\u0131lar\u0131n her birinin kalbine de \u00fclkenin, b\u00f6lgenin ve d\u00fcnyan\u0131n gelece\u011fi konusunda yeni bir umut \u0131\u015f\u0131\u011f\u0131 d\u00fc\u015ft\u00fc\u011f\u00fcn\u00fc, bunu g\u00f6rmenin kendisine mutluluk ve b\u00fcy\u00fck bir enerji verdi\u011fini s\u00f6yledi.<\/p>\n<p style=\"text-align: justify\">D\u00fcnyan\u0131n her yerinde 75 milyon vatanda\u015f\u0131 temsil etmenin onurunu ta\u015f\u0131yan D\u0131\u015fi\u015fleri Bakan\u0131 olarak Diyarbak\u0131r&#8217;da t\u00fcm yorgunlu\u011funu atm\u0131\u015f olarak ve b\u00fcy\u00fck bir enerji alm\u0131\u015f olarak d\u00f6nece\u011fini ifade eden Davuto\u011flu, Diyarbak\u0131r&#8217;da g\u00f6rd\u00fc\u011f\u00fc bu umudun kal\u0131c\u0131 bir huzura d\u00f6n\u00fc\u015fmesi dile\u011finde bulundu. Bunun i\u00e7in ne gerekiyorsa AK Parti h\u00fck\u00fcmeti olarak bu konuda \u00fczerlerine d\u00fc\u015feni yapmaya kararl\u0131 olduklar\u0131n\u0131 kaydeden Davuto\u011flu, b\u00fct\u00fcn toplum kesimlerinin de ayn\u0131 kararl\u0131l\u0131\u011fa sahip olmas\u0131n\u0131 istediklerini s\u00f6yledi.<\/p>\n<p style=\"text-align: justify\">&#8220;Son g\u00fcnlerde ya\u015fad\u0131\u011f\u0131m\u0131z olumlu geli\u015fmeler arka arkaya gelir, \u015fiddetin, \u00e7at\u0131\u015fman\u0131n olmad\u0131\u011f\u0131 her meselenin \u00f6zg\u00fcrce, demokratik bir ortamda tart\u0131\u015f\u0131labildi\u011fi, her konunun g\u00fcndeme getirilebildi\u011fi, ayn\u0131 zamanda b\u00fct\u00fcn sorunlar\u0131n demokratik y\u00f6ntemlerle \u00e7\u00f6z\u00fclebildi\u011fi bir ortama kavu\u015furuz&#8221; diyen Davuto\u011flu, &#8220;Bu art\u0131k sadece T\u00fcrkiye&#8217;nin meselesi de\u011fil. B\u00f6yle bir ortama kavu\u015fuldu\u011funda \u00f6ylesine b\u00fcy\u00fck bir domino etkisi yapacak ki; b\u00f6lgedeki demokrasi talep eden, T\u00fcrkiye&#8217;yi \u00f6rnek alarak ayn\u0131 \u015feyleri \u00fclkelerinde zor \u015fartlarda talep eden Suriyeli, M\u0131s\u0131rl\u0131, Tunuslu, Libyal\u0131, Yemenli karde\u015flerimize umut \u0131\u015f\u0131\u011f\u0131 olacak. S\u00fcrece katk\u0131da bulunanlara te\u015fekk\u00fcr ediyorum. \u0130tinayla bu s\u00fcreci s\u00fcrd\u00fcrmemiz gerekti\u011fini d\u00fc\u015f\u00fcn\u00fcyorum&#8221; \u015feklinde konu\u015ftu.<\/p>\n<p style=\"text-align: justify\">Bu yaran\u0131n art\u0131k kapat\u0131lmas\u0131, \u015fifa bulmas\u0131, de\u011fi\u015fik d\u00f6nemlerde ya\u015fanan ac\u0131lar\u0131n \u00fczerine hep beraber bir derman olacak ad\u0131mlar\u0131n at\u0131lmas\u0131n\u0131n \u015fart oldu\u011funa s\u00f6yleyen Davuto\u011flu, \u015f\u00f6yle dedi:<\/p>\n<p style=\"text-align: justify\">&#8220;Ama bu t\u00fcr sorunlar bir\u00e7ok mihrak taraf\u0131ndan bazen s\u00fcrmesinde fayda m\u00fctala edilebiliyor. Ge\u00e7mi\u015f y\u0131llarda baz\u0131 s\u00fcre\u00e7lerin hangi a\u015famaya geldikten sonra baz\u0131 sabotajlarla kar\u015f\u0131la\u015ft\u0131\u011f\u0131 a\u015fikar. \u0130\u015fte Paris&#8217;teki infazlar da dahil olmak \u00fczere bir\u00e7ok konunun ne kadar dikkatli olmam\u0131z gerekti\u011fini g\u00f6steren \u00f6rnekler var. Kastetti\u011fim odur. Yoksa ben bug\u00fcn T\u00fcrkiye&#8217;nin do\u011fusuyla, bat\u0131s\u0131yla, kuzeyiyle, g\u00fcneyiyle bu \u00e7\u00f6z\u00fcm s\u00fcrecini sahiplendi\u011fini g\u00f6r\u00fcyorum. Bu sahiplenme do\u011frudan bu soruna katk\u0131da bulunacak akt\u00f6rler de dahil her kesimi kaps\u0131yor. \u0130lk defa bu kadar toplumsal psikoloji uygun bir zemin buldu. Bunu daha tahkim etmemiz, temas\u0131 kesmememiz, s\u00fcrekli olarak diplomasi olarak kulland\u0131\u011f\u0131m ritmik diplomasiyi bu sefer ba\u015fka bir \u015fey i\u00e7in kullanay\u0131m. Ritmik diplomasiyi hareketlilikle toplumsal kayna\u015fmaya ivme kazand\u0131rmak laz\u0131m.&#8221;<\/p>\n<p style=\"text-align: justify\"><b>-&#8220;En co\u015fkulu Nevruz olacak&#8221;-<\/b><\/p>\n<p style=\"text-align: justify\">Davuto\u011flu, Nevruz ile ilgili bir soru \u00fczerine &#8220;Bu Nevruz&#8217;un son 30 y\u0131l\u0131n belki en co\u015fkuyla kutlanacak Nevruz oldu\u011funu \u015fimdiden g\u00f6rebiliyorum. \u0130n\u015fallah her yerde T\u00fcrkiye&#8217;nin her yerinde Nevruz bir bar\u0131\u015f ortam\u0131, cemrenin y\u00fcreklere muhabbet odu olarak d\u00fc\u015ft\u00fc\u011f\u00fc bir Nevruz olarak ge\u00e7er&#8221; diyerek her k\u00f6kenden, her b\u00f6lgeden vatanda\u015flar\u0131n el ele halay \u00e7ekti\u011fi, t\u00fcrk\u00fcler okudu\u011fu ve gelece\u011fe umutla bakt\u0131\u011f\u0131, gelecek planlar\u0131 yapt\u0131klar\u0131 bir g\u00fcn olaca\u011f\u0131n\u0131, \u00f6yle \u00fcmit etti\u011fini bildirdi.<\/p>\n<p style=\"text-align: justify\">Nevruz&#8217;un g\u00fczel de bir \u00f6rnek te\u015fkil edece\u011fini vurgulayan Davuto\u011flu, &#8220;Eylem yapmal\u0131y\u0131z ama muhabbet eylemi olmal\u0131 ve hep beraber bu muhabbeti te\u015fvik edecek ortak eylem, genelde protesto eylemi olarak alg\u0131land\u0131\u011f\u0131 i\u00e7in, eylem e\u011fer bir aktivite ise bunu beraber bir muhabbet aktivitesi haline d\u00f6n\u00fc\u015ft\u00fcrmemiz laz\u0131m&#8221; \u015feklinde konu\u015ftu.<\/p>\n<p style=\"text-align: justify\"><b>-\u00c7\u00f6z\u00fcm s\u00fcrecinin Suriye&#8217;ye etkisi-<br \/>\n<\/b><br \/>\n\u00c7\u00f6z\u00fcm s\u00fcreci Suriye&#8217;yi nas\u0131l etkileyecek sorusu \u00fczerine Davuto\u011flu, b\u00f6lgedeki her olay\u0131n art\u0131k bir di\u011fer olay\u0131 etkiledi\u011fini, hi\u00e7bir olay\u0131n bir di\u011ferinden ba\u011f\u0131ms\u0131z geli\u015fmedi\u011fini vurgulad\u0131.<\/p>\n<p style=\"text-align: justify\">T\u00fcrkiye&#8217;nin Suriye konusunda izledi\u011fi ilkeli bir politikan\u0131n oldu\u011funu, hi\u00e7bir etnik ve dini bir ayr\u0131m g\u00f6zetmediklerini belirten Davuto\u011flu, uzun s\u00fcre Be\u015f\u015far Esed&#8217;i ikna etmeye \u00e7al\u0131\u015f\u0131rken de \u00e7o\u011fulcu bir toplum kurmas\u0131, ba\u015fta K\u00fcrtler olmak \u00fczere kendi vatanda\u015flar\u0131na kimlik vermekten ba\u015flamak \u00fczere b\u00fct\u00fcn\u00fc kucaklamas\u0131 telkininde bulunduklar\u0131n\u0131 s\u00f6yledi.<\/p>\n<p style=\"text-align: justify\">Ancak Esed&#8217;in kendi halk\u0131na zul\u00fcm etmeye devam etti\u011fini, temel sorunun etnik ve mezhebi temelde de\u011fil, aksine otokratik rejim ile demokratik hak talebinde bulunan kitleler aras\u0131nda bir \u00e7eli\u015fki oldu\u011funa inand\u0131klar\u0131n\u0131 dile getiren Davuto\u011flu, K\u00fcrtlerin her birinin sorunu bir anlamda Suriye&#8217;nin b\u00fct\u00fcn\u00fc i\u00e7inde ele al\u0131nmas\u0131 gereken bir sorun oldu\u011funa dikkat \u00e7ekti.<\/p>\n<p style=\"text-align: justify\">Suriye&#8217;de K\u00fcrt, T\u00fcrkmen, Arap, S\u00fcnni hepsinin haklar\u0131n\u0131 g\u00f6zeten bir politika takip ettiklerini, temel s\u0131k\u0131nt\u0131n\u0131n rejimle i\u015fbirli\u011fi yapma konusundaki bir s\u0131k\u0131nt\u0131 oldu\u011funu dile getiren Davuto\u011flu, \u015f\u00f6yle devam etti:<\/p>\n<p style=\"text-align: justify\">&#8220;B\u00f6yle bir i\u015fbirli\u011fi ya da g\u00f6r\u00fcnt\u00fc ortadan kalkt\u0131\u011f\u0131nda Suriye&#8217;deki hakl\u0131 talepler \u00e7ok daha demokratik \u015fekilde ortaya gelecek. K\u00fcrtler, Araplar, T\u00fcrkmenler hepsi \u00e7ok bar\u0131\u015f\u00e7\u0131l, \u00e7o\u011fulcu siyasal bir yap\u0131 kuracaklar. Ondan sonras\u0131na onlar karar verecek. T\u00fcrkiye&#8217;nin hi\u00e7bir zaman ne Irak&#8217;ta ne Suriye&#8217;de herhangi bir kesimi \u00f6zellikle politik n\u00fcfusu tehdit gibi alg\u0131lamas\u0131 s\u00f6z konusu de\u011fil. B\u00fct\u00fcn kesimlere \u00f6zellikle oradaki K\u00fcrtlere do\u011fal, b\u00f6lgesel d\u00fczenin akt\u00f6rleri olarak bak\u0131yoruz. Hep beraber bunu kuraca\u011f\u0131z, hi\u00e7 kimse bir di\u011ferine bask\u0131 yapmadan. T\u00fcrkiye&#8217;deki s\u00fcrecin ilerlemesi Suriye&#8217;de bu anlamda \u00e7ok \u00f6nemli pozitif geli\u015fmelere zemin te\u015fkil edecektir.&#8221;<\/p>\n<p style=\"text-align: justify\">&#8220;Diyarbak\u0131r&#8217;da 21 Mart&#8217;ta d\u00fczenlenecek etkinli\u011fe h\u00fck\u00fcmetten kat\u0131l\u0131m olacak m\u0131-&#8221; sorusunu Davuto\u011flu, &#8220;Onu do\u011frusu \u015fu ana kadar de\u011ferlendirmi\u015f de\u011filiz. Say\u0131n ba\u015fbakan\u0131m\u0131z takdir ederlerse mutlaka ona g\u00f6re bir d\u00fczenleme yap\u0131l\u0131r&#8221; \u015feklinde yan\u0131tlad\u0131.<\/p>\n<p style=\"text-align: justify\"><b>-ABD D\u0131\u015fi\u015fleri Bakan\u0131 Kerry ile telefon g\u00f6r\u00fc\u015fmesi- <\/b><\/p>\n<p style=\"text-align: justify\">ABD D\u0131\u015fi\u015fleri Bakan\u0131 John Kerry ile yapt\u0131\u011f\u0131 telefon g\u00f6r\u00fc\u015fmesi konusundaki soruya Davuto\u011flu, daha \u00f6nce Kerry ile T\u00fcrkiye&#8217;de yapt\u0131klar\u0131 g\u00f6r\u00fc\u015fmelerde onun b\u00f6lge turu sonras\u0131nda tekrar g\u00f6zlemlerini payla\u015fma ve isti\u015fare konusunda mutab\u0131k kald\u0131klar\u0131n\u0131 bildirdi.<\/p>\n<p style=\"text-align: justify\">&#8220;Say\u0131n Kerry, Washington&#8217;a d\u00f6ner d\u00f6nmez evvelsi g\u00fcn arad\u0131 ve b\u00f6lgesel intibalar\u0131n\u0131 \u00f6zellikle Suriye, Irak, Filistin ve Ortado\u011fu bar\u0131\u015f\u0131 konusunda b\u00f6lgedeki intibalar\u0131 payla\u015ft\u0131. Fakat uzun bir telefon g\u00f6r\u00fc\u015fmesiydi. Benim de onun da program\u0131 vard\u0131. Ertesi g\u00fcn tekrar g\u00f6r\u00fc\u015felim diye mutab\u0131k kald\u0131k. D\u00fcn tekrar arad\u0131. Bir g\u00f6r\u00fc\u015fme daha ger\u00e7ekle\u015fti. Yine asl\u0131nda K\u0131br\u0131s ve bir\u00e7ok konular\u0131 ele ald\u0131\u011f\u0131m\u0131z bir g\u00f6r\u00fc\u015fmeydi&#8221; diyen Davuto\u011flu, muhtemelen bug\u00fcn ya da yar\u0131n tekrar g\u00f6r\u00fc\u015febileceklerini bildirdi.<\/p>\n<p style=\"text-align: justify\">Ortado\u011fu&#8217;daki geli\u015fmelerin \u00e7ok h\u0131zl\u0131 seyretti\u011fini, \u00e7ok daha yak\u0131n bir temas halinde olunmas\u0131 gerekti\u011fini anlatan Davuto\u011flu, &#8220;Zaten \u0130ngiltere&#8217;de yap\u0131lan dostluk grubu toplant\u0131s\u0131nda di\u011fer meslekta\u015flar\u0131mla g\u00f6r\u00fc\u015fmelerim olmu\u015ftu. B\u00fct\u00fcn bunlar\u0131 de\u011ferlendirdi\u011fimiz bir seri telefon g\u00f6r\u00fc\u015fmesi. Bu s\u00fcreci daha yak\u0131ndan y\u00fcr\u00fctme karar\u0131 i\u00e7erisindeyiz. \u00d6n\u00fcm\u00fczdeki g\u00fcnlerde say\u0131n Obama&#8217;n\u0131n Ortado\u011fu ziyareti olacak. Tekrar g\u00f6r\u00fc\u015fmeler s\u00fcr\u00fcyor&#8221; \u015feklinde konu\u015ftu.<\/p>\n<p style=\"text-align: justify\"><b>-Bakan Eker-<\/b><\/p>\n<p style=\"text-align: justify\">G\u0131da Tar\u0131m ve Hayvanc\u0131l\u0131k Bakan\u0131 Mehdi Eker ise, Diyarbak\u0131r&#8217;da sokakta kar\u015f\u0131la\u015ft\u0131klar\u0131 herkesin \u00e7ok b\u00fcy\u00fck umut, co\u015fku ve destekle K\u00fcrt meselesinin \u00e7\u00f6z\u00fcm\u00fc s\u00fcrecini takip etti\u011fini s\u00f6yledi.<\/p>\n<p style=\"text-align: justify\">Bu konuda son birka\u00e7 g\u00fcn i\u00e7inde ya\u015fanan geli\u015fmeler de dikkate al\u0131nd\u0131\u011f\u0131nda s\u00fcrecin beklendi\u011fi gibi umutla geli\u015fti\u011fini vurgulayan Eker, \u015f\u00f6yle dedi:<\/p>\n<p style=\"text-align: justify\">&#8220;Ger\u00e7ekten mutluluk duyuyoruz. \u00c7\u00fcnk\u00fc T\u00fcrkiye \u00e7ok kan kaybetti, ac\u0131lar ya\u015fad\u0131, g\u00f6zya\u015f\u0131 d\u00f6k\u00fcld\u00fc, ocaklar s\u00f6nd\u00fc, annelerin y\u00fcre\u011fi yand\u0131, babalar\u0131n y\u00fcre\u011fi da\u011fland\u0131. Ama AK Parti h\u00fck\u00fcmeti ve say\u0131n ba\u015fbakan\u0131m\u0131z\u0131n kararl\u0131 duru\u015fu ve ger\u00e7ekten siyasi manada liderli\u011fiyle T\u00fcrkiye 80 y\u0131ld\u0131r, 60 y\u0131l\u0131n\u0131 kapal\u0131 bir yara olarak b\u00fcy\u00fctt\u00fc\u011f\u00fc, 20 y\u0131l\u0131n\u0131 da a\u00e7\u0131k, kanamal\u0131 bir yaraya d\u00f6n\u00fc\u015fen bu meseleyi \u00e7\u00f6zme konusunda b\u00fcy\u00fck bir irade g\u00f6sterdi. Asl\u0131nda bu b\u00f6lgenin sorunlar\u0131n\u0131n tamam\u0131n\u0131n anas\u0131 bir sorunudur. O bir sorun \u00e7\u00f6z\u00fcld\u00fc\u011f\u00fc zaman di\u011fer b\u00fct\u00fcn sorunlar \u00e7\u00f6z\u00fcl\u00fcr. Burada on binlerce y\u0131ld\u0131r insanl\u0131k ya\u015f\u0131yor. Medeniyetler in\u015fa etti. Ama son 30 y\u0131lda bu \u015fehir m\u00fclteci kamp\u0131na d\u00f6n\u00fc\u015ft\u00fc. Yani \u015fu anda k\u00fcller alt\u0131nda kalm\u0131\u015f bir m\u00fccevher gibi. Tarihi eserlerini, on binlerce y\u0131ll\u0131k medeniyet birikimini bu \u015fehir k\u00fcller alt\u0131nda hala bar\u0131nd\u0131r\u0131yor.&#8221;<\/p>\n<p style=\"text-align: justify\">Bakan Davuto\u011flu ve Eker, daha sonra Ke\u00e7i Burcu \u00f6n\u00fcnde bir grup kad\u0131nla sohbet etti. Kad\u0131nlar Bakan Davuto\u011flu ve Eker&#8217;den \u00e7e\u015fitli taleplerde bulundu. Daha sonra Ke\u00e7i Burcu&#8217;nu gezen Bakan Davuto\u011flu ve Eker, \u00e7ocuklarla top oynad\u0131.<\/p>\n<p style=\"text-align: justify\"><b><i>Muhabir: Nurten Aslan &#8211; Nail Kad\u0131rhan<\/i><\/b><\/p>\n<p style=\"text-align: justify\">Yay\u0131nc\u0131: \u0130rfan Cemilo\u011flu &#8211; D\u0130YARBAKIR<\/p>\n<p style=\"text-align: justify\"><b><i>http:\/\/www.sondakika.com\/haber\/haber-bakanlar-davutoglu-ve-eker-diyarbakir-da-4430471\/<\/i><\/b><\/p>\n","protected":false},"excerpt":{"rendered":"<p>D\u0131\u015fi\u015fleri Bakan\u0131 Ahmet Davuto\u011flu, \u00e7\u00f6z\u00fcm s\u00fcreci ile ilgili olarak &#8220;Bu art\u0131k sadece T\u00fcrkiye&#8217;nin meselesi de\u011fil.&#8221; D\u0131\u015fi\u015fleri Bakan\u0131 Ahmet Davuto\u011flu, \u00e7\u00f6z\u00fcm s\u00fcreci ile ilgili olarak &#8220;Bu art\u0131k sadece T\u00fcrkiye&#8217;nin meselesi de\u011fil. B\u00f6yle bir ortama kavu\u015fuldu\u011funda \u00f6ylesine b\u00fcy\u00fck bir domino etkisi yapacak ki; b\u00f6lgedeki demokrasi talep eden, T\u00fcrkiye&#8217;yi \u00f6rnek alarak ayn\u0131 \u015feyleri \u00fclkelerinde zor \u015fartlarda talep eden [&hellip;]<\/p>\n","protected":false},"author":3,"featured_media":0,"comment_status":"open","ping_status":"open","sticky":false,"template":"","format":"standard","meta":{"footnotes":""},"categories":[14],"tags":[],"class_list":["post-22317","post","type-post","status-publish","format-standard","hentry","category-haberler"],"yoast_head":"<!-- This site is optimized with the Yoast SEO plugin v27.4 - https:\/\/yoast.com\/product\/yoast-seo-wordpress\/ -->\n<title>Bakanlar Davuto\u011flu ve Eker, Diyarbak\u0131r&#039;da - Bati Ermenistan Ve Bati Ermenileri Sorunlari Ara\u015ftirmalar Merkezi<\/title>\n<meta name=\"robots\" content=\"index, follow, max-snippet:-1, max-image-preview:large, max-video-preview:-1\" \/>\n<link rel=\"canonical\" href=\"https:\/\/akunq.net\/turkish\/2013\/03\/16\/bakanlar-davutoglu-ve-eker-diyarbakirda\/\" \/>\n<meta property=\"og:locale\" content=\"en_US\" \/>\n<meta property=\"og:type\" content=\"article\" \/>\n<meta property=\"og:title\" content=\"Bakanlar Davuto\u011flu ve Eker, Diyarbak\u0131r&#039;da - Bati Ermenistan Ve Bati Ermenileri Sorunlari Ara\u015ftirmalar Merkezi\" \/>\n<meta property=\"og:description\" content=\"D\u0131\u015fi\u015fleri Bakan\u0131 Ahmet Davuto\u011flu, \u00e7\u00f6z\u00fcm s\u00fcreci ile ilgili olarak &#8220;Bu art\u0131k sadece T\u00fcrkiye&#8217;nin meselesi de\u011fil.&#8221; D\u0131\u015fi\u015fleri Bakan\u0131 Ahmet Davuto\u011flu, \u00e7\u00f6z\u00fcm s\u00fcreci ile ilgili olarak &#8220;Bu art\u0131k sadece T\u00fcrkiye&#8217;nin meselesi de\u011fil. B\u00f6yle bir ortama kavu\u015fuldu\u011funda \u00f6ylesine b\u00fcy\u00fck bir domino etkisi yapacak ki; b\u00f6lgedeki demokrasi talep eden, T\u00fcrkiye&#8217;yi \u00f6rnek alarak ayn\u0131 \u015feyleri \u00fclkelerinde zor \u015fartlarda talep eden [&hellip;]\" \/>\n<meta property=\"og:url\" content=\"https:\/\/akunq.net\/turkish\/2013\/03\/16\/bakanlar-davutoglu-ve-eker-diyarbakirda\/\" \/>\n<meta property=\"og:site_name\" content=\"Bati Ermenistan Ve Bati Ermenileri Sorunlari Ara\u015ftirmalar Merkezi\" \/>\n<meta property=\"article:published_time\" content=\"2013-03-16T07:15:59+00:00\" \/>\n<meta name=\"author\" content=\"kalem\" \/>\n<meta name=\"twitter:card\" content=\"summary_large_image\" \/>\n<meta name=\"twitter:label1\" content=\"Written by\" \/>\n\t<meta name=\"twitter:data1\" content=\"kalem\" \/>\n\t<meta name=\"twitter:label2\" content=\"Est. reading time\" \/>\n\t<meta name=\"twitter:data2\" content=\"9 minutes\" \/>\n<script type=\"application\/ld+json\" class=\"yoast-schema-graph\">{\"@context\":\"https:\\\/\\\/schema.org\",\"@graph\":[{\"@type\":\"Article\",\"@id\":\"https:\\\/\\\/akunq.net\\\/turkish\\\/2013\\\/03\\\/16\\\/bakanlar-davutoglu-ve-eker-diyarbakirda\\\/#article\",\"isPartOf\":{\"@id\":\"https:\\\/\\\/akunq.net\\\/turkish\\\/2013\\\/03\\\/16\\\/bakanlar-davutoglu-ve-eker-diyarbakirda\\\/\"},\"author\":{\"name\":\"kalem\",\"@id\":\"https:\\\/\\\/akunq.net\\\/turkish\\\/#\\\/schema\\\/person\\\/135e7923d1aeb8887890799619969a6c\"},\"headline\":\"Bakanlar Davuto\u011flu ve Eker, Diyarbak\u0131r&#8217;da\",\"datePublished\":\"2013-03-16T07:15:59+00:00\",\"mainEntityOfPage\":{\"@id\":\"https:\\\/\\\/akunq.net\\\/turkish\\\/2013\\\/03\\\/16\\\/bakanlar-davutoglu-ve-eker-diyarbakirda\\\/\"},\"wordCount\":1832,\"commentCount\":0,\"articleSection\":[\"Haberler\"],\"inLanguage\":\"en-US\",\"potentialAction\":[{\"@type\":\"CommentAction\",\"name\":\"Comment\",\"target\":[\"https:\\\/\\\/akunq.net\\\/turkish\\\/2013\\\/03\\\/16\\\/bakanlar-davutoglu-ve-eker-diyarbakirda\\\/#respond\"]}]},{\"@type\":\"WebPage\",\"@id\":\"https:\\\/\\\/akunq.net\\\/turkish\\\/2013\\\/03\\\/16\\\/bakanlar-davutoglu-ve-eker-diyarbakirda\\\/\",\"url\":\"https:\\\/\\\/akunq.net\\\/turkish\\\/2013\\\/03\\\/16\\\/bakanlar-davutoglu-ve-eker-diyarbakirda\\\/\",\"name\":\"Bakanlar Davuto\u011flu ve Eker, Diyarbak\u0131r'da - Bati Ermenistan Ve Bati Ermenileri Sorunlari Ara\u015ftirmalar Merkezi\",\"isPartOf\":{\"@id\":\"https:\\\/\\\/akunq.net\\\/turkish\\\/#website\"},\"datePublished\":\"2013-03-16T07:15:59+00:00\",\"author\":{\"@id\":\"https:\\\/\\\/akunq.net\\\/turkish\\\/#\\\/schema\\\/person\\\/135e7923d1aeb8887890799619969a6c\"},\"breadcrumb\":{\"@id\":\"https:\\\/\\\/akunq.net\\\/turkish\\\/2013\\\/03\\\/16\\\/bakanlar-davutoglu-ve-eker-diyarbakirda\\\/#breadcrumb\"},\"inLanguage\":\"en-US\",\"potentialAction\":[{\"@type\":\"ReadAction\",\"target\":[\"https:\\\/\\\/akunq.net\\\/turkish\\\/2013\\\/03\\\/16\\\/bakanlar-davutoglu-ve-eker-diyarbakirda\\\/\"]}]},{\"@type\":\"BreadcrumbList\",\"@id\":\"https:\\\/\\\/akunq.net\\\/turkish\\\/2013\\\/03\\\/16\\\/bakanlar-davutoglu-ve-eker-diyarbakirda\\\/#breadcrumb\",\"itemListElement\":[{\"@type\":\"ListItem\",\"position\":1,\"name\":\"Home\",\"item\":\"https:\\\/\\\/akunq.net\\\/turkish\\\/\"},{\"@type\":\"ListItem\",\"position\":2,\"name\":\"Bakanlar Davuto\u011flu ve Eker, Diyarbak\u0131r&#8217;da\"}]},{\"@type\":\"WebSite\",\"@id\":\"https:\\\/\\\/akunq.net\\\/turkish\\\/#website\",\"url\":\"https:\\\/\\\/akunq.net\\\/turkish\\\/\",\"name\":\"Bati Ermenistan Ve Bati Ermenileri Sorunlari Ara\u015ftirmalar Merkezi\",\"description\":\"\",\"potentialAction\":[{\"@type\":\"SearchAction\",\"target\":{\"@type\":\"EntryPoint\",\"urlTemplate\":\"https:\\\/\\\/akunq.net\\\/turkish\\\/?s={search_term_string}\"},\"query-input\":{\"@type\":\"PropertyValueSpecification\",\"valueRequired\":true,\"valueName\":\"search_term_string\"}}],\"inLanguage\":\"en-US\"},{\"@type\":\"Person\",\"@id\":\"https:\\\/\\\/akunq.net\\\/turkish\\\/#\\\/schema\\\/person\\\/135e7923d1aeb8887890799619969a6c\",\"name\":\"kalem\",\"image\":{\"@type\":\"ImageObject\",\"inLanguage\":\"en-US\",\"@id\":\"https:\\\/\\\/secure.gravatar.com\\\/avatar\\\/a06875e4b25feb5674296adf8e8a7ae1e587cebce2493fe63c456109967e27d3?s=96&d=mm&r=g\",\"url\":\"https:\\\/\\\/secure.gravatar.com\\\/avatar\\\/a06875e4b25feb5674296adf8e8a7ae1e587cebce2493fe63c456109967e27d3?s=96&d=mm&r=g\",\"contentUrl\":\"https:\\\/\\\/secure.gravatar.com\\\/avatar\\\/a06875e4b25feb5674296adf8e8a7ae1e587cebce2493fe63c456109967e27d3?s=96&d=mm&r=g\",\"caption\":\"kalem\"},\"url\":\"https:\\\/\\\/akunq.net\\\/turkish\\\/author\\\/kalem\\\/\"}]}<\/script>\n<!-- \/ Yoast SEO plugin. -->","yoast_head_json":{"title":"Bakanlar Davuto\u011flu ve Eker, Diyarbak\u0131r'da - Bati Ermenistan Ve Bati Ermenileri Sorunlari Ara\u015ftirmalar Merkezi","robots":{"index":"index","follow":"follow","max-snippet":"max-snippet:-1","max-image-preview":"max-image-preview:large","max-video-preview":"max-video-preview:-1"},"canonical":"https:\/\/akunq.net\/turkish\/2013\/03\/16\/bakanlar-davutoglu-ve-eker-diyarbakirda\/","og_locale":"en_US","og_type":"article","og_title":"Bakanlar Davuto\u011flu ve Eker, Diyarbak\u0131r'da - Bati Ermenistan Ve Bati Ermenileri Sorunlari Ara\u015ftirmalar Merkezi","og_description":"D\u0131\u015fi\u015fleri Bakan\u0131 Ahmet Davuto\u011flu, \u00e7\u00f6z\u00fcm s\u00fcreci ile ilgili olarak &#8220;Bu art\u0131k sadece T\u00fcrkiye&#8217;nin meselesi de\u011fil.&#8221; D\u0131\u015fi\u015fleri Bakan\u0131 Ahmet Davuto\u011flu, \u00e7\u00f6z\u00fcm s\u00fcreci ile ilgili olarak &#8220;Bu art\u0131k sadece T\u00fcrkiye&#8217;nin meselesi de\u011fil. B\u00f6yle bir ortama kavu\u015fuldu\u011funda \u00f6ylesine b\u00fcy\u00fck bir domino etkisi yapacak ki; b\u00f6lgedeki demokrasi talep eden, T\u00fcrkiye&#8217;yi \u00f6rnek alarak ayn\u0131 \u015feyleri \u00fclkelerinde zor \u015fartlarda talep eden [&hellip;]","og_url":"https:\/\/akunq.net\/turkish\/2013\/03\/16\/bakanlar-davutoglu-ve-eker-diyarbakirda\/","og_site_name":"Bati Ermenistan Ve Bati Ermenileri Sorunlari Ara\u015ftirmalar Merkezi","article_published_time":"2013-03-16T07:15:59+00:00","author":"kalem","twitter_card":"summary_large_image","twitter_misc":{"Written by":"kalem","Est. reading time":"9 minutes"},"schema":{"@context":"https:\/\/schema.org","@graph":[{"@type":"Article","@id":"https:\/\/akunq.net\/turkish\/2013\/03\/16\/bakanlar-davutoglu-ve-eker-diyarbakirda\/#article","isPartOf":{"@id":"https:\/\/akunq.net\/turkish\/2013\/03\/16\/bakanlar-davutoglu-ve-eker-diyarbakirda\/"},"author":{"name":"kalem","@id":"https:\/\/akunq.net\/turkish\/#\/schema\/person\/135e7923d1aeb8887890799619969a6c"},"headline":"Bakanlar Davuto\u011flu ve Eker, Diyarbak\u0131r&#8217;da","datePublished":"2013-03-16T07:15:59+00:00","mainEntityOfPage":{"@id":"https:\/\/akunq.net\/turkish\/2013\/03\/16\/bakanlar-davutoglu-ve-eker-diyarbakirda\/"},"wordCount":1832,"commentCount":0,"articleSection":["Haberler"],"inLanguage":"en-US","potentialAction":[{"@type":"CommentAction","name":"Comment","target":["https:\/\/akunq.net\/turkish\/2013\/03\/16\/bakanlar-davutoglu-ve-eker-diyarbakirda\/#respond"]}]},{"@type":"WebPage","@id":"https:\/\/akunq.net\/turkish\/2013\/03\/16\/bakanlar-davutoglu-ve-eker-diyarbakirda\/","url":"https:\/\/akunq.net\/turkish\/2013\/03\/16\/bakanlar-davutoglu-ve-eker-diyarbakirda\/","name":"Bakanlar Davuto\u011flu ve Eker, Diyarbak\u0131r'da - Bati Ermenistan Ve Bati Ermenileri Sorunlari Ara\u015ftirmalar Merkezi","isPartOf":{"@id":"https:\/\/akunq.net\/turkish\/#website"},"datePublished":"2013-03-16T07:15:59+00:00","author":{"@id":"https:\/\/akunq.net\/turkish\/#\/schema\/person\/135e7923d1aeb8887890799619969a6c"},"breadcrumb":{"@id":"https:\/\/akunq.net\/turkish\/2013\/03\/16\/bakanlar-davutoglu-ve-eker-diyarbakirda\/#breadcrumb"},"inLanguage":"en-US","potentialAction":[{"@type":"ReadAction","target":["https:\/\/akunq.net\/turkish\/2013\/03\/16\/bakanlar-davutoglu-ve-eker-diyarbakirda\/"]}]},{"@type":"BreadcrumbList","@id":"https:\/\/akunq.net\/turkish\/2013\/03\/16\/bakanlar-davutoglu-ve-eker-diyarbakirda\/#breadcrumb","itemListElement":[{"@type":"ListItem","position":1,"name":"Home","item":"https:\/\/akunq.net\/turkish\/"},{"@type":"ListItem","position":2,"name":"Bakanlar Davuto\u011flu ve Eker, Diyarbak\u0131r&#8217;da"}]},{"@type":"WebSite","@id":"https:\/\/akunq.net\/turkish\/#website","url":"https:\/\/akunq.net\/turkish\/","name":"Bati Ermenistan Ve Bati Ermenileri Sorunlari Ara\u015ftirmalar Merkezi","description":"","potentialAction":[{"@type":"SearchAction","target":{"@type":"EntryPoint","urlTemplate":"https:\/\/akunq.net\/turkish\/?s={search_term_string}"},"query-input":{"@type":"PropertyValueSpecification","valueRequired":true,"valueName":"search_term_string"}}],"inLanguage":"en-US"},{"@type":"Person","@id":"https:\/\/akunq.net\/turkish\/#\/schema\/person\/135e7923d1aeb8887890799619969a6c","name":"kalem","image":{"@type":"ImageObject","inLanguage":"en-US","@id":"https:\/\/secure.gravatar.com\/avatar\/a06875e4b25feb5674296adf8e8a7ae1e587cebce2493fe63c456109967e27d3?s=96&d=mm&r=g","url":"https:\/\/secure.gravatar.com\/avatar\/a06875e4b25feb5674296adf8e8a7ae1e587cebce2493fe63c456109967e27d3?s=96&d=mm&r=g","contentUrl":"https:\/\/secure.gravatar.com\/avatar\/a06875e4b25feb5674296adf8e8a7ae1e587cebce2493fe63c456109967e27d3?s=96&d=mm&r=g","caption":"kalem"},"url":"https:\/\/akunq.net\/turkish\/author\/kalem\/"}]}},"_links":{"self":[{"href":"https:\/\/akunq.net\/turkish\/wp-json\/wp\/v2\/posts\/22317","targetHints":{"allow":["GET"]}}],"collection":[{"href":"https:\/\/akunq.net\/turkish\/wp-json\/wp\/v2\/posts"}],"about":[{"href":"https:\/\/akunq.net\/turkish\/wp-json\/wp\/v2\/types\/post"}],"author":[{"embeddable":true,"href":"https:\/\/akunq.net\/turkish\/wp-json\/wp\/v2\/users\/3"}],"replies":[{"embeddable":true,"href":"https:\/\/akunq.net\/turkish\/wp-json\/wp\/v2\/comments?post=22317"}],"version-history":[{"count":0,"href":"https:\/\/akunq.net\/turkish\/wp-json\/wp\/v2\/posts\/22317\/revisions"}],"wp:attachment":[{"href":"https:\/\/akunq.net\/turkish\/wp-json\/wp\/v2\/media?parent=22317"}],"wp:term":[{"taxonomy":"category","embeddable":true,"href":"https:\/\/akunq.net\/turkish\/wp-json\/wp\/v2\/categories?post=22317"},{"taxonomy":"post_tag","embeddable":true,"href":"https:\/\/akunq.net\/turkish\/wp-json\/wp\/v2\/tags?post=22317"}],"curies":[{"name":"wp","href":"https:\/\/api.w.org\/{rel}","templated":true}]}}