{"id":22267,"date":"2013-03-15T01:27:25","date_gmt":"2013-03-15T06:27:25","guid":{"rendered":"http:\/\/akunq.net\/tr\/?p=22267"},"modified":"2013-03-15T01:27:25","modified_gmt":"2013-03-15T06:27:25","slug":"cumhurbaskani-gul-isvecte","status":"publish","type":"post","link":"https:\/\/akunq.net\/turkish\/2013\/03\/15\/cumhurbaskani-gul-isvecte\/","title":{"rendered":"Cumhurba\u015fkan\u0131 G\u00fcl, \u0130sve\u00e7&#8217;te"},"content":{"rendered":"<p style=\"text-align: justify\"><b><i><a href=\"http:\/\/akunq.net\/tr\/?attachment_id=22268\" rel=\"attachment wp-att-22268\"><img loading=\"lazy\" decoding=\"async\" class=\"alignright size-medium wp-image-22268\" alt=\"\u0533\u0575\u0578\u0582\u056c\" src=\"http:\/\/akunq.net\/tr\/wp-content\/uploads\/2013\/03\/\u0533\u0575\u0578\u0582\u056c-300x224.jpg\" width=\"300\" height=\"224\" \/><\/a>G\u00fcl, \u0130sve\u00e7&#8217;e yapt\u0131\u011f\u0131 devlet ziyaretini takip eden T\u00fcrk bas\u0131n mensuplar\u0131yla bir araya gelerek, sorular\u0131 yan\u0131tlad\u0131.<\/i><\/b><\/p>\n<p style=\"text-align: justify\">Ka\u00e7\u0131r\u0131lan kamu g\u00f6revlilerinin T\u00fcrkiye&#8217;den giden heyete teslim edilmesine ili\u015fkin de\u011ferlendirmesinin sorulmas\u0131 \u00fczerine G\u00fcl, &#8220;\u0130yi tabii ki. Muhakkak ki uzun s\u00fcre maalesef memleketten uzakta olan ve haber alamad\u0131\u011f\u0131m\u0131z vatanda\u015flar\u0131m\u0131z\u0131n sa\u011f salim d\u00f6nmesi sevindirici&#8221; de\u011ferlendirmesinde bulundu.<\/p>\n<p style=\"text-align: justify\">&#8220;Kamu g\u00f6revlilerin ter\u00f6r \u00f6rg\u00fct\u00fcn\u00fcn karar\u0131yla serbest b\u0131rak\u0131lmas\u0131n\u0131n devletin itibar\u0131na zarar verece\u011fine&#8221; ili\u015fkin ele\u015ftirilerin hat\u0131rlat\u0131lmas\u0131 ve bu konudaki de\u011ferlendirmesinin sorulmas\u0131 \u00fczerine Cumhurba\u015fkan\u0131 G\u00fcl, bu s\u00fcre\u00e7te propaganda ve psikolojik faaliyetlerin olmamas\u0131 gerekti\u011fine ili\u015fkin uyar\u0131lar\u0131n\u0131 hat\u0131rlatt\u0131.<\/p>\n<p style=\"text-align: justify\">Kamu g\u00f6revlilerinin sa\u011f salim d\u00f6nmelerinin \u00e7ok sevindirici oldu\u011funu belirten G\u00fcl, s\u00f6zlerini \u015f\u00f6yle s\u00fcrd\u00fcrd\u00fc:<\/p>\n<p style=\"text-align: justify\">&#8220;Ben daima T\u00fcrkiye&#8217;deki problemlerimizin, sorunlar\u0131m\u0131z\u0131n kendi irademizle demokrasi ve hukuk standartlar\u0131 y\u00fckseltilerek \u00e7\u00f6z\u00fclebilece\u011fine inanan bir ki\u015fiyim, ba\u015f\u0131ndan beri de hep b\u00f6yle. Onun i\u00e7in bunlar\u0131 hep s\u00f6yledim. \u015eimdi de yeni, farkl\u0131 bir s\u00fcre\u00e7 ba\u015flam\u0131\u015f vaziyette. Herkesin ge\u00e7mi\u015ften de ders almas\u0131 gerekir. \u015eu anda art\u0131k konu\u015fulacak dil, farkl\u0131 bir dil tabii. Hepimizin arzusu silahlar\u0131n b\u0131rak\u0131lmas\u0131, ter\u00f6r faaliyetlerinin durmas\u0131. T\u00fcrkiye topraklar\u0131n\u0131n \u00fczerinde, devlet g\u00fcc\u00fcn\u00fcn d\u0131\u015f\u0131nda herhangi bir silahl\u0131 unsurun, zaten illegaldir, dolay\u0131s\u0131yla bunun fark\u0131na var\u0131p silahlar\u0131n b\u0131rak\u0131lmas\u0131&#8230; Bu \u00e7er\u00e7eve i\u00e7erisinde bizim de kendi irademiz olan, T\u00fcrkiye&#8217;nin standartlar\u0131n\u0131n y\u00fckseltilmesi \u00e7ok daha kolay olabilir.<\/p>\n<p style=\"text-align: justify\">Parlamento&#8217;da da s\u00f6yledim, e\u011fer \u015fiddet, silah ter\u00f6r olmam\u0131\u015f olsayd\u0131 T\u00fcrkiye bu sorunlardan eminim ki \u00e7ok daha erken kurtulmu\u015f olurdu. Nas\u0131l kurtulacak- En geli\u015fmi\u015f demokrasilerde hukuk nizam\u0131 nas\u0131lsa bizim memleketimizde \u00f6yle olacak. Eskiden K\u00fcrt\u00e7e konu\u015fmak yasakt\u0131 bir d\u00f6nem, onu kald\u0131r\u0131yorsun. Televizyon da m\u00fcmk\u00fcn de\u011fildi, hukuk standartlar\u0131 m\u00fcsaade etmiyordu. En geli\u015fmi\u015f demokratik standartlar s\u00f6z konusu olunca, 24 saat de var, \u00f6zel televizyonlar da var farkl\u0131 dillerde. Okullarda isteyen tercihli \u00f6\u011fretebilir. Herkesin de hakk\u0131d\u0131r tabii ki. E\u011fer bir evde konu\u015fulan bir dil varsa \u00e7ocuklar\u0131n bunu bilmesi. B\u00fct\u00fcn bunlar i\u00e7in \u00f6zg\u00fcvenli hareket etmek gerekiyor. \u015eiddet, silah durursa o zaman g\u00fcvenlik politikalar\u0131ndan reform politikalar\u0131na ge\u00e7i\u015f kolay olur. B\u00f6yle bir s\u00fcre\u00e7teyiz. Onun i\u00e7in herkes bunun k\u0131ymetini bilsin ve neticeler in\u015fallah iyi olsun.&#8221;<\/p>\n<p style=\"text-align: justify\"><b>-&#8220;Siyaset\u00e7iler karar veremez&#8221;-<\/b><\/p>\n<p style=\"text-align: justify\">1915 olaylar\u0131na <i>(Ermeni Soyk\u0131r\u0131m\u0131na-\u2018Akunq\u2019 web sayfas\u0131 y\u00f6neticileri) <\/i>ili\u015fkin Ermeni iddialar\u0131 konusunda \u0130sve\u00e7 Parlamentosu karar\u0131n\u0131n, g\u00f6r\u00fc\u015fmelerde ele al\u0131nd\u0131\u011f\u0131na y\u00f6nelik s\u00f6zlerinin hat\u0131rlat\u0131lmas\u0131 ve \u0130sve\u00e7 taraf\u0131n\u0131n bu konuda neler s\u00f6yledi\u011finin sorulmas\u0131 \u00fczerine G\u00fcl, bu t\u00fcr kararlar\u0131n parlamentolar\u0131n i\u015fi olmad\u0131\u011f\u0131n\u0131 s\u00f6yledi\u011fini aktard\u0131.<\/p>\n<p style=\"text-align: justify\">Kendisinin de 20 y\u0131l siyaset yapt\u0131\u011f\u0131n\u0131, bu t\u00fcr kararlar\u0131n nas\u0131l al\u0131nd\u0131\u011f\u0131n\u0131n bilindi\u011fini dile getirdi\u011fini s\u00f6yleyen G\u00fcl, \u015funlar\u0131 kaydetti:<\/p>\n<p style=\"text-align: justify\">&#8220;Bunlar yanl\u0131\u015f, ili\u015fkilere hep g\u00f6lge d\u00fc\u015f\u00fcr\u00fcr. Onun i\u00e7in bunlar\u0131 tarih\u00e7ilere b\u0131rakmak gerekir. Bizim Ermenistan&#8217;a a\u00e7\u0131k bir teklifimiz var: Gelin ortak tarih komisyonu kural\u0131m. \u00dc\u00e7\u00fcnc\u00fc bir \u00fclke ilgilenmek istiyorsa onlar da buna kat\u0131labilir ve bilim adamlar\u0131 bu i\u015flere karar verir. Siyaset\u00e7iler karar veremez. Bug\u00fcn de g\u00f6rd\u00fcn\u00fcz, bir sorunun i\u00e7erisinde ne kadar yanl\u0131\u015flar vard\u0131. \u00d6yle bir konu\u015fmay\u0131 s\u00f6yler, yan\u0131ndaki arkada\u015f\u0131 da &#8216;B\u00f6yleyse olmaz&#8217; der ve oy verir. Siyasi kararlar b\u00f6yledir. Onun i\u00e7in do\u011fru de\u011fil. Bunlar\u0131 anlatt\u0131m. Onlar da hak veriyorlar. Nihayette parlamentolarda oylamalar nas\u0131l yap\u0131l\u0131yor malum.&#8221;<\/p>\n<p style=\"text-align: justify\">Cumhurba\u015fkan\u0131 G\u00fcl, ziyaretinin Ermeni iddialar\u0131na ili\u015fkin karar\u0131n kabul\u00fcn\u00fcn ikinci y\u0131l d\u00f6n\u00fcm\u00fcne denk gelmesinin \u00f6zel bir mesaj ta\u015f\u0131y\u0131p ta\u015f\u0131mad\u0131\u011f\u0131n\u0131n sorulmas\u0131 \u00fczerine de &#8220;H\u00fck\u00fcmet karar\u0131 uygulam\u0131yor&#8221; dedi.<\/p>\n<p style=\"text-align: justify\">G\u00fcl&#8217;\u00fcn s\u00f6z vermesi \u00fczerine T\u00fcrkiye&#8217;nin Stockholm B\u00fcy\u00fckel\u00e7isi Zerg\u00fcn Korut\u00fcrk de h\u00fck\u00fcmetin karar\u0131n \u00e7\u0131kt\u0131\u011f\u0131 ilk g\u00fcnden itibaren bunu uygulamayaca\u011f\u0131n\u0131 s\u00f6yledi\u011fini belirterek, &#8220;Say\u0131n Cumhurba\u015fkan\u0131m\u0131z\u0131n bu d\u00f6nemde buraya davet edilmesi, bir yerde h\u00fck\u00fcmetin bu konudaki kararl\u0131l\u0131\u011f\u0131n\u0131 g\u00f6stermektedir&#8221; diye konu\u015ftu.<\/p>\n<p style=\"text-align: justify\"><b><i>Muhabir: Eda \u00dcnl\u00fc \u00d6zen<\/i><\/b><\/p>\n<p style=\"text-align: justify\"><b><i>Yay\u0131nc\u0131: Eda Ay<\/i><\/b><\/p>\n<p style=\"text-align: justify\"><b><i>(AA)<\/i><\/b><\/p>\n<p style=\"text-align: justify\"><b><i><br \/>\n<\/i><\/b><a href=\"http:\/\/www.haber3.com\/cumhurbaskani-gul,-isvecte-gul,-turk-basin-mensuplariyla-bir-araya-geldi-haberi-1838658h.htm#ixzz2NaQS4pS6\"><b><i>http:\/\/www.haber3.com\/cumhurbaskani-gul,-isvecte-gul,-turk-basin-mensuplariyla-bir-araya-geldi-haberi-1838658h.htm#ixzz2NaQS4pS6<\/i><\/b><\/a><\/p>\n","protected":false},"excerpt":{"rendered":"<p>G\u00fcl, \u0130sve\u00e7&#8217;e yapt\u0131\u011f\u0131 devlet ziyaretini takip eden T\u00fcrk bas\u0131n mensuplar\u0131yla bir araya gelerek, sorular\u0131 yan\u0131tlad\u0131. Ka\u00e7\u0131r\u0131lan kamu g\u00f6revlilerinin T\u00fcrkiye&#8217;den giden heyete teslim edilmesine ili\u015fkin de\u011ferlendirmesinin sorulmas\u0131 \u00fczerine G\u00fcl, &#8220;\u0130yi tabii ki. Muhakkak ki uzun s\u00fcre maalesef memleketten uzakta olan ve haber alamad\u0131\u011f\u0131m\u0131z vatanda\u015flar\u0131m\u0131z\u0131n sa\u011f salim d\u00f6nmesi sevindirici&#8221; de\u011ferlendirmesinde bulundu. &#8220;Kamu g\u00f6revlilerin ter\u00f6r \u00f6rg\u00fct\u00fcn\u00fcn karar\u0131yla serbest [&hellip;]<\/p>\n","protected":false},"author":3,"featured_media":0,"comment_status":"open","ping_status":"open","sticky":false,"template":"","format":"standard","meta":{"footnotes":""},"categories":[14],"tags":[],"class_list":["post-22267","post","type-post","status-publish","format-standard","hentry","category-haberler"],"yoast_head":"<!-- This site is optimized with the Yoast SEO plugin v27.4 - https:\/\/yoast.com\/product\/yoast-seo-wordpress\/ -->\n<title>Cumhurba\u015fkan\u0131 G\u00fcl, \u0130sve\u00e7&#039;te - Bati Ermenistan Ve Bati Ermenileri Sorunlari Ara\u015ftirmalar Merkezi<\/title>\n<meta name=\"robots\" content=\"index, follow, max-snippet:-1, max-image-preview:large, max-video-preview:-1\" \/>\n<link rel=\"canonical\" href=\"https:\/\/akunq.net\/turkish\/2013\/03\/15\/cumhurbaskani-gul-isvecte\/\" \/>\n<meta property=\"og:locale\" content=\"en_US\" \/>\n<meta property=\"og:type\" content=\"article\" \/>\n<meta property=\"og:title\" content=\"Cumhurba\u015fkan\u0131 G\u00fcl, \u0130sve\u00e7&#039;te - Bati Ermenistan Ve Bati Ermenileri Sorunlari Ara\u015ftirmalar Merkezi\" \/>\n<meta property=\"og:description\" content=\"G\u00fcl, \u0130sve\u00e7&#8217;e yapt\u0131\u011f\u0131 devlet ziyaretini takip eden T\u00fcrk bas\u0131n mensuplar\u0131yla bir araya gelerek, sorular\u0131 yan\u0131tlad\u0131. Ka\u00e7\u0131r\u0131lan kamu g\u00f6revlilerinin T\u00fcrkiye&#8217;den giden heyete teslim edilmesine ili\u015fkin de\u011ferlendirmesinin sorulmas\u0131 \u00fczerine G\u00fcl, &#8220;\u0130yi tabii ki. Muhakkak ki uzun s\u00fcre maalesef memleketten uzakta olan ve haber alamad\u0131\u011f\u0131m\u0131z vatanda\u015flar\u0131m\u0131z\u0131n sa\u011f salim d\u00f6nmesi sevindirici&#8221; de\u011ferlendirmesinde bulundu. &#8220;Kamu g\u00f6revlilerin ter\u00f6r \u00f6rg\u00fct\u00fcn\u00fcn karar\u0131yla serbest [&hellip;]\" \/>\n<meta property=\"og:url\" content=\"https:\/\/akunq.net\/turkish\/2013\/03\/15\/cumhurbaskani-gul-isvecte\/\" \/>\n<meta property=\"og:site_name\" content=\"Bati Ermenistan Ve Bati Ermenileri Sorunlari Ara\u015ftirmalar Merkezi\" \/>\n<meta property=\"article:published_time\" content=\"2013-03-15T06:27:25+00:00\" \/>\n<meta name=\"author\" content=\"kalem\" \/>\n<meta name=\"twitter:card\" content=\"summary_large_image\" \/>\n<meta name=\"twitter:label1\" content=\"Written by\" \/>\n\t<meta name=\"twitter:data1\" content=\"kalem\" \/>\n\t<meta name=\"twitter:label2\" content=\"Est. reading time\" \/>\n\t<meta name=\"twitter:data2\" content=\"4 minutes\" \/>\n<script type=\"application\/ld+json\" class=\"yoast-schema-graph\">{\"@context\":\"https:\\\/\\\/schema.org\",\"@graph\":[{\"@type\":\"Article\",\"@id\":\"https:\\\/\\\/akunq.net\\\/turkish\\\/2013\\\/03\\\/15\\\/cumhurbaskani-gul-isvecte\\\/#article\",\"isPartOf\":{\"@id\":\"https:\\\/\\\/akunq.net\\\/turkish\\\/2013\\\/03\\\/15\\\/cumhurbaskani-gul-isvecte\\\/\"},\"author\":{\"name\":\"kalem\",\"@id\":\"https:\\\/\\\/akunq.net\\\/turkish\\\/#\\\/schema\\\/person\\\/135e7923d1aeb8887890799619969a6c\"},\"headline\":\"Cumhurba\u015fkan\u0131 G\u00fcl, \u0130sve\u00e7&#8217;te\",\"datePublished\":\"2013-03-15T06:27:25+00:00\",\"mainEntityOfPage\":{\"@id\":\"https:\\\/\\\/akunq.net\\\/turkish\\\/2013\\\/03\\\/15\\\/cumhurbaskani-gul-isvecte\\\/\"},\"wordCount\":784,\"commentCount\":0,\"articleSection\":[\"Haberler\"],\"inLanguage\":\"en-US\",\"potentialAction\":[{\"@type\":\"CommentAction\",\"name\":\"Comment\",\"target\":[\"https:\\\/\\\/akunq.net\\\/turkish\\\/2013\\\/03\\\/15\\\/cumhurbaskani-gul-isvecte\\\/#respond\"]}]},{\"@type\":\"WebPage\",\"@id\":\"https:\\\/\\\/akunq.net\\\/turkish\\\/2013\\\/03\\\/15\\\/cumhurbaskani-gul-isvecte\\\/\",\"url\":\"https:\\\/\\\/akunq.net\\\/turkish\\\/2013\\\/03\\\/15\\\/cumhurbaskani-gul-isvecte\\\/\",\"name\":\"Cumhurba\u015fkan\u0131 G\u00fcl, \u0130sve\u00e7'te - Bati Ermenistan Ve Bati Ermenileri Sorunlari Ara\u015ftirmalar Merkezi\",\"isPartOf\":{\"@id\":\"https:\\\/\\\/akunq.net\\\/turkish\\\/#website\"},\"datePublished\":\"2013-03-15T06:27:25+00:00\",\"author\":{\"@id\":\"https:\\\/\\\/akunq.net\\\/turkish\\\/#\\\/schema\\\/person\\\/135e7923d1aeb8887890799619969a6c\"},\"breadcrumb\":{\"@id\":\"https:\\\/\\\/akunq.net\\\/turkish\\\/2013\\\/03\\\/15\\\/cumhurbaskani-gul-isvecte\\\/#breadcrumb\"},\"inLanguage\":\"en-US\",\"potentialAction\":[{\"@type\":\"ReadAction\",\"target\":[\"https:\\\/\\\/akunq.net\\\/turkish\\\/2013\\\/03\\\/15\\\/cumhurbaskani-gul-isvecte\\\/\"]}]},{\"@type\":\"BreadcrumbList\",\"@id\":\"https:\\\/\\\/akunq.net\\\/turkish\\\/2013\\\/03\\\/15\\\/cumhurbaskani-gul-isvecte\\\/#breadcrumb\",\"itemListElement\":[{\"@type\":\"ListItem\",\"position\":1,\"name\":\"Home\",\"item\":\"https:\\\/\\\/akunq.net\\\/turkish\\\/\"},{\"@type\":\"ListItem\",\"position\":2,\"name\":\"Cumhurba\u015fkan\u0131 G\u00fcl, \u0130sve\u00e7&#8217;te\"}]},{\"@type\":\"WebSite\",\"@id\":\"https:\\\/\\\/akunq.net\\\/turkish\\\/#website\",\"url\":\"https:\\\/\\\/akunq.net\\\/turkish\\\/\",\"name\":\"Bati Ermenistan Ve Bati Ermenileri Sorunlari Ara\u015ftirmalar Merkezi\",\"description\":\"\",\"potentialAction\":[{\"@type\":\"SearchAction\",\"target\":{\"@type\":\"EntryPoint\",\"urlTemplate\":\"https:\\\/\\\/akunq.net\\\/turkish\\\/?s={search_term_string}\"},\"query-input\":{\"@type\":\"PropertyValueSpecification\",\"valueRequired\":true,\"valueName\":\"search_term_string\"}}],\"inLanguage\":\"en-US\"},{\"@type\":\"Person\",\"@id\":\"https:\\\/\\\/akunq.net\\\/turkish\\\/#\\\/schema\\\/person\\\/135e7923d1aeb8887890799619969a6c\",\"name\":\"kalem\",\"image\":{\"@type\":\"ImageObject\",\"inLanguage\":\"en-US\",\"@id\":\"https:\\\/\\\/secure.gravatar.com\\\/avatar\\\/a06875e4b25feb5674296adf8e8a7ae1e587cebce2493fe63c456109967e27d3?s=96&d=mm&r=g\",\"url\":\"https:\\\/\\\/secure.gravatar.com\\\/avatar\\\/a06875e4b25feb5674296adf8e8a7ae1e587cebce2493fe63c456109967e27d3?s=96&d=mm&r=g\",\"contentUrl\":\"https:\\\/\\\/secure.gravatar.com\\\/avatar\\\/a06875e4b25feb5674296adf8e8a7ae1e587cebce2493fe63c456109967e27d3?s=96&d=mm&r=g\",\"caption\":\"kalem\"},\"url\":\"https:\\\/\\\/akunq.net\\\/turkish\\\/author\\\/kalem\\\/\"}]}<\/script>\n<!-- \/ Yoast SEO plugin. -->","yoast_head_json":{"title":"Cumhurba\u015fkan\u0131 G\u00fcl, \u0130sve\u00e7'te - Bati Ermenistan Ve Bati Ermenileri Sorunlari Ara\u015ftirmalar Merkezi","robots":{"index":"index","follow":"follow","max-snippet":"max-snippet:-1","max-image-preview":"max-image-preview:large","max-video-preview":"max-video-preview:-1"},"canonical":"https:\/\/akunq.net\/turkish\/2013\/03\/15\/cumhurbaskani-gul-isvecte\/","og_locale":"en_US","og_type":"article","og_title":"Cumhurba\u015fkan\u0131 G\u00fcl, \u0130sve\u00e7'te - Bati Ermenistan Ve Bati Ermenileri Sorunlari Ara\u015ftirmalar Merkezi","og_description":"G\u00fcl, \u0130sve\u00e7&#8217;e yapt\u0131\u011f\u0131 devlet ziyaretini takip eden T\u00fcrk bas\u0131n mensuplar\u0131yla bir araya gelerek, sorular\u0131 yan\u0131tlad\u0131. Ka\u00e7\u0131r\u0131lan kamu g\u00f6revlilerinin T\u00fcrkiye&#8217;den giden heyete teslim edilmesine ili\u015fkin de\u011ferlendirmesinin sorulmas\u0131 \u00fczerine G\u00fcl, &#8220;\u0130yi tabii ki. Muhakkak ki uzun s\u00fcre maalesef memleketten uzakta olan ve haber alamad\u0131\u011f\u0131m\u0131z vatanda\u015flar\u0131m\u0131z\u0131n sa\u011f salim d\u00f6nmesi sevindirici&#8221; de\u011ferlendirmesinde bulundu. &#8220;Kamu g\u00f6revlilerin ter\u00f6r \u00f6rg\u00fct\u00fcn\u00fcn karar\u0131yla serbest [&hellip;]","og_url":"https:\/\/akunq.net\/turkish\/2013\/03\/15\/cumhurbaskani-gul-isvecte\/","og_site_name":"Bati Ermenistan Ve Bati Ermenileri Sorunlari Ara\u015ftirmalar Merkezi","article_published_time":"2013-03-15T06:27:25+00:00","author":"kalem","twitter_card":"summary_large_image","twitter_misc":{"Written by":"kalem","Est. reading time":"4 minutes"},"schema":{"@context":"https:\/\/schema.org","@graph":[{"@type":"Article","@id":"https:\/\/akunq.net\/turkish\/2013\/03\/15\/cumhurbaskani-gul-isvecte\/#article","isPartOf":{"@id":"https:\/\/akunq.net\/turkish\/2013\/03\/15\/cumhurbaskani-gul-isvecte\/"},"author":{"name":"kalem","@id":"https:\/\/akunq.net\/turkish\/#\/schema\/person\/135e7923d1aeb8887890799619969a6c"},"headline":"Cumhurba\u015fkan\u0131 G\u00fcl, \u0130sve\u00e7&#8217;te","datePublished":"2013-03-15T06:27:25+00:00","mainEntityOfPage":{"@id":"https:\/\/akunq.net\/turkish\/2013\/03\/15\/cumhurbaskani-gul-isvecte\/"},"wordCount":784,"commentCount":0,"articleSection":["Haberler"],"inLanguage":"en-US","potentialAction":[{"@type":"CommentAction","name":"Comment","target":["https:\/\/akunq.net\/turkish\/2013\/03\/15\/cumhurbaskani-gul-isvecte\/#respond"]}]},{"@type":"WebPage","@id":"https:\/\/akunq.net\/turkish\/2013\/03\/15\/cumhurbaskani-gul-isvecte\/","url":"https:\/\/akunq.net\/turkish\/2013\/03\/15\/cumhurbaskani-gul-isvecte\/","name":"Cumhurba\u015fkan\u0131 G\u00fcl, \u0130sve\u00e7'te - Bati Ermenistan Ve Bati Ermenileri Sorunlari Ara\u015ftirmalar Merkezi","isPartOf":{"@id":"https:\/\/akunq.net\/turkish\/#website"},"datePublished":"2013-03-15T06:27:25+00:00","author":{"@id":"https:\/\/akunq.net\/turkish\/#\/schema\/person\/135e7923d1aeb8887890799619969a6c"},"breadcrumb":{"@id":"https:\/\/akunq.net\/turkish\/2013\/03\/15\/cumhurbaskani-gul-isvecte\/#breadcrumb"},"inLanguage":"en-US","potentialAction":[{"@type":"ReadAction","target":["https:\/\/akunq.net\/turkish\/2013\/03\/15\/cumhurbaskani-gul-isvecte\/"]}]},{"@type":"BreadcrumbList","@id":"https:\/\/akunq.net\/turkish\/2013\/03\/15\/cumhurbaskani-gul-isvecte\/#breadcrumb","itemListElement":[{"@type":"ListItem","position":1,"name":"Home","item":"https:\/\/akunq.net\/turkish\/"},{"@type":"ListItem","position":2,"name":"Cumhurba\u015fkan\u0131 G\u00fcl, \u0130sve\u00e7&#8217;te"}]},{"@type":"WebSite","@id":"https:\/\/akunq.net\/turkish\/#website","url":"https:\/\/akunq.net\/turkish\/","name":"Bati Ermenistan Ve Bati Ermenileri Sorunlari Ara\u015ftirmalar Merkezi","description":"","potentialAction":[{"@type":"SearchAction","target":{"@type":"EntryPoint","urlTemplate":"https:\/\/akunq.net\/turkish\/?s={search_term_string}"},"query-input":{"@type":"PropertyValueSpecification","valueRequired":true,"valueName":"search_term_string"}}],"inLanguage":"en-US"},{"@type":"Person","@id":"https:\/\/akunq.net\/turkish\/#\/schema\/person\/135e7923d1aeb8887890799619969a6c","name":"kalem","image":{"@type":"ImageObject","inLanguage":"en-US","@id":"https:\/\/secure.gravatar.com\/avatar\/a06875e4b25feb5674296adf8e8a7ae1e587cebce2493fe63c456109967e27d3?s=96&d=mm&r=g","url":"https:\/\/secure.gravatar.com\/avatar\/a06875e4b25feb5674296adf8e8a7ae1e587cebce2493fe63c456109967e27d3?s=96&d=mm&r=g","contentUrl":"https:\/\/secure.gravatar.com\/avatar\/a06875e4b25feb5674296adf8e8a7ae1e587cebce2493fe63c456109967e27d3?s=96&d=mm&r=g","caption":"kalem"},"url":"https:\/\/akunq.net\/turkish\/author\/kalem\/"}]}},"_links":{"self":[{"href":"https:\/\/akunq.net\/turkish\/wp-json\/wp\/v2\/posts\/22267","targetHints":{"allow":["GET"]}}],"collection":[{"href":"https:\/\/akunq.net\/turkish\/wp-json\/wp\/v2\/posts"}],"about":[{"href":"https:\/\/akunq.net\/turkish\/wp-json\/wp\/v2\/types\/post"}],"author":[{"embeddable":true,"href":"https:\/\/akunq.net\/turkish\/wp-json\/wp\/v2\/users\/3"}],"replies":[{"embeddable":true,"href":"https:\/\/akunq.net\/turkish\/wp-json\/wp\/v2\/comments?post=22267"}],"version-history":[{"count":0,"href":"https:\/\/akunq.net\/turkish\/wp-json\/wp\/v2\/posts\/22267\/revisions"}],"wp:attachment":[{"href":"https:\/\/akunq.net\/turkish\/wp-json\/wp\/v2\/media?parent=22267"}],"wp:term":[{"taxonomy":"category","embeddable":true,"href":"https:\/\/akunq.net\/turkish\/wp-json\/wp\/v2\/categories?post=22267"},{"taxonomy":"post_tag","embeddable":true,"href":"https:\/\/akunq.net\/turkish\/wp-json\/wp\/v2\/tags?post=22267"}],"curies":[{"name":"wp","href":"https:\/\/api.w.org\/{rel}","templated":true}]}}