{"id":2224,"date":"2010-10-05T01:58:03","date_gmt":"2010-10-05T06:58:03","guid":{"rendered":"http:\/\/akunq.net\/tr\/?p=2224"},"modified":"2010-10-05T01:58:03","modified_gmt":"2010-10-05T06:58:03","slug":"bdpli-kaplandan-kurtce-soyadi-teklifi","status":"publish","type":"post","link":"https:\/\/akunq.net\/turkish\/2010\/10\/05\/bdpli-kaplandan-kurtce-soyadi-teklifi\/","title":{"rendered":"BDP&#8217;li Kaplan&#8217;dan K\u00fcrt\u00e7e soyad\u0131 teklifi"},"content":{"rendered":"<p style=\"text-align: justify\"><a rel=\"attachment wp-att-2225\" href=\"http:\/\/akunq.net\/tr\/?attachment_id=2225\"><img loading=\"lazy\" decoding=\"async\" class=\"alignleft size-full wp-image-2225\" title=\"Kaplan\" src=\"http:\/\/akunq.net\/tr\/wp-content\/uploads\/2010\/10\/Kaplan.jpg\" alt=\"\" width=\"200\" height=\"224\" \/><\/a>BDP \u015e\u0131rnak Milletvekili Hasip Kaplan, Soyad\u0131 Kanunu&#8217;nda de\u011fi\u015fiklik yap\u0131lmas\u0131na ili\u015fkin kanun teklifi\u00a0haz\u0131rlad\u0131. Kaplan&#8217;\u0131n TBMM Ba\u015fkanl\u0131\u011f\u0131&#8217;na sundu\u011fu teklifin gerek\u00e7esinde,\u00a0T\u00fcrkiye\u00a0Cumhuriyeti s\u0131n\u0131rlar\u0131 i\u00e7inde birden fazla \u0131rka mensup- T\u00fcrkler, K\u00fcrtler, Araplar, \u00c7erkezler, Abazalar, S\u00fcryaniler, Ermeniler vb-\u00a0T\u00fcrkiye Cumhuriyeti vatanda\u015f\u0131n\u0131n ya\u015fad\u0131\u011f\u0131 vurguland\u0131 ve herkese soyad\u0131n\u0131 vatanda\u015fl\u0131k hakk\u0131 \u00e7er\u00e7evesinde\u00a0\u00f6zg\u00fcrce\u00a0belirleme hakk\u0131 tan\u0131nmas\u0131 istendi. 1934&#8217;ten bu yana y\u00fcr\u00fcrl\u00fckte olan ve hi\u00e7 de\u011fi\u015ftirilmeyen Soyad\u0131 Kanunu&#8217;nun g\u00fcn\u00fcn ihtiya\u00e7lar\u0131na cevap vermedi\u011fi kaydedilen teklifte \u015f\u00f6yle denildi: &#8220;Kanunda &#8220;T\u00fcrk Soyu&#8217; d\u0131\u015f\u0131nda yabanc\u0131 bir \u0131rk\u0131n soyad\u0131 olarak\u00a0kullan\u0131lmayaca\u011f\u0131\u00a0belirtilmesine ra\u011fmen &#8220;yabanc\u0131 \u0131rk&#8217;tan ne anla\u015f\u0131laca\u011f\u0131 a\u00e7\u0131k\u00e7a belirtilmemi\u015ftir. Uygulamada ise &#8220;yabanc\u0131 \u0131rk&#8217; kavram\u0131 &#8220;K\u00fcrt Halk\u0131n\u0131&#8217; \u00e7a\u011fr\u0131\u015ft\u0131racak imgelere kar\u015f\u0131 \u00e7ok kat\u0131 uygulanm\u0131\u015ft\u0131r.&#8221; Teklifte, &#8220;Kad\u0131n, sadece kocas\u0131n\u0131n soyad\u0131n\u0131 alabilece\u011fi gibi kendi soyad\u0131 ile birlikte kocas\u0131n\u0131n da soyad\u0131n\u0131 alabilir&#8221; h\u00fckm\u00fc getirilmesi \u00f6ng\u00f6r\u00fcld\u00fc.<\/p>\n<p style=\"text-align: justify\"><em>\u00a0<\/em><strong><em>05.10.2010<\/em><\/strong><\/p>\n<p style=\"text-align: justify\"><a href=\"http:\/\/www.sabah.com.tr\/Gundem\/2010\/10\/05\/bdpli_kaplandan_kurtce_soyadi_teklifi\"><strong><em>http:\/\/www.sabah.com.tr\/Gundem\/2010\/10\/05\/bdpli_kaplandan_kurtce_soyadi_teklifi<\/em><\/strong><\/a><\/p>\n","protected":false},"excerpt":{"rendered":"<p>BDP \u015e\u0131rnak Milletvekili Hasip Kaplan, Soyad\u0131 Kanunu&#8217;nda de\u011fi\u015fiklik yap\u0131lmas\u0131na ili\u015fkin kanun teklifi\u00a0haz\u0131rlad\u0131. Kaplan&#8217;\u0131n TBMM Ba\u015fkanl\u0131\u011f\u0131&#8217;na sundu\u011fu teklifin gerek\u00e7esinde,\u00a0T\u00fcrkiye\u00a0Cumhuriyeti s\u0131n\u0131rlar\u0131 i\u00e7inde birden fazla \u0131rka mensup- T\u00fcrkler, K\u00fcrtler, Araplar, \u00c7erkezler, Abazalar, S\u00fcryaniler, Ermeniler vb-\u00a0T\u00fcrkiye Cumhuriyeti vatanda\u015f\u0131n\u0131n ya\u015fad\u0131\u011f\u0131 vurguland\u0131 ve herkese soyad\u0131n\u0131 vatanda\u015fl\u0131k hakk\u0131 \u00e7er\u00e7evesinde\u00a0\u00f6zg\u00fcrce\u00a0belirleme hakk\u0131 tan\u0131nmas\u0131 istendi. 1934&#8217;ten bu yana y\u00fcr\u00fcrl\u00fckte olan ve hi\u00e7 de\u011fi\u015ftirilmeyen Soyad\u0131 Kanunu&#8217;nun [&hellip;]<\/p>\n","protected":false},"author":3,"featured_media":0,"comment_status":"closed","ping_status":"open","sticky":false,"template":"","format":"standard","meta":{"footnotes":""},"categories":[14],"tags":[],"class_list":["post-2224","post","type-post","status-publish","format-standard","hentry","category-haberler"],"yoast_head":"<!-- This site is optimized with the Yoast SEO plugin v27.4 - https:\/\/yoast.com\/product\/yoast-seo-wordpress\/ -->\n<title>BDP&#039;li Kaplan&#039;dan K\u00fcrt\u00e7e soyad\u0131 teklifi - Bati Ermenistan Ve Bati Ermenileri Sorunlari Ara\u015ftirmalar Merkezi<\/title>\n<meta name=\"robots\" content=\"index, follow, max-snippet:-1, max-image-preview:large, max-video-preview:-1\" \/>\n<link rel=\"canonical\" href=\"https:\/\/akunq.net\/turkish\/2010\/10\/05\/bdpli-kaplandan-kurtce-soyadi-teklifi\/\" \/>\n<meta property=\"og:locale\" content=\"en_US\" \/>\n<meta property=\"og:type\" content=\"article\" \/>\n<meta property=\"og:title\" content=\"BDP&#039;li Kaplan&#039;dan K\u00fcrt\u00e7e soyad\u0131 teklifi - Bati Ermenistan Ve Bati Ermenileri Sorunlari Ara\u015ftirmalar Merkezi\" \/>\n<meta property=\"og:description\" content=\"BDP \u015e\u0131rnak Milletvekili Hasip Kaplan, Soyad\u0131 Kanunu&#8217;nda de\u011fi\u015fiklik yap\u0131lmas\u0131na ili\u015fkin kanun teklifi\u00a0haz\u0131rlad\u0131. Kaplan&#8217;\u0131n TBMM Ba\u015fkanl\u0131\u011f\u0131&#8217;na sundu\u011fu teklifin gerek\u00e7esinde,\u00a0T\u00fcrkiye\u00a0Cumhuriyeti s\u0131n\u0131rlar\u0131 i\u00e7inde birden fazla \u0131rka mensup- T\u00fcrkler, K\u00fcrtler, Araplar, \u00c7erkezler, Abazalar, S\u00fcryaniler, Ermeniler vb-\u00a0T\u00fcrkiye Cumhuriyeti vatanda\u015f\u0131n\u0131n ya\u015fad\u0131\u011f\u0131 vurguland\u0131 ve herkese soyad\u0131n\u0131 vatanda\u015fl\u0131k hakk\u0131 \u00e7er\u00e7evesinde\u00a0\u00f6zg\u00fcrce\u00a0belirleme hakk\u0131 tan\u0131nmas\u0131 istendi. 1934&#8217;ten bu yana y\u00fcr\u00fcrl\u00fckte olan ve hi\u00e7 de\u011fi\u015ftirilmeyen Soyad\u0131 Kanunu&#8217;nun [&hellip;]\" \/>\n<meta property=\"og:url\" content=\"https:\/\/akunq.net\/turkish\/2010\/10\/05\/bdpli-kaplandan-kurtce-soyadi-teklifi\/\" \/>\n<meta property=\"og:site_name\" content=\"Bati Ermenistan Ve Bati Ermenileri Sorunlari Ara\u015ftirmalar Merkezi\" \/>\n<meta property=\"article:published_time\" content=\"2010-10-05T06:58:03+00:00\" \/>\n<meta property=\"og:image\" content=\"https:\/\/akunq.net\/turkish\/wp-content\/uploads\/sites\/5\/2010\/10\/Kaplan.jpg\" \/>\n\t<meta property=\"og:image:width\" content=\"200\" \/>\n\t<meta property=\"og:image:height\" content=\"224\" \/>\n\t<meta property=\"og:image:type\" content=\"image\/jpeg\" \/>\n<meta name=\"author\" content=\"kalem\" \/>\n<meta name=\"twitter:card\" content=\"summary_large_image\" \/>\n<meta name=\"twitter:label1\" content=\"Written by\" \/>\n\t<meta name=\"twitter:data1\" content=\"kalem\" \/>\n\t<meta name=\"twitter:label2\" content=\"Est. reading time\" \/>\n\t<meta name=\"twitter:data2\" content=\"1 minute\" \/>\n<script type=\"application\/ld+json\" class=\"yoast-schema-graph\">{\"@context\":\"https:\\\/\\\/schema.org\",\"@graph\":[{\"@type\":\"Article\",\"@id\":\"https:\\\/\\\/akunq.net\\\/turkish\\\/2010\\\/10\\\/05\\\/bdpli-kaplandan-kurtce-soyadi-teklifi\\\/#article\",\"isPartOf\":{\"@id\":\"https:\\\/\\\/akunq.net\\\/turkish\\\/2010\\\/10\\\/05\\\/bdpli-kaplandan-kurtce-soyadi-teklifi\\\/\"},\"author\":{\"name\":\"kalem\",\"@id\":\"https:\\\/\\\/akunq.net\\\/turkish\\\/#\\\/schema\\\/person\\\/135e7923d1aeb8887890799619969a6c\"},\"headline\":\"BDP&#8217;li Kaplan&#8217;dan K\u00fcrt\u00e7e soyad\u0131 teklifi\",\"datePublished\":\"2010-10-05T06:58:03+00:00\",\"mainEntityOfPage\":{\"@id\":\"https:\\\/\\\/akunq.net\\\/turkish\\\/2010\\\/10\\\/05\\\/bdpli-kaplandan-kurtce-soyadi-teklifi\\\/\"},\"wordCount\":202,\"image\":{\"@id\":\"https:\\\/\\\/akunq.net\\\/turkish\\\/2010\\\/10\\\/05\\\/bdpli-kaplandan-kurtce-soyadi-teklifi\\\/#primaryimage\"},\"thumbnailUrl\":\"http:\\\/\\\/akunq.net\\\/tr\\\/wp-content\\\/uploads\\\/2010\\\/10\\\/Kaplan.jpg\",\"articleSection\":[\"Haberler\"],\"inLanguage\":\"en-US\"},{\"@type\":\"WebPage\",\"@id\":\"https:\\\/\\\/akunq.net\\\/turkish\\\/2010\\\/10\\\/05\\\/bdpli-kaplandan-kurtce-soyadi-teklifi\\\/\",\"url\":\"https:\\\/\\\/akunq.net\\\/turkish\\\/2010\\\/10\\\/05\\\/bdpli-kaplandan-kurtce-soyadi-teklifi\\\/\",\"name\":\"BDP'li Kaplan'dan K\u00fcrt\u00e7e soyad\u0131 teklifi - Bati Ermenistan Ve Bati Ermenileri Sorunlari Ara\u015ftirmalar Merkezi\",\"isPartOf\":{\"@id\":\"https:\\\/\\\/akunq.net\\\/turkish\\\/#website\"},\"primaryImageOfPage\":{\"@id\":\"https:\\\/\\\/akunq.net\\\/turkish\\\/2010\\\/10\\\/05\\\/bdpli-kaplandan-kurtce-soyadi-teklifi\\\/#primaryimage\"},\"image\":{\"@id\":\"https:\\\/\\\/akunq.net\\\/turkish\\\/2010\\\/10\\\/05\\\/bdpli-kaplandan-kurtce-soyadi-teklifi\\\/#primaryimage\"},\"thumbnailUrl\":\"http:\\\/\\\/akunq.net\\\/tr\\\/wp-content\\\/uploads\\\/2010\\\/10\\\/Kaplan.jpg\",\"datePublished\":\"2010-10-05T06:58:03+00:00\",\"author\":{\"@id\":\"https:\\\/\\\/akunq.net\\\/turkish\\\/#\\\/schema\\\/person\\\/135e7923d1aeb8887890799619969a6c\"},\"breadcrumb\":{\"@id\":\"https:\\\/\\\/akunq.net\\\/turkish\\\/2010\\\/10\\\/05\\\/bdpli-kaplandan-kurtce-soyadi-teklifi\\\/#breadcrumb\"},\"inLanguage\":\"en-US\",\"potentialAction\":[{\"@type\":\"ReadAction\",\"target\":[\"https:\\\/\\\/akunq.net\\\/turkish\\\/2010\\\/10\\\/05\\\/bdpli-kaplandan-kurtce-soyadi-teklifi\\\/\"]}]},{\"@type\":\"ImageObject\",\"inLanguage\":\"en-US\",\"@id\":\"https:\\\/\\\/akunq.net\\\/turkish\\\/2010\\\/10\\\/05\\\/bdpli-kaplandan-kurtce-soyadi-teklifi\\\/#primaryimage\",\"url\":\"http:\\\/\\\/akunq.net\\\/tr\\\/wp-content\\\/uploads\\\/2010\\\/10\\\/Kaplan.jpg\",\"contentUrl\":\"http:\\\/\\\/akunq.net\\\/tr\\\/wp-content\\\/uploads\\\/2010\\\/10\\\/Kaplan.jpg\"},{\"@type\":\"BreadcrumbList\",\"@id\":\"https:\\\/\\\/akunq.net\\\/turkish\\\/2010\\\/10\\\/05\\\/bdpli-kaplandan-kurtce-soyadi-teklifi\\\/#breadcrumb\",\"itemListElement\":[{\"@type\":\"ListItem\",\"position\":1,\"name\":\"Home\",\"item\":\"https:\\\/\\\/akunq.net\\\/turkish\\\/\"},{\"@type\":\"ListItem\",\"position\":2,\"name\":\"BDP&#8217;li Kaplan&#8217;dan K\u00fcrt\u00e7e soyad\u0131 teklifi\"}]},{\"@type\":\"WebSite\",\"@id\":\"https:\\\/\\\/akunq.net\\\/turkish\\\/#website\",\"url\":\"https:\\\/\\\/akunq.net\\\/turkish\\\/\",\"name\":\"Bati Ermenistan Ve Bati Ermenileri Sorunlari Ara\u015ftirmalar Merkezi\",\"description\":\"\",\"potentialAction\":[{\"@type\":\"SearchAction\",\"target\":{\"@type\":\"EntryPoint\",\"urlTemplate\":\"https:\\\/\\\/akunq.net\\\/turkish\\\/?s={search_term_string}\"},\"query-input\":{\"@type\":\"PropertyValueSpecification\",\"valueRequired\":true,\"valueName\":\"search_term_string\"}}],\"inLanguage\":\"en-US\"},{\"@type\":\"Person\",\"@id\":\"https:\\\/\\\/akunq.net\\\/turkish\\\/#\\\/schema\\\/person\\\/135e7923d1aeb8887890799619969a6c\",\"name\":\"kalem\",\"image\":{\"@type\":\"ImageObject\",\"inLanguage\":\"en-US\",\"@id\":\"https:\\\/\\\/secure.gravatar.com\\\/avatar\\\/a06875e4b25feb5674296adf8e8a7ae1e587cebce2493fe63c456109967e27d3?s=96&d=mm&r=g\",\"url\":\"https:\\\/\\\/secure.gravatar.com\\\/avatar\\\/a06875e4b25feb5674296adf8e8a7ae1e587cebce2493fe63c456109967e27d3?s=96&d=mm&r=g\",\"contentUrl\":\"https:\\\/\\\/secure.gravatar.com\\\/avatar\\\/a06875e4b25feb5674296adf8e8a7ae1e587cebce2493fe63c456109967e27d3?s=96&d=mm&r=g\",\"caption\":\"kalem\"},\"url\":\"https:\\\/\\\/akunq.net\\\/turkish\\\/author\\\/kalem\\\/\"}]}<\/script>\n<!-- \/ Yoast SEO plugin. -->","yoast_head_json":{"title":"BDP'li Kaplan'dan K\u00fcrt\u00e7e soyad\u0131 teklifi - Bati Ermenistan Ve Bati Ermenileri Sorunlari Ara\u015ftirmalar Merkezi","robots":{"index":"index","follow":"follow","max-snippet":"max-snippet:-1","max-image-preview":"max-image-preview:large","max-video-preview":"max-video-preview:-1"},"canonical":"https:\/\/akunq.net\/turkish\/2010\/10\/05\/bdpli-kaplandan-kurtce-soyadi-teklifi\/","og_locale":"en_US","og_type":"article","og_title":"BDP'li Kaplan'dan K\u00fcrt\u00e7e soyad\u0131 teklifi - Bati Ermenistan Ve Bati Ermenileri Sorunlari Ara\u015ftirmalar Merkezi","og_description":"BDP \u015e\u0131rnak Milletvekili Hasip Kaplan, Soyad\u0131 Kanunu&#8217;nda de\u011fi\u015fiklik yap\u0131lmas\u0131na ili\u015fkin kanun teklifi\u00a0haz\u0131rlad\u0131. Kaplan&#8217;\u0131n TBMM Ba\u015fkanl\u0131\u011f\u0131&#8217;na sundu\u011fu teklifin gerek\u00e7esinde,\u00a0T\u00fcrkiye\u00a0Cumhuriyeti s\u0131n\u0131rlar\u0131 i\u00e7inde birden fazla \u0131rka mensup- T\u00fcrkler, K\u00fcrtler, Araplar, \u00c7erkezler, Abazalar, S\u00fcryaniler, Ermeniler vb-\u00a0T\u00fcrkiye Cumhuriyeti vatanda\u015f\u0131n\u0131n ya\u015fad\u0131\u011f\u0131 vurguland\u0131 ve herkese soyad\u0131n\u0131 vatanda\u015fl\u0131k hakk\u0131 \u00e7er\u00e7evesinde\u00a0\u00f6zg\u00fcrce\u00a0belirleme hakk\u0131 tan\u0131nmas\u0131 istendi. 1934&#8217;ten bu yana y\u00fcr\u00fcrl\u00fckte olan ve hi\u00e7 de\u011fi\u015ftirilmeyen Soyad\u0131 Kanunu&#8217;nun [&hellip;]","og_url":"https:\/\/akunq.net\/turkish\/2010\/10\/05\/bdpli-kaplandan-kurtce-soyadi-teklifi\/","og_site_name":"Bati Ermenistan Ve Bati Ermenileri Sorunlari Ara\u015ftirmalar Merkezi","article_published_time":"2010-10-05T06:58:03+00:00","og_image":[{"width":200,"height":224,"url":"https:\/\/akunq.net\/turkish\/wp-content\/uploads\/sites\/5\/2010\/10\/Kaplan.jpg","type":"image\/jpeg"}],"author":"kalem","twitter_card":"summary_large_image","twitter_misc":{"Written by":"kalem","Est. reading time":"1 minute"},"schema":{"@context":"https:\/\/schema.org","@graph":[{"@type":"Article","@id":"https:\/\/akunq.net\/turkish\/2010\/10\/05\/bdpli-kaplandan-kurtce-soyadi-teklifi\/#article","isPartOf":{"@id":"https:\/\/akunq.net\/turkish\/2010\/10\/05\/bdpli-kaplandan-kurtce-soyadi-teklifi\/"},"author":{"name":"kalem","@id":"https:\/\/akunq.net\/turkish\/#\/schema\/person\/135e7923d1aeb8887890799619969a6c"},"headline":"BDP&#8217;li Kaplan&#8217;dan K\u00fcrt\u00e7e soyad\u0131 teklifi","datePublished":"2010-10-05T06:58:03+00:00","mainEntityOfPage":{"@id":"https:\/\/akunq.net\/turkish\/2010\/10\/05\/bdpli-kaplandan-kurtce-soyadi-teklifi\/"},"wordCount":202,"image":{"@id":"https:\/\/akunq.net\/turkish\/2010\/10\/05\/bdpli-kaplandan-kurtce-soyadi-teklifi\/#primaryimage"},"thumbnailUrl":"http:\/\/akunq.net\/tr\/wp-content\/uploads\/2010\/10\/Kaplan.jpg","articleSection":["Haberler"],"inLanguage":"en-US"},{"@type":"WebPage","@id":"https:\/\/akunq.net\/turkish\/2010\/10\/05\/bdpli-kaplandan-kurtce-soyadi-teklifi\/","url":"https:\/\/akunq.net\/turkish\/2010\/10\/05\/bdpli-kaplandan-kurtce-soyadi-teklifi\/","name":"BDP'li Kaplan'dan K\u00fcrt\u00e7e soyad\u0131 teklifi - Bati Ermenistan Ve Bati Ermenileri Sorunlari Ara\u015ftirmalar Merkezi","isPartOf":{"@id":"https:\/\/akunq.net\/turkish\/#website"},"primaryImageOfPage":{"@id":"https:\/\/akunq.net\/turkish\/2010\/10\/05\/bdpli-kaplandan-kurtce-soyadi-teklifi\/#primaryimage"},"image":{"@id":"https:\/\/akunq.net\/turkish\/2010\/10\/05\/bdpli-kaplandan-kurtce-soyadi-teklifi\/#primaryimage"},"thumbnailUrl":"http:\/\/akunq.net\/tr\/wp-content\/uploads\/2010\/10\/Kaplan.jpg","datePublished":"2010-10-05T06:58:03+00:00","author":{"@id":"https:\/\/akunq.net\/turkish\/#\/schema\/person\/135e7923d1aeb8887890799619969a6c"},"breadcrumb":{"@id":"https:\/\/akunq.net\/turkish\/2010\/10\/05\/bdpli-kaplandan-kurtce-soyadi-teklifi\/#breadcrumb"},"inLanguage":"en-US","potentialAction":[{"@type":"ReadAction","target":["https:\/\/akunq.net\/turkish\/2010\/10\/05\/bdpli-kaplandan-kurtce-soyadi-teklifi\/"]}]},{"@type":"ImageObject","inLanguage":"en-US","@id":"https:\/\/akunq.net\/turkish\/2010\/10\/05\/bdpli-kaplandan-kurtce-soyadi-teklifi\/#primaryimage","url":"http:\/\/akunq.net\/tr\/wp-content\/uploads\/2010\/10\/Kaplan.jpg","contentUrl":"http:\/\/akunq.net\/tr\/wp-content\/uploads\/2010\/10\/Kaplan.jpg"},{"@type":"BreadcrumbList","@id":"https:\/\/akunq.net\/turkish\/2010\/10\/05\/bdpli-kaplandan-kurtce-soyadi-teklifi\/#breadcrumb","itemListElement":[{"@type":"ListItem","position":1,"name":"Home","item":"https:\/\/akunq.net\/turkish\/"},{"@type":"ListItem","position":2,"name":"BDP&#8217;li Kaplan&#8217;dan K\u00fcrt\u00e7e soyad\u0131 teklifi"}]},{"@type":"WebSite","@id":"https:\/\/akunq.net\/turkish\/#website","url":"https:\/\/akunq.net\/turkish\/","name":"Bati Ermenistan Ve Bati Ermenileri Sorunlari Ara\u015ftirmalar Merkezi","description":"","potentialAction":[{"@type":"SearchAction","target":{"@type":"EntryPoint","urlTemplate":"https:\/\/akunq.net\/turkish\/?s={search_term_string}"},"query-input":{"@type":"PropertyValueSpecification","valueRequired":true,"valueName":"search_term_string"}}],"inLanguage":"en-US"},{"@type":"Person","@id":"https:\/\/akunq.net\/turkish\/#\/schema\/person\/135e7923d1aeb8887890799619969a6c","name":"kalem","image":{"@type":"ImageObject","inLanguage":"en-US","@id":"https:\/\/secure.gravatar.com\/avatar\/a06875e4b25feb5674296adf8e8a7ae1e587cebce2493fe63c456109967e27d3?s=96&d=mm&r=g","url":"https:\/\/secure.gravatar.com\/avatar\/a06875e4b25feb5674296adf8e8a7ae1e587cebce2493fe63c456109967e27d3?s=96&d=mm&r=g","contentUrl":"https:\/\/secure.gravatar.com\/avatar\/a06875e4b25feb5674296adf8e8a7ae1e587cebce2493fe63c456109967e27d3?s=96&d=mm&r=g","caption":"kalem"},"url":"https:\/\/akunq.net\/turkish\/author\/kalem\/"}]}},"_links":{"self":[{"href":"https:\/\/akunq.net\/turkish\/wp-json\/wp\/v2\/posts\/2224","targetHints":{"allow":["GET"]}}],"collection":[{"href":"https:\/\/akunq.net\/turkish\/wp-json\/wp\/v2\/posts"}],"about":[{"href":"https:\/\/akunq.net\/turkish\/wp-json\/wp\/v2\/types\/post"}],"author":[{"embeddable":true,"href":"https:\/\/akunq.net\/turkish\/wp-json\/wp\/v2\/users\/3"}],"replies":[{"embeddable":true,"href":"https:\/\/akunq.net\/turkish\/wp-json\/wp\/v2\/comments?post=2224"}],"version-history":[{"count":0,"href":"https:\/\/akunq.net\/turkish\/wp-json\/wp\/v2\/posts\/2224\/revisions"}],"wp:attachment":[{"href":"https:\/\/akunq.net\/turkish\/wp-json\/wp\/v2\/media?parent=2224"}],"wp:term":[{"taxonomy":"category","embeddable":true,"href":"https:\/\/akunq.net\/turkish\/wp-json\/wp\/v2\/categories?post=2224"},{"taxonomy":"post_tag","embeddable":true,"href":"https:\/\/akunq.net\/turkish\/wp-json\/wp\/v2\/tags?post=2224"}],"curies":[{"name":"wp","href":"https:\/\/api.w.org\/{rel}","templated":true}]}}