{"id":22203,"date":"2013-03-12T01:36:35","date_gmt":"2013-03-12T06:36:35","guid":{"rendered":"http:\/\/akunq.net\/tr\/?p=22203"},"modified":"2013-03-12T01:36:35","modified_gmt":"2013-03-12T06:36:35","slug":"abdullah-gule-ucakli-protesto","status":"publish","type":"post","link":"https:\/\/akunq.net\/turkish\/2013\/03\/12\/abdullah-gule-ucakli-protesto\/","title":{"rendered":"Abdullah G\u00fcl&#8217;e u\u00e7akl\u0131 protesto"},"content":{"rendered":"<p style=\"text-align: justify\"><b><i><a href=\"http:\/\/akunq.net\/tr\/?attachment_id=22204\" rel=\"attachment wp-att-22204\"><img loading=\"lazy\" decoding=\"async\" class=\"alignright size-medium wp-image-22204\" alt=\"\u0539\u0578\u0582\u0580\u0584\u056b\u0561', \u0573\u0561\u0576\u0561\u0579\u056b'\u0580 \u0551\u0565\u0572\u0561\u057d\u057a\u0561\u0576\u0578\u0582\u0569\u0575\u0578\u0582\u0576\u0568\" src=\"http:\/\/akunq.net\/tr\/wp-content\/uploads\/2013\/03\/\u0539\u0578\u0582\u0580\u0584\u056b\u0561-\u0573\u0561\u0576\u0561\u0579\u056b\u0580-\u0551\u0565\u0572\u0561\u057d\u057a\u0561\u0576\u0578\u0582\u0569\u0575\u0578\u0582\u0576\u0568-300x143.jpg\" width=\"300\" height=\"143\" srcset=\"https:\/\/akunq.net\/turkish\/wp-content\/uploads\/sites\/5\/2013\/03\/\u0539\u0578\u0582\u0580\u0584\u056b\u0561-\u0573\u0561\u0576\u0561\u0579\u056b\u0580-\u0551\u0565\u0572\u0561\u057d\u057a\u0561\u0576\u0578\u0582\u0569\u0575\u0578\u0582\u0576\u0568-300x143.jpg 300w, https:\/\/akunq.net\/turkish\/wp-content\/uploads\/sites\/5\/2013\/03\/\u0539\u0578\u0582\u0580\u0584\u056b\u0561-\u0573\u0561\u0576\u0561\u0579\u056b\u0580-\u0551\u0565\u0572\u0561\u057d\u057a\u0561\u0576\u0578\u0582\u0569\u0575\u0578\u0582\u0576\u0568-1024x489.jpg 1024w, https:\/\/akunq.net\/turkish\/wp-content\/uploads\/sites\/5\/2013\/03\/\u0539\u0578\u0582\u0580\u0584\u056b\u0561-\u0573\u0561\u0576\u0561\u0579\u056b\u0580-\u0551\u0565\u0572\u0561\u057d\u057a\u0561\u0576\u0578\u0582\u0569\u0575\u0578\u0582\u0576\u0568-768x367.jpg 768w, https:\/\/akunq.net\/turkish\/wp-content\/uploads\/sites\/5\/2013\/03\/\u0539\u0578\u0582\u0580\u0584\u056b\u0561-\u0573\u0561\u0576\u0561\u0579\u056b\u0580-\u0551\u0565\u0572\u0561\u057d\u057a\u0561\u0576\u0578\u0582\u0569\u0575\u0578\u0582\u0576\u0568-1536x734.jpg 1536w, https:\/\/akunq.net\/turkish\/wp-content\/uploads\/sites\/5\/2013\/03\/\u0539\u0578\u0582\u0580\u0584\u056b\u0561-\u0573\u0561\u0576\u0561\u0579\u056b\u0580-\u0551\u0565\u0572\u0561\u057d\u057a\u0561\u0576\u0578\u0582\u0569\u0575\u0578\u0582\u0576\u0568-2048x978.jpg 2048w\" sizes=\"auto, (max-width: 300px) 100vw, 300px\" \/><\/a>\u0130svec Ermeni Dernekleri Federasyonu (Armeniska Riksf\u00f6rbundet), TC Cumhurba\u015fkan\u0131 Abdullah G\u00fcl`\u00fc \u0130sve\u00e7\u2019i ziyareti s\u0131ras\u0131nda ilgin\u00e7 bir protesto g\u00f6sterisiyle kar\u015f\u0131lad\u0131.<\/i><\/b><\/p>\n<p style=\"text-align: justify\">Arkas\u0131nda\u00a0<b>\u201cT\u00fcrkiye \u2013 1915 soyk\u0131r\u0131m\u0131n\u0131 tan\u0131\u201d<\/b>\u00a0yaz\u0131l\u0131 pankartlar as\u0131l\u0131 palan\u00f6r u\u00e7aklar saat 11.00-13.00 aras\u0131nda Stockholm semalar\u0131nda\u00a0u\u00e7u\u015f yapt\u0131lar.<br \/>\nG\u00f6steri g\u00f6renlerin\u00a0yo\u011fun bir ilgisiyle kar\u015f\u0131land\u0131. Sokaklarda olaya tan\u0131k olanlar alk\u0131\u015fl\u0131yarak veya el sallayarak eyleme desteklerini g\u00f6sterdiler.<\/p>\n<p style=\"text-align: justify\"><b><i>http:\/\/www.gelawej.net\/index.php\/sarkis-hatspanian\/9117-2013-03-11-18-30-32.html<\/i><\/b><\/p>\n","protected":false},"excerpt":{"rendered":"<p>\u0130svec Ermeni Dernekleri Federasyonu (Armeniska Riksf\u00f6rbundet), TC Cumhurba\u015fkan\u0131 Abdullah G\u00fcl`\u00fc \u0130sve\u00e7\u2019i ziyareti s\u0131ras\u0131nda ilgin\u00e7 bir protesto g\u00f6sterisiyle kar\u015f\u0131lad\u0131. Arkas\u0131nda\u00a0\u201cT\u00fcrkiye \u2013 1915 soyk\u0131r\u0131m\u0131n\u0131 tan\u0131\u201d\u00a0yaz\u0131l\u0131 pankartlar as\u0131l\u0131 palan\u00f6r u\u00e7aklar saat 11.00-13.00 aras\u0131nda Stockholm semalar\u0131nda\u00a0u\u00e7u\u015f yapt\u0131lar. G\u00f6steri g\u00f6renlerin\u00a0yo\u011fun bir ilgisiyle kar\u015f\u0131land\u0131. Sokaklarda olaya tan\u0131k olanlar alk\u0131\u015fl\u0131yarak veya el sallayarak eyleme desteklerini g\u00f6sterdiler. http:\/\/www.gelawej.net\/index.php\/sarkis-hatspanian\/9117-2013-03-11-18-30-32.html<\/p>\n","protected":false},"author":3,"featured_media":0,"comment_status":"open","ping_status":"open","sticky":false,"template":"","format":"standard","meta":{"footnotes":""},"categories":[14],"tags":[],"class_list":["post-22203","post","type-post","status-publish","format-standard","hentry","category-haberler"],"yoast_head":"<!-- This site is optimized with the Yoast SEO plugin v27.4 - https:\/\/yoast.com\/product\/yoast-seo-wordpress\/ -->\n<title>Abdullah G\u00fcl&#039;e u\u00e7akl\u0131 protesto - Bati Ermenistan Ve Bati Ermenileri Sorunlari Ara\u015ftirmalar Merkezi<\/title>\n<meta name=\"robots\" content=\"index, follow, max-snippet:-1, max-image-preview:large, max-video-preview:-1\" \/>\n<link rel=\"canonical\" href=\"https:\/\/akunq.net\/turkish\/2013\/03\/12\/abdullah-gule-ucakli-protesto\/\" \/>\n<meta property=\"og:locale\" content=\"en_US\" \/>\n<meta property=\"og:type\" content=\"article\" \/>\n<meta property=\"og:title\" content=\"Abdullah G\u00fcl&#039;e u\u00e7akl\u0131 protesto - Bati Ermenistan Ve Bati Ermenileri Sorunlari Ara\u015ftirmalar Merkezi\" \/>\n<meta property=\"og:description\" content=\"\u0130svec Ermeni Dernekleri Federasyonu (Armeniska Riksf\u00f6rbundet), TC Cumhurba\u015fkan\u0131 Abdullah G\u00fcl`\u00fc \u0130sve\u00e7\u2019i ziyareti s\u0131ras\u0131nda ilgin\u00e7 bir protesto g\u00f6sterisiyle kar\u015f\u0131lad\u0131. Arkas\u0131nda\u00a0\u201cT\u00fcrkiye \u2013 1915 soyk\u0131r\u0131m\u0131n\u0131 tan\u0131\u201d\u00a0yaz\u0131l\u0131 pankartlar as\u0131l\u0131 palan\u00f6r u\u00e7aklar saat 11.00-13.00 aras\u0131nda Stockholm semalar\u0131nda\u00a0u\u00e7u\u015f yapt\u0131lar. G\u00f6steri g\u00f6renlerin\u00a0yo\u011fun bir ilgisiyle kar\u015f\u0131land\u0131. Sokaklarda olaya tan\u0131k olanlar alk\u0131\u015fl\u0131yarak veya el sallayarak eyleme desteklerini g\u00f6sterdiler. http:\/\/www.gelawej.net\/index.php\/sarkis-hatspanian\/9117-2013-03-11-18-30-32.html\" \/>\n<meta property=\"og:url\" content=\"https:\/\/akunq.net\/turkish\/2013\/03\/12\/abdullah-gule-ucakli-protesto\/\" \/>\n<meta property=\"og:site_name\" content=\"Bati Ermenistan Ve Bati Ermenileri Sorunlari Ara\u015ftirmalar Merkezi\" \/>\n<meta property=\"article:published_time\" content=\"2013-03-12T06:36:35+00:00\" \/>\n<meta name=\"author\" content=\"kalem\" \/>\n<meta name=\"twitter:card\" content=\"summary_large_image\" \/>\n<meta name=\"twitter:label1\" content=\"Written by\" \/>\n\t<meta name=\"twitter:data1\" content=\"kalem\" \/>\n<script type=\"application\/ld+json\" class=\"yoast-schema-graph\">{\"@context\":\"https:\\\/\\\/schema.org\",\"@graph\":[{\"@type\":\"Article\",\"@id\":\"https:\\\/\\\/akunq.net\\\/turkish\\\/2013\\\/03\\\/12\\\/abdullah-gule-ucakli-protesto\\\/#article\",\"isPartOf\":{\"@id\":\"https:\\\/\\\/akunq.net\\\/turkish\\\/2013\\\/03\\\/12\\\/abdullah-gule-ucakli-protesto\\\/\"},\"author\":{\"name\":\"kalem\",\"@id\":\"https:\\\/\\\/akunq.net\\\/turkish\\\/#\\\/schema\\\/person\\\/135e7923d1aeb8887890799619969a6c\"},\"headline\":\"Abdullah G\u00fcl&#8217;e u\u00e7akl\u0131 protesto\",\"datePublished\":\"2013-03-12T06:36:35+00:00\",\"mainEntityOfPage\":{\"@id\":\"https:\\\/\\\/akunq.net\\\/turkish\\\/2013\\\/03\\\/12\\\/abdullah-gule-ucakli-protesto\\\/\"},\"wordCount\":100,\"commentCount\":0,\"articleSection\":[\"Haberler\"],\"inLanguage\":\"en-US\",\"potentialAction\":[{\"@type\":\"CommentAction\",\"name\":\"Comment\",\"target\":[\"https:\\\/\\\/akunq.net\\\/turkish\\\/2013\\\/03\\\/12\\\/abdullah-gule-ucakli-protesto\\\/#respond\"]}]},{\"@type\":\"WebPage\",\"@id\":\"https:\\\/\\\/akunq.net\\\/turkish\\\/2013\\\/03\\\/12\\\/abdullah-gule-ucakli-protesto\\\/\",\"url\":\"https:\\\/\\\/akunq.net\\\/turkish\\\/2013\\\/03\\\/12\\\/abdullah-gule-ucakli-protesto\\\/\",\"name\":\"Abdullah G\u00fcl'e u\u00e7akl\u0131 protesto - Bati Ermenistan Ve Bati Ermenileri Sorunlari Ara\u015ftirmalar Merkezi\",\"isPartOf\":{\"@id\":\"https:\\\/\\\/akunq.net\\\/turkish\\\/#website\"},\"datePublished\":\"2013-03-12T06:36:35+00:00\",\"author\":{\"@id\":\"https:\\\/\\\/akunq.net\\\/turkish\\\/#\\\/schema\\\/person\\\/135e7923d1aeb8887890799619969a6c\"},\"breadcrumb\":{\"@id\":\"https:\\\/\\\/akunq.net\\\/turkish\\\/2013\\\/03\\\/12\\\/abdullah-gule-ucakli-protesto\\\/#breadcrumb\"},\"inLanguage\":\"en-US\",\"potentialAction\":[{\"@type\":\"ReadAction\",\"target\":[\"https:\\\/\\\/akunq.net\\\/turkish\\\/2013\\\/03\\\/12\\\/abdullah-gule-ucakli-protesto\\\/\"]}]},{\"@type\":\"BreadcrumbList\",\"@id\":\"https:\\\/\\\/akunq.net\\\/turkish\\\/2013\\\/03\\\/12\\\/abdullah-gule-ucakli-protesto\\\/#breadcrumb\",\"itemListElement\":[{\"@type\":\"ListItem\",\"position\":1,\"name\":\"Home\",\"item\":\"https:\\\/\\\/akunq.net\\\/turkish\\\/\"},{\"@type\":\"ListItem\",\"position\":2,\"name\":\"Abdullah G\u00fcl&#8217;e u\u00e7akl\u0131 protesto\"}]},{\"@type\":\"WebSite\",\"@id\":\"https:\\\/\\\/akunq.net\\\/turkish\\\/#website\",\"url\":\"https:\\\/\\\/akunq.net\\\/turkish\\\/\",\"name\":\"Bati Ermenistan Ve Bati Ermenileri Sorunlari Ara\u015ftirmalar Merkezi\",\"description\":\"\",\"potentialAction\":[{\"@type\":\"SearchAction\",\"target\":{\"@type\":\"EntryPoint\",\"urlTemplate\":\"https:\\\/\\\/akunq.net\\\/turkish\\\/?s={search_term_string}\"},\"query-input\":{\"@type\":\"PropertyValueSpecification\",\"valueRequired\":true,\"valueName\":\"search_term_string\"}}],\"inLanguage\":\"en-US\"},{\"@type\":\"Person\",\"@id\":\"https:\\\/\\\/akunq.net\\\/turkish\\\/#\\\/schema\\\/person\\\/135e7923d1aeb8887890799619969a6c\",\"name\":\"kalem\",\"image\":{\"@type\":\"ImageObject\",\"inLanguage\":\"en-US\",\"@id\":\"https:\\\/\\\/secure.gravatar.com\\\/avatar\\\/a06875e4b25feb5674296adf8e8a7ae1e587cebce2493fe63c456109967e27d3?s=96&d=mm&r=g\",\"url\":\"https:\\\/\\\/secure.gravatar.com\\\/avatar\\\/a06875e4b25feb5674296adf8e8a7ae1e587cebce2493fe63c456109967e27d3?s=96&d=mm&r=g\",\"contentUrl\":\"https:\\\/\\\/secure.gravatar.com\\\/avatar\\\/a06875e4b25feb5674296adf8e8a7ae1e587cebce2493fe63c456109967e27d3?s=96&d=mm&r=g\",\"caption\":\"kalem\"},\"url\":\"https:\\\/\\\/akunq.net\\\/turkish\\\/author\\\/kalem\\\/\"}]}<\/script>\n<!-- \/ Yoast SEO plugin. -->","yoast_head_json":{"title":"Abdullah G\u00fcl'e u\u00e7akl\u0131 protesto - Bati Ermenistan Ve Bati Ermenileri Sorunlari Ara\u015ftirmalar Merkezi","robots":{"index":"index","follow":"follow","max-snippet":"max-snippet:-1","max-image-preview":"max-image-preview:large","max-video-preview":"max-video-preview:-1"},"canonical":"https:\/\/akunq.net\/turkish\/2013\/03\/12\/abdullah-gule-ucakli-protesto\/","og_locale":"en_US","og_type":"article","og_title":"Abdullah G\u00fcl'e u\u00e7akl\u0131 protesto - Bati Ermenistan Ve Bati Ermenileri Sorunlari Ara\u015ftirmalar Merkezi","og_description":"\u0130svec Ermeni Dernekleri Federasyonu (Armeniska Riksf\u00f6rbundet), TC Cumhurba\u015fkan\u0131 Abdullah G\u00fcl`\u00fc \u0130sve\u00e7\u2019i ziyareti s\u0131ras\u0131nda ilgin\u00e7 bir protesto g\u00f6sterisiyle kar\u015f\u0131lad\u0131. Arkas\u0131nda\u00a0\u201cT\u00fcrkiye \u2013 1915 soyk\u0131r\u0131m\u0131n\u0131 tan\u0131\u201d\u00a0yaz\u0131l\u0131 pankartlar as\u0131l\u0131 palan\u00f6r u\u00e7aklar saat 11.00-13.00 aras\u0131nda Stockholm semalar\u0131nda\u00a0u\u00e7u\u015f yapt\u0131lar. G\u00f6steri g\u00f6renlerin\u00a0yo\u011fun bir ilgisiyle kar\u015f\u0131land\u0131. Sokaklarda olaya tan\u0131k olanlar alk\u0131\u015fl\u0131yarak veya el sallayarak eyleme desteklerini g\u00f6sterdiler. http:\/\/www.gelawej.net\/index.php\/sarkis-hatspanian\/9117-2013-03-11-18-30-32.html","og_url":"https:\/\/akunq.net\/turkish\/2013\/03\/12\/abdullah-gule-ucakli-protesto\/","og_site_name":"Bati Ermenistan Ve Bati Ermenileri Sorunlari Ara\u015ftirmalar Merkezi","article_published_time":"2013-03-12T06:36:35+00:00","author":"kalem","twitter_card":"summary_large_image","twitter_misc":{"Written by":"kalem"},"schema":{"@context":"https:\/\/schema.org","@graph":[{"@type":"Article","@id":"https:\/\/akunq.net\/turkish\/2013\/03\/12\/abdullah-gule-ucakli-protesto\/#article","isPartOf":{"@id":"https:\/\/akunq.net\/turkish\/2013\/03\/12\/abdullah-gule-ucakli-protesto\/"},"author":{"name":"kalem","@id":"https:\/\/akunq.net\/turkish\/#\/schema\/person\/135e7923d1aeb8887890799619969a6c"},"headline":"Abdullah G\u00fcl&#8217;e u\u00e7akl\u0131 protesto","datePublished":"2013-03-12T06:36:35+00:00","mainEntityOfPage":{"@id":"https:\/\/akunq.net\/turkish\/2013\/03\/12\/abdullah-gule-ucakli-protesto\/"},"wordCount":100,"commentCount":0,"articleSection":["Haberler"],"inLanguage":"en-US","potentialAction":[{"@type":"CommentAction","name":"Comment","target":["https:\/\/akunq.net\/turkish\/2013\/03\/12\/abdullah-gule-ucakli-protesto\/#respond"]}]},{"@type":"WebPage","@id":"https:\/\/akunq.net\/turkish\/2013\/03\/12\/abdullah-gule-ucakli-protesto\/","url":"https:\/\/akunq.net\/turkish\/2013\/03\/12\/abdullah-gule-ucakli-protesto\/","name":"Abdullah G\u00fcl'e u\u00e7akl\u0131 protesto - Bati Ermenistan Ve Bati Ermenileri Sorunlari Ara\u015ftirmalar Merkezi","isPartOf":{"@id":"https:\/\/akunq.net\/turkish\/#website"},"datePublished":"2013-03-12T06:36:35+00:00","author":{"@id":"https:\/\/akunq.net\/turkish\/#\/schema\/person\/135e7923d1aeb8887890799619969a6c"},"breadcrumb":{"@id":"https:\/\/akunq.net\/turkish\/2013\/03\/12\/abdullah-gule-ucakli-protesto\/#breadcrumb"},"inLanguage":"en-US","potentialAction":[{"@type":"ReadAction","target":["https:\/\/akunq.net\/turkish\/2013\/03\/12\/abdullah-gule-ucakli-protesto\/"]}]},{"@type":"BreadcrumbList","@id":"https:\/\/akunq.net\/turkish\/2013\/03\/12\/abdullah-gule-ucakli-protesto\/#breadcrumb","itemListElement":[{"@type":"ListItem","position":1,"name":"Home","item":"https:\/\/akunq.net\/turkish\/"},{"@type":"ListItem","position":2,"name":"Abdullah G\u00fcl&#8217;e u\u00e7akl\u0131 protesto"}]},{"@type":"WebSite","@id":"https:\/\/akunq.net\/turkish\/#website","url":"https:\/\/akunq.net\/turkish\/","name":"Bati Ermenistan Ve Bati Ermenileri Sorunlari Ara\u015ftirmalar Merkezi","description":"","potentialAction":[{"@type":"SearchAction","target":{"@type":"EntryPoint","urlTemplate":"https:\/\/akunq.net\/turkish\/?s={search_term_string}"},"query-input":{"@type":"PropertyValueSpecification","valueRequired":true,"valueName":"search_term_string"}}],"inLanguage":"en-US"},{"@type":"Person","@id":"https:\/\/akunq.net\/turkish\/#\/schema\/person\/135e7923d1aeb8887890799619969a6c","name":"kalem","image":{"@type":"ImageObject","inLanguage":"en-US","@id":"https:\/\/secure.gravatar.com\/avatar\/a06875e4b25feb5674296adf8e8a7ae1e587cebce2493fe63c456109967e27d3?s=96&d=mm&r=g","url":"https:\/\/secure.gravatar.com\/avatar\/a06875e4b25feb5674296adf8e8a7ae1e587cebce2493fe63c456109967e27d3?s=96&d=mm&r=g","contentUrl":"https:\/\/secure.gravatar.com\/avatar\/a06875e4b25feb5674296adf8e8a7ae1e587cebce2493fe63c456109967e27d3?s=96&d=mm&r=g","caption":"kalem"},"url":"https:\/\/akunq.net\/turkish\/author\/kalem\/"}]}},"_links":{"self":[{"href":"https:\/\/akunq.net\/turkish\/wp-json\/wp\/v2\/posts\/22203","targetHints":{"allow":["GET"]}}],"collection":[{"href":"https:\/\/akunq.net\/turkish\/wp-json\/wp\/v2\/posts"}],"about":[{"href":"https:\/\/akunq.net\/turkish\/wp-json\/wp\/v2\/types\/post"}],"author":[{"embeddable":true,"href":"https:\/\/akunq.net\/turkish\/wp-json\/wp\/v2\/users\/3"}],"replies":[{"embeddable":true,"href":"https:\/\/akunq.net\/turkish\/wp-json\/wp\/v2\/comments?post=22203"}],"version-history":[{"count":0,"href":"https:\/\/akunq.net\/turkish\/wp-json\/wp\/v2\/posts\/22203\/revisions"}],"wp:attachment":[{"href":"https:\/\/akunq.net\/turkish\/wp-json\/wp\/v2\/media?parent=22203"}],"wp:term":[{"taxonomy":"category","embeddable":true,"href":"https:\/\/akunq.net\/turkish\/wp-json\/wp\/v2\/categories?post=22203"},{"taxonomy":"post_tag","embeddable":true,"href":"https:\/\/akunq.net\/turkish\/wp-json\/wp\/v2\/tags?post=22203"}],"curies":[{"name":"wp","href":"https:\/\/api.w.org\/{rel}","templated":true}]}}