{"id":22184,"date":"2013-03-11T04:39:30","date_gmt":"2013-03-11T09:39:30","guid":{"rendered":"http:\/\/akunq.net\/tr\/?p=22184"},"modified":"2013-03-11T04:39:30","modified_gmt":"2013-03-11T09:39:30","slug":"episkopos-sahak-masalyan-kayseri-inancimizin-besigi","status":"publish","type":"post","link":"https:\/\/akunq.net\/turkish\/2013\/03\/11\/episkopos-sahak-masalyan-kayseri-inancimizin-besigi\/","title":{"rendered":"Episkopos Sahak Ma\u015falyan: \u201cKayseri \u0130nanc\u0131m\u0131z\u0131n Be\u015fi\u011fi\u201d"},"content":{"rendered":"<p style=\"text-align: justify\"><a href=\"http:\/\/akunq.net\/tr\/?attachment_id=22185\" rel=\"attachment wp-att-22185\"><img loading=\"lazy\" decoding=\"async\" class=\"alignright size-medium wp-image-22185\" alt=\"Kayseri Surp Kirkor Lusarovi\u00e7 Kilisesi\" src=\"http:\/\/akunq.net\/tr\/wp-content\/uploads\/2013\/03\/Kayseri-Surp-Kirkor-Lusarovi\u00e7-Kilisesi-300x159.jpg\" width=\"300\" height=\"159\" \/><\/a>Kayseri Surp Kirkor Lusarovi\u00e7 Kilisesi\u2019nde, \u2018Kutsal Badarak\u2019 ayinine \u00e7o\u011funlu\u011fu \u0130stanbul\u2019dan ve yurtd\u0131\u015f\u0131ndan gelen yakla\u015f\u0131k 400 Ermeni kat\u0131ld\u0131. Ayinin ard\u0131ndan Episkopos Sahak Ma\u015falyan \u00f6nce Ermenice sonra da T\u00fcrk\u00e7e vaaz verdi.<\/p>\n<p style=\"text-align: justify\">\u0130stanbul Ermeni Patrikhanesi Dinler Aras\u0131 \u0130li\u015fkiler Sorumlusu Episkopos<strong> Sahak Ma\u015falyan<\/strong> Kayseri Surp Kirkor Lusarovi\u00e7 Kilisesi\u2019nde, \u2018Kutsal Badarak\u2019 ayini sonras\u0131nda verdi\u011fi vaaz\u0131nda \u201cKayseri inanc\u0131m\u0131z\u0131n be\u015fi\u011fi\u201d dedi.<\/p>\n<p style=\"text-align: justify\">Kayseri Surp Kirkor Lusarovi\u00e7 Kilisesi\u2019ndeki <strong>Lusarovi\u00e7<\/strong>\u2019in \u00f6l\u00fcm kuyusuna at\u0131ld\u0131\u011f\u0131 zaman\u0131 simgeleyen Kutsal Badarak ayinine, \u00e7o\u011funlu\u011fu \u0130stanbul\u2019dan ve yurtd\u0131\u015f\u0131ndan gelen yakla\u015f\u0131k 400 Ermeni kat\u0131ld\u0131.<\/p>\n<h2 style=\"text-align: justify\">\u201cAtalar\u0131m\u0131z\u0131n miras\u0131\u201d<\/h2>\n<p style=\"text-align: justify\">Mi\u00e7ing ziyaretinin Paskalya i\u00e7in tutulan orucun tam ortas\u0131na geldi\u011fini s\u00f6yleyen Surp Kirkor Lusarovi\u00e7 Kilisesi Vakf\u0131 Ba\u015fkan Yard\u0131mc\u0131s\u0131 <strong>Garbis Ba\u011fdat<\/strong>, \u201cBu kilisede bulunman\u0131n bizim i\u00e7in ayr\u0131 bir \u00f6nemi var. Atalar\u0131m\u0131z\u0131n burada ya\u015fam\u0131\u015f oldu\u011funu bilmek, onlar\u0131n an\u0131lar\u0131n\u0131 burada yad etmek bizim i\u00e7in \u00f6nemli.<\/p>\n<p style=\"text-align: justify\">\u201cBuraya gelenlerin y\u00fczde 80\u2019inin Kayseri ile \u00f6yle ya da b\u00f6yle bir ba\u011flant\u0131s\u0131 var. Buras\u0131 atalar\u0131m\u0131z\u0131n bize miras\u0131\u201d diye konu\u015ftu.<\/p>\n<p style=\"text-align: justify\">Ba\u011fdat, kilisedeki ayinden sonra mezarl\u0131k ziyaretinde bulunacaklar\u0131n\u0131 s\u00f6yledi.<\/p>\n<h2 style=\"text-align: justify\">Ermenice ve T\u00fcrk\u00e7e vaaz<\/h2>\n<p style=\"text-align: justify\">Kutsal Badarak ayinini <strong>Papaz Kirkor Damatyan<\/strong> y\u00f6netti. Okunan ilahiler ve dualar\u0131n ard\u0131ndan t\u00fcts\u00fcler yak\u0131ld\u0131, sunu adand\u0131 ve kutsal ekmek ikram\u0131 yap\u0131ld\u0131.<\/p>\n<p style=\"text-align: justify\">Ayinin ard\u0131ndan, Episkopos Sahak Ma\u015falyan \u00f6nce Ermenice sonra da T\u00fcrk\u00e7e vaaz verdi. Ma\u015falyan vaaz\u0131nda \u015funlar\u0131 s\u00f6yledi:<\/p>\n<p style=\"text-align: justify\">\u201cKayseri inanc\u0131m\u0131z i\u00e7in \u00e7ok \u00f6nemli bir merkez. Rab, bu topraklar\u0131 bereketlesin, \u00fcst\u00fcnde ya\u015fayanlara refah ve huzur getirsin.<\/p>\n<p style=\"text-align: justify\">\u201c\u0130stanbul\u2019da ya\u015f\u0131yoruz ama hepimiz Anadoluluyuz. \u0130stanbul da k\u00fc\u00e7\u00fck bir Anadolu. Pek \u00e7ok insan i\u00e7in ekmek teknesi olmu\u015f bir yer. \u0130stanbul\u2019daki Kayserililer de bu kiliseyi unutmay\u0131p kolluyorlar.<\/p>\n<p style=\"text-align: justify\">\u201cBu kilise hac merkezlerinden biri. Kilisedeki g\u00fczel s\u00fcslemeler, i\u015flemeler \u00e7ok g\u00fczel bir ruhun somutla\u015ft\u0131r\u0131lmas\u0131.<\/p>\n<p style=\"text-align: justify\">\u201cBu \u015fehirde \u015fu anda Ermeniler ya\u015fam\u0131yor ama daha \u00f6nce ya\u015fam\u0131\u015f. \u0130ncil\u2019de bir s\u00f6z var, \u2018Zaman gelir ta\u015flar konu\u015fur\u2019 diyor. Burada bir zamanlar Ermeniler ya\u015fad\u0131, ba\u015far\u0131l\u0131 ve zenginlerdi, m\u00fcreffeh bir hayatlar\u0131 vard\u0131. Allah\u2019a \u015f\u00fck\u00fcr bu kilise var ve onlar\u0131n varl\u0131\u011f\u0131na tan\u0131kl\u0131k ediyor.<\/p>\n<p style=\"text-align: justify\">\u201cO y\u00fczden bu \u015fehrin ileri gelenlerine, valisine, emniyet m\u00fcd\u00fcrl\u00fc\u011f\u00fcne bu kiliseyi saklad\u0131klar\u0131 i\u00e7in te\u015fekk\u00fcr ediyoruz.<\/p>\n<p style=\"text-align: justify\">\u201cBurada \u00fclkenin bar\u0131\u015f\u0131 i\u00e7in \u00e7ok \u00f6nemli mesajlar veriliyor ve bu ayin bu \u00fclkenin nas\u0131l bir mozaik oldu\u011funu g\u00f6steriyor.<\/p>\n<p style=\"text-align: justify\">\u201cKayseri bizim inanc\u0131m\u0131z\u0131n be\u015fi\u011fi. Buraya Rabbimize sevgi g\u00f6stermeye, atalar\u0131m\u0131z\u0131n ruhu i\u00e7in dua okumaya, ge\u00e7mi\u015fimizi anmaya geldik ve ya\u015fad\u0131\u011f\u0131m\u0131z s\u00fcrece buray\u0131 bir m\u00fccevher gibi saklayaca\u011f\u0131z. Bu, bizim s\u00f6z\u00fcm\u00fcz. \u0130nsan k\u00f6kleriyle insand\u0131r.\u201d<\/p>\n<p style=\"text-align: justify\">Vaaz\u0131n ard\u0131ndan atalar i\u00e7in dualar okundu, Ermeni cemaati daha sonra atalar\u0131n\u0131n mezarl\u0131klar\u0131n\u0131 ziyaret etti ve \u0130skenderun\u2019daki ayine kat\u0131lmak i\u00e7in Kayseri\u2019den ayr\u0131ld\u0131.<\/p>\n<p style=\"text-align: justify\"><b><i>http:\/\/www.bianet.org\/bianet\/azinliklar\/144973-kayseri-inancimizin-besigi<\/i><\/b><\/p>\n","protected":false},"excerpt":{"rendered":"<p>Kayseri Surp Kirkor Lusarovi\u00e7 Kilisesi\u2019nde, \u2018Kutsal Badarak\u2019 ayinine \u00e7o\u011funlu\u011fu \u0130stanbul\u2019dan ve yurtd\u0131\u015f\u0131ndan gelen yakla\u015f\u0131k 400 Ermeni kat\u0131ld\u0131. Ayinin ard\u0131ndan Episkopos Sahak Ma\u015falyan \u00f6nce Ermenice sonra da T\u00fcrk\u00e7e vaaz verdi. \u0130stanbul Ermeni Patrikhanesi Dinler Aras\u0131 \u0130li\u015fkiler Sorumlusu Episkopos Sahak Ma\u015falyan Kayseri Surp Kirkor Lusarovi\u00e7 Kilisesi\u2019nde, \u2018Kutsal Badarak\u2019 ayini sonras\u0131nda verdi\u011fi vaaz\u0131nda \u201cKayseri inanc\u0131m\u0131z\u0131n be\u015fi\u011fi\u201d dedi. Kayseri [&hellip;]<\/p>\n","protected":false},"author":3,"featured_media":0,"comment_status":"open","ping_status":"open","sticky":false,"template":"","format":"standard","meta":{"footnotes":""},"categories":[14],"tags":[],"class_list":["post-22184","post","type-post","status-publish","format-standard","hentry","category-haberler"],"yoast_head":"<!-- This site is optimized with the Yoast SEO plugin v27.4 - https:\/\/yoast.com\/product\/yoast-seo-wordpress\/ -->\n<title>Episkopos Sahak Ma\u015falyan: \u201cKayseri \u0130nanc\u0131m\u0131z\u0131n Be\u015fi\u011fi\u201d - Bati Ermenistan Ve Bati Ermenileri Sorunlari Ara\u015ftirmalar Merkezi<\/title>\n<meta name=\"robots\" content=\"index, follow, max-snippet:-1, max-image-preview:large, max-video-preview:-1\" \/>\n<link rel=\"canonical\" href=\"https:\/\/akunq.net\/turkish\/2013\/03\/11\/episkopos-sahak-masalyan-kayseri-inancimizin-besigi\/\" \/>\n<meta property=\"og:locale\" content=\"en_US\" \/>\n<meta property=\"og:type\" content=\"article\" \/>\n<meta property=\"og:title\" content=\"Episkopos Sahak Ma\u015falyan: \u201cKayseri \u0130nanc\u0131m\u0131z\u0131n Be\u015fi\u011fi\u201d - Bati Ermenistan Ve Bati Ermenileri Sorunlari Ara\u015ftirmalar Merkezi\" \/>\n<meta property=\"og:description\" content=\"Kayseri Surp Kirkor Lusarovi\u00e7 Kilisesi\u2019nde, \u2018Kutsal Badarak\u2019 ayinine \u00e7o\u011funlu\u011fu \u0130stanbul\u2019dan ve yurtd\u0131\u015f\u0131ndan gelen yakla\u015f\u0131k 400 Ermeni kat\u0131ld\u0131. Ayinin ard\u0131ndan Episkopos Sahak Ma\u015falyan \u00f6nce Ermenice sonra da T\u00fcrk\u00e7e vaaz verdi. \u0130stanbul Ermeni Patrikhanesi Dinler Aras\u0131 \u0130li\u015fkiler Sorumlusu Episkopos Sahak Ma\u015falyan Kayseri Surp Kirkor Lusarovi\u00e7 Kilisesi\u2019nde, \u2018Kutsal Badarak\u2019 ayini sonras\u0131nda verdi\u011fi vaaz\u0131nda \u201cKayseri inanc\u0131m\u0131z\u0131n be\u015fi\u011fi\u201d dedi. Kayseri [&hellip;]\" \/>\n<meta property=\"og:url\" content=\"https:\/\/akunq.net\/turkish\/2013\/03\/11\/episkopos-sahak-masalyan-kayseri-inancimizin-besigi\/\" \/>\n<meta property=\"og:site_name\" content=\"Bati Ermenistan Ve Bati Ermenileri Sorunlari Ara\u015ftirmalar Merkezi\" \/>\n<meta property=\"article:published_time\" content=\"2013-03-11T09:39:30+00:00\" \/>\n<meta name=\"author\" content=\"kalem\" \/>\n<meta name=\"twitter:card\" content=\"summary_large_image\" \/>\n<meta name=\"twitter:label1\" content=\"Written by\" \/>\n\t<meta name=\"twitter:data1\" content=\"kalem\" \/>\n\t<meta name=\"twitter:label2\" content=\"Est. reading time\" \/>\n\t<meta name=\"twitter:data2\" content=\"3 minutes\" \/>\n<script type=\"application\/ld+json\" class=\"yoast-schema-graph\">{\"@context\":\"https:\\\/\\\/schema.org\",\"@graph\":[{\"@type\":\"Article\",\"@id\":\"https:\\\/\\\/akunq.net\\\/turkish\\\/2013\\\/03\\\/11\\\/episkopos-sahak-masalyan-kayseri-inancimizin-besigi\\\/#article\",\"isPartOf\":{\"@id\":\"https:\\\/\\\/akunq.net\\\/turkish\\\/2013\\\/03\\\/11\\\/episkopos-sahak-masalyan-kayseri-inancimizin-besigi\\\/\"},\"author\":{\"name\":\"kalem\",\"@id\":\"https:\\\/\\\/akunq.net\\\/turkish\\\/#\\\/schema\\\/person\\\/135e7923d1aeb8887890799619969a6c\"},\"headline\":\"Episkopos Sahak Ma\u015falyan: \u201cKayseri \u0130nanc\u0131m\u0131z\u0131n Be\u015fi\u011fi\u201d\",\"datePublished\":\"2013-03-11T09:39:30+00:00\",\"mainEntityOfPage\":{\"@id\":\"https:\\\/\\\/akunq.net\\\/turkish\\\/2013\\\/03\\\/11\\\/episkopos-sahak-masalyan-kayseri-inancimizin-besigi\\\/\"},\"wordCount\":552,\"commentCount\":0,\"articleSection\":[\"Haberler\"],\"inLanguage\":\"en-US\",\"potentialAction\":[{\"@type\":\"CommentAction\",\"name\":\"Comment\",\"target\":[\"https:\\\/\\\/akunq.net\\\/turkish\\\/2013\\\/03\\\/11\\\/episkopos-sahak-masalyan-kayseri-inancimizin-besigi\\\/#respond\"]}]},{\"@type\":\"WebPage\",\"@id\":\"https:\\\/\\\/akunq.net\\\/turkish\\\/2013\\\/03\\\/11\\\/episkopos-sahak-masalyan-kayseri-inancimizin-besigi\\\/\",\"url\":\"https:\\\/\\\/akunq.net\\\/turkish\\\/2013\\\/03\\\/11\\\/episkopos-sahak-masalyan-kayseri-inancimizin-besigi\\\/\",\"name\":\"Episkopos Sahak Ma\u015falyan: \u201cKayseri \u0130nanc\u0131m\u0131z\u0131n Be\u015fi\u011fi\u201d - Bati Ermenistan Ve Bati Ermenileri Sorunlari Ara\u015ftirmalar Merkezi\",\"isPartOf\":{\"@id\":\"https:\\\/\\\/akunq.net\\\/turkish\\\/#website\"},\"datePublished\":\"2013-03-11T09:39:30+00:00\",\"author\":{\"@id\":\"https:\\\/\\\/akunq.net\\\/turkish\\\/#\\\/schema\\\/person\\\/135e7923d1aeb8887890799619969a6c\"},\"breadcrumb\":{\"@id\":\"https:\\\/\\\/akunq.net\\\/turkish\\\/2013\\\/03\\\/11\\\/episkopos-sahak-masalyan-kayseri-inancimizin-besigi\\\/#breadcrumb\"},\"inLanguage\":\"en-US\",\"potentialAction\":[{\"@type\":\"ReadAction\",\"target\":[\"https:\\\/\\\/akunq.net\\\/turkish\\\/2013\\\/03\\\/11\\\/episkopos-sahak-masalyan-kayseri-inancimizin-besigi\\\/\"]}]},{\"@type\":\"BreadcrumbList\",\"@id\":\"https:\\\/\\\/akunq.net\\\/turkish\\\/2013\\\/03\\\/11\\\/episkopos-sahak-masalyan-kayseri-inancimizin-besigi\\\/#breadcrumb\",\"itemListElement\":[{\"@type\":\"ListItem\",\"position\":1,\"name\":\"Home\",\"item\":\"https:\\\/\\\/akunq.net\\\/turkish\\\/\"},{\"@type\":\"ListItem\",\"position\":2,\"name\":\"Episkopos Sahak Ma\u015falyan: \u201cKayseri \u0130nanc\u0131m\u0131z\u0131n Be\u015fi\u011fi\u201d\"}]},{\"@type\":\"WebSite\",\"@id\":\"https:\\\/\\\/akunq.net\\\/turkish\\\/#website\",\"url\":\"https:\\\/\\\/akunq.net\\\/turkish\\\/\",\"name\":\"Bati Ermenistan Ve Bati Ermenileri Sorunlari Ara\u015ftirmalar Merkezi\",\"description\":\"\",\"potentialAction\":[{\"@type\":\"SearchAction\",\"target\":{\"@type\":\"EntryPoint\",\"urlTemplate\":\"https:\\\/\\\/akunq.net\\\/turkish\\\/?s={search_term_string}\"},\"query-input\":{\"@type\":\"PropertyValueSpecification\",\"valueRequired\":true,\"valueName\":\"search_term_string\"}}],\"inLanguage\":\"en-US\"},{\"@type\":\"Person\",\"@id\":\"https:\\\/\\\/akunq.net\\\/turkish\\\/#\\\/schema\\\/person\\\/135e7923d1aeb8887890799619969a6c\",\"name\":\"kalem\",\"image\":{\"@type\":\"ImageObject\",\"inLanguage\":\"en-US\",\"@id\":\"https:\\\/\\\/secure.gravatar.com\\\/avatar\\\/a06875e4b25feb5674296adf8e8a7ae1e587cebce2493fe63c456109967e27d3?s=96&d=mm&r=g\",\"url\":\"https:\\\/\\\/secure.gravatar.com\\\/avatar\\\/a06875e4b25feb5674296adf8e8a7ae1e587cebce2493fe63c456109967e27d3?s=96&d=mm&r=g\",\"contentUrl\":\"https:\\\/\\\/secure.gravatar.com\\\/avatar\\\/a06875e4b25feb5674296adf8e8a7ae1e587cebce2493fe63c456109967e27d3?s=96&d=mm&r=g\",\"caption\":\"kalem\"},\"url\":\"https:\\\/\\\/akunq.net\\\/turkish\\\/author\\\/kalem\\\/\"}]}<\/script>\n<!-- \/ Yoast SEO plugin. -->","yoast_head_json":{"title":"Episkopos Sahak Ma\u015falyan: \u201cKayseri \u0130nanc\u0131m\u0131z\u0131n Be\u015fi\u011fi\u201d - Bati Ermenistan Ve Bati Ermenileri Sorunlari Ara\u015ftirmalar Merkezi","robots":{"index":"index","follow":"follow","max-snippet":"max-snippet:-1","max-image-preview":"max-image-preview:large","max-video-preview":"max-video-preview:-1"},"canonical":"https:\/\/akunq.net\/turkish\/2013\/03\/11\/episkopos-sahak-masalyan-kayseri-inancimizin-besigi\/","og_locale":"en_US","og_type":"article","og_title":"Episkopos Sahak Ma\u015falyan: \u201cKayseri \u0130nanc\u0131m\u0131z\u0131n Be\u015fi\u011fi\u201d - Bati Ermenistan Ve Bati Ermenileri Sorunlari Ara\u015ftirmalar Merkezi","og_description":"Kayseri Surp Kirkor Lusarovi\u00e7 Kilisesi\u2019nde, \u2018Kutsal Badarak\u2019 ayinine \u00e7o\u011funlu\u011fu \u0130stanbul\u2019dan ve yurtd\u0131\u015f\u0131ndan gelen yakla\u015f\u0131k 400 Ermeni kat\u0131ld\u0131. Ayinin ard\u0131ndan Episkopos Sahak Ma\u015falyan \u00f6nce Ermenice sonra da T\u00fcrk\u00e7e vaaz verdi. \u0130stanbul Ermeni Patrikhanesi Dinler Aras\u0131 \u0130li\u015fkiler Sorumlusu Episkopos Sahak Ma\u015falyan Kayseri Surp Kirkor Lusarovi\u00e7 Kilisesi\u2019nde, \u2018Kutsal Badarak\u2019 ayini sonras\u0131nda verdi\u011fi vaaz\u0131nda \u201cKayseri inanc\u0131m\u0131z\u0131n be\u015fi\u011fi\u201d dedi. Kayseri [&hellip;]","og_url":"https:\/\/akunq.net\/turkish\/2013\/03\/11\/episkopos-sahak-masalyan-kayseri-inancimizin-besigi\/","og_site_name":"Bati Ermenistan Ve Bati Ermenileri Sorunlari Ara\u015ftirmalar Merkezi","article_published_time":"2013-03-11T09:39:30+00:00","author":"kalem","twitter_card":"summary_large_image","twitter_misc":{"Written by":"kalem","Est. reading time":"3 minutes"},"schema":{"@context":"https:\/\/schema.org","@graph":[{"@type":"Article","@id":"https:\/\/akunq.net\/turkish\/2013\/03\/11\/episkopos-sahak-masalyan-kayseri-inancimizin-besigi\/#article","isPartOf":{"@id":"https:\/\/akunq.net\/turkish\/2013\/03\/11\/episkopos-sahak-masalyan-kayseri-inancimizin-besigi\/"},"author":{"name":"kalem","@id":"https:\/\/akunq.net\/turkish\/#\/schema\/person\/135e7923d1aeb8887890799619969a6c"},"headline":"Episkopos Sahak Ma\u015falyan: \u201cKayseri \u0130nanc\u0131m\u0131z\u0131n Be\u015fi\u011fi\u201d","datePublished":"2013-03-11T09:39:30+00:00","mainEntityOfPage":{"@id":"https:\/\/akunq.net\/turkish\/2013\/03\/11\/episkopos-sahak-masalyan-kayseri-inancimizin-besigi\/"},"wordCount":552,"commentCount":0,"articleSection":["Haberler"],"inLanguage":"en-US","potentialAction":[{"@type":"CommentAction","name":"Comment","target":["https:\/\/akunq.net\/turkish\/2013\/03\/11\/episkopos-sahak-masalyan-kayseri-inancimizin-besigi\/#respond"]}]},{"@type":"WebPage","@id":"https:\/\/akunq.net\/turkish\/2013\/03\/11\/episkopos-sahak-masalyan-kayseri-inancimizin-besigi\/","url":"https:\/\/akunq.net\/turkish\/2013\/03\/11\/episkopos-sahak-masalyan-kayseri-inancimizin-besigi\/","name":"Episkopos Sahak Ma\u015falyan: \u201cKayseri \u0130nanc\u0131m\u0131z\u0131n Be\u015fi\u011fi\u201d - Bati Ermenistan Ve Bati Ermenileri Sorunlari Ara\u015ftirmalar Merkezi","isPartOf":{"@id":"https:\/\/akunq.net\/turkish\/#website"},"datePublished":"2013-03-11T09:39:30+00:00","author":{"@id":"https:\/\/akunq.net\/turkish\/#\/schema\/person\/135e7923d1aeb8887890799619969a6c"},"breadcrumb":{"@id":"https:\/\/akunq.net\/turkish\/2013\/03\/11\/episkopos-sahak-masalyan-kayseri-inancimizin-besigi\/#breadcrumb"},"inLanguage":"en-US","potentialAction":[{"@type":"ReadAction","target":["https:\/\/akunq.net\/turkish\/2013\/03\/11\/episkopos-sahak-masalyan-kayseri-inancimizin-besigi\/"]}]},{"@type":"BreadcrumbList","@id":"https:\/\/akunq.net\/turkish\/2013\/03\/11\/episkopos-sahak-masalyan-kayseri-inancimizin-besigi\/#breadcrumb","itemListElement":[{"@type":"ListItem","position":1,"name":"Home","item":"https:\/\/akunq.net\/turkish\/"},{"@type":"ListItem","position":2,"name":"Episkopos Sahak Ma\u015falyan: \u201cKayseri \u0130nanc\u0131m\u0131z\u0131n Be\u015fi\u011fi\u201d"}]},{"@type":"WebSite","@id":"https:\/\/akunq.net\/turkish\/#website","url":"https:\/\/akunq.net\/turkish\/","name":"Bati Ermenistan Ve Bati Ermenileri Sorunlari Ara\u015ftirmalar Merkezi","description":"","potentialAction":[{"@type":"SearchAction","target":{"@type":"EntryPoint","urlTemplate":"https:\/\/akunq.net\/turkish\/?s={search_term_string}"},"query-input":{"@type":"PropertyValueSpecification","valueRequired":true,"valueName":"search_term_string"}}],"inLanguage":"en-US"},{"@type":"Person","@id":"https:\/\/akunq.net\/turkish\/#\/schema\/person\/135e7923d1aeb8887890799619969a6c","name":"kalem","image":{"@type":"ImageObject","inLanguage":"en-US","@id":"https:\/\/secure.gravatar.com\/avatar\/a06875e4b25feb5674296adf8e8a7ae1e587cebce2493fe63c456109967e27d3?s=96&d=mm&r=g","url":"https:\/\/secure.gravatar.com\/avatar\/a06875e4b25feb5674296adf8e8a7ae1e587cebce2493fe63c456109967e27d3?s=96&d=mm&r=g","contentUrl":"https:\/\/secure.gravatar.com\/avatar\/a06875e4b25feb5674296adf8e8a7ae1e587cebce2493fe63c456109967e27d3?s=96&d=mm&r=g","caption":"kalem"},"url":"https:\/\/akunq.net\/turkish\/author\/kalem\/"}]}},"_links":{"self":[{"href":"https:\/\/akunq.net\/turkish\/wp-json\/wp\/v2\/posts\/22184","targetHints":{"allow":["GET"]}}],"collection":[{"href":"https:\/\/akunq.net\/turkish\/wp-json\/wp\/v2\/posts"}],"about":[{"href":"https:\/\/akunq.net\/turkish\/wp-json\/wp\/v2\/types\/post"}],"author":[{"embeddable":true,"href":"https:\/\/akunq.net\/turkish\/wp-json\/wp\/v2\/users\/3"}],"replies":[{"embeddable":true,"href":"https:\/\/akunq.net\/turkish\/wp-json\/wp\/v2\/comments?post=22184"}],"version-history":[{"count":0,"href":"https:\/\/akunq.net\/turkish\/wp-json\/wp\/v2\/posts\/22184\/revisions"}],"wp:attachment":[{"href":"https:\/\/akunq.net\/turkish\/wp-json\/wp\/v2\/media?parent=22184"}],"wp:term":[{"taxonomy":"category","embeddable":true,"href":"https:\/\/akunq.net\/turkish\/wp-json\/wp\/v2\/categories?post=22184"},{"taxonomy":"post_tag","embeddable":true,"href":"https:\/\/akunq.net\/turkish\/wp-json\/wp\/v2\/tags?post=22184"}],"curies":[{"name":"wp","href":"https:\/\/api.w.org\/{rel}","templated":true}]}}