{"id":2216,"date":"2010-10-04T06:23:27","date_gmt":"2010-10-04T11:23:27","guid":{"rendered":"http:\/\/akunq.net\/tr\/?p=2216"},"modified":"2010-10-04T06:23:27","modified_gmt":"2010-10-04T11:23:27","slug":"aram-tigran-kent-konservatuari-aciliyor","status":"publish","type":"post","link":"https:\/\/akunq.net\/turkish\/2010\/10\/04\/aram-tigran-kent-konservatuari-aciliyor\/","title":{"rendered":"Aram Tigran Kent Konservatuar\u0131 A\u00e7\u0131l\u0131yor"},"content":{"rendered":"<p style=\"text-align: justify\"><a rel=\"attachment wp-att-2219\" href=\"http:\/\/akunq.net\/tr\/?attachment_id=2219\"><img loading=\"lazy\" decoding=\"async\" class=\"alignleft size-full wp-image-2219\" title=\"Aram Tigran\" src=\"http:\/\/akunq.net\/tr\/wp-content\/uploads\/2010\/10\/Aram-Tigran.jpg\" alt=\"\" width=\"284\" height=\"235\" \/><\/a>Diyarbak\u0131r B\u00fcy\u00fck\u015fehir Belediyesi K\u00fclt\u00fcr ve Turizm Daire Ba\u015fkanl\u0131\u011f\u0131 b\u00fcnyesinde Aram Tigran Kent Konservatuar\u0131 a\u00e7\u0131l\u0131yor . Alternatif Bir sanat E\u011fitim system olu\u015fturmak amac\u0131yla tasarlanan konservatuar 1 Kas\u0131m`da faaliyete girecek .<\/p>\n<p style=\"text-align: justify\">Sanat\u0131n \u00e7e\u015fitli disiplinlerinde kentte kal\u0131c\u0131 bir k\u00fclt\u00fcr yaratma ve bu alanlar\u0131n geli\u015fimine katk\u0131da bulunma \u00e7abas\u0131n\u0131 vermek \u00fczere kurulan konservatuarda yok olmayla kar\u015f\u0131 kar\u015f\u0131ya olan k\u00fclt\u00fcrel de\u011ferler aya\u011fa kald\u0131r\u0131lacak. S\u00fcmerpark i\u00e7erisinde ya\u015fama ge\u00e7ecek konservatuar efsanevi sanat\u00e7\u0131 Aram Tigran&#8217;\u0131n ad\u0131n\u0131 ta\u015f\u0131yacak.<\/p>\n<p style=\"text-align: justify\"><strong><em>E\u011fitim s\u00fcresi iki y\u0131l<\/em><\/strong><\/p>\n<p style=\"text-align: justify\">Sanat alan\u0131nda ba\u015fta dezavantajl\u0131 gruplar olmak \u00fczere, m\u00fczik, tiyatro, sinema, halk danslar\u0131 ve resim alanlar\u0131nda yetenekli olan herkese a\u00e7\u0131k olan konservatuarda her b\u00f6l\u00fcm i\u00e7in e\u011fitim s\u00fcresi 2 y\u0131l olacak.<\/p>\n<p style=\"text-align: justify\">Konservatuarda \u00f6\u011fretim g\u00f6revlilerinin b\u00fcy\u00fck b\u00f6l\u00fcm\u00fcn\u00fc K\u00fclt\u00fcr ve Turizm Daire Ba\u015fkanl\u0131\u011f\u0131 b\u00fcnyesinde \u00e7al\u0131\u015fan alanlar\u0131nda uzman ki\u015filer olu\u015fturacak.<\/p>\n<p style=\"text-align: justify\">Temel alan derslerinin hafta sonu verilece\u011fi konservatuarda K\u00fcrt\u00e7e ve Sanat Tarihi dersleri t\u00fcm b\u00f6l\u00fcmlerde ortak olup hafta i\u00e7i 2 veya 3 g\u00fcn ak\u015fam saatlerinde verilecek.<\/p>\n<p style=\"text-align: justify\">B\u00fcy\u00fck\u015fehir Belediyesi Halk M\u00fczi\u011fi korosunun halen Has\u0131rl\u0131, Benusen, Aziziye \u00e7ama\u015f\u0131r evlerinde \u00e7ocuklara y\u00f6nelik m\u00fczik dersleri devam ederken burada ba\u015far\u0131l\u0131 olan \u00f6\u011frenciler konservatuarda \u00f6\u011frenim g\u00f6rme hakk\u0131na sahip olacak.<\/p>\n<p style=\"text-align: justify\">S\u0131navla ders ba\u015f\u0131 yapacak olan \u00f6\u011frenciler de ya\u015f s\u0131n\u0131r\u0131 da olacak. M\u00fczik dersleri 7-14 ve 15-30 ya\u015f aral\u0131\u011f\u0131ndaki iki gruptan olu\u015facak. Sinema derslerine 15 -30 ya\u015f aras\u0131ndaki \u00f6\u011frenciler al\u0131n\u0131rken, 17-30 ya\u015f aras\u0131 tiyatro, 16-30 ya\u015f aral\u0131\u011f\u0131ndakilerin halk danslar\u0131 dersleri alaca\u011f\u0131 konservatuarda resim b\u00f6l\u00fcm\u00fcnden ise 15 ya\u015f \u00fcst\u00fc sanat\u00e7\u0131 adaylar\u0131 faydalanacak.<\/p>\n<p style=\"text-align: justify\"><strong>\u00a0<\/strong><\/p>\n<p style=\"text-align: justify\"><strong>01 Ekim 2010 <\/strong><\/p>\n<p style=\"text-align: justify\"><strong><em>http:\/\/www.diyarinsesi.org\/haber\/aram-tigran-kent-konservatuari-aciliyor&#8211;17904.htm<\/em><\/strong><\/p>\n","protected":false},"excerpt":{"rendered":"<p>Diyarbak\u0131r B\u00fcy\u00fck\u015fehir Belediyesi K\u00fclt\u00fcr ve Turizm Daire Ba\u015fkanl\u0131\u011f\u0131 b\u00fcnyesinde Aram Tigran Kent Konservatuar\u0131 a\u00e7\u0131l\u0131yor . Alternatif Bir sanat E\u011fitim system olu\u015fturmak amac\u0131yla tasarlanan konservatuar 1 Kas\u0131m`da faaliyete girecek . Sanat\u0131n \u00e7e\u015fitli disiplinlerinde kentte kal\u0131c\u0131 bir k\u00fclt\u00fcr yaratma ve bu alanlar\u0131n geli\u015fimine katk\u0131da bulunma \u00e7abas\u0131n\u0131 vermek \u00fczere kurulan konservatuarda yok olmayla kar\u015f\u0131 kar\u015f\u0131ya olan k\u00fclt\u00fcrel de\u011ferler [&hellip;]<\/p>\n","protected":false},"author":3,"featured_media":0,"comment_status":"closed","ping_status":"open","sticky":false,"template":"","format":"standard","meta":{"footnotes":""},"categories":[14],"tags":[],"class_list":["post-2216","post","type-post","status-publish","format-standard","hentry","category-haberler"],"yoast_head":"<!-- This site is optimized with the Yoast SEO plugin v27.4 - https:\/\/yoast.com\/product\/yoast-seo-wordpress\/ -->\n<title>Aram Tigran Kent Konservatuar\u0131 A\u00e7\u0131l\u0131yor - Bati Ermenistan Ve Bati Ermenileri Sorunlari Ara\u015ftirmalar Merkezi<\/title>\n<meta name=\"robots\" content=\"index, follow, max-snippet:-1, max-image-preview:large, max-video-preview:-1\" \/>\n<link rel=\"canonical\" href=\"https:\/\/akunq.net\/turkish\/2010\/10\/04\/aram-tigran-kent-konservatuari-aciliyor\/\" \/>\n<meta property=\"og:locale\" content=\"en_US\" \/>\n<meta property=\"og:type\" content=\"article\" \/>\n<meta property=\"og:title\" content=\"Aram Tigran Kent Konservatuar\u0131 A\u00e7\u0131l\u0131yor - Bati Ermenistan Ve Bati Ermenileri Sorunlari Ara\u015ftirmalar Merkezi\" \/>\n<meta property=\"og:description\" content=\"Diyarbak\u0131r B\u00fcy\u00fck\u015fehir Belediyesi K\u00fclt\u00fcr ve Turizm Daire Ba\u015fkanl\u0131\u011f\u0131 b\u00fcnyesinde Aram Tigran Kent Konservatuar\u0131 a\u00e7\u0131l\u0131yor . Alternatif Bir sanat E\u011fitim system olu\u015fturmak amac\u0131yla tasarlanan konservatuar 1 Kas\u0131m`da faaliyete girecek . Sanat\u0131n \u00e7e\u015fitli disiplinlerinde kentte kal\u0131c\u0131 bir k\u00fclt\u00fcr yaratma ve bu alanlar\u0131n geli\u015fimine katk\u0131da bulunma \u00e7abas\u0131n\u0131 vermek \u00fczere kurulan konservatuarda yok olmayla kar\u015f\u0131 kar\u015f\u0131ya olan k\u00fclt\u00fcrel de\u011ferler [&hellip;]\" \/>\n<meta property=\"og:url\" content=\"https:\/\/akunq.net\/turkish\/2010\/10\/04\/aram-tigran-kent-konservatuari-aciliyor\/\" \/>\n<meta property=\"og:site_name\" content=\"Bati Ermenistan Ve Bati Ermenileri Sorunlari Ara\u015ftirmalar Merkezi\" \/>\n<meta property=\"article:published_time\" content=\"2010-10-04T11:23:27+00:00\" \/>\n<meta property=\"og:image\" content=\"https:\/\/akunq.net\/turkish\/wp-content\/uploads\/sites\/5\/2010\/10\/Aram-Tigran.jpg\" \/>\n\t<meta property=\"og:image:width\" content=\"284\" \/>\n\t<meta property=\"og:image:height\" content=\"235\" \/>\n\t<meta property=\"og:image:type\" content=\"image\/jpeg\" \/>\n<meta name=\"author\" content=\"kalem\" \/>\n<meta name=\"twitter:card\" content=\"summary_large_image\" \/>\n<meta name=\"twitter:label1\" content=\"Written by\" \/>\n\t<meta name=\"twitter:data1\" content=\"kalem\" \/>\n\t<meta name=\"twitter:label2\" content=\"Est. reading time\" \/>\n\t<meta name=\"twitter:data2\" content=\"2 minutes\" \/>\n<script type=\"application\/ld+json\" class=\"yoast-schema-graph\">{\"@context\":\"https:\\\/\\\/schema.org\",\"@graph\":[{\"@type\":\"Article\",\"@id\":\"https:\\\/\\\/akunq.net\\\/turkish\\\/2010\\\/10\\\/04\\\/aram-tigran-kent-konservatuari-aciliyor\\\/#article\",\"isPartOf\":{\"@id\":\"https:\\\/\\\/akunq.net\\\/turkish\\\/2010\\\/10\\\/04\\\/aram-tigran-kent-konservatuari-aciliyor\\\/\"},\"author\":{\"name\":\"kalem\",\"@id\":\"https:\\\/\\\/akunq.net\\\/turkish\\\/#\\\/schema\\\/person\\\/135e7923d1aeb8887890799619969a6c\"},\"headline\":\"Aram Tigran Kent Konservatuar\u0131 A\u00e7\u0131l\u0131yor\",\"datePublished\":\"2010-10-04T11:23:27+00:00\",\"mainEntityOfPage\":{\"@id\":\"https:\\\/\\\/akunq.net\\\/turkish\\\/2010\\\/10\\\/04\\\/aram-tigran-kent-konservatuari-aciliyor\\\/\"},\"wordCount\":327,\"image\":{\"@id\":\"https:\\\/\\\/akunq.net\\\/turkish\\\/2010\\\/10\\\/04\\\/aram-tigran-kent-konservatuari-aciliyor\\\/#primaryimage\"},\"thumbnailUrl\":\"http:\\\/\\\/akunq.net\\\/tr\\\/wp-content\\\/uploads\\\/2010\\\/10\\\/Aram-Tigran.jpg\",\"articleSection\":[\"Haberler\"],\"inLanguage\":\"en-US\"},{\"@type\":\"WebPage\",\"@id\":\"https:\\\/\\\/akunq.net\\\/turkish\\\/2010\\\/10\\\/04\\\/aram-tigran-kent-konservatuari-aciliyor\\\/\",\"url\":\"https:\\\/\\\/akunq.net\\\/turkish\\\/2010\\\/10\\\/04\\\/aram-tigran-kent-konservatuari-aciliyor\\\/\",\"name\":\"Aram Tigran Kent Konservatuar\u0131 A\u00e7\u0131l\u0131yor - Bati Ermenistan Ve Bati Ermenileri Sorunlari Ara\u015ftirmalar Merkezi\",\"isPartOf\":{\"@id\":\"https:\\\/\\\/akunq.net\\\/turkish\\\/#website\"},\"primaryImageOfPage\":{\"@id\":\"https:\\\/\\\/akunq.net\\\/turkish\\\/2010\\\/10\\\/04\\\/aram-tigran-kent-konservatuari-aciliyor\\\/#primaryimage\"},\"image\":{\"@id\":\"https:\\\/\\\/akunq.net\\\/turkish\\\/2010\\\/10\\\/04\\\/aram-tigran-kent-konservatuari-aciliyor\\\/#primaryimage\"},\"thumbnailUrl\":\"http:\\\/\\\/akunq.net\\\/tr\\\/wp-content\\\/uploads\\\/2010\\\/10\\\/Aram-Tigran.jpg\",\"datePublished\":\"2010-10-04T11:23:27+00:00\",\"author\":{\"@id\":\"https:\\\/\\\/akunq.net\\\/turkish\\\/#\\\/schema\\\/person\\\/135e7923d1aeb8887890799619969a6c\"},\"breadcrumb\":{\"@id\":\"https:\\\/\\\/akunq.net\\\/turkish\\\/2010\\\/10\\\/04\\\/aram-tigran-kent-konservatuari-aciliyor\\\/#breadcrumb\"},\"inLanguage\":\"en-US\",\"potentialAction\":[{\"@type\":\"ReadAction\",\"target\":[\"https:\\\/\\\/akunq.net\\\/turkish\\\/2010\\\/10\\\/04\\\/aram-tigran-kent-konservatuari-aciliyor\\\/\"]}]},{\"@type\":\"ImageObject\",\"inLanguage\":\"en-US\",\"@id\":\"https:\\\/\\\/akunq.net\\\/turkish\\\/2010\\\/10\\\/04\\\/aram-tigran-kent-konservatuari-aciliyor\\\/#primaryimage\",\"url\":\"http:\\\/\\\/akunq.net\\\/tr\\\/wp-content\\\/uploads\\\/2010\\\/10\\\/Aram-Tigran.jpg\",\"contentUrl\":\"http:\\\/\\\/akunq.net\\\/tr\\\/wp-content\\\/uploads\\\/2010\\\/10\\\/Aram-Tigran.jpg\"},{\"@type\":\"BreadcrumbList\",\"@id\":\"https:\\\/\\\/akunq.net\\\/turkish\\\/2010\\\/10\\\/04\\\/aram-tigran-kent-konservatuari-aciliyor\\\/#breadcrumb\",\"itemListElement\":[{\"@type\":\"ListItem\",\"position\":1,\"name\":\"Home\",\"item\":\"https:\\\/\\\/akunq.net\\\/turkish\\\/\"},{\"@type\":\"ListItem\",\"position\":2,\"name\":\"Aram Tigran Kent Konservatuar\u0131 A\u00e7\u0131l\u0131yor\"}]},{\"@type\":\"WebSite\",\"@id\":\"https:\\\/\\\/akunq.net\\\/turkish\\\/#website\",\"url\":\"https:\\\/\\\/akunq.net\\\/turkish\\\/\",\"name\":\"Bati Ermenistan Ve Bati Ermenileri Sorunlari Ara\u015ftirmalar Merkezi\",\"description\":\"\",\"potentialAction\":[{\"@type\":\"SearchAction\",\"target\":{\"@type\":\"EntryPoint\",\"urlTemplate\":\"https:\\\/\\\/akunq.net\\\/turkish\\\/?s={search_term_string}\"},\"query-input\":{\"@type\":\"PropertyValueSpecification\",\"valueRequired\":true,\"valueName\":\"search_term_string\"}}],\"inLanguage\":\"en-US\"},{\"@type\":\"Person\",\"@id\":\"https:\\\/\\\/akunq.net\\\/turkish\\\/#\\\/schema\\\/person\\\/135e7923d1aeb8887890799619969a6c\",\"name\":\"kalem\",\"image\":{\"@type\":\"ImageObject\",\"inLanguage\":\"en-US\",\"@id\":\"https:\\\/\\\/secure.gravatar.com\\\/avatar\\\/a06875e4b25feb5674296adf8e8a7ae1e587cebce2493fe63c456109967e27d3?s=96&d=mm&r=g\",\"url\":\"https:\\\/\\\/secure.gravatar.com\\\/avatar\\\/a06875e4b25feb5674296adf8e8a7ae1e587cebce2493fe63c456109967e27d3?s=96&d=mm&r=g\",\"contentUrl\":\"https:\\\/\\\/secure.gravatar.com\\\/avatar\\\/a06875e4b25feb5674296adf8e8a7ae1e587cebce2493fe63c456109967e27d3?s=96&d=mm&r=g\",\"caption\":\"kalem\"},\"url\":\"https:\\\/\\\/akunq.net\\\/turkish\\\/author\\\/kalem\\\/\"}]}<\/script>\n<!-- \/ Yoast SEO plugin. -->","yoast_head_json":{"title":"Aram Tigran Kent Konservatuar\u0131 A\u00e7\u0131l\u0131yor - Bati Ermenistan Ve Bati Ermenileri Sorunlari Ara\u015ftirmalar Merkezi","robots":{"index":"index","follow":"follow","max-snippet":"max-snippet:-1","max-image-preview":"max-image-preview:large","max-video-preview":"max-video-preview:-1"},"canonical":"https:\/\/akunq.net\/turkish\/2010\/10\/04\/aram-tigran-kent-konservatuari-aciliyor\/","og_locale":"en_US","og_type":"article","og_title":"Aram Tigran Kent Konservatuar\u0131 A\u00e7\u0131l\u0131yor - Bati Ermenistan Ve Bati Ermenileri Sorunlari Ara\u015ftirmalar Merkezi","og_description":"Diyarbak\u0131r B\u00fcy\u00fck\u015fehir Belediyesi K\u00fclt\u00fcr ve Turizm Daire Ba\u015fkanl\u0131\u011f\u0131 b\u00fcnyesinde Aram Tigran Kent Konservatuar\u0131 a\u00e7\u0131l\u0131yor . Alternatif Bir sanat E\u011fitim system olu\u015fturmak amac\u0131yla tasarlanan konservatuar 1 Kas\u0131m`da faaliyete girecek . Sanat\u0131n \u00e7e\u015fitli disiplinlerinde kentte kal\u0131c\u0131 bir k\u00fclt\u00fcr yaratma ve bu alanlar\u0131n geli\u015fimine katk\u0131da bulunma \u00e7abas\u0131n\u0131 vermek \u00fczere kurulan konservatuarda yok olmayla kar\u015f\u0131 kar\u015f\u0131ya olan k\u00fclt\u00fcrel de\u011ferler [&hellip;]","og_url":"https:\/\/akunq.net\/turkish\/2010\/10\/04\/aram-tigran-kent-konservatuari-aciliyor\/","og_site_name":"Bati Ermenistan Ve Bati Ermenileri Sorunlari Ara\u015ftirmalar Merkezi","article_published_time":"2010-10-04T11:23:27+00:00","og_image":[{"width":284,"height":235,"url":"https:\/\/akunq.net\/turkish\/wp-content\/uploads\/sites\/5\/2010\/10\/Aram-Tigran.jpg","type":"image\/jpeg"}],"author":"kalem","twitter_card":"summary_large_image","twitter_misc":{"Written by":"kalem","Est. reading time":"2 minutes"},"schema":{"@context":"https:\/\/schema.org","@graph":[{"@type":"Article","@id":"https:\/\/akunq.net\/turkish\/2010\/10\/04\/aram-tigran-kent-konservatuari-aciliyor\/#article","isPartOf":{"@id":"https:\/\/akunq.net\/turkish\/2010\/10\/04\/aram-tigran-kent-konservatuari-aciliyor\/"},"author":{"name":"kalem","@id":"https:\/\/akunq.net\/turkish\/#\/schema\/person\/135e7923d1aeb8887890799619969a6c"},"headline":"Aram Tigran Kent Konservatuar\u0131 A\u00e7\u0131l\u0131yor","datePublished":"2010-10-04T11:23:27+00:00","mainEntityOfPage":{"@id":"https:\/\/akunq.net\/turkish\/2010\/10\/04\/aram-tigran-kent-konservatuari-aciliyor\/"},"wordCount":327,"image":{"@id":"https:\/\/akunq.net\/turkish\/2010\/10\/04\/aram-tigran-kent-konservatuari-aciliyor\/#primaryimage"},"thumbnailUrl":"http:\/\/akunq.net\/tr\/wp-content\/uploads\/2010\/10\/Aram-Tigran.jpg","articleSection":["Haberler"],"inLanguage":"en-US"},{"@type":"WebPage","@id":"https:\/\/akunq.net\/turkish\/2010\/10\/04\/aram-tigran-kent-konservatuari-aciliyor\/","url":"https:\/\/akunq.net\/turkish\/2010\/10\/04\/aram-tigran-kent-konservatuari-aciliyor\/","name":"Aram Tigran Kent Konservatuar\u0131 A\u00e7\u0131l\u0131yor - Bati Ermenistan Ve Bati Ermenileri Sorunlari Ara\u015ftirmalar Merkezi","isPartOf":{"@id":"https:\/\/akunq.net\/turkish\/#website"},"primaryImageOfPage":{"@id":"https:\/\/akunq.net\/turkish\/2010\/10\/04\/aram-tigran-kent-konservatuari-aciliyor\/#primaryimage"},"image":{"@id":"https:\/\/akunq.net\/turkish\/2010\/10\/04\/aram-tigran-kent-konservatuari-aciliyor\/#primaryimage"},"thumbnailUrl":"http:\/\/akunq.net\/tr\/wp-content\/uploads\/2010\/10\/Aram-Tigran.jpg","datePublished":"2010-10-04T11:23:27+00:00","author":{"@id":"https:\/\/akunq.net\/turkish\/#\/schema\/person\/135e7923d1aeb8887890799619969a6c"},"breadcrumb":{"@id":"https:\/\/akunq.net\/turkish\/2010\/10\/04\/aram-tigran-kent-konservatuari-aciliyor\/#breadcrumb"},"inLanguage":"en-US","potentialAction":[{"@type":"ReadAction","target":["https:\/\/akunq.net\/turkish\/2010\/10\/04\/aram-tigran-kent-konservatuari-aciliyor\/"]}]},{"@type":"ImageObject","inLanguage":"en-US","@id":"https:\/\/akunq.net\/turkish\/2010\/10\/04\/aram-tigran-kent-konservatuari-aciliyor\/#primaryimage","url":"http:\/\/akunq.net\/tr\/wp-content\/uploads\/2010\/10\/Aram-Tigran.jpg","contentUrl":"http:\/\/akunq.net\/tr\/wp-content\/uploads\/2010\/10\/Aram-Tigran.jpg"},{"@type":"BreadcrumbList","@id":"https:\/\/akunq.net\/turkish\/2010\/10\/04\/aram-tigran-kent-konservatuari-aciliyor\/#breadcrumb","itemListElement":[{"@type":"ListItem","position":1,"name":"Home","item":"https:\/\/akunq.net\/turkish\/"},{"@type":"ListItem","position":2,"name":"Aram Tigran Kent Konservatuar\u0131 A\u00e7\u0131l\u0131yor"}]},{"@type":"WebSite","@id":"https:\/\/akunq.net\/turkish\/#website","url":"https:\/\/akunq.net\/turkish\/","name":"Bati Ermenistan Ve Bati Ermenileri Sorunlari Ara\u015ftirmalar Merkezi","description":"","potentialAction":[{"@type":"SearchAction","target":{"@type":"EntryPoint","urlTemplate":"https:\/\/akunq.net\/turkish\/?s={search_term_string}"},"query-input":{"@type":"PropertyValueSpecification","valueRequired":true,"valueName":"search_term_string"}}],"inLanguage":"en-US"},{"@type":"Person","@id":"https:\/\/akunq.net\/turkish\/#\/schema\/person\/135e7923d1aeb8887890799619969a6c","name":"kalem","image":{"@type":"ImageObject","inLanguage":"en-US","@id":"https:\/\/secure.gravatar.com\/avatar\/a06875e4b25feb5674296adf8e8a7ae1e587cebce2493fe63c456109967e27d3?s=96&d=mm&r=g","url":"https:\/\/secure.gravatar.com\/avatar\/a06875e4b25feb5674296adf8e8a7ae1e587cebce2493fe63c456109967e27d3?s=96&d=mm&r=g","contentUrl":"https:\/\/secure.gravatar.com\/avatar\/a06875e4b25feb5674296adf8e8a7ae1e587cebce2493fe63c456109967e27d3?s=96&d=mm&r=g","caption":"kalem"},"url":"https:\/\/akunq.net\/turkish\/author\/kalem\/"}]}},"_links":{"self":[{"href":"https:\/\/akunq.net\/turkish\/wp-json\/wp\/v2\/posts\/2216","targetHints":{"allow":["GET"]}}],"collection":[{"href":"https:\/\/akunq.net\/turkish\/wp-json\/wp\/v2\/posts"}],"about":[{"href":"https:\/\/akunq.net\/turkish\/wp-json\/wp\/v2\/types\/post"}],"author":[{"embeddable":true,"href":"https:\/\/akunq.net\/turkish\/wp-json\/wp\/v2\/users\/3"}],"replies":[{"embeddable":true,"href":"https:\/\/akunq.net\/turkish\/wp-json\/wp\/v2\/comments?post=2216"}],"version-history":[{"count":0,"href":"https:\/\/akunq.net\/turkish\/wp-json\/wp\/v2\/posts\/2216\/revisions"}],"wp:attachment":[{"href":"https:\/\/akunq.net\/turkish\/wp-json\/wp\/v2\/media?parent=2216"}],"wp:term":[{"taxonomy":"category","embeddable":true,"href":"https:\/\/akunq.net\/turkish\/wp-json\/wp\/v2\/categories?post=2216"},{"taxonomy":"post_tag","embeddable":true,"href":"https:\/\/akunq.net\/turkish\/wp-json\/wp\/v2\/tags?post=2216"}],"curies":[{"name":"wp","href":"https:\/\/api.w.org\/{rel}","templated":true}]}}