{"id":2214,"date":"2010-10-04T03:26:28","date_gmt":"2010-10-04T08:26:28","guid":{"rendered":"http:\/\/akunq.net\/tr\/?p=2214"},"modified":"2010-10-04T03:26:28","modified_gmt":"2010-10-04T08:26:28","slug":"bahceli-ermeni-sinir-kapisinda-etten-duvar-ordurdu","status":"publish","type":"post","link":"https:\/\/akunq.net\/turkish\/2010\/10\/04\/bahceli-ermeni-sinir-kapisinda-etten-duvar-ordurdu\/","title":{"rendered":"Bah\u00e7eli, Ermeni s\u0131n\u0131r kap\u0131s\u0131nda etten duvar \u00f6rd\u00fcrd\u00fc!"},"content":{"rendered":"<p style=\"text-align: justify\">TBMM\u2019nin a\u00e7\u0131ld\u0131\u011f\u0131 g\u00fcn, Meclis \u00e7at\u0131s\u0131 alt\u0131nda olmak yerine Ermenistan s\u0131n\u0131r\u0131ndaki Ani Harabeleri\u2019nde namaz k\u0131lmay\u0131 tercih eden MHP Genel Ba\u015fkan\u0131 Devlet Bah\u00e7eli, d\u00fcn de Emrenistan s\u0131n\u0131r\u0131nda etten duvar \u00f6rd\u00fcrd\u00fc.\u00a0<br \/>\nKapal\u0131 olan Alican S\u0131n\u0131r Kap\u0131s\u0131\u2019n\u0131n \u00f6n\u00fcnde partililerle hitap eden Bah\u00e7eli T\u00fcrkiye-Ermenistan aras\u0131nda s\u0131n\u0131r\u0131n a\u00e7\u0131lmamas\u0131n\u0131 isterken \u201cT\u00fcrk milleti, Azerbaycanl\u0131 karde\u015flerinin aleyhine ve zarar\u0131na olacak hi\u00e7bir ad\u0131m\u0131n at\u0131lmas\u0131na, hi\u00e7bir \u015fart alt\u0131nda izin vermeyecektir\u201d dedi.<br \/>\nGeceyi Kars\u2019ta ge\u00e7iren Bah\u00e7eli, d\u00fcn sabah kentten ayr\u0131lmadan \u00f6nce Ermenistan\u2019a jest i\u00e7in yapt\u0131r\u0131lan \u0130nsanl\u0131k An\u0131t\u0131\u2019n\u0131 da g\u00f6rd\u00fc. MHP \u0130l Ba\u015fkan\u0131 Oktay Akta\u015f, eski Belediye Ba\u015fkan\u0131 Naif Alibeyo\u011flu taraf\u0131ndan Timurpa\u015fa tabyas\u0131 \u00fczerine yapt\u0131r\u0131lan an\u0131t\u0131n zeminde \u00e7\u00f6kme nedeniyle y\u0131k\u0131lmak \u00fczere oldu\u011funu s\u00f6yleyince Bah\u00e7eli, \u201cDemek ki Ermeni an\u0131t\u0131 y\u0131k\u0131l\u0131yor. \u0130\u015fte Allah\u2019\u0131n i\u015fini g\u00f6r\u00fcyor musunuz?\u201d dedi. Bah\u00e7eli, konu\u015fmas\u0131n\u0131n bitiminde milletvekilleriyle yan yana durarak s\u0131n\u0131r kap\u0131s\u0131n\u0131n \u00f6n\u00fcnde bir duvar olu\u015fturmalar\u0131n\u0131 istedi. Bah\u00e7eli\u2019nin iste\u011fi \u00fczerine etten duvar olu\u015fturuldu ve medya mensuplar\u0131 bu durumu g\u00f6r\u00fcnt\u00fcledi.<br \/>\nMHP lideri Devlet Bah\u00e7eli \u00f6nceki g\u00fcn TBMM\u2019nin a\u00e7\u0131ld\u0131\u011f\u0131 g\u00fcn Meclis\u2019e gitmemi\u015f, bunun yerine Kars\u2019taki Ani Harabeleri\u2019nde, Alparslan\u2019\u0131n Anadolu\u2019ya giri\u015finden sonra camiye \u00e7evrilen eski katedralde cuma namaz\u0131 k\u0131lm\u0131\u015ft\u0131. Bah\u00e7eli\u2019nin \u2018Fethiye Camii\u2019 y\u0131k\u0131nt\u0131lar\u0131ndaki namaz\u0131, d\u00fcnya bas\u0131n\u0131nda da yank\u0131 bulmu\u015ftu.<\/p>\n<p style=\"text-align: justify\"><strong><em>03\/10\/2010<\/em><\/strong><strong><em><\/em><\/strong><\/p>\n<p style=\"text-align: justify\"><strong><em>\u00a0(dha)-I\u011eDIR<\/em><\/strong><\/p>\n","protected":false},"excerpt":{"rendered":"<p>TBMM\u2019nin a\u00e7\u0131ld\u0131\u011f\u0131 g\u00fcn, Meclis \u00e7at\u0131s\u0131 alt\u0131nda olmak yerine Ermenistan s\u0131n\u0131r\u0131ndaki Ani Harabeleri\u2019nde namaz k\u0131lmay\u0131 tercih eden MHP Genel Ba\u015fkan\u0131 Devlet Bah\u00e7eli, d\u00fcn de Emrenistan s\u0131n\u0131r\u0131nda etten duvar \u00f6rd\u00fcrd\u00fc.\u00a0 Kapal\u0131 olan Alican S\u0131n\u0131r Kap\u0131s\u0131\u2019n\u0131n \u00f6n\u00fcnde partililerle hitap eden Bah\u00e7eli T\u00fcrkiye-Ermenistan aras\u0131nda s\u0131n\u0131r\u0131n a\u00e7\u0131lmamas\u0131n\u0131 isterken \u201cT\u00fcrk milleti, Azerbaycanl\u0131 karde\u015flerinin aleyhine ve zarar\u0131na olacak hi\u00e7bir ad\u0131m\u0131n at\u0131lmas\u0131na, hi\u00e7bir [&hellip;]<\/p>\n","protected":false},"author":3,"featured_media":0,"comment_status":"closed","ping_status":"open","sticky":false,"template":"","format":"standard","meta":{"footnotes":""},"categories":[14],"tags":[],"class_list":["post-2214","post","type-post","status-publish","format-standard","hentry","category-haberler"],"yoast_head":"<!-- This site is optimized with the Yoast SEO plugin v27.4 - https:\/\/yoast.com\/product\/yoast-seo-wordpress\/ -->\n<title>Bah\u00e7eli, Ermeni s\u0131n\u0131r kap\u0131s\u0131nda etten duvar \u00f6rd\u00fcrd\u00fc! - Bati Ermenistan Ve Bati Ermenileri Sorunlari Ara\u015ftirmalar Merkezi<\/title>\n<meta name=\"robots\" content=\"index, follow, max-snippet:-1, max-image-preview:large, max-video-preview:-1\" \/>\n<link rel=\"canonical\" href=\"https:\/\/akunq.net\/turkish\/2010\/10\/04\/bahceli-ermeni-sinir-kapisinda-etten-duvar-ordurdu\/\" \/>\n<meta property=\"og:locale\" content=\"en_US\" \/>\n<meta property=\"og:type\" content=\"article\" \/>\n<meta property=\"og:title\" content=\"Bah\u00e7eli, Ermeni s\u0131n\u0131r kap\u0131s\u0131nda etten duvar \u00f6rd\u00fcrd\u00fc! - Bati Ermenistan Ve Bati Ermenileri Sorunlari Ara\u015ftirmalar Merkezi\" \/>\n<meta property=\"og:description\" content=\"TBMM\u2019nin a\u00e7\u0131ld\u0131\u011f\u0131 g\u00fcn, Meclis \u00e7at\u0131s\u0131 alt\u0131nda olmak yerine Ermenistan s\u0131n\u0131r\u0131ndaki Ani Harabeleri\u2019nde namaz k\u0131lmay\u0131 tercih eden MHP Genel Ba\u015fkan\u0131 Devlet Bah\u00e7eli, d\u00fcn de Emrenistan s\u0131n\u0131r\u0131nda etten duvar \u00f6rd\u00fcrd\u00fc.\u00a0 Kapal\u0131 olan Alican S\u0131n\u0131r Kap\u0131s\u0131\u2019n\u0131n \u00f6n\u00fcnde partililerle hitap eden Bah\u00e7eli T\u00fcrkiye-Ermenistan aras\u0131nda s\u0131n\u0131r\u0131n a\u00e7\u0131lmamas\u0131n\u0131 isterken \u201cT\u00fcrk milleti, Azerbaycanl\u0131 karde\u015flerinin aleyhine ve zarar\u0131na olacak hi\u00e7bir ad\u0131m\u0131n at\u0131lmas\u0131na, hi\u00e7bir [&hellip;]\" \/>\n<meta property=\"og:url\" content=\"https:\/\/akunq.net\/turkish\/2010\/10\/04\/bahceli-ermeni-sinir-kapisinda-etten-duvar-ordurdu\/\" \/>\n<meta property=\"og:site_name\" content=\"Bati Ermenistan Ve Bati Ermenileri Sorunlari Ara\u015ftirmalar Merkezi\" \/>\n<meta property=\"article:published_time\" content=\"2010-10-04T08:26:28+00:00\" \/>\n<meta name=\"author\" content=\"kalem\" \/>\n<meta name=\"twitter:card\" content=\"summary_large_image\" \/>\n<meta name=\"twitter:label1\" content=\"Written by\" \/>\n\t<meta name=\"twitter:data1\" content=\"kalem\" \/>\n\t<meta name=\"twitter:label2\" content=\"Est. reading time\" \/>\n\t<meta name=\"twitter:data2\" content=\"1 minute\" \/>\n<script type=\"application\/ld+json\" class=\"yoast-schema-graph\">{\"@context\":\"https:\\\/\\\/schema.org\",\"@graph\":[{\"@type\":\"Article\",\"@id\":\"https:\\\/\\\/akunq.net\\\/turkish\\\/2010\\\/10\\\/04\\\/bahceli-ermeni-sinir-kapisinda-etten-duvar-ordurdu\\\/#article\",\"isPartOf\":{\"@id\":\"https:\\\/\\\/akunq.net\\\/turkish\\\/2010\\\/10\\\/04\\\/bahceli-ermeni-sinir-kapisinda-etten-duvar-ordurdu\\\/\"},\"author\":{\"name\":\"kalem\",\"@id\":\"https:\\\/\\\/akunq.net\\\/turkish\\\/#\\\/schema\\\/person\\\/135e7923d1aeb8887890799619969a6c\"},\"headline\":\"Bah\u00e7eli, Ermeni s\u0131n\u0131r kap\u0131s\u0131nda etten duvar \u00f6rd\u00fcrd\u00fc!\",\"datePublished\":\"2010-10-04T08:26:28+00:00\",\"mainEntityOfPage\":{\"@id\":\"https:\\\/\\\/akunq.net\\\/turkish\\\/2010\\\/10\\\/04\\\/bahceli-ermeni-sinir-kapisinda-etten-duvar-ordurdu\\\/\"},\"wordCount\":309,\"articleSection\":[\"Haberler\"],\"inLanguage\":\"en-US\"},{\"@type\":\"WebPage\",\"@id\":\"https:\\\/\\\/akunq.net\\\/turkish\\\/2010\\\/10\\\/04\\\/bahceli-ermeni-sinir-kapisinda-etten-duvar-ordurdu\\\/\",\"url\":\"https:\\\/\\\/akunq.net\\\/turkish\\\/2010\\\/10\\\/04\\\/bahceli-ermeni-sinir-kapisinda-etten-duvar-ordurdu\\\/\",\"name\":\"Bah\u00e7eli, Ermeni s\u0131n\u0131r kap\u0131s\u0131nda etten duvar \u00f6rd\u00fcrd\u00fc! - Bati Ermenistan Ve Bati Ermenileri Sorunlari Ara\u015ftirmalar Merkezi\",\"isPartOf\":{\"@id\":\"https:\\\/\\\/akunq.net\\\/turkish\\\/#website\"},\"datePublished\":\"2010-10-04T08:26:28+00:00\",\"author\":{\"@id\":\"https:\\\/\\\/akunq.net\\\/turkish\\\/#\\\/schema\\\/person\\\/135e7923d1aeb8887890799619969a6c\"},\"breadcrumb\":{\"@id\":\"https:\\\/\\\/akunq.net\\\/turkish\\\/2010\\\/10\\\/04\\\/bahceli-ermeni-sinir-kapisinda-etten-duvar-ordurdu\\\/#breadcrumb\"},\"inLanguage\":\"en-US\",\"potentialAction\":[{\"@type\":\"ReadAction\",\"target\":[\"https:\\\/\\\/akunq.net\\\/turkish\\\/2010\\\/10\\\/04\\\/bahceli-ermeni-sinir-kapisinda-etten-duvar-ordurdu\\\/\"]}]},{\"@type\":\"BreadcrumbList\",\"@id\":\"https:\\\/\\\/akunq.net\\\/turkish\\\/2010\\\/10\\\/04\\\/bahceli-ermeni-sinir-kapisinda-etten-duvar-ordurdu\\\/#breadcrumb\",\"itemListElement\":[{\"@type\":\"ListItem\",\"position\":1,\"name\":\"Home\",\"item\":\"https:\\\/\\\/akunq.net\\\/turkish\\\/\"},{\"@type\":\"ListItem\",\"position\":2,\"name\":\"Bah\u00e7eli, Ermeni s\u0131n\u0131r kap\u0131s\u0131nda etten duvar \u00f6rd\u00fcrd\u00fc!\"}]},{\"@type\":\"WebSite\",\"@id\":\"https:\\\/\\\/akunq.net\\\/turkish\\\/#website\",\"url\":\"https:\\\/\\\/akunq.net\\\/turkish\\\/\",\"name\":\"Bati Ermenistan Ve Bati Ermenileri Sorunlari Ara\u015ftirmalar Merkezi\",\"description\":\"\",\"potentialAction\":[{\"@type\":\"SearchAction\",\"target\":{\"@type\":\"EntryPoint\",\"urlTemplate\":\"https:\\\/\\\/akunq.net\\\/turkish\\\/?s={search_term_string}\"},\"query-input\":{\"@type\":\"PropertyValueSpecification\",\"valueRequired\":true,\"valueName\":\"search_term_string\"}}],\"inLanguage\":\"en-US\"},{\"@type\":\"Person\",\"@id\":\"https:\\\/\\\/akunq.net\\\/turkish\\\/#\\\/schema\\\/person\\\/135e7923d1aeb8887890799619969a6c\",\"name\":\"kalem\",\"image\":{\"@type\":\"ImageObject\",\"inLanguage\":\"en-US\",\"@id\":\"https:\\\/\\\/secure.gravatar.com\\\/avatar\\\/a06875e4b25feb5674296adf8e8a7ae1e587cebce2493fe63c456109967e27d3?s=96&d=mm&r=g\",\"url\":\"https:\\\/\\\/secure.gravatar.com\\\/avatar\\\/a06875e4b25feb5674296adf8e8a7ae1e587cebce2493fe63c456109967e27d3?s=96&d=mm&r=g\",\"contentUrl\":\"https:\\\/\\\/secure.gravatar.com\\\/avatar\\\/a06875e4b25feb5674296adf8e8a7ae1e587cebce2493fe63c456109967e27d3?s=96&d=mm&r=g\",\"caption\":\"kalem\"},\"url\":\"https:\\\/\\\/akunq.net\\\/turkish\\\/author\\\/kalem\\\/\"}]}<\/script>\n<!-- \/ Yoast SEO plugin. -->","yoast_head_json":{"title":"Bah\u00e7eli, Ermeni s\u0131n\u0131r kap\u0131s\u0131nda etten duvar \u00f6rd\u00fcrd\u00fc! - Bati Ermenistan Ve Bati Ermenileri Sorunlari Ara\u015ftirmalar Merkezi","robots":{"index":"index","follow":"follow","max-snippet":"max-snippet:-1","max-image-preview":"max-image-preview:large","max-video-preview":"max-video-preview:-1"},"canonical":"https:\/\/akunq.net\/turkish\/2010\/10\/04\/bahceli-ermeni-sinir-kapisinda-etten-duvar-ordurdu\/","og_locale":"en_US","og_type":"article","og_title":"Bah\u00e7eli, Ermeni s\u0131n\u0131r kap\u0131s\u0131nda etten duvar \u00f6rd\u00fcrd\u00fc! - Bati Ermenistan Ve Bati Ermenileri Sorunlari Ara\u015ftirmalar Merkezi","og_description":"TBMM\u2019nin a\u00e7\u0131ld\u0131\u011f\u0131 g\u00fcn, Meclis \u00e7at\u0131s\u0131 alt\u0131nda olmak yerine Ermenistan s\u0131n\u0131r\u0131ndaki Ani Harabeleri\u2019nde namaz k\u0131lmay\u0131 tercih eden MHP Genel Ba\u015fkan\u0131 Devlet Bah\u00e7eli, d\u00fcn de Emrenistan s\u0131n\u0131r\u0131nda etten duvar \u00f6rd\u00fcrd\u00fc.\u00a0 Kapal\u0131 olan Alican S\u0131n\u0131r Kap\u0131s\u0131\u2019n\u0131n \u00f6n\u00fcnde partililerle hitap eden Bah\u00e7eli T\u00fcrkiye-Ermenistan aras\u0131nda s\u0131n\u0131r\u0131n a\u00e7\u0131lmamas\u0131n\u0131 isterken \u201cT\u00fcrk milleti, Azerbaycanl\u0131 karde\u015flerinin aleyhine ve zarar\u0131na olacak hi\u00e7bir ad\u0131m\u0131n at\u0131lmas\u0131na, hi\u00e7bir [&hellip;]","og_url":"https:\/\/akunq.net\/turkish\/2010\/10\/04\/bahceli-ermeni-sinir-kapisinda-etten-duvar-ordurdu\/","og_site_name":"Bati Ermenistan Ve Bati Ermenileri Sorunlari Ara\u015ftirmalar Merkezi","article_published_time":"2010-10-04T08:26:28+00:00","author":"kalem","twitter_card":"summary_large_image","twitter_misc":{"Written by":"kalem","Est. reading time":"1 minute"},"schema":{"@context":"https:\/\/schema.org","@graph":[{"@type":"Article","@id":"https:\/\/akunq.net\/turkish\/2010\/10\/04\/bahceli-ermeni-sinir-kapisinda-etten-duvar-ordurdu\/#article","isPartOf":{"@id":"https:\/\/akunq.net\/turkish\/2010\/10\/04\/bahceli-ermeni-sinir-kapisinda-etten-duvar-ordurdu\/"},"author":{"name":"kalem","@id":"https:\/\/akunq.net\/turkish\/#\/schema\/person\/135e7923d1aeb8887890799619969a6c"},"headline":"Bah\u00e7eli, Ermeni s\u0131n\u0131r kap\u0131s\u0131nda etten duvar \u00f6rd\u00fcrd\u00fc!","datePublished":"2010-10-04T08:26:28+00:00","mainEntityOfPage":{"@id":"https:\/\/akunq.net\/turkish\/2010\/10\/04\/bahceli-ermeni-sinir-kapisinda-etten-duvar-ordurdu\/"},"wordCount":309,"articleSection":["Haberler"],"inLanguage":"en-US"},{"@type":"WebPage","@id":"https:\/\/akunq.net\/turkish\/2010\/10\/04\/bahceli-ermeni-sinir-kapisinda-etten-duvar-ordurdu\/","url":"https:\/\/akunq.net\/turkish\/2010\/10\/04\/bahceli-ermeni-sinir-kapisinda-etten-duvar-ordurdu\/","name":"Bah\u00e7eli, Ermeni s\u0131n\u0131r kap\u0131s\u0131nda etten duvar \u00f6rd\u00fcrd\u00fc! - Bati Ermenistan Ve Bati Ermenileri Sorunlari Ara\u015ftirmalar Merkezi","isPartOf":{"@id":"https:\/\/akunq.net\/turkish\/#website"},"datePublished":"2010-10-04T08:26:28+00:00","author":{"@id":"https:\/\/akunq.net\/turkish\/#\/schema\/person\/135e7923d1aeb8887890799619969a6c"},"breadcrumb":{"@id":"https:\/\/akunq.net\/turkish\/2010\/10\/04\/bahceli-ermeni-sinir-kapisinda-etten-duvar-ordurdu\/#breadcrumb"},"inLanguage":"en-US","potentialAction":[{"@type":"ReadAction","target":["https:\/\/akunq.net\/turkish\/2010\/10\/04\/bahceli-ermeni-sinir-kapisinda-etten-duvar-ordurdu\/"]}]},{"@type":"BreadcrumbList","@id":"https:\/\/akunq.net\/turkish\/2010\/10\/04\/bahceli-ermeni-sinir-kapisinda-etten-duvar-ordurdu\/#breadcrumb","itemListElement":[{"@type":"ListItem","position":1,"name":"Home","item":"https:\/\/akunq.net\/turkish\/"},{"@type":"ListItem","position":2,"name":"Bah\u00e7eli, Ermeni s\u0131n\u0131r kap\u0131s\u0131nda etten duvar \u00f6rd\u00fcrd\u00fc!"}]},{"@type":"WebSite","@id":"https:\/\/akunq.net\/turkish\/#website","url":"https:\/\/akunq.net\/turkish\/","name":"Bati Ermenistan Ve Bati Ermenileri Sorunlari Ara\u015ftirmalar Merkezi","description":"","potentialAction":[{"@type":"SearchAction","target":{"@type":"EntryPoint","urlTemplate":"https:\/\/akunq.net\/turkish\/?s={search_term_string}"},"query-input":{"@type":"PropertyValueSpecification","valueRequired":true,"valueName":"search_term_string"}}],"inLanguage":"en-US"},{"@type":"Person","@id":"https:\/\/akunq.net\/turkish\/#\/schema\/person\/135e7923d1aeb8887890799619969a6c","name":"kalem","image":{"@type":"ImageObject","inLanguage":"en-US","@id":"https:\/\/secure.gravatar.com\/avatar\/a06875e4b25feb5674296adf8e8a7ae1e587cebce2493fe63c456109967e27d3?s=96&d=mm&r=g","url":"https:\/\/secure.gravatar.com\/avatar\/a06875e4b25feb5674296adf8e8a7ae1e587cebce2493fe63c456109967e27d3?s=96&d=mm&r=g","contentUrl":"https:\/\/secure.gravatar.com\/avatar\/a06875e4b25feb5674296adf8e8a7ae1e587cebce2493fe63c456109967e27d3?s=96&d=mm&r=g","caption":"kalem"},"url":"https:\/\/akunq.net\/turkish\/author\/kalem\/"}]}},"_links":{"self":[{"href":"https:\/\/akunq.net\/turkish\/wp-json\/wp\/v2\/posts\/2214","targetHints":{"allow":["GET"]}}],"collection":[{"href":"https:\/\/akunq.net\/turkish\/wp-json\/wp\/v2\/posts"}],"about":[{"href":"https:\/\/akunq.net\/turkish\/wp-json\/wp\/v2\/types\/post"}],"author":[{"embeddable":true,"href":"https:\/\/akunq.net\/turkish\/wp-json\/wp\/v2\/users\/3"}],"replies":[{"embeddable":true,"href":"https:\/\/akunq.net\/turkish\/wp-json\/wp\/v2\/comments?post=2214"}],"version-history":[{"count":0,"href":"https:\/\/akunq.net\/turkish\/wp-json\/wp\/v2\/posts\/2214\/revisions"}],"wp:attachment":[{"href":"https:\/\/akunq.net\/turkish\/wp-json\/wp\/v2\/media?parent=2214"}],"wp:term":[{"taxonomy":"category","embeddable":true,"href":"https:\/\/akunq.net\/turkish\/wp-json\/wp\/v2\/categories?post=2214"},{"taxonomy":"post_tag","embeddable":true,"href":"https:\/\/akunq.net\/turkish\/wp-json\/wp\/v2\/tags?post=2214"}],"curies":[{"name":"wp","href":"https:\/\/api.w.org\/{rel}","templated":true}]}}