{"id":2212,"date":"2010-10-04T02:56:57","date_gmt":"2010-10-04T07:56:57","guid":{"rendered":"http:\/\/akunq.net\/tr\/?p=2212"},"modified":"2010-10-04T02:56:57","modified_gmt":"2010-10-04T07:56:57","slug":"hac-takilan-kilisenin-ilk-ziyaretcileri-halepten-2","status":"publish","type":"post","link":"https:\/\/akunq.net\/turkish\/2010\/10\/04\/hac-takilan-kilisenin-ilk-ziyaretcileri-halepten-2\/","title":{"rendered":"Ha\u00e7 tak\u0131lan kilisenin ilk ziyaret\u00e7ileri Halep\u2019ten"},"content":{"rendered":"<p style=\"text-align: justify\"><strong><em>Ahtamar Adas\u0131\u2019ndaki Surp Ha\u00e7 Ermeni Kilisesi, 95 y\u0131l sonra ayine a\u00e7\u0131lmas\u0131n\u0131n ard\u0131ndan ha\u00e7\u0131na da kavu\u015ftu.<\/em><\/strong><\/p>\n<p style=\"text-align: justify\">Kiliseye ha\u00e7\u0131n tak\u0131ld\u0131\u011f\u0131n\u0131 \u00f6\u011frenen Suriye\u2019nin Halep kentinden gelen bir grup Ermeni ise ilk ziyaret\u00e7i grubunu olu\u015fturdu. \u201cSurp Ha\u00e7 Kilisesi\u2019nin ha\u00e7\u0131 tak\u0131ld\u0131\u201d haberini alan Suriyeli Ermeniler, d\u00fcn sabah Van\u2019a gelmek i\u00e7in yola \u00e7\u0131kt\u0131. Halep\u2019ten gelen Ermeniler, Van\u2019da Ahtamar Adas\u0131\u2019na ge\u00e7erek Surp Ha\u00e7 Ermeni Kilisesi\u2019ni ziyaret etti. Ha\u00e7\u0131n tak\u0131lmas\u0131n\u0131n kendileri i\u00e7in \u00e7ok \u00f6nemli oldu\u011funu belirten ziyaret\u00e7ilerden baz\u0131lar\u0131n\u0131n g\u00f6zya\u015flar\u0131n\u0131 tutamad\u0131\u011f\u0131 g\u00f6r\u00fcld\u00fc.<\/p>\n<p style=\"text-align: justify\"><strong><em>SEL\u0130M KEMALO\u011eLU\/VAN<\/em><\/strong><strong><em><\/em><\/strong><\/p>\n<p style=\"text-align: justify\"><strong><em>Istanbul <\/em><\/strong><\/p>\n<p style=\"text-align: justify\"><strong><em>04.10.2010<\/em><\/strong><\/p>\n<p style=\"text-align: justify\"><strong><em>http:\/\/taraf.com.tr\/haber\/hac-takilan-kilisenin-ilk-ziyaretcileri-halep-ten.htm<\/em><\/strong><\/p>\n","protected":false},"excerpt":{"rendered":"<p>Ahtamar Adas\u0131\u2019ndaki Surp Ha\u00e7 Ermeni Kilisesi, 95 y\u0131l sonra ayine a\u00e7\u0131lmas\u0131n\u0131n ard\u0131ndan ha\u00e7\u0131na da kavu\u015ftu. Kiliseye ha\u00e7\u0131n tak\u0131ld\u0131\u011f\u0131n\u0131 \u00f6\u011frenen Suriye\u2019nin Halep kentinden gelen bir grup Ermeni ise ilk ziyaret\u00e7i grubunu olu\u015fturdu. \u201cSurp Ha\u00e7 Kilisesi\u2019nin ha\u00e7\u0131 tak\u0131ld\u0131\u201d haberini alan Suriyeli Ermeniler, d\u00fcn sabah Van\u2019a gelmek i\u00e7in yola \u00e7\u0131kt\u0131. Halep\u2019ten gelen Ermeniler, Van\u2019da Ahtamar Adas\u0131\u2019na ge\u00e7erek Surp [&hellip;]<\/p>\n","protected":false},"author":3,"featured_media":0,"comment_status":"closed","ping_status":"open","sticky":false,"template":"","format":"standard","meta":{"footnotes":""},"categories":[14],"tags":[],"class_list":["post-2212","post","type-post","status-publish","format-standard","hentry","category-haberler"],"yoast_head":"<!-- This site is optimized with the Yoast SEO plugin v27.4 - https:\/\/yoast.com\/product\/yoast-seo-wordpress\/ -->\n<title>Ha\u00e7 tak\u0131lan kilisenin ilk ziyaret\u00e7ileri Halep\u2019ten - Bati Ermenistan Ve Bati Ermenileri Sorunlari Ara\u015ftirmalar Merkezi<\/title>\n<meta name=\"robots\" content=\"index, follow, max-snippet:-1, max-image-preview:large, max-video-preview:-1\" \/>\n<link rel=\"canonical\" href=\"https:\/\/akunq.net\/turkish\/2010\/10\/04\/hac-takilan-kilisenin-ilk-ziyaretcileri-halepten-2\/\" \/>\n<meta property=\"og:locale\" content=\"en_US\" \/>\n<meta property=\"og:type\" content=\"article\" \/>\n<meta property=\"og:title\" content=\"Ha\u00e7 tak\u0131lan kilisenin ilk ziyaret\u00e7ileri Halep\u2019ten - Bati Ermenistan Ve Bati Ermenileri Sorunlari Ara\u015ftirmalar Merkezi\" \/>\n<meta property=\"og:description\" content=\"Ahtamar Adas\u0131\u2019ndaki Surp Ha\u00e7 Ermeni Kilisesi, 95 y\u0131l sonra ayine a\u00e7\u0131lmas\u0131n\u0131n ard\u0131ndan ha\u00e7\u0131na da kavu\u015ftu. Kiliseye ha\u00e7\u0131n tak\u0131ld\u0131\u011f\u0131n\u0131 \u00f6\u011frenen Suriye\u2019nin Halep kentinden gelen bir grup Ermeni ise ilk ziyaret\u00e7i grubunu olu\u015fturdu. \u201cSurp Ha\u00e7 Kilisesi\u2019nin ha\u00e7\u0131 tak\u0131ld\u0131\u201d haberini alan Suriyeli Ermeniler, d\u00fcn sabah Van\u2019a gelmek i\u00e7in yola \u00e7\u0131kt\u0131. Halep\u2019ten gelen Ermeniler, Van\u2019da Ahtamar Adas\u0131\u2019na ge\u00e7erek Surp [&hellip;]\" \/>\n<meta property=\"og:url\" content=\"https:\/\/akunq.net\/turkish\/2010\/10\/04\/hac-takilan-kilisenin-ilk-ziyaretcileri-halepten-2\/\" \/>\n<meta property=\"og:site_name\" content=\"Bati Ermenistan Ve Bati Ermenileri Sorunlari Ara\u015ftirmalar Merkezi\" \/>\n<meta property=\"article:published_time\" content=\"2010-10-04T07:56:57+00:00\" \/>\n<meta name=\"author\" content=\"kalem\" \/>\n<meta name=\"twitter:card\" content=\"summary_large_image\" \/>\n<meta name=\"twitter:label1\" content=\"Written by\" \/>\n\t<meta name=\"twitter:data1\" content=\"kalem\" \/>\n\t<meta name=\"twitter:label2\" content=\"Est. reading time\" \/>\n\t<meta name=\"twitter:data2\" content=\"1 minute\" \/>\n<script type=\"application\/ld+json\" class=\"yoast-schema-graph\">{\"@context\":\"https:\\\/\\\/schema.org\",\"@graph\":[{\"@type\":\"Article\",\"@id\":\"https:\\\/\\\/akunq.net\\\/turkish\\\/2010\\\/10\\\/04\\\/hac-takilan-kilisenin-ilk-ziyaretcileri-halepten-2\\\/#article\",\"isPartOf\":{\"@id\":\"https:\\\/\\\/akunq.net\\\/turkish\\\/2010\\\/10\\\/04\\\/hac-takilan-kilisenin-ilk-ziyaretcileri-halepten-2\\\/\"},\"author\":{\"name\":\"kalem\",\"@id\":\"https:\\\/\\\/akunq.net\\\/turkish\\\/#\\\/schema\\\/person\\\/135e7923d1aeb8887890799619969a6c\"},\"headline\":\"Ha\u00e7 tak\u0131lan kilisenin ilk ziyaret\u00e7ileri Halep\u2019ten\",\"datePublished\":\"2010-10-04T07:56:57+00:00\",\"mainEntityOfPage\":{\"@id\":\"https:\\\/\\\/akunq.net\\\/turkish\\\/2010\\\/10\\\/04\\\/hac-takilan-kilisenin-ilk-ziyaretcileri-halepten-2\\\/\"},\"wordCount\":133,\"articleSection\":[\"Haberler\"],\"inLanguage\":\"en-US\"},{\"@type\":\"WebPage\",\"@id\":\"https:\\\/\\\/akunq.net\\\/turkish\\\/2010\\\/10\\\/04\\\/hac-takilan-kilisenin-ilk-ziyaretcileri-halepten-2\\\/\",\"url\":\"https:\\\/\\\/akunq.net\\\/turkish\\\/2010\\\/10\\\/04\\\/hac-takilan-kilisenin-ilk-ziyaretcileri-halepten-2\\\/\",\"name\":\"Ha\u00e7 tak\u0131lan kilisenin ilk ziyaret\u00e7ileri Halep\u2019ten - Bati Ermenistan Ve Bati Ermenileri Sorunlari Ara\u015ftirmalar Merkezi\",\"isPartOf\":{\"@id\":\"https:\\\/\\\/akunq.net\\\/turkish\\\/#website\"},\"datePublished\":\"2010-10-04T07:56:57+00:00\",\"author\":{\"@id\":\"https:\\\/\\\/akunq.net\\\/turkish\\\/#\\\/schema\\\/person\\\/135e7923d1aeb8887890799619969a6c\"},\"breadcrumb\":{\"@id\":\"https:\\\/\\\/akunq.net\\\/turkish\\\/2010\\\/10\\\/04\\\/hac-takilan-kilisenin-ilk-ziyaretcileri-halepten-2\\\/#breadcrumb\"},\"inLanguage\":\"en-US\",\"potentialAction\":[{\"@type\":\"ReadAction\",\"target\":[\"https:\\\/\\\/akunq.net\\\/turkish\\\/2010\\\/10\\\/04\\\/hac-takilan-kilisenin-ilk-ziyaretcileri-halepten-2\\\/\"]}]},{\"@type\":\"BreadcrumbList\",\"@id\":\"https:\\\/\\\/akunq.net\\\/turkish\\\/2010\\\/10\\\/04\\\/hac-takilan-kilisenin-ilk-ziyaretcileri-halepten-2\\\/#breadcrumb\",\"itemListElement\":[{\"@type\":\"ListItem\",\"position\":1,\"name\":\"Home\",\"item\":\"https:\\\/\\\/akunq.net\\\/turkish\\\/\"},{\"@type\":\"ListItem\",\"position\":2,\"name\":\"Ha\u00e7 tak\u0131lan kilisenin ilk ziyaret\u00e7ileri Halep\u2019ten\"}]},{\"@type\":\"WebSite\",\"@id\":\"https:\\\/\\\/akunq.net\\\/turkish\\\/#website\",\"url\":\"https:\\\/\\\/akunq.net\\\/turkish\\\/\",\"name\":\"Bati Ermenistan Ve Bati Ermenileri Sorunlari Ara\u015ftirmalar Merkezi\",\"description\":\"\",\"potentialAction\":[{\"@type\":\"SearchAction\",\"target\":{\"@type\":\"EntryPoint\",\"urlTemplate\":\"https:\\\/\\\/akunq.net\\\/turkish\\\/?s={search_term_string}\"},\"query-input\":{\"@type\":\"PropertyValueSpecification\",\"valueRequired\":true,\"valueName\":\"search_term_string\"}}],\"inLanguage\":\"en-US\"},{\"@type\":\"Person\",\"@id\":\"https:\\\/\\\/akunq.net\\\/turkish\\\/#\\\/schema\\\/person\\\/135e7923d1aeb8887890799619969a6c\",\"name\":\"kalem\",\"image\":{\"@type\":\"ImageObject\",\"inLanguage\":\"en-US\",\"@id\":\"https:\\\/\\\/secure.gravatar.com\\\/avatar\\\/a06875e4b25feb5674296adf8e8a7ae1e587cebce2493fe63c456109967e27d3?s=96&d=mm&r=g\",\"url\":\"https:\\\/\\\/secure.gravatar.com\\\/avatar\\\/a06875e4b25feb5674296adf8e8a7ae1e587cebce2493fe63c456109967e27d3?s=96&d=mm&r=g\",\"contentUrl\":\"https:\\\/\\\/secure.gravatar.com\\\/avatar\\\/a06875e4b25feb5674296adf8e8a7ae1e587cebce2493fe63c456109967e27d3?s=96&d=mm&r=g\",\"caption\":\"kalem\"},\"url\":\"https:\\\/\\\/akunq.net\\\/turkish\\\/author\\\/kalem\\\/\"}]}<\/script>\n<!-- \/ Yoast SEO plugin. -->","yoast_head_json":{"title":"Ha\u00e7 tak\u0131lan kilisenin ilk ziyaret\u00e7ileri Halep\u2019ten - Bati Ermenistan Ve Bati Ermenileri Sorunlari Ara\u015ftirmalar Merkezi","robots":{"index":"index","follow":"follow","max-snippet":"max-snippet:-1","max-image-preview":"max-image-preview:large","max-video-preview":"max-video-preview:-1"},"canonical":"https:\/\/akunq.net\/turkish\/2010\/10\/04\/hac-takilan-kilisenin-ilk-ziyaretcileri-halepten-2\/","og_locale":"en_US","og_type":"article","og_title":"Ha\u00e7 tak\u0131lan kilisenin ilk ziyaret\u00e7ileri Halep\u2019ten - Bati Ermenistan Ve Bati Ermenileri Sorunlari Ara\u015ftirmalar Merkezi","og_description":"Ahtamar Adas\u0131\u2019ndaki Surp Ha\u00e7 Ermeni Kilisesi, 95 y\u0131l sonra ayine a\u00e7\u0131lmas\u0131n\u0131n ard\u0131ndan ha\u00e7\u0131na da kavu\u015ftu. Kiliseye ha\u00e7\u0131n tak\u0131ld\u0131\u011f\u0131n\u0131 \u00f6\u011frenen Suriye\u2019nin Halep kentinden gelen bir grup Ermeni ise ilk ziyaret\u00e7i grubunu olu\u015fturdu. \u201cSurp Ha\u00e7 Kilisesi\u2019nin ha\u00e7\u0131 tak\u0131ld\u0131\u201d haberini alan Suriyeli Ermeniler, d\u00fcn sabah Van\u2019a gelmek i\u00e7in yola \u00e7\u0131kt\u0131. Halep\u2019ten gelen Ermeniler, Van\u2019da Ahtamar Adas\u0131\u2019na ge\u00e7erek Surp [&hellip;]","og_url":"https:\/\/akunq.net\/turkish\/2010\/10\/04\/hac-takilan-kilisenin-ilk-ziyaretcileri-halepten-2\/","og_site_name":"Bati Ermenistan Ve Bati Ermenileri Sorunlari Ara\u015ftirmalar Merkezi","article_published_time":"2010-10-04T07:56:57+00:00","author":"kalem","twitter_card":"summary_large_image","twitter_misc":{"Written by":"kalem","Est. reading time":"1 minute"},"schema":{"@context":"https:\/\/schema.org","@graph":[{"@type":"Article","@id":"https:\/\/akunq.net\/turkish\/2010\/10\/04\/hac-takilan-kilisenin-ilk-ziyaretcileri-halepten-2\/#article","isPartOf":{"@id":"https:\/\/akunq.net\/turkish\/2010\/10\/04\/hac-takilan-kilisenin-ilk-ziyaretcileri-halepten-2\/"},"author":{"name":"kalem","@id":"https:\/\/akunq.net\/turkish\/#\/schema\/person\/135e7923d1aeb8887890799619969a6c"},"headline":"Ha\u00e7 tak\u0131lan kilisenin ilk ziyaret\u00e7ileri Halep\u2019ten","datePublished":"2010-10-04T07:56:57+00:00","mainEntityOfPage":{"@id":"https:\/\/akunq.net\/turkish\/2010\/10\/04\/hac-takilan-kilisenin-ilk-ziyaretcileri-halepten-2\/"},"wordCount":133,"articleSection":["Haberler"],"inLanguage":"en-US"},{"@type":"WebPage","@id":"https:\/\/akunq.net\/turkish\/2010\/10\/04\/hac-takilan-kilisenin-ilk-ziyaretcileri-halepten-2\/","url":"https:\/\/akunq.net\/turkish\/2010\/10\/04\/hac-takilan-kilisenin-ilk-ziyaretcileri-halepten-2\/","name":"Ha\u00e7 tak\u0131lan kilisenin ilk ziyaret\u00e7ileri Halep\u2019ten - Bati Ermenistan Ve Bati Ermenileri Sorunlari Ara\u015ftirmalar Merkezi","isPartOf":{"@id":"https:\/\/akunq.net\/turkish\/#website"},"datePublished":"2010-10-04T07:56:57+00:00","author":{"@id":"https:\/\/akunq.net\/turkish\/#\/schema\/person\/135e7923d1aeb8887890799619969a6c"},"breadcrumb":{"@id":"https:\/\/akunq.net\/turkish\/2010\/10\/04\/hac-takilan-kilisenin-ilk-ziyaretcileri-halepten-2\/#breadcrumb"},"inLanguage":"en-US","potentialAction":[{"@type":"ReadAction","target":["https:\/\/akunq.net\/turkish\/2010\/10\/04\/hac-takilan-kilisenin-ilk-ziyaretcileri-halepten-2\/"]}]},{"@type":"BreadcrumbList","@id":"https:\/\/akunq.net\/turkish\/2010\/10\/04\/hac-takilan-kilisenin-ilk-ziyaretcileri-halepten-2\/#breadcrumb","itemListElement":[{"@type":"ListItem","position":1,"name":"Home","item":"https:\/\/akunq.net\/turkish\/"},{"@type":"ListItem","position":2,"name":"Ha\u00e7 tak\u0131lan kilisenin ilk ziyaret\u00e7ileri Halep\u2019ten"}]},{"@type":"WebSite","@id":"https:\/\/akunq.net\/turkish\/#website","url":"https:\/\/akunq.net\/turkish\/","name":"Bati Ermenistan Ve Bati Ermenileri Sorunlari Ara\u015ftirmalar Merkezi","description":"","potentialAction":[{"@type":"SearchAction","target":{"@type":"EntryPoint","urlTemplate":"https:\/\/akunq.net\/turkish\/?s={search_term_string}"},"query-input":{"@type":"PropertyValueSpecification","valueRequired":true,"valueName":"search_term_string"}}],"inLanguage":"en-US"},{"@type":"Person","@id":"https:\/\/akunq.net\/turkish\/#\/schema\/person\/135e7923d1aeb8887890799619969a6c","name":"kalem","image":{"@type":"ImageObject","inLanguage":"en-US","@id":"https:\/\/secure.gravatar.com\/avatar\/a06875e4b25feb5674296adf8e8a7ae1e587cebce2493fe63c456109967e27d3?s=96&d=mm&r=g","url":"https:\/\/secure.gravatar.com\/avatar\/a06875e4b25feb5674296adf8e8a7ae1e587cebce2493fe63c456109967e27d3?s=96&d=mm&r=g","contentUrl":"https:\/\/secure.gravatar.com\/avatar\/a06875e4b25feb5674296adf8e8a7ae1e587cebce2493fe63c456109967e27d3?s=96&d=mm&r=g","caption":"kalem"},"url":"https:\/\/akunq.net\/turkish\/author\/kalem\/"}]}},"_links":{"self":[{"href":"https:\/\/akunq.net\/turkish\/wp-json\/wp\/v2\/posts\/2212","targetHints":{"allow":["GET"]}}],"collection":[{"href":"https:\/\/akunq.net\/turkish\/wp-json\/wp\/v2\/posts"}],"about":[{"href":"https:\/\/akunq.net\/turkish\/wp-json\/wp\/v2\/types\/post"}],"author":[{"embeddable":true,"href":"https:\/\/akunq.net\/turkish\/wp-json\/wp\/v2\/users\/3"}],"replies":[{"embeddable":true,"href":"https:\/\/akunq.net\/turkish\/wp-json\/wp\/v2\/comments?post=2212"}],"version-history":[{"count":0,"href":"https:\/\/akunq.net\/turkish\/wp-json\/wp\/v2\/posts\/2212\/revisions"}],"wp:attachment":[{"href":"https:\/\/akunq.net\/turkish\/wp-json\/wp\/v2\/media?parent=2212"}],"wp:term":[{"taxonomy":"category","embeddable":true,"href":"https:\/\/akunq.net\/turkish\/wp-json\/wp\/v2\/categories?post=2212"},{"taxonomy":"post_tag","embeddable":true,"href":"https:\/\/akunq.net\/turkish\/wp-json\/wp\/v2\/tags?post=2212"}],"curies":[{"name":"wp","href":"https:\/\/api.w.org\/{rel}","templated":true}]}}