{"id":2197,"date":"2010-10-04T01:26:26","date_gmt":"2010-10-04T06:26:26","guid":{"rendered":"http:\/\/akunq.net\/tr\/?p=2197"},"modified":"2010-10-04T01:26:26","modified_gmt":"2010-10-04T06:26:26","slug":"surp-ecmiyadzin-katolikoslugu-turklerin-ani-katerdralinde-namaz-kildiklarini-kinadi","status":"publish","type":"post","link":"https:\/\/akunq.net\/turkish\/2010\/10\/04\/surp-ecmiyadzin-katolikoslugu-turklerin-ani-katerdralinde-namaz-kildiklarini-kinadi\/","title":{"rendered":"Surp E\u00e7miadzin Katolikoslu\u011fu, T\u00fcrklerin Ani Katerdrali&#8217;nde namaz k\u0131ld\u0131klar\u0131n\u0131 k\u0131nad\u0131"},"content":{"rendered":"<p style=\"text-align: justify\"><a rel=\"attachment wp-att-2198\" href=\"http:\/\/akunq.net\/tr\/?attachment_id=2198\"><img loading=\"lazy\" decoding=\"async\" class=\"alignleft size-medium wp-image-2198\" title=\"Ecmiadzin\" src=\"http:\/\/akunq.net\/tr\/wp-content\/uploads\/2010\/10\/Ecmiadzin-300x205.jpg\" alt=\"\" width=\"300\" height=\"205\" srcset=\"https:\/\/akunq.net\/turkish\/wp-content\/uploads\/sites\/5\/2010\/10\/Ecmiadzin-300x205.jpg 300w, https:\/\/akunq.net\/turkish\/wp-content\/uploads\/sites\/5\/2010\/10\/Ecmiadzin.jpg 307w\" sizes=\"auto, (max-width: 300px) 100vw, 300px\" \/><\/a>Surp E\u00e7miadzin Katolikoslu\u011fu, d\u00fcn Milliyet\u00e7i Hareket Partisi (MHP) Genel Ba\u015fkan\u0131 Devlet Bah\u00e7eli ba\u015fkanl\u0131\u011f\u0131ndaki T\u00fcrklerin Ani Katedrali&#8217;nde namaz k\u0131ld\u0131klar\u0131n\u0131 k\u0131nad\u0131.<\/p>\n<p style=\"text-align: justify\">Surp E\u00e7miadzin Katolikoslu\u011fu&#8217;ndan yap\u0131lan a\u00e7\u0131klamada &#8220;T\u00fcrkiye h\u00fck\u00fcmeti izniyle 1 Ekim&#8217;de Ani Azize Meryem (Surp Astvatsatzin) Katedrali&#8217;nde Milliyet\u00e7i Hareket Partisi&#8217;nin namaz k\u0131ld\u0131\u011f\u0131n\u0131 b\u00fcy\u00fck bir \u00fcz\u00fcnt\u00fcyle \u00f6\u011frendik.<\/p>\n<p style=\"text-align: justify\">Bu ad\u0131m siyasi bir provokasyondur ve dini duygular, dini \u00f6zg\u00fcrl\u00fckler ve haklar ile hi\u00e7bir ba\u011flant\u0131s\u0131 yok. Ayn\u0131 zamanda b\u00f6yle bir ad\u0131mla Ani Katedrali&#8217;nin Ermenilere ait oldu\u011funu inkar etmeye \u00e7al\u0131\u015f\u0131l\u0131yor. Surp E\u00e7miadzin Katolikoslu\u011fu, ho\u015fg\u00f6r\u00fcs\u00fczl\u00fck ve Ermeni fobisinin yay\u0131lmas\u0131na yol a\u00e7an bu eylemleri k\u0131n\u0131yor.<\/p>\n<p style=\"text-align: justify\">B\u00f6ylece T\u00fcrk h\u00fck\u00fcmeti Ermeni hat\u0131ralar\u0131n\u0131n yok edilmesine y\u00f6nelik ad\u0131m at\u0131p Ermeni tarihi kutsal mekanlar\u0131 ile k\u00fclt\u00fcr eserlerine el koymay\u0131 s\u00fcrd\u00fcr\u00fcyor.<\/p>\n<p style=\"text-align: justify\">A\u00e7\u0131k ki T\u00fcrkiye, bu ad\u0131mla Ermenistan ile uluslararas\u0131 toplum taraf\u0131ndan Ermenistan ile T\u00fcrkiye aras\u0131nda diyalogun kurulmas\u0131 ve ili\u015fkilerin normalle\u015fmesine y\u00f6nelik \u00e7abalar\u0131n\u0131 da engelliyor&#8221; ifadeleri kullan\u0131ld\u0131.<br \/>\n\u00a0<\/p>\n<p style=\"text-align: justify\"><strong><em>02.10.10<\/em><\/strong><strong><em><\/em><\/strong><\/p>\n<p style=\"text-align: justify\"><strong><em>Tert.am<\/em><\/strong><\/p>\n","protected":false},"excerpt":{"rendered":"<p>Surp E\u00e7miadzin Katolikoslu\u011fu, d\u00fcn Milliyet\u00e7i Hareket Partisi (MHP) Genel Ba\u015fkan\u0131 Devlet Bah\u00e7eli ba\u015fkanl\u0131\u011f\u0131ndaki T\u00fcrklerin Ani Katedrali&#8217;nde namaz k\u0131ld\u0131klar\u0131n\u0131 k\u0131nad\u0131. Surp E\u00e7miadzin Katolikoslu\u011fu&#8217;ndan yap\u0131lan a\u00e7\u0131klamada &#8220;T\u00fcrkiye h\u00fck\u00fcmeti izniyle 1 Ekim&#8217;de Ani Azize Meryem (Surp Astvatsatzin) Katedrali&#8217;nde Milliyet\u00e7i Hareket Partisi&#8217;nin namaz k\u0131ld\u0131\u011f\u0131n\u0131 b\u00fcy\u00fck bir \u00fcz\u00fcnt\u00fcyle \u00f6\u011frendik. Bu ad\u0131m siyasi bir provokasyondur ve dini duygular, dini \u00f6zg\u00fcrl\u00fckler ve [&hellip;]<\/p>\n","protected":false},"author":3,"featured_media":0,"comment_status":"closed","ping_status":"open","sticky":false,"template":"","format":"standard","meta":{"footnotes":""},"categories":[14],"tags":[],"class_list":["post-2197","post","type-post","status-publish","format-standard","hentry","category-haberler"],"yoast_head":"<!-- This site is optimized with the Yoast SEO plugin v27.4 - https:\/\/yoast.com\/product\/yoast-seo-wordpress\/ -->\n<title>Surp E\u00e7miadzin Katolikoslu\u011fu, T\u00fcrklerin Ani Katerdrali&#039;nde namaz k\u0131ld\u0131klar\u0131n\u0131 k\u0131nad\u0131 - Bati Ermenistan Ve Bati Ermenileri Sorunlari Ara\u015ftirmalar Merkezi<\/title>\n<meta name=\"robots\" content=\"index, follow, max-snippet:-1, max-image-preview:large, max-video-preview:-1\" \/>\n<link rel=\"canonical\" href=\"https:\/\/akunq.net\/turkish\/2010\/10\/04\/surp-ecmiyadzin-katolikoslugu-turklerin-ani-katerdralinde-namaz-kildiklarini-kinadi\/\" \/>\n<meta property=\"og:locale\" content=\"en_US\" \/>\n<meta property=\"og:type\" content=\"article\" \/>\n<meta property=\"og:title\" content=\"Surp E\u00e7miadzin Katolikoslu\u011fu, T\u00fcrklerin Ani Katerdrali&#039;nde namaz k\u0131ld\u0131klar\u0131n\u0131 k\u0131nad\u0131 - Bati Ermenistan Ve Bati Ermenileri Sorunlari Ara\u015ftirmalar Merkezi\" \/>\n<meta property=\"og:description\" content=\"Surp E\u00e7miadzin Katolikoslu\u011fu, d\u00fcn Milliyet\u00e7i Hareket Partisi (MHP) Genel Ba\u015fkan\u0131 Devlet Bah\u00e7eli ba\u015fkanl\u0131\u011f\u0131ndaki T\u00fcrklerin Ani Katedrali&#8217;nde namaz k\u0131ld\u0131klar\u0131n\u0131 k\u0131nad\u0131. Surp E\u00e7miadzin Katolikoslu\u011fu&#8217;ndan yap\u0131lan a\u00e7\u0131klamada &#8220;T\u00fcrkiye h\u00fck\u00fcmeti izniyle 1 Ekim&#8217;de Ani Azize Meryem (Surp Astvatsatzin) Katedrali&#8217;nde Milliyet\u00e7i Hareket Partisi&#8217;nin namaz k\u0131ld\u0131\u011f\u0131n\u0131 b\u00fcy\u00fck bir \u00fcz\u00fcnt\u00fcyle \u00f6\u011frendik. Bu ad\u0131m siyasi bir provokasyondur ve dini duygular, dini \u00f6zg\u00fcrl\u00fckler ve [&hellip;]\" \/>\n<meta property=\"og:url\" content=\"https:\/\/akunq.net\/turkish\/2010\/10\/04\/surp-ecmiyadzin-katolikoslugu-turklerin-ani-katerdralinde-namaz-kildiklarini-kinadi\/\" \/>\n<meta property=\"og:site_name\" content=\"Bati Ermenistan Ve Bati Ermenileri Sorunlari Ara\u015ftirmalar Merkezi\" \/>\n<meta property=\"article:published_time\" content=\"2010-10-04T06:26:26+00:00\" \/>\n<meta property=\"og:image\" content=\"https:\/\/akunq.net\/turkish\/wp-content\/uploads\/sites\/5\/2010\/10\/Ecmiadzin.jpg\" \/>\n\t<meta property=\"og:image:width\" content=\"307\" \/>\n\t<meta property=\"og:image:height\" content=\"210\" \/>\n\t<meta property=\"og:image:type\" content=\"image\/jpeg\" \/>\n<meta name=\"author\" content=\"kalem\" \/>\n<meta name=\"twitter:card\" content=\"summary_large_image\" \/>\n<meta name=\"twitter:label1\" content=\"Written by\" \/>\n\t<meta name=\"twitter:data1\" content=\"kalem\" \/>\n\t<meta name=\"twitter:label2\" content=\"Est. reading time\" \/>\n\t<meta name=\"twitter:data2\" content=\"1 minute\" \/>\n<script type=\"application\/ld+json\" class=\"yoast-schema-graph\">{\"@context\":\"https:\\\/\\\/schema.org\",\"@graph\":[{\"@type\":\"Article\",\"@id\":\"https:\\\/\\\/akunq.net\\\/turkish\\\/2010\\\/10\\\/04\\\/surp-ecmiyadzin-katolikoslugu-turklerin-ani-katerdralinde-namaz-kildiklarini-kinadi\\\/#article\",\"isPartOf\":{\"@id\":\"https:\\\/\\\/akunq.net\\\/turkish\\\/2010\\\/10\\\/04\\\/surp-ecmiyadzin-katolikoslugu-turklerin-ani-katerdralinde-namaz-kildiklarini-kinadi\\\/\"},\"author\":{\"name\":\"kalem\",\"@id\":\"https:\\\/\\\/akunq.net\\\/turkish\\\/#\\\/schema\\\/person\\\/135e7923d1aeb8887890799619969a6c\"},\"headline\":\"Surp E\u00e7miadzin Katolikoslu\u011fu, T\u00fcrklerin Ani Katerdrali&#8217;nde namaz k\u0131ld\u0131klar\u0131n\u0131 k\u0131nad\u0131\",\"datePublished\":\"2010-10-04T06:26:26+00:00\",\"mainEntityOfPage\":{\"@id\":\"https:\\\/\\\/akunq.net\\\/turkish\\\/2010\\\/10\\\/04\\\/surp-ecmiyadzin-katolikoslugu-turklerin-ani-katerdralinde-namaz-kildiklarini-kinadi\\\/\"},\"wordCount\":224,\"image\":{\"@id\":\"https:\\\/\\\/akunq.net\\\/turkish\\\/2010\\\/10\\\/04\\\/surp-ecmiyadzin-katolikoslugu-turklerin-ani-katerdralinde-namaz-kildiklarini-kinadi\\\/#primaryimage\"},\"thumbnailUrl\":\"http:\\\/\\\/akunq.net\\\/tr\\\/wp-content\\\/uploads\\\/2010\\\/10\\\/Ecmiadzin-300x205.jpg\",\"articleSection\":[\"Haberler\"],\"inLanguage\":\"en-US\"},{\"@type\":\"WebPage\",\"@id\":\"https:\\\/\\\/akunq.net\\\/turkish\\\/2010\\\/10\\\/04\\\/surp-ecmiyadzin-katolikoslugu-turklerin-ani-katerdralinde-namaz-kildiklarini-kinadi\\\/\",\"url\":\"https:\\\/\\\/akunq.net\\\/turkish\\\/2010\\\/10\\\/04\\\/surp-ecmiyadzin-katolikoslugu-turklerin-ani-katerdralinde-namaz-kildiklarini-kinadi\\\/\",\"name\":\"Surp E\u00e7miadzin Katolikoslu\u011fu, T\u00fcrklerin Ani Katerdrali'nde namaz k\u0131ld\u0131klar\u0131n\u0131 k\u0131nad\u0131 - Bati Ermenistan Ve Bati Ermenileri Sorunlari Ara\u015ftirmalar Merkezi\",\"isPartOf\":{\"@id\":\"https:\\\/\\\/akunq.net\\\/turkish\\\/#website\"},\"primaryImageOfPage\":{\"@id\":\"https:\\\/\\\/akunq.net\\\/turkish\\\/2010\\\/10\\\/04\\\/surp-ecmiyadzin-katolikoslugu-turklerin-ani-katerdralinde-namaz-kildiklarini-kinadi\\\/#primaryimage\"},\"image\":{\"@id\":\"https:\\\/\\\/akunq.net\\\/turkish\\\/2010\\\/10\\\/04\\\/surp-ecmiyadzin-katolikoslugu-turklerin-ani-katerdralinde-namaz-kildiklarini-kinadi\\\/#primaryimage\"},\"thumbnailUrl\":\"http:\\\/\\\/akunq.net\\\/tr\\\/wp-content\\\/uploads\\\/2010\\\/10\\\/Ecmiadzin-300x205.jpg\",\"datePublished\":\"2010-10-04T06:26:26+00:00\",\"author\":{\"@id\":\"https:\\\/\\\/akunq.net\\\/turkish\\\/#\\\/schema\\\/person\\\/135e7923d1aeb8887890799619969a6c\"},\"breadcrumb\":{\"@id\":\"https:\\\/\\\/akunq.net\\\/turkish\\\/2010\\\/10\\\/04\\\/surp-ecmiyadzin-katolikoslugu-turklerin-ani-katerdralinde-namaz-kildiklarini-kinadi\\\/#breadcrumb\"},\"inLanguage\":\"en-US\",\"potentialAction\":[{\"@type\":\"ReadAction\",\"target\":[\"https:\\\/\\\/akunq.net\\\/turkish\\\/2010\\\/10\\\/04\\\/surp-ecmiyadzin-katolikoslugu-turklerin-ani-katerdralinde-namaz-kildiklarini-kinadi\\\/\"]}]},{\"@type\":\"ImageObject\",\"inLanguage\":\"en-US\",\"@id\":\"https:\\\/\\\/akunq.net\\\/turkish\\\/2010\\\/10\\\/04\\\/surp-ecmiyadzin-katolikoslugu-turklerin-ani-katerdralinde-namaz-kildiklarini-kinadi\\\/#primaryimage\",\"url\":\"http:\\\/\\\/akunq.net\\\/tr\\\/wp-content\\\/uploads\\\/2010\\\/10\\\/Ecmiadzin-300x205.jpg\",\"contentUrl\":\"http:\\\/\\\/akunq.net\\\/tr\\\/wp-content\\\/uploads\\\/2010\\\/10\\\/Ecmiadzin-300x205.jpg\"},{\"@type\":\"BreadcrumbList\",\"@id\":\"https:\\\/\\\/akunq.net\\\/turkish\\\/2010\\\/10\\\/04\\\/surp-ecmiyadzin-katolikoslugu-turklerin-ani-katerdralinde-namaz-kildiklarini-kinadi\\\/#breadcrumb\",\"itemListElement\":[{\"@type\":\"ListItem\",\"position\":1,\"name\":\"Home\",\"item\":\"https:\\\/\\\/akunq.net\\\/turkish\\\/\"},{\"@type\":\"ListItem\",\"position\":2,\"name\":\"Surp E\u00e7miadzin Katolikoslu\u011fu, T\u00fcrklerin Ani Katerdrali&#8217;nde namaz k\u0131ld\u0131klar\u0131n\u0131 k\u0131nad\u0131\"}]},{\"@type\":\"WebSite\",\"@id\":\"https:\\\/\\\/akunq.net\\\/turkish\\\/#website\",\"url\":\"https:\\\/\\\/akunq.net\\\/turkish\\\/\",\"name\":\"Bati Ermenistan Ve Bati Ermenileri Sorunlari Ara\u015ftirmalar Merkezi\",\"description\":\"\",\"potentialAction\":[{\"@type\":\"SearchAction\",\"target\":{\"@type\":\"EntryPoint\",\"urlTemplate\":\"https:\\\/\\\/akunq.net\\\/turkish\\\/?s={search_term_string}\"},\"query-input\":{\"@type\":\"PropertyValueSpecification\",\"valueRequired\":true,\"valueName\":\"search_term_string\"}}],\"inLanguage\":\"en-US\"},{\"@type\":\"Person\",\"@id\":\"https:\\\/\\\/akunq.net\\\/turkish\\\/#\\\/schema\\\/person\\\/135e7923d1aeb8887890799619969a6c\",\"name\":\"kalem\",\"image\":{\"@type\":\"ImageObject\",\"inLanguage\":\"en-US\",\"@id\":\"https:\\\/\\\/secure.gravatar.com\\\/avatar\\\/a06875e4b25feb5674296adf8e8a7ae1e587cebce2493fe63c456109967e27d3?s=96&d=mm&r=g\",\"url\":\"https:\\\/\\\/secure.gravatar.com\\\/avatar\\\/a06875e4b25feb5674296adf8e8a7ae1e587cebce2493fe63c456109967e27d3?s=96&d=mm&r=g\",\"contentUrl\":\"https:\\\/\\\/secure.gravatar.com\\\/avatar\\\/a06875e4b25feb5674296adf8e8a7ae1e587cebce2493fe63c456109967e27d3?s=96&d=mm&r=g\",\"caption\":\"kalem\"},\"url\":\"https:\\\/\\\/akunq.net\\\/turkish\\\/author\\\/kalem\\\/\"}]}<\/script>\n<!-- \/ Yoast SEO plugin. -->","yoast_head_json":{"title":"Surp E\u00e7miadzin Katolikoslu\u011fu, T\u00fcrklerin Ani Katerdrali'nde namaz k\u0131ld\u0131klar\u0131n\u0131 k\u0131nad\u0131 - Bati Ermenistan Ve Bati Ermenileri Sorunlari Ara\u015ftirmalar Merkezi","robots":{"index":"index","follow":"follow","max-snippet":"max-snippet:-1","max-image-preview":"max-image-preview:large","max-video-preview":"max-video-preview:-1"},"canonical":"https:\/\/akunq.net\/turkish\/2010\/10\/04\/surp-ecmiyadzin-katolikoslugu-turklerin-ani-katerdralinde-namaz-kildiklarini-kinadi\/","og_locale":"en_US","og_type":"article","og_title":"Surp E\u00e7miadzin Katolikoslu\u011fu, T\u00fcrklerin Ani Katerdrali'nde namaz k\u0131ld\u0131klar\u0131n\u0131 k\u0131nad\u0131 - Bati Ermenistan Ve Bati Ermenileri Sorunlari Ara\u015ftirmalar Merkezi","og_description":"Surp E\u00e7miadzin Katolikoslu\u011fu, d\u00fcn Milliyet\u00e7i Hareket Partisi (MHP) Genel Ba\u015fkan\u0131 Devlet Bah\u00e7eli ba\u015fkanl\u0131\u011f\u0131ndaki T\u00fcrklerin Ani Katedrali&#8217;nde namaz k\u0131ld\u0131klar\u0131n\u0131 k\u0131nad\u0131. Surp E\u00e7miadzin Katolikoslu\u011fu&#8217;ndan yap\u0131lan a\u00e7\u0131klamada &#8220;T\u00fcrkiye h\u00fck\u00fcmeti izniyle 1 Ekim&#8217;de Ani Azize Meryem (Surp Astvatsatzin) Katedrali&#8217;nde Milliyet\u00e7i Hareket Partisi&#8217;nin namaz k\u0131ld\u0131\u011f\u0131n\u0131 b\u00fcy\u00fck bir \u00fcz\u00fcnt\u00fcyle \u00f6\u011frendik. Bu ad\u0131m siyasi bir provokasyondur ve dini duygular, dini \u00f6zg\u00fcrl\u00fckler ve [&hellip;]","og_url":"https:\/\/akunq.net\/turkish\/2010\/10\/04\/surp-ecmiyadzin-katolikoslugu-turklerin-ani-katerdralinde-namaz-kildiklarini-kinadi\/","og_site_name":"Bati Ermenistan Ve Bati Ermenileri Sorunlari Ara\u015ftirmalar Merkezi","article_published_time":"2010-10-04T06:26:26+00:00","og_image":[{"width":307,"height":210,"url":"https:\/\/akunq.net\/turkish\/wp-content\/uploads\/sites\/5\/2010\/10\/Ecmiadzin.jpg","type":"image\/jpeg"}],"author":"kalem","twitter_card":"summary_large_image","twitter_misc":{"Written by":"kalem","Est. reading time":"1 minute"},"schema":{"@context":"https:\/\/schema.org","@graph":[{"@type":"Article","@id":"https:\/\/akunq.net\/turkish\/2010\/10\/04\/surp-ecmiyadzin-katolikoslugu-turklerin-ani-katerdralinde-namaz-kildiklarini-kinadi\/#article","isPartOf":{"@id":"https:\/\/akunq.net\/turkish\/2010\/10\/04\/surp-ecmiyadzin-katolikoslugu-turklerin-ani-katerdralinde-namaz-kildiklarini-kinadi\/"},"author":{"name":"kalem","@id":"https:\/\/akunq.net\/turkish\/#\/schema\/person\/135e7923d1aeb8887890799619969a6c"},"headline":"Surp E\u00e7miadzin Katolikoslu\u011fu, T\u00fcrklerin Ani Katerdrali&#8217;nde namaz k\u0131ld\u0131klar\u0131n\u0131 k\u0131nad\u0131","datePublished":"2010-10-04T06:26:26+00:00","mainEntityOfPage":{"@id":"https:\/\/akunq.net\/turkish\/2010\/10\/04\/surp-ecmiyadzin-katolikoslugu-turklerin-ani-katerdralinde-namaz-kildiklarini-kinadi\/"},"wordCount":224,"image":{"@id":"https:\/\/akunq.net\/turkish\/2010\/10\/04\/surp-ecmiyadzin-katolikoslugu-turklerin-ani-katerdralinde-namaz-kildiklarini-kinadi\/#primaryimage"},"thumbnailUrl":"http:\/\/akunq.net\/tr\/wp-content\/uploads\/2010\/10\/Ecmiadzin-300x205.jpg","articleSection":["Haberler"],"inLanguage":"en-US"},{"@type":"WebPage","@id":"https:\/\/akunq.net\/turkish\/2010\/10\/04\/surp-ecmiyadzin-katolikoslugu-turklerin-ani-katerdralinde-namaz-kildiklarini-kinadi\/","url":"https:\/\/akunq.net\/turkish\/2010\/10\/04\/surp-ecmiyadzin-katolikoslugu-turklerin-ani-katerdralinde-namaz-kildiklarini-kinadi\/","name":"Surp E\u00e7miadzin Katolikoslu\u011fu, T\u00fcrklerin Ani Katerdrali'nde namaz k\u0131ld\u0131klar\u0131n\u0131 k\u0131nad\u0131 - Bati Ermenistan Ve Bati Ermenileri Sorunlari Ara\u015ftirmalar Merkezi","isPartOf":{"@id":"https:\/\/akunq.net\/turkish\/#website"},"primaryImageOfPage":{"@id":"https:\/\/akunq.net\/turkish\/2010\/10\/04\/surp-ecmiyadzin-katolikoslugu-turklerin-ani-katerdralinde-namaz-kildiklarini-kinadi\/#primaryimage"},"image":{"@id":"https:\/\/akunq.net\/turkish\/2010\/10\/04\/surp-ecmiyadzin-katolikoslugu-turklerin-ani-katerdralinde-namaz-kildiklarini-kinadi\/#primaryimage"},"thumbnailUrl":"http:\/\/akunq.net\/tr\/wp-content\/uploads\/2010\/10\/Ecmiadzin-300x205.jpg","datePublished":"2010-10-04T06:26:26+00:00","author":{"@id":"https:\/\/akunq.net\/turkish\/#\/schema\/person\/135e7923d1aeb8887890799619969a6c"},"breadcrumb":{"@id":"https:\/\/akunq.net\/turkish\/2010\/10\/04\/surp-ecmiyadzin-katolikoslugu-turklerin-ani-katerdralinde-namaz-kildiklarini-kinadi\/#breadcrumb"},"inLanguage":"en-US","potentialAction":[{"@type":"ReadAction","target":["https:\/\/akunq.net\/turkish\/2010\/10\/04\/surp-ecmiyadzin-katolikoslugu-turklerin-ani-katerdralinde-namaz-kildiklarini-kinadi\/"]}]},{"@type":"ImageObject","inLanguage":"en-US","@id":"https:\/\/akunq.net\/turkish\/2010\/10\/04\/surp-ecmiyadzin-katolikoslugu-turklerin-ani-katerdralinde-namaz-kildiklarini-kinadi\/#primaryimage","url":"http:\/\/akunq.net\/tr\/wp-content\/uploads\/2010\/10\/Ecmiadzin-300x205.jpg","contentUrl":"http:\/\/akunq.net\/tr\/wp-content\/uploads\/2010\/10\/Ecmiadzin-300x205.jpg"},{"@type":"BreadcrumbList","@id":"https:\/\/akunq.net\/turkish\/2010\/10\/04\/surp-ecmiyadzin-katolikoslugu-turklerin-ani-katerdralinde-namaz-kildiklarini-kinadi\/#breadcrumb","itemListElement":[{"@type":"ListItem","position":1,"name":"Home","item":"https:\/\/akunq.net\/turkish\/"},{"@type":"ListItem","position":2,"name":"Surp E\u00e7miadzin Katolikoslu\u011fu, T\u00fcrklerin Ani Katerdrali&#8217;nde namaz k\u0131ld\u0131klar\u0131n\u0131 k\u0131nad\u0131"}]},{"@type":"WebSite","@id":"https:\/\/akunq.net\/turkish\/#website","url":"https:\/\/akunq.net\/turkish\/","name":"Bati Ermenistan Ve Bati Ermenileri Sorunlari Ara\u015ftirmalar Merkezi","description":"","potentialAction":[{"@type":"SearchAction","target":{"@type":"EntryPoint","urlTemplate":"https:\/\/akunq.net\/turkish\/?s={search_term_string}"},"query-input":{"@type":"PropertyValueSpecification","valueRequired":true,"valueName":"search_term_string"}}],"inLanguage":"en-US"},{"@type":"Person","@id":"https:\/\/akunq.net\/turkish\/#\/schema\/person\/135e7923d1aeb8887890799619969a6c","name":"kalem","image":{"@type":"ImageObject","inLanguage":"en-US","@id":"https:\/\/secure.gravatar.com\/avatar\/a06875e4b25feb5674296adf8e8a7ae1e587cebce2493fe63c456109967e27d3?s=96&d=mm&r=g","url":"https:\/\/secure.gravatar.com\/avatar\/a06875e4b25feb5674296adf8e8a7ae1e587cebce2493fe63c456109967e27d3?s=96&d=mm&r=g","contentUrl":"https:\/\/secure.gravatar.com\/avatar\/a06875e4b25feb5674296adf8e8a7ae1e587cebce2493fe63c456109967e27d3?s=96&d=mm&r=g","caption":"kalem"},"url":"https:\/\/akunq.net\/turkish\/author\/kalem\/"}]}},"_links":{"self":[{"href":"https:\/\/akunq.net\/turkish\/wp-json\/wp\/v2\/posts\/2197","targetHints":{"allow":["GET"]}}],"collection":[{"href":"https:\/\/akunq.net\/turkish\/wp-json\/wp\/v2\/posts"}],"about":[{"href":"https:\/\/akunq.net\/turkish\/wp-json\/wp\/v2\/types\/post"}],"author":[{"embeddable":true,"href":"https:\/\/akunq.net\/turkish\/wp-json\/wp\/v2\/users\/3"}],"replies":[{"embeddable":true,"href":"https:\/\/akunq.net\/turkish\/wp-json\/wp\/v2\/comments?post=2197"}],"version-history":[{"count":0,"href":"https:\/\/akunq.net\/turkish\/wp-json\/wp\/v2\/posts\/2197\/revisions"}],"wp:attachment":[{"href":"https:\/\/akunq.net\/turkish\/wp-json\/wp\/v2\/media?parent=2197"}],"wp:term":[{"taxonomy":"category","embeddable":true,"href":"https:\/\/akunq.net\/turkish\/wp-json\/wp\/v2\/categories?post=2197"},{"taxonomy":"post_tag","embeddable":true,"href":"https:\/\/akunq.net\/turkish\/wp-json\/wp\/v2\/tags?post=2197"}],"curies":[{"name":"wp","href":"https:\/\/api.w.org\/{rel}","templated":true}]}}