{"id":21864,"date":"2013-02-22T02:07:11","date_gmt":"2013-02-22T07:07:11","guid":{"rendered":"http:\/\/akunq.net\/tr\/?p=21864"},"modified":"2013-02-22T02:07:11","modified_gmt":"2013-02-22T07:07:11","slug":"azerbaycan-gulun-sarkisyan-tebriki-icin-izahat-istedi","status":"publish","type":"post","link":"https:\/\/akunq.net\/turkish\/2013\/02\/22\/azerbaycan-gulun-sarkisyan-tebriki-icin-izahat-istedi\/","title":{"rendered":"Azerbaycan, G\u00fcl&#8217;\u00fcn Sarkisyan tebriki i\u00e7in izahat istedi"},"content":{"rendered":"<p style=\"text-align: justify\"><a href=\"http:\/\/akunq.net\/tr\/?attachment_id=21865\" rel=\"attachment wp-att-21865\"><img loading=\"lazy\" decoding=\"async\" class=\"alignright size-medium wp-image-21865\" alt=\"\u0531\u0562\u0564\u0578\u0582\u056c\u056c\u0561\u0570 \u0533\u0575\u0578\u0582\u056c\" src=\"http:\/\/akunq.net\/tr\/wp-content\/uploads\/2013\/02\/\u0531\u0562\u0564\u0578\u0582\u056c\u056c\u0561\u0570-\u0533\u0575\u0578\u0582\u056c-300x257.jpg\" width=\"300\" height=\"257\" srcset=\"https:\/\/akunq.net\/turkish\/wp-content\/uploads\/sites\/5\/2013\/02\/\u0531\u0562\u0564\u0578\u0582\u056c\u056c\u0561\u0570-\u0533\u0575\u0578\u0582\u056c-300x257.jpg 300w, https:\/\/akunq.net\/turkish\/wp-content\/uploads\/sites\/5\/2013\/02\/\u0531\u0562\u0564\u0578\u0582\u056c\u056c\u0561\u0570-\u0533\u0575\u0578\u0582\u056c.jpg 307w\" sizes=\"auto, (max-width: 300px) 100vw, 300px\" \/><\/a>Azerbaycan Cumhurba\u015fkanl\u0131\u011f\u0131 \u0130daresi Ba\u015fkan Yard\u0131mc\u0131s\u0131 Novruz Mamedov, T\u00fcrkiye Cumhurba\u015fkan\u0131 Abdullah G\u00fcl\u2019\u00fcn, g\u00f6reve tekrar se\u00e7ilmesiyle ilgili meslekta\u015f\u0131 Ermenistan Cumhurba\u015fkan\u0131 Serj Sarkisyan\u2019\u0131 tebrik etmesi konusunda a\u00e7\u0131klama yapmak zorunda oldu\u011funu s\u00f6yledi. Haberi Trend.az gazetesi duyurdu.<\/p>\n<p style=\"text-align: justify\">T\u00fcrkiye Cumhurba\u015fkan\u0131\u2019n\u0131n 20 \u015eubat tarihinde Sarkisyan\u2019a tebrik mesaj\u0131 g\u00f6nderdi\u011fini, Anadolu Ajans\u0131\u2019na at\u0131fta bulunarak yerel medya duyurdu. Haberde telgraf\u0131n metni a\u00e7\u0131klanmad\u0131.<\/p>\n<p style=\"text-align: justify\">Ermenistan\u2019da 18 \u015eubat 2013 tarihinde Cumhurba\u015fkanl\u0131\u011f\u0131 se\u00e7imleri yap\u0131lm\u0131\u015ft\u0131. Resmi bilgilere g\u00f6re, Cumhurba\u015fkan\u0131 Serj Sarkisyan oylar\u0131n yakla\u015f\u0131k % 58 ald\u0131. Sarkisyan\u2019n\u0131 se\u00e7imlerdeki zaferini, T\u00fcrkiye Cumhurba\u015fkan\u0131 oldu\u011fu gibi Rusya, Ukrayna, G\u00fcrcistan liderleri ve bir \u00e7ok uluslararas\u0131 kurulu\u015f tebrik etti.<\/p>\n<p style=\"text-align: justify\"><b><i>http:\/\/korhaber.com\/haber\/Azerbaycan-Gul-un-Sarkisyan-tebriki-icin-izahat-istedi\/143073<\/i><\/b><\/p>\n","protected":false},"excerpt":{"rendered":"<p>Azerbaycan Cumhurba\u015fkanl\u0131\u011f\u0131 \u0130daresi Ba\u015fkan Yard\u0131mc\u0131s\u0131 Novruz Mamedov, T\u00fcrkiye Cumhurba\u015fkan\u0131 Abdullah G\u00fcl\u2019\u00fcn, g\u00f6reve tekrar se\u00e7ilmesiyle ilgili meslekta\u015f\u0131 Ermenistan Cumhurba\u015fkan\u0131 Serj Sarkisyan\u2019\u0131 tebrik etmesi konusunda a\u00e7\u0131klama yapmak zorunda oldu\u011funu s\u00f6yledi. Haberi Trend.az gazetesi duyurdu. T\u00fcrkiye Cumhurba\u015fkan\u0131\u2019n\u0131n 20 \u015eubat tarihinde Sarkisyan\u2019a tebrik mesaj\u0131 g\u00f6nderdi\u011fini, Anadolu Ajans\u0131\u2019na at\u0131fta bulunarak yerel medya duyurdu. Haberde telgraf\u0131n metni a\u00e7\u0131klanmad\u0131. Ermenistan\u2019da 18 \u015eubat [&hellip;]<\/p>\n","protected":false},"author":3,"featured_media":0,"comment_status":"open","ping_status":"open","sticky":false,"template":"","format":"standard","meta":{"footnotes":""},"categories":[14],"tags":[],"class_list":["post-21864","post","type-post","status-publish","format-standard","hentry","category-haberler"],"yoast_head":"<!-- This site is optimized with the Yoast SEO plugin v27.4 - https:\/\/yoast.com\/product\/yoast-seo-wordpress\/ -->\n<title>Azerbaycan, G\u00fcl&#039;\u00fcn Sarkisyan tebriki i\u00e7in izahat istedi - Bati Ermenistan Ve Bati Ermenileri Sorunlari Ara\u015ftirmalar Merkezi<\/title>\n<meta name=\"robots\" content=\"index, follow, max-snippet:-1, max-image-preview:large, max-video-preview:-1\" \/>\n<link rel=\"canonical\" href=\"https:\/\/akunq.net\/turkish\/2013\/02\/22\/azerbaycan-gulun-sarkisyan-tebriki-icin-izahat-istedi\/\" \/>\n<meta property=\"og:locale\" content=\"en_US\" \/>\n<meta property=\"og:type\" content=\"article\" \/>\n<meta property=\"og:title\" content=\"Azerbaycan, G\u00fcl&#039;\u00fcn Sarkisyan tebriki i\u00e7in izahat istedi - Bati Ermenistan Ve Bati Ermenileri Sorunlari Ara\u015ftirmalar Merkezi\" \/>\n<meta property=\"og:description\" content=\"Azerbaycan Cumhurba\u015fkanl\u0131\u011f\u0131 \u0130daresi Ba\u015fkan Yard\u0131mc\u0131s\u0131 Novruz Mamedov, T\u00fcrkiye Cumhurba\u015fkan\u0131 Abdullah G\u00fcl\u2019\u00fcn, g\u00f6reve tekrar se\u00e7ilmesiyle ilgili meslekta\u015f\u0131 Ermenistan Cumhurba\u015fkan\u0131 Serj Sarkisyan\u2019\u0131 tebrik etmesi konusunda a\u00e7\u0131klama yapmak zorunda oldu\u011funu s\u00f6yledi. Haberi Trend.az gazetesi duyurdu. T\u00fcrkiye Cumhurba\u015fkan\u0131\u2019n\u0131n 20 \u015eubat tarihinde Sarkisyan\u2019a tebrik mesaj\u0131 g\u00f6nderdi\u011fini, Anadolu Ajans\u0131\u2019na at\u0131fta bulunarak yerel medya duyurdu. Haberde telgraf\u0131n metni a\u00e7\u0131klanmad\u0131. Ermenistan\u2019da 18 \u015eubat [&hellip;]\" \/>\n<meta property=\"og:url\" content=\"https:\/\/akunq.net\/turkish\/2013\/02\/22\/azerbaycan-gulun-sarkisyan-tebriki-icin-izahat-istedi\/\" \/>\n<meta property=\"og:site_name\" content=\"Bati Ermenistan Ve Bati Ermenileri Sorunlari Ara\u015ftirmalar Merkezi\" \/>\n<meta property=\"article:published_time\" content=\"2013-02-22T07:07:11+00:00\" \/>\n<meta name=\"author\" content=\"kalem\" \/>\n<meta name=\"twitter:card\" content=\"summary_large_image\" \/>\n<meta name=\"twitter:label1\" content=\"Written by\" \/>\n\t<meta name=\"twitter:data1\" content=\"kalem\" \/>\n\t<meta name=\"twitter:label2\" content=\"Est. reading time\" \/>\n\t<meta name=\"twitter:data2\" content=\"1 minute\" \/>\n<script type=\"application\/ld+json\" class=\"yoast-schema-graph\">{\"@context\":\"https:\\\/\\\/schema.org\",\"@graph\":[{\"@type\":\"Article\",\"@id\":\"https:\\\/\\\/akunq.net\\\/turkish\\\/2013\\\/02\\\/22\\\/azerbaycan-gulun-sarkisyan-tebriki-icin-izahat-istedi\\\/#article\",\"isPartOf\":{\"@id\":\"https:\\\/\\\/akunq.net\\\/turkish\\\/2013\\\/02\\\/22\\\/azerbaycan-gulun-sarkisyan-tebriki-icin-izahat-istedi\\\/\"},\"author\":{\"name\":\"kalem\",\"@id\":\"https:\\\/\\\/akunq.net\\\/turkish\\\/#\\\/schema\\\/person\\\/135e7923d1aeb8887890799619969a6c\"},\"headline\":\"Azerbaycan, G\u00fcl&#8217;\u00fcn Sarkisyan tebriki i\u00e7in izahat istedi\",\"datePublished\":\"2013-02-22T07:07:11+00:00\",\"mainEntityOfPage\":{\"@id\":\"https:\\\/\\\/akunq.net\\\/turkish\\\/2013\\\/02\\\/22\\\/azerbaycan-gulun-sarkisyan-tebriki-icin-izahat-istedi\\\/\"},\"wordCount\":140,\"commentCount\":0,\"articleSection\":[\"Haberler\"],\"inLanguage\":\"en-US\",\"potentialAction\":[{\"@type\":\"CommentAction\",\"name\":\"Comment\",\"target\":[\"https:\\\/\\\/akunq.net\\\/turkish\\\/2013\\\/02\\\/22\\\/azerbaycan-gulun-sarkisyan-tebriki-icin-izahat-istedi\\\/#respond\"]}]},{\"@type\":\"WebPage\",\"@id\":\"https:\\\/\\\/akunq.net\\\/turkish\\\/2013\\\/02\\\/22\\\/azerbaycan-gulun-sarkisyan-tebriki-icin-izahat-istedi\\\/\",\"url\":\"https:\\\/\\\/akunq.net\\\/turkish\\\/2013\\\/02\\\/22\\\/azerbaycan-gulun-sarkisyan-tebriki-icin-izahat-istedi\\\/\",\"name\":\"Azerbaycan, G\u00fcl'\u00fcn Sarkisyan tebriki i\u00e7in izahat istedi - Bati Ermenistan Ve Bati Ermenileri Sorunlari Ara\u015ftirmalar Merkezi\",\"isPartOf\":{\"@id\":\"https:\\\/\\\/akunq.net\\\/turkish\\\/#website\"},\"datePublished\":\"2013-02-22T07:07:11+00:00\",\"author\":{\"@id\":\"https:\\\/\\\/akunq.net\\\/turkish\\\/#\\\/schema\\\/person\\\/135e7923d1aeb8887890799619969a6c\"},\"breadcrumb\":{\"@id\":\"https:\\\/\\\/akunq.net\\\/turkish\\\/2013\\\/02\\\/22\\\/azerbaycan-gulun-sarkisyan-tebriki-icin-izahat-istedi\\\/#breadcrumb\"},\"inLanguage\":\"en-US\",\"potentialAction\":[{\"@type\":\"ReadAction\",\"target\":[\"https:\\\/\\\/akunq.net\\\/turkish\\\/2013\\\/02\\\/22\\\/azerbaycan-gulun-sarkisyan-tebriki-icin-izahat-istedi\\\/\"]}]},{\"@type\":\"BreadcrumbList\",\"@id\":\"https:\\\/\\\/akunq.net\\\/turkish\\\/2013\\\/02\\\/22\\\/azerbaycan-gulun-sarkisyan-tebriki-icin-izahat-istedi\\\/#breadcrumb\",\"itemListElement\":[{\"@type\":\"ListItem\",\"position\":1,\"name\":\"Home\",\"item\":\"https:\\\/\\\/akunq.net\\\/turkish\\\/\"},{\"@type\":\"ListItem\",\"position\":2,\"name\":\"Azerbaycan, G\u00fcl&#8217;\u00fcn Sarkisyan tebriki i\u00e7in izahat istedi\"}]},{\"@type\":\"WebSite\",\"@id\":\"https:\\\/\\\/akunq.net\\\/turkish\\\/#website\",\"url\":\"https:\\\/\\\/akunq.net\\\/turkish\\\/\",\"name\":\"Bati Ermenistan Ve Bati Ermenileri Sorunlari Ara\u015ftirmalar Merkezi\",\"description\":\"\",\"potentialAction\":[{\"@type\":\"SearchAction\",\"target\":{\"@type\":\"EntryPoint\",\"urlTemplate\":\"https:\\\/\\\/akunq.net\\\/turkish\\\/?s={search_term_string}\"},\"query-input\":{\"@type\":\"PropertyValueSpecification\",\"valueRequired\":true,\"valueName\":\"search_term_string\"}}],\"inLanguage\":\"en-US\"},{\"@type\":\"Person\",\"@id\":\"https:\\\/\\\/akunq.net\\\/turkish\\\/#\\\/schema\\\/person\\\/135e7923d1aeb8887890799619969a6c\",\"name\":\"kalem\",\"image\":{\"@type\":\"ImageObject\",\"inLanguage\":\"en-US\",\"@id\":\"https:\\\/\\\/secure.gravatar.com\\\/avatar\\\/a06875e4b25feb5674296adf8e8a7ae1e587cebce2493fe63c456109967e27d3?s=96&d=mm&r=g\",\"url\":\"https:\\\/\\\/secure.gravatar.com\\\/avatar\\\/a06875e4b25feb5674296adf8e8a7ae1e587cebce2493fe63c456109967e27d3?s=96&d=mm&r=g\",\"contentUrl\":\"https:\\\/\\\/secure.gravatar.com\\\/avatar\\\/a06875e4b25feb5674296adf8e8a7ae1e587cebce2493fe63c456109967e27d3?s=96&d=mm&r=g\",\"caption\":\"kalem\"},\"url\":\"https:\\\/\\\/akunq.net\\\/turkish\\\/author\\\/kalem\\\/\"}]}<\/script>\n<!-- \/ Yoast SEO plugin. -->","yoast_head_json":{"title":"Azerbaycan, G\u00fcl'\u00fcn Sarkisyan tebriki i\u00e7in izahat istedi - Bati Ermenistan Ve Bati Ermenileri Sorunlari Ara\u015ftirmalar Merkezi","robots":{"index":"index","follow":"follow","max-snippet":"max-snippet:-1","max-image-preview":"max-image-preview:large","max-video-preview":"max-video-preview:-1"},"canonical":"https:\/\/akunq.net\/turkish\/2013\/02\/22\/azerbaycan-gulun-sarkisyan-tebriki-icin-izahat-istedi\/","og_locale":"en_US","og_type":"article","og_title":"Azerbaycan, G\u00fcl'\u00fcn Sarkisyan tebriki i\u00e7in izahat istedi - Bati Ermenistan Ve Bati Ermenileri Sorunlari Ara\u015ftirmalar Merkezi","og_description":"Azerbaycan Cumhurba\u015fkanl\u0131\u011f\u0131 \u0130daresi Ba\u015fkan Yard\u0131mc\u0131s\u0131 Novruz Mamedov, T\u00fcrkiye Cumhurba\u015fkan\u0131 Abdullah G\u00fcl\u2019\u00fcn, g\u00f6reve tekrar se\u00e7ilmesiyle ilgili meslekta\u015f\u0131 Ermenistan Cumhurba\u015fkan\u0131 Serj Sarkisyan\u2019\u0131 tebrik etmesi konusunda a\u00e7\u0131klama yapmak zorunda oldu\u011funu s\u00f6yledi. Haberi Trend.az gazetesi duyurdu. T\u00fcrkiye Cumhurba\u015fkan\u0131\u2019n\u0131n 20 \u015eubat tarihinde Sarkisyan\u2019a tebrik mesaj\u0131 g\u00f6nderdi\u011fini, Anadolu Ajans\u0131\u2019na at\u0131fta bulunarak yerel medya duyurdu. Haberde telgraf\u0131n metni a\u00e7\u0131klanmad\u0131. Ermenistan\u2019da 18 \u015eubat [&hellip;]","og_url":"https:\/\/akunq.net\/turkish\/2013\/02\/22\/azerbaycan-gulun-sarkisyan-tebriki-icin-izahat-istedi\/","og_site_name":"Bati Ermenistan Ve Bati Ermenileri Sorunlari Ara\u015ftirmalar Merkezi","article_published_time":"2013-02-22T07:07:11+00:00","author":"kalem","twitter_card":"summary_large_image","twitter_misc":{"Written by":"kalem","Est. reading time":"1 minute"},"schema":{"@context":"https:\/\/schema.org","@graph":[{"@type":"Article","@id":"https:\/\/akunq.net\/turkish\/2013\/02\/22\/azerbaycan-gulun-sarkisyan-tebriki-icin-izahat-istedi\/#article","isPartOf":{"@id":"https:\/\/akunq.net\/turkish\/2013\/02\/22\/azerbaycan-gulun-sarkisyan-tebriki-icin-izahat-istedi\/"},"author":{"name":"kalem","@id":"https:\/\/akunq.net\/turkish\/#\/schema\/person\/135e7923d1aeb8887890799619969a6c"},"headline":"Azerbaycan, G\u00fcl&#8217;\u00fcn Sarkisyan tebriki i\u00e7in izahat istedi","datePublished":"2013-02-22T07:07:11+00:00","mainEntityOfPage":{"@id":"https:\/\/akunq.net\/turkish\/2013\/02\/22\/azerbaycan-gulun-sarkisyan-tebriki-icin-izahat-istedi\/"},"wordCount":140,"commentCount":0,"articleSection":["Haberler"],"inLanguage":"en-US","potentialAction":[{"@type":"CommentAction","name":"Comment","target":["https:\/\/akunq.net\/turkish\/2013\/02\/22\/azerbaycan-gulun-sarkisyan-tebriki-icin-izahat-istedi\/#respond"]}]},{"@type":"WebPage","@id":"https:\/\/akunq.net\/turkish\/2013\/02\/22\/azerbaycan-gulun-sarkisyan-tebriki-icin-izahat-istedi\/","url":"https:\/\/akunq.net\/turkish\/2013\/02\/22\/azerbaycan-gulun-sarkisyan-tebriki-icin-izahat-istedi\/","name":"Azerbaycan, G\u00fcl'\u00fcn Sarkisyan tebriki i\u00e7in izahat istedi - Bati Ermenistan Ve Bati Ermenileri Sorunlari Ara\u015ftirmalar Merkezi","isPartOf":{"@id":"https:\/\/akunq.net\/turkish\/#website"},"datePublished":"2013-02-22T07:07:11+00:00","author":{"@id":"https:\/\/akunq.net\/turkish\/#\/schema\/person\/135e7923d1aeb8887890799619969a6c"},"breadcrumb":{"@id":"https:\/\/akunq.net\/turkish\/2013\/02\/22\/azerbaycan-gulun-sarkisyan-tebriki-icin-izahat-istedi\/#breadcrumb"},"inLanguage":"en-US","potentialAction":[{"@type":"ReadAction","target":["https:\/\/akunq.net\/turkish\/2013\/02\/22\/azerbaycan-gulun-sarkisyan-tebriki-icin-izahat-istedi\/"]}]},{"@type":"BreadcrumbList","@id":"https:\/\/akunq.net\/turkish\/2013\/02\/22\/azerbaycan-gulun-sarkisyan-tebriki-icin-izahat-istedi\/#breadcrumb","itemListElement":[{"@type":"ListItem","position":1,"name":"Home","item":"https:\/\/akunq.net\/turkish\/"},{"@type":"ListItem","position":2,"name":"Azerbaycan, G\u00fcl&#8217;\u00fcn Sarkisyan tebriki i\u00e7in izahat istedi"}]},{"@type":"WebSite","@id":"https:\/\/akunq.net\/turkish\/#website","url":"https:\/\/akunq.net\/turkish\/","name":"Bati Ermenistan Ve Bati Ermenileri Sorunlari Ara\u015ftirmalar Merkezi","description":"","potentialAction":[{"@type":"SearchAction","target":{"@type":"EntryPoint","urlTemplate":"https:\/\/akunq.net\/turkish\/?s={search_term_string}"},"query-input":{"@type":"PropertyValueSpecification","valueRequired":true,"valueName":"search_term_string"}}],"inLanguage":"en-US"},{"@type":"Person","@id":"https:\/\/akunq.net\/turkish\/#\/schema\/person\/135e7923d1aeb8887890799619969a6c","name":"kalem","image":{"@type":"ImageObject","inLanguage":"en-US","@id":"https:\/\/secure.gravatar.com\/avatar\/a06875e4b25feb5674296adf8e8a7ae1e587cebce2493fe63c456109967e27d3?s=96&d=mm&r=g","url":"https:\/\/secure.gravatar.com\/avatar\/a06875e4b25feb5674296adf8e8a7ae1e587cebce2493fe63c456109967e27d3?s=96&d=mm&r=g","contentUrl":"https:\/\/secure.gravatar.com\/avatar\/a06875e4b25feb5674296adf8e8a7ae1e587cebce2493fe63c456109967e27d3?s=96&d=mm&r=g","caption":"kalem"},"url":"https:\/\/akunq.net\/turkish\/author\/kalem\/"}]}},"_links":{"self":[{"href":"https:\/\/akunq.net\/turkish\/wp-json\/wp\/v2\/posts\/21864","targetHints":{"allow":["GET"]}}],"collection":[{"href":"https:\/\/akunq.net\/turkish\/wp-json\/wp\/v2\/posts"}],"about":[{"href":"https:\/\/akunq.net\/turkish\/wp-json\/wp\/v2\/types\/post"}],"author":[{"embeddable":true,"href":"https:\/\/akunq.net\/turkish\/wp-json\/wp\/v2\/users\/3"}],"replies":[{"embeddable":true,"href":"https:\/\/akunq.net\/turkish\/wp-json\/wp\/v2\/comments?post=21864"}],"version-history":[{"count":0,"href":"https:\/\/akunq.net\/turkish\/wp-json\/wp\/v2\/posts\/21864\/revisions"}],"wp:attachment":[{"href":"https:\/\/akunq.net\/turkish\/wp-json\/wp\/v2\/media?parent=21864"}],"wp:term":[{"taxonomy":"category","embeddable":true,"href":"https:\/\/akunq.net\/turkish\/wp-json\/wp\/v2\/categories?post=21864"},{"taxonomy":"post_tag","embeddable":true,"href":"https:\/\/akunq.net\/turkish\/wp-json\/wp\/v2\/tags?post=21864"}],"curies":[{"name":"wp","href":"https:\/\/api.w.org\/{rel}","templated":true}]}}