{"id":2176,"date":"2010-10-02T03:49:11","date_gmt":"2010-10-02T08:49:11","guid":{"rendered":"http:\/\/akunq.net\/tr\/?p=2176"},"modified":"2010-10-02T03:49:11","modified_gmt":"2010-10-02T08:49:11","slug":"surp-hac-kilisesine-hac-takildi","status":"publish","type":"post","link":"https:\/\/akunq.net\/turkish\/2010\/10\/02\/surp-hac-kilisesine-hac-takildi\/","title":{"rendered":"Surp Ha\u00e7 Kilisesi&#8217;ne ha\u00e7 tak\u0131ld\u0131"},"content":{"rendered":"<p style=\"text-align: justify\"><a rel=\"attachment wp-att-2177\" href=\"http:\/\/akunq.net\/tr\/?attachment_id=2177\"><img loading=\"lazy\" decoding=\"async\" class=\"alignleft size-medium wp-image-2177\" title=\"1001sorpkhach\" src=\"http:\/\/akunq.net\/tr\/wp-content\/uploads\/2010\/10\/1001sorpkhach-300x225.jpg\" alt=\"\" width=\"300\" height=\"225\" srcset=\"https:\/\/akunq.net\/turkish\/wp-content\/uploads\/sites\/5\/2010\/10\/1001sorpkhach-300x225.jpg 300w, https:\/\/akunq.net\/turkish\/wp-content\/uploads\/sites\/5\/2010\/10\/1001sorpkhach.jpg 316w\" sizes=\"auto, (max-width: 300px) 100vw, 300px\" \/><\/a>Tert.am&#8217;a a\u00e7\u0131klamada bulunan Erivan Devlet \u00dcniviversitesi \u015earkiyat Fak\u00fcltesi Dekan Yard\u0131mc\u0131s\u0131, T\u00fcrkolog Ruben Melkonyan, A\u011ftamar Surp Ha\u00e7 Kilisesi&#8217;ne ha\u00e7\u0131n tak\u0131ld\u0131\u011f\u0131n\u0131 bildirdi.<\/p>\n<p style=\"text-align: justify\">Melkonyan &#8220;D\u00fcn T\u00fcrk h\u00fck\u00fcmeti taraf\u0131ndan A\u011ftamar Surp Ha\u00e7 Kilisesi&#8217;ne ha\u00e7 tak\u0131ld\u0131. Yar\u0131n ise Van Valisi ve Patrik Genel Vekili Ba\u015fepiskopos Aram Ate\u015fyan Surp Ha\u00e7 Kilisesi&#8217;nin a\u00e7\u0131l\u0131\u015f\u0131n\u0131 yapacak&#8221; diye konu\u015ftu.<\/p>\n<p style=\"text-align: justify\">19 Eyl\u00fcl 2010 tarihinde A\u011ftamar Surp Ha\u00e7 kilisesi&#8217;nde ha\u00e7s\u0131z ayin yap\u0131ld\u0131.<\/p>\n<p style=\"text-align: justify\">Van\u2019da bulunan ve Ermeni d\u00fcnyas\u0131nda tarihi \u00f6neme sahip olan A\u011ftamar Kilisesi\u2019ne ha\u00e7 as\u0131lmas\u0131 i\u00e7in May\u0131s ay\u0131nda izin \u00e7\u0131kt\u0131.<\/p>\n<p style=\"text-align: justify\">2 Eyl\u00fcl 2010 tarihinde T\u00fcrkiye Ermeni Patri\u011fi Genel Vekili Ba\u015fpiskopos Aram Ate\u015fyan, kiliseye tak\u0131lacak ha\u00e7\u0131n 200 kilogram civar\u0131nda oldu\u011funu ve ancak iskele kurularak tak\u0131labilece\u011fini belirtti. Ate\u015fyan ha\u00e7\u0131n ayine yeti\u015fmesinin m\u00fcmk\u00fcn olmad\u0131\u011f\u0131n\u0131, ancak ayin g\u00fcn\u00fc ziyaret\u00e7ilere sergilenece\u011fini ve ayinden sonra tak\u0131laca\u011f\u0131n\u0131 s\u00f6ylemi\u015fti.<\/p>\n<p style=\"text-align: justify\">2007\u2019de restorasyonu biten Surp Ha\u00e7 Kilisesi\u2019ne ha\u00e7 konulmas\u0131 i\u00e7in T\u00fcrkiye Ermenileri Patri\u011fi Mesrob II resmen ba\u015fvurmu\u015f, bir ha\u00e7 yapt\u0131rarak Van\u2019a g\u00f6ndermi\u015fti. Ancak, gerekli izinler \u00e7\u0131kmad\u0131\u011f\u0131 i\u00e7in ha\u00e7 depoya konulmu\u015ftu.<br \/>\n\u00a0<\/p>\n<p style=\"text-align: justify\"><strong><em>Tert.am<\/em><\/strong><\/p>\n<p style=\"text-align: justify\"><em>01.10.10<\/em><\/p>\n","protected":false},"excerpt":{"rendered":"<p>Tert.am&#8217;a a\u00e7\u0131klamada bulunan Erivan Devlet \u00dcniviversitesi \u015earkiyat Fak\u00fcltesi Dekan Yard\u0131mc\u0131s\u0131, T\u00fcrkolog Ruben Melkonyan, A\u011ftamar Surp Ha\u00e7 Kilisesi&#8217;ne ha\u00e7\u0131n tak\u0131ld\u0131\u011f\u0131n\u0131 bildirdi. Melkonyan &#8220;D\u00fcn T\u00fcrk h\u00fck\u00fcmeti taraf\u0131ndan A\u011ftamar Surp Ha\u00e7 Kilisesi&#8217;ne ha\u00e7 tak\u0131ld\u0131. Yar\u0131n ise Van Valisi ve Patrik Genel Vekili Ba\u015fepiskopos Aram Ate\u015fyan Surp Ha\u00e7 Kilisesi&#8217;nin a\u00e7\u0131l\u0131\u015f\u0131n\u0131 yapacak&#8221; diye konu\u015ftu. 19 Eyl\u00fcl 2010 tarihinde A\u011ftamar Surp [&hellip;]<\/p>\n","protected":false},"author":3,"featured_media":0,"comment_status":"closed","ping_status":"open","sticky":false,"template":"","format":"standard","meta":{"footnotes":""},"categories":[14],"tags":[],"class_list":["post-2176","post","type-post","status-publish","format-standard","hentry","category-haberler"],"yoast_head":"<!-- This site is optimized with the Yoast SEO plugin v27.4 - https:\/\/yoast.com\/product\/yoast-seo-wordpress\/ -->\n<title>Surp Ha\u00e7 Kilisesi&#039;ne ha\u00e7 tak\u0131ld\u0131 - Bati Ermenistan Ve Bati Ermenileri Sorunlari Ara\u015ftirmalar Merkezi<\/title>\n<meta name=\"robots\" content=\"index, follow, max-snippet:-1, max-image-preview:large, max-video-preview:-1\" \/>\n<link rel=\"canonical\" href=\"https:\/\/akunq.net\/turkish\/2010\/10\/02\/surp-hac-kilisesine-hac-takildi\/\" \/>\n<meta property=\"og:locale\" content=\"en_US\" \/>\n<meta property=\"og:type\" content=\"article\" \/>\n<meta property=\"og:title\" content=\"Surp Ha\u00e7 Kilisesi&#039;ne ha\u00e7 tak\u0131ld\u0131 - Bati Ermenistan Ve Bati Ermenileri Sorunlari Ara\u015ftirmalar Merkezi\" \/>\n<meta property=\"og:description\" content=\"Tert.am&#8217;a a\u00e7\u0131klamada bulunan Erivan Devlet \u00dcniviversitesi \u015earkiyat Fak\u00fcltesi Dekan Yard\u0131mc\u0131s\u0131, T\u00fcrkolog Ruben Melkonyan, A\u011ftamar Surp Ha\u00e7 Kilisesi&#8217;ne ha\u00e7\u0131n tak\u0131ld\u0131\u011f\u0131n\u0131 bildirdi. Melkonyan &#8220;D\u00fcn T\u00fcrk h\u00fck\u00fcmeti taraf\u0131ndan A\u011ftamar Surp Ha\u00e7 Kilisesi&#8217;ne ha\u00e7 tak\u0131ld\u0131. Yar\u0131n ise Van Valisi ve Patrik Genel Vekili Ba\u015fepiskopos Aram Ate\u015fyan Surp Ha\u00e7 Kilisesi&#8217;nin a\u00e7\u0131l\u0131\u015f\u0131n\u0131 yapacak&#8221; diye konu\u015ftu. 19 Eyl\u00fcl 2010 tarihinde A\u011ftamar Surp [&hellip;]\" \/>\n<meta property=\"og:url\" content=\"https:\/\/akunq.net\/turkish\/2010\/10\/02\/surp-hac-kilisesine-hac-takildi\/\" \/>\n<meta property=\"og:site_name\" content=\"Bati Ermenistan Ve Bati Ermenileri Sorunlari Ara\u015ftirmalar Merkezi\" \/>\n<meta property=\"article:published_time\" content=\"2010-10-02T08:49:11+00:00\" \/>\n<meta property=\"og:image\" content=\"https:\/\/akunq.net\/turkish\/wp-content\/uploads\/sites\/5\/2010\/10\/1001sorpkhach.jpg\" \/>\n\t<meta property=\"og:image:width\" content=\"316\" \/>\n\t<meta property=\"og:image:height\" content=\"237\" \/>\n\t<meta property=\"og:image:type\" content=\"image\/jpeg\" \/>\n<meta name=\"author\" content=\"kalem\" \/>\n<meta name=\"twitter:card\" content=\"summary_large_image\" \/>\n<meta name=\"twitter:label1\" content=\"Written by\" \/>\n\t<meta name=\"twitter:data1\" content=\"kalem\" \/>\n\t<meta name=\"twitter:label2\" content=\"Est. reading time\" \/>\n\t<meta name=\"twitter:data2\" content=\"1 minute\" \/>\n<script type=\"application\/ld+json\" class=\"yoast-schema-graph\">{\"@context\":\"https:\\\/\\\/schema.org\",\"@graph\":[{\"@type\":\"Article\",\"@id\":\"https:\\\/\\\/akunq.net\\\/turkish\\\/2010\\\/10\\\/02\\\/surp-hac-kilisesine-hac-takildi\\\/#article\",\"isPartOf\":{\"@id\":\"https:\\\/\\\/akunq.net\\\/turkish\\\/2010\\\/10\\\/02\\\/surp-hac-kilisesine-hac-takildi\\\/\"},\"author\":{\"name\":\"kalem\",\"@id\":\"https:\\\/\\\/akunq.net\\\/turkish\\\/#\\\/schema\\\/person\\\/135e7923d1aeb8887890799619969a6c\"},\"headline\":\"Surp Ha\u00e7 Kilisesi&#8217;ne ha\u00e7 tak\u0131ld\u0131\",\"datePublished\":\"2010-10-02T08:49:11+00:00\",\"mainEntityOfPage\":{\"@id\":\"https:\\\/\\\/akunq.net\\\/turkish\\\/2010\\\/10\\\/02\\\/surp-hac-kilisesine-hac-takildi\\\/\"},\"wordCount\":223,\"image\":{\"@id\":\"https:\\\/\\\/akunq.net\\\/turkish\\\/2010\\\/10\\\/02\\\/surp-hac-kilisesine-hac-takildi\\\/#primaryimage\"},\"thumbnailUrl\":\"http:\\\/\\\/akunq.net\\\/tr\\\/wp-content\\\/uploads\\\/2010\\\/10\\\/1001sorpkhach-300x225.jpg\",\"articleSection\":[\"Haberler\"],\"inLanguage\":\"en-US\"},{\"@type\":\"WebPage\",\"@id\":\"https:\\\/\\\/akunq.net\\\/turkish\\\/2010\\\/10\\\/02\\\/surp-hac-kilisesine-hac-takildi\\\/\",\"url\":\"https:\\\/\\\/akunq.net\\\/turkish\\\/2010\\\/10\\\/02\\\/surp-hac-kilisesine-hac-takildi\\\/\",\"name\":\"Surp Ha\u00e7 Kilisesi'ne ha\u00e7 tak\u0131ld\u0131 - Bati Ermenistan Ve Bati Ermenileri Sorunlari Ara\u015ftirmalar Merkezi\",\"isPartOf\":{\"@id\":\"https:\\\/\\\/akunq.net\\\/turkish\\\/#website\"},\"primaryImageOfPage\":{\"@id\":\"https:\\\/\\\/akunq.net\\\/turkish\\\/2010\\\/10\\\/02\\\/surp-hac-kilisesine-hac-takildi\\\/#primaryimage\"},\"image\":{\"@id\":\"https:\\\/\\\/akunq.net\\\/turkish\\\/2010\\\/10\\\/02\\\/surp-hac-kilisesine-hac-takildi\\\/#primaryimage\"},\"thumbnailUrl\":\"http:\\\/\\\/akunq.net\\\/tr\\\/wp-content\\\/uploads\\\/2010\\\/10\\\/1001sorpkhach-300x225.jpg\",\"datePublished\":\"2010-10-02T08:49:11+00:00\",\"author\":{\"@id\":\"https:\\\/\\\/akunq.net\\\/turkish\\\/#\\\/schema\\\/person\\\/135e7923d1aeb8887890799619969a6c\"},\"breadcrumb\":{\"@id\":\"https:\\\/\\\/akunq.net\\\/turkish\\\/2010\\\/10\\\/02\\\/surp-hac-kilisesine-hac-takildi\\\/#breadcrumb\"},\"inLanguage\":\"en-US\",\"potentialAction\":[{\"@type\":\"ReadAction\",\"target\":[\"https:\\\/\\\/akunq.net\\\/turkish\\\/2010\\\/10\\\/02\\\/surp-hac-kilisesine-hac-takildi\\\/\"]}]},{\"@type\":\"ImageObject\",\"inLanguage\":\"en-US\",\"@id\":\"https:\\\/\\\/akunq.net\\\/turkish\\\/2010\\\/10\\\/02\\\/surp-hac-kilisesine-hac-takildi\\\/#primaryimage\",\"url\":\"http:\\\/\\\/akunq.net\\\/tr\\\/wp-content\\\/uploads\\\/2010\\\/10\\\/1001sorpkhach-300x225.jpg\",\"contentUrl\":\"http:\\\/\\\/akunq.net\\\/tr\\\/wp-content\\\/uploads\\\/2010\\\/10\\\/1001sorpkhach-300x225.jpg\"},{\"@type\":\"BreadcrumbList\",\"@id\":\"https:\\\/\\\/akunq.net\\\/turkish\\\/2010\\\/10\\\/02\\\/surp-hac-kilisesine-hac-takildi\\\/#breadcrumb\",\"itemListElement\":[{\"@type\":\"ListItem\",\"position\":1,\"name\":\"Home\",\"item\":\"https:\\\/\\\/akunq.net\\\/turkish\\\/\"},{\"@type\":\"ListItem\",\"position\":2,\"name\":\"Surp Ha\u00e7 Kilisesi&#8217;ne ha\u00e7 tak\u0131ld\u0131\"}]},{\"@type\":\"WebSite\",\"@id\":\"https:\\\/\\\/akunq.net\\\/turkish\\\/#website\",\"url\":\"https:\\\/\\\/akunq.net\\\/turkish\\\/\",\"name\":\"Bati Ermenistan Ve Bati Ermenileri Sorunlari Ara\u015ftirmalar Merkezi\",\"description\":\"\",\"potentialAction\":[{\"@type\":\"SearchAction\",\"target\":{\"@type\":\"EntryPoint\",\"urlTemplate\":\"https:\\\/\\\/akunq.net\\\/turkish\\\/?s={search_term_string}\"},\"query-input\":{\"@type\":\"PropertyValueSpecification\",\"valueRequired\":true,\"valueName\":\"search_term_string\"}}],\"inLanguage\":\"en-US\"},{\"@type\":\"Person\",\"@id\":\"https:\\\/\\\/akunq.net\\\/turkish\\\/#\\\/schema\\\/person\\\/135e7923d1aeb8887890799619969a6c\",\"name\":\"kalem\",\"image\":{\"@type\":\"ImageObject\",\"inLanguage\":\"en-US\",\"@id\":\"https:\\\/\\\/secure.gravatar.com\\\/avatar\\\/a06875e4b25feb5674296adf8e8a7ae1e587cebce2493fe63c456109967e27d3?s=96&d=mm&r=g\",\"url\":\"https:\\\/\\\/secure.gravatar.com\\\/avatar\\\/a06875e4b25feb5674296adf8e8a7ae1e587cebce2493fe63c456109967e27d3?s=96&d=mm&r=g\",\"contentUrl\":\"https:\\\/\\\/secure.gravatar.com\\\/avatar\\\/a06875e4b25feb5674296adf8e8a7ae1e587cebce2493fe63c456109967e27d3?s=96&d=mm&r=g\",\"caption\":\"kalem\"},\"url\":\"https:\\\/\\\/akunq.net\\\/turkish\\\/author\\\/kalem\\\/\"}]}<\/script>\n<!-- \/ Yoast SEO plugin. -->","yoast_head_json":{"title":"Surp Ha\u00e7 Kilisesi'ne ha\u00e7 tak\u0131ld\u0131 - Bati Ermenistan Ve Bati Ermenileri Sorunlari Ara\u015ftirmalar Merkezi","robots":{"index":"index","follow":"follow","max-snippet":"max-snippet:-1","max-image-preview":"max-image-preview:large","max-video-preview":"max-video-preview:-1"},"canonical":"https:\/\/akunq.net\/turkish\/2010\/10\/02\/surp-hac-kilisesine-hac-takildi\/","og_locale":"en_US","og_type":"article","og_title":"Surp Ha\u00e7 Kilisesi'ne ha\u00e7 tak\u0131ld\u0131 - Bati Ermenistan Ve Bati Ermenileri Sorunlari Ara\u015ftirmalar Merkezi","og_description":"Tert.am&#8217;a a\u00e7\u0131klamada bulunan Erivan Devlet \u00dcniviversitesi \u015earkiyat Fak\u00fcltesi Dekan Yard\u0131mc\u0131s\u0131, T\u00fcrkolog Ruben Melkonyan, A\u011ftamar Surp Ha\u00e7 Kilisesi&#8217;ne ha\u00e7\u0131n tak\u0131ld\u0131\u011f\u0131n\u0131 bildirdi. Melkonyan &#8220;D\u00fcn T\u00fcrk h\u00fck\u00fcmeti taraf\u0131ndan A\u011ftamar Surp Ha\u00e7 Kilisesi&#8217;ne ha\u00e7 tak\u0131ld\u0131. Yar\u0131n ise Van Valisi ve Patrik Genel Vekili Ba\u015fepiskopos Aram Ate\u015fyan Surp Ha\u00e7 Kilisesi&#8217;nin a\u00e7\u0131l\u0131\u015f\u0131n\u0131 yapacak&#8221; diye konu\u015ftu. 19 Eyl\u00fcl 2010 tarihinde A\u011ftamar Surp [&hellip;]","og_url":"https:\/\/akunq.net\/turkish\/2010\/10\/02\/surp-hac-kilisesine-hac-takildi\/","og_site_name":"Bati Ermenistan Ve Bati Ermenileri Sorunlari Ara\u015ftirmalar Merkezi","article_published_time":"2010-10-02T08:49:11+00:00","og_image":[{"width":316,"height":237,"url":"https:\/\/akunq.net\/turkish\/wp-content\/uploads\/sites\/5\/2010\/10\/1001sorpkhach.jpg","type":"image\/jpeg"}],"author":"kalem","twitter_card":"summary_large_image","twitter_misc":{"Written by":"kalem","Est. reading time":"1 minute"},"schema":{"@context":"https:\/\/schema.org","@graph":[{"@type":"Article","@id":"https:\/\/akunq.net\/turkish\/2010\/10\/02\/surp-hac-kilisesine-hac-takildi\/#article","isPartOf":{"@id":"https:\/\/akunq.net\/turkish\/2010\/10\/02\/surp-hac-kilisesine-hac-takildi\/"},"author":{"name":"kalem","@id":"https:\/\/akunq.net\/turkish\/#\/schema\/person\/135e7923d1aeb8887890799619969a6c"},"headline":"Surp Ha\u00e7 Kilisesi&#8217;ne ha\u00e7 tak\u0131ld\u0131","datePublished":"2010-10-02T08:49:11+00:00","mainEntityOfPage":{"@id":"https:\/\/akunq.net\/turkish\/2010\/10\/02\/surp-hac-kilisesine-hac-takildi\/"},"wordCount":223,"image":{"@id":"https:\/\/akunq.net\/turkish\/2010\/10\/02\/surp-hac-kilisesine-hac-takildi\/#primaryimage"},"thumbnailUrl":"http:\/\/akunq.net\/tr\/wp-content\/uploads\/2010\/10\/1001sorpkhach-300x225.jpg","articleSection":["Haberler"],"inLanguage":"en-US"},{"@type":"WebPage","@id":"https:\/\/akunq.net\/turkish\/2010\/10\/02\/surp-hac-kilisesine-hac-takildi\/","url":"https:\/\/akunq.net\/turkish\/2010\/10\/02\/surp-hac-kilisesine-hac-takildi\/","name":"Surp Ha\u00e7 Kilisesi'ne ha\u00e7 tak\u0131ld\u0131 - Bati Ermenistan Ve Bati Ermenileri Sorunlari Ara\u015ftirmalar Merkezi","isPartOf":{"@id":"https:\/\/akunq.net\/turkish\/#website"},"primaryImageOfPage":{"@id":"https:\/\/akunq.net\/turkish\/2010\/10\/02\/surp-hac-kilisesine-hac-takildi\/#primaryimage"},"image":{"@id":"https:\/\/akunq.net\/turkish\/2010\/10\/02\/surp-hac-kilisesine-hac-takildi\/#primaryimage"},"thumbnailUrl":"http:\/\/akunq.net\/tr\/wp-content\/uploads\/2010\/10\/1001sorpkhach-300x225.jpg","datePublished":"2010-10-02T08:49:11+00:00","author":{"@id":"https:\/\/akunq.net\/turkish\/#\/schema\/person\/135e7923d1aeb8887890799619969a6c"},"breadcrumb":{"@id":"https:\/\/akunq.net\/turkish\/2010\/10\/02\/surp-hac-kilisesine-hac-takildi\/#breadcrumb"},"inLanguage":"en-US","potentialAction":[{"@type":"ReadAction","target":["https:\/\/akunq.net\/turkish\/2010\/10\/02\/surp-hac-kilisesine-hac-takildi\/"]}]},{"@type":"ImageObject","inLanguage":"en-US","@id":"https:\/\/akunq.net\/turkish\/2010\/10\/02\/surp-hac-kilisesine-hac-takildi\/#primaryimage","url":"http:\/\/akunq.net\/tr\/wp-content\/uploads\/2010\/10\/1001sorpkhach-300x225.jpg","contentUrl":"http:\/\/akunq.net\/tr\/wp-content\/uploads\/2010\/10\/1001sorpkhach-300x225.jpg"},{"@type":"BreadcrumbList","@id":"https:\/\/akunq.net\/turkish\/2010\/10\/02\/surp-hac-kilisesine-hac-takildi\/#breadcrumb","itemListElement":[{"@type":"ListItem","position":1,"name":"Home","item":"https:\/\/akunq.net\/turkish\/"},{"@type":"ListItem","position":2,"name":"Surp Ha\u00e7 Kilisesi&#8217;ne ha\u00e7 tak\u0131ld\u0131"}]},{"@type":"WebSite","@id":"https:\/\/akunq.net\/turkish\/#website","url":"https:\/\/akunq.net\/turkish\/","name":"Bati Ermenistan Ve Bati Ermenileri Sorunlari Ara\u015ftirmalar Merkezi","description":"","potentialAction":[{"@type":"SearchAction","target":{"@type":"EntryPoint","urlTemplate":"https:\/\/akunq.net\/turkish\/?s={search_term_string}"},"query-input":{"@type":"PropertyValueSpecification","valueRequired":true,"valueName":"search_term_string"}}],"inLanguage":"en-US"},{"@type":"Person","@id":"https:\/\/akunq.net\/turkish\/#\/schema\/person\/135e7923d1aeb8887890799619969a6c","name":"kalem","image":{"@type":"ImageObject","inLanguage":"en-US","@id":"https:\/\/secure.gravatar.com\/avatar\/a06875e4b25feb5674296adf8e8a7ae1e587cebce2493fe63c456109967e27d3?s=96&d=mm&r=g","url":"https:\/\/secure.gravatar.com\/avatar\/a06875e4b25feb5674296adf8e8a7ae1e587cebce2493fe63c456109967e27d3?s=96&d=mm&r=g","contentUrl":"https:\/\/secure.gravatar.com\/avatar\/a06875e4b25feb5674296adf8e8a7ae1e587cebce2493fe63c456109967e27d3?s=96&d=mm&r=g","caption":"kalem"},"url":"https:\/\/akunq.net\/turkish\/author\/kalem\/"}]}},"_links":{"self":[{"href":"https:\/\/akunq.net\/turkish\/wp-json\/wp\/v2\/posts\/2176","targetHints":{"allow":["GET"]}}],"collection":[{"href":"https:\/\/akunq.net\/turkish\/wp-json\/wp\/v2\/posts"}],"about":[{"href":"https:\/\/akunq.net\/turkish\/wp-json\/wp\/v2\/types\/post"}],"author":[{"embeddable":true,"href":"https:\/\/akunq.net\/turkish\/wp-json\/wp\/v2\/users\/3"}],"replies":[{"embeddable":true,"href":"https:\/\/akunq.net\/turkish\/wp-json\/wp\/v2\/comments?post=2176"}],"version-history":[{"count":0,"href":"https:\/\/akunq.net\/turkish\/wp-json\/wp\/v2\/posts\/2176\/revisions"}],"wp:attachment":[{"href":"https:\/\/akunq.net\/turkish\/wp-json\/wp\/v2\/media?parent=2176"}],"wp:term":[{"taxonomy":"category","embeddable":true,"href":"https:\/\/akunq.net\/turkish\/wp-json\/wp\/v2\/categories?post=2176"},{"taxonomy":"post_tag","embeddable":true,"href":"https:\/\/akunq.net\/turkish\/wp-json\/wp\/v2\/tags?post=2176"}],"curies":[{"name":"wp","href":"https:\/\/api.w.org\/{rel}","templated":true}]}}