{"id":2174,"date":"2010-10-01T06:59:27","date_gmt":"2010-10-01T11:59:27","guid":{"rendered":"http:\/\/akunq.net\/tr\/?p=2174"},"modified":"2010-10-01T06:59:27","modified_gmt":"2010-10-01T11:59:27","slug":"anide-namaz","status":"publish","type":"post","link":"https:\/\/akunq.net\/turkish\/2010\/10\/01\/anide-namaz\/","title":{"rendered":"Ani&#8217;de Namaz"},"content":{"rendered":"<p style=\"text-align: justify\">Bug\u00fcnk\u00fc gazetelerden Akhtamar Surp Kha\u00e7 kilisemizde yap\u0131lan 19 Eyl\u00fcldeki ayine kar\u015f\u0131 MHP ba\u015fkan\u0131 Bah\u00e7eli&#8217;nin etraf taraf\u0131, yerel idari merciler de d\u00e2hil \u00e7evredeki m\u00fcminleri ile yar\u0131n 1 Ekim Cuma g\u00fcn\u00fc Ani katedralinde Cuma namaz\u0131 k\u0131laca\u011f\u0131n\u0131 \u00f6\u011fendik.<\/p>\n<p style=\"text-align: justify\">(Demek, namazlar Allah\u2019\u0131n y\u00fcceli\u011fi \u00f6n\u00fcnde e\u011filerek yap\u0131lan bir dua olma yerine bazen halklara kin kusma olarak da kullan\u0131labiliniyor.)<\/p>\n<p style=\"text-align: justify\">\u0130mdi&#8230; Devlet Bah\u00e7eli&#8221;den daha ba\u015fka bir yakla\u015f\u0131m bekledi\u011fimiz san\u0131l\u0131yorsa bunu sanan yan\u0131l\u0131yor diyelim.<\/p>\n<p style=\"text-align: justify\">\u00d6nemli olan Bah\u00e7eli&#8217;nin bu &#8220;jesti&#8221; de\u011fil, Ermeni vatanda\u015flar\u0131na y\u0131llarca k\u00f6k s\u00f6kt\u00fcr\u00fcp ancak 2010 da, o da senede bir g\u00fcn i\u00e7in, Akhtamar Surp Kha\u00e7 kilisesinde g\u00f6stermelik showlarla ayin yapt\u0131ran devletin Ermenilerin en kutsal sayd\u0131\u011f\u0131 ve mimari eser olarak da \u015faheserler i\u00e7inde say\u0131lan Ani&#8217;deki katedralde Devlet Bah\u00e7eli&#8217;nin Cuma namaz\u0131 k\u0131lmas\u0131 iste\u011fini derhal kabul etmesi.<\/p>\n<p style=\"text-align: justify\">Demek ki devlet halklara kin ve nefretle bakanlara kar\u015f\u0131 gayetle esnek davranabiliyor, buna kar\u015f\u0131 Ermenilerin en kutsal mabetlerinden birinde bir ayin yap\u0131lmas\u0131 i\u00e7in Ermenilere k\u00f6k s\u00f6kt\u00fcr\u00fcp senede bir g\u00fcnl\u00fc\u011f\u00fcne izin verse de onu da d\u0131\u015fa a\u00e7\u0131k politik Show\u2019a \u00e7eviriyor..<\/p>\n<p style=\"text-align: justify\">Eh, ne diyelim, Show\u2019lardan medet uman ve herkesi de enayi yerine koymay\u0131 kendilerine i\u015f edinenlere hay\u0131rl\u0131 olsun.<\/p>\n<p style=\"text-align: justify\">Bir de bu ya\u011fmalan\u0131p harabe haline getirilen kiliselerde dua izinleri hangi kanunlara g\u00f6re verilip verilmiyor? E\u011fer i\u015fin i\u00e7ine Lausanne kat\u0131l\u0131rsa bunu katan yan\u0131l\u0131r&#8230;<\/p>\n<p style=\"text-align: justify\">NOT : \u00a8Yukarda zikredildi\u011fi gibi bu yaz\u0131 Ani katedralinde murad edilen namazdan bir g\u00fcn \u00f6nce yaz\u0131ld\u0131.<\/p>\n<p><strong><em>\u00a0<\/em><\/strong><\/p>\n<p style=\"text-align: justify\"><strong><em>Ohannik Agopcan<\/em><\/strong><\/p>\n<p style=\"text-align: justify\"><strong><em>ID:725<br \/>\nTarih:30.9.2010<\/em><\/strong><\/p>\n<p style=\"text-align: justify\"><strong><em>http:\/\/www.hyetert.com\/yazi3.asp?s=2&amp;Id=725&amp;DilId=1<\/em><\/strong><\/p>\n","protected":false},"excerpt":{"rendered":"<p>Bug\u00fcnk\u00fc gazetelerden Akhtamar Surp Kha\u00e7 kilisemizde yap\u0131lan 19 Eyl\u00fcldeki ayine kar\u015f\u0131 MHP ba\u015fkan\u0131 Bah\u00e7eli&#8217;nin etraf taraf\u0131, yerel idari merciler de d\u00e2hil \u00e7evredeki m\u00fcminleri ile yar\u0131n 1 Ekim Cuma g\u00fcn\u00fc Ani katedralinde Cuma namaz\u0131 k\u0131laca\u011f\u0131n\u0131 \u00f6\u011fendik. (Demek, namazlar Allah\u2019\u0131n y\u00fcceli\u011fi \u00f6n\u00fcnde e\u011filerek yap\u0131lan bir dua olma yerine bazen halklara kin kusma olarak da kullan\u0131labiliniyor.) \u0130mdi&#8230; Devlet [&hellip;]<\/p>\n","protected":false},"author":3,"featured_media":0,"comment_status":"closed","ping_status":"open","sticky":false,"template":"","format":"standard","meta":{"footnotes":""},"categories":[14],"tags":[],"class_list":["post-2174","post","type-post","status-publish","format-standard","hentry","category-haberler"],"yoast_head":"<!-- This site is optimized with the Yoast SEO plugin v27.4 - https:\/\/yoast.com\/product\/yoast-seo-wordpress\/ -->\n<title>Ani&#039;de Namaz - Bati Ermenistan Ve Bati Ermenileri Sorunlari Ara\u015ftirmalar Merkezi<\/title>\n<meta name=\"robots\" content=\"index, follow, max-snippet:-1, max-image-preview:large, max-video-preview:-1\" \/>\n<link rel=\"canonical\" href=\"https:\/\/akunq.net\/turkish\/2010\/10\/01\/anide-namaz\/\" \/>\n<meta property=\"og:locale\" content=\"en_US\" \/>\n<meta property=\"og:type\" content=\"article\" \/>\n<meta property=\"og:title\" content=\"Ani&#039;de Namaz - Bati Ermenistan Ve Bati Ermenileri Sorunlari Ara\u015ftirmalar Merkezi\" \/>\n<meta property=\"og:description\" content=\"Bug\u00fcnk\u00fc gazetelerden Akhtamar Surp Kha\u00e7 kilisemizde yap\u0131lan 19 Eyl\u00fcldeki ayine kar\u015f\u0131 MHP ba\u015fkan\u0131 Bah\u00e7eli&#8217;nin etraf taraf\u0131, yerel idari merciler de d\u00e2hil \u00e7evredeki m\u00fcminleri ile yar\u0131n 1 Ekim Cuma g\u00fcn\u00fc Ani katedralinde Cuma namaz\u0131 k\u0131laca\u011f\u0131n\u0131 \u00f6\u011fendik. (Demek, namazlar Allah\u2019\u0131n y\u00fcceli\u011fi \u00f6n\u00fcnde e\u011filerek yap\u0131lan bir dua olma yerine bazen halklara kin kusma olarak da kullan\u0131labiliniyor.) \u0130mdi&#8230; Devlet [&hellip;]\" \/>\n<meta property=\"og:url\" content=\"https:\/\/akunq.net\/turkish\/2010\/10\/01\/anide-namaz\/\" \/>\n<meta property=\"og:site_name\" content=\"Bati Ermenistan Ve Bati Ermenileri Sorunlari Ara\u015ftirmalar Merkezi\" \/>\n<meta property=\"article:published_time\" content=\"2010-10-01T11:59:27+00:00\" \/>\n<meta name=\"author\" content=\"kalem\" \/>\n<meta name=\"twitter:card\" content=\"summary_large_image\" \/>\n<meta name=\"twitter:label1\" content=\"Written by\" \/>\n\t<meta name=\"twitter:data1\" content=\"kalem\" \/>\n\t<meta name=\"twitter:label2\" content=\"Est. reading time\" \/>\n\t<meta name=\"twitter:data2\" content=\"1 minute\" \/>\n<script type=\"application\/ld+json\" class=\"yoast-schema-graph\">{\"@context\":\"https:\\\/\\\/schema.org\",\"@graph\":[{\"@type\":\"Article\",\"@id\":\"https:\\\/\\\/akunq.net\\\/turkish\\\/2010\\\/10\\\/01\\\/anide-namaz\\\/#article\",\"isPartOf\":{\"@id\":\"https:\\\/\\\/akunq.net\\\/turkish\\\/2010\\\/10\\\/01\\\/anide-namaz\\\/\"},\"author\":{\"name\":\"kalem\",\"@id\":\"https:\\\/\\\/akunq.net\\\/turkish\\\/#\\\/schema\\\/person\\\/135e7923d1aeb8887890799619969a6c\"},\"headline\":\"Ani&#8217;de Namaz\",\"datePublished\":\"2010-10-01T11:59:27+00:00\",\"mainEntityOfPage\":{\"@id\":\"https:\\\/\\\/akunq.net\\\/turkish\\\/2010\\\/10\\\/01\\\/anide-namaz\\\/\"},\"wordCount\":296,\"articleSection\":[\"Haberler\"],\"inLanguage\":\"en-US\"},{\"@type\":\"WebPage\",\"@id\":\"https:\\\/\\\/akunq.net\\\/turkish\\\/2010\\\/10\\\/01\\\/anide-namaz\\\/\",\"url\":\"https:\\\/\\\/akunq.net\\\/turkish\\\/2010\\\/10\\\/01\\\/anide-namaz\\\/\",\"name\":\"Ani'de Namaz - Bati Ermenistan Ve Bati Ermenileri Sorunlari Ara\u015ftirmalar Merkezi\",\"isPartOf\":{\"@id\":\"https:\\\/\\\/akunq.net\\\/turkish\\\/#website\"},\"datePublished\":\"2010-10-01T11:59:27+00:00\",\"author\":{\"@id\":\"https:\\\/\\\/akunq.net\\\/turkish\\\/#\\\/schema\\\/person\\\/135e7923d1aeb8887890799619969a6c\"},\"breadcrumb\":{\"@id\":\"https:\\\/\\\/akunq.net\\\/turkish\\\/2010\\\/10\\\/01\\\/anide-namaz\\\/#breadcrumb\"},\"inLanguage\":\"en-US\",\"potentialAction\":[{\"@type\":\"ReadAction\",\"target\":[\"https:\\\/\\\/akunq.net\\\/turkish\\\/2010\\\/10\\\/01\\\/anide-namaz\\\/\"]}]},{\"@type\":\"BreadcrumbList\",\"@id\":\"https:\\\/\\\/akunq.net\\\/turkish\\\/2010\\\/10\\\/01\\\/anide-namaz\\\/#breadcrumb\",\"itemListElement\":[{\"@type\":\"ListItem\",\"position\":1,\"name\":\"Home\",\"item\":\"https:\\\/\\\/akunq.net\\\/turkish\\\/\"},{\"@type\":\"ListItem\",\"position\":2,\"name\":\"Ani&#8217;de Namaz\"}]},{\"@type\":\"WebSite\",\"@id\":\"https:\\\/\\\/akunq.net\\\/turkish\\\/#website\",\"url\":\"https:\\\/\\\/akunq.net\\\/turkish\\\/\",\"name\":\"Bati Ermenistan Ve Bati Ermenileri Sorunlari Ara\u015ftirmalar Merkezi\",\"description\":\"\",\"potentialAction\":[{\"@type\":\"SearchAction\",\"target\":{\"@type\":\"EntryPoint\",\"urlTemplate\":\"https:\\\/\\\/akunq.net\\\/turkish\\\/?s={search_term_string}\"},\"query-input\":{\"@type\":\"PropertyValueSpecification\",\"valueRequired\":true,\"valueName\":\"search_term_string\"}}],\"inLanguage\":\"en-US\"},{\"@type\":\"Person\",\"@id\":\"https:\\\/\\\/akunq.net\\\/turkish\\\/#\\\/schema\\\/person\\\/135e7923d1aeb8887890799619969a6c\",\"name\":\"kalem\",\"image\":{\"@type\":\"ImageObject\",\"inLanguage\":\"en-US\",\"@id\":\"https:\\\/\\\/secure.gravatar.com\\\/avatar\\\/a06875e4b25feb5674296adf8e8a7ae1e587cebce2493fe63c456109967e27d3?s=96&d=mm&r=g\",\"url\":\"https:\\\/\\\/secure.gravatar.com\\\/avatar\\\/a06875e4b25feb5674296adf8e8a7ae1e587cebce2493fe63c456109967e27d3?s=96&d=mm&r=g\",\"contentUrl\":\"https:\\\/\\\/secure.gravatar.com\\\/avatar\\\/a06875e4b25feb5674296adf8e8a7ae1e587cebce2493fe63c456109967e27d3?s=96&d=mm&r=g\",\"caption\":\"kalem\"},\"url\":\"https:\\\/\\\/akunq.net\\\/turkish\\\/author\\\/kalem\\\/\"}]}<\/script>\n<!-- \/ Yoast SEO plugin. -->","yoast_head_json":{"title":"Ani'de Namaz - Bati Ermenistan Ve Bati Ermenileri Sorunlari Ara\u015ftirmalar Merkezi","robots":{"index":"index","follow":"follow","max-snippet":"max-snippet:-1","max-image-preview":"max-image-preview:large","max-video-preview":"max-video-preview:-1"},"canonical":"https:\/\/akunq.net\/turkish\/2010\/10\/01\/anide-namaz\/","og_locale":"en_US","og_type":"article","og_title":"Ani'de Namaz - Bati Ermenistan Ve Bati Ermenileri Sorunlari Ara\u015ftirmalar Merkezi","og_description":"Bug\u00fcnk\u00fc gazetelerden Akhtamar Surp Kha\u00e7 kilisemizde yap\u0131lan 19 Eyl\u00fcldeki ayine kar\u015f\u0131 MHP ba\u015fkan\u0131 Bah\u00e7eli&#8217;nin etraf taraf\u0131, yerel idari merciler de d\u00e2hil \u00e7evredeki m\u00fcminleri ile yar\u0131n 1 Ekim Cuma g\u00fcn\u00fc Ani katedralinde Cuma namaz\u0131 k\u0131laca\u011f\u0131n\u0131 \u00f6\u011fendik. (Demek, namazlar Allah\u2019\u0131n y\u00fcceli\u011fi \u00f6n\u00fcnde e\u011filerek yap\u0131lan bir dua olma yerine bazen halklara kin kusma olarak da kullan\u0131labiliniyor.) \u0130mdi&#8230; Devlet [&hellip;]","og_url":"https:\/\/akunq.net\/turkish\/2010\/10\/01\/anide-namaz\/","og_site_name":"Bati Ermenistan Ve Bati Ermenileri Sorunlari Ara\u015ftirmalar Merkezi","article_published_time":"2010-10-01T11:59:27+00:00","author":"kalem","twitter_card":"summary_large_image","twitter_misc":{"Written by":"kalem","Est. reading time":"1 minute"},"schema":{"@context":"https:\/\/schema.org","@graph":[{"@type":"Article","@id":"https:\/\/akunq.net\/turkish\/2010\/10\/01\/anide-namaz\/#article","isPartOf":{"@id":"https:\/\/akunq.net\/turkish\/2010\/10\/01\/anide-namaz\/"},"author":{"name":"kalem","@id":"https:\/\/akunq.net\/turkish\/#\/schema\/person\/135e7923d1aeb8887890799619969a6c"},"headline":"Ani&#8217;de Namaz","datePublished":"2010-10-01T11:59:27+00:00","mainEntityOfPage":{"@id":"https:\/\/akunq.net\/turkish\/2010\/10\/01\/anide-namaz\/"},"wordCount":296,"articleSection":["Haberler"],"inLanguage":"en-US"},{"@type":"WebPage","@id":"https:\/\/akunq.net\/turkish\/2010\/10\/01\/anide-namaz\/","url":"https:\/\/akunq.net\/turkish\/2010\/10\/01\/anide-namaz\/","name":"Ani'de Namaz - Bati Ermenistan Ve Bati Ermenileri Sorunlari Ara\u015ftirmalar Merkezi","isPartOf":{"@id":"https:\/\/akunq.net\/turkish\/#website"},"datePublished":"2010-10-01T11:59:27+00:00","author":{"@id":"https:\/\/akunq.net\/turkish\/#\/schema\/person\/135e7923d1aeb8887890799619969a6c"},"breadcrumb":{"@id":"https:\/\/akunq.net\/turkish\/2010\/10\/01\/anide-namaz\/#breadcrumb"},"inLanguage":"en-US","potentialAction":[{"@type":"ReadAction","target":["https:\/\/akunq.net\/turkish\/2010\/10\/01\/anide-namaz\/"]}]},{"@type":"BreadcrumbList","@id":"https:\/\/akunq.net\/turkish\/2010\/10\/01\/anide-namaz\/#breadcrumb","itemListElement":[{"@type":"ListItem","position":1,"name":"Home","item":"https:\/\/akunq.net\/turkish\/"},{"@type":"ListItem","position":2,"name":"Ani&#8217;de Namaz"}]},{"@type":"WebSite","@id":"https:\/\/akunq.net\/turkish\/#website","url":"https:\/\/akunq.net\/turkish\/","name":"Bati Ermenistan Ve Bati Ermenileri Sorunlari Ara\u015ftirmalar Merkezi","description":"","potentialAction":[{"@type":"SearchAction","target":{"@type":"EntryPoint","urlTemplate":"https:\/\/akunq.net\/turkish\/?s={search_term_string}"},"query-input":{"@type":"PropertyValueSpecification","valueRequired":true,"valueName":"search_term_string"}}],"inLanguage":"en-US"},{"@type":"Person","@id":"https:\/\/akunq.net\/turkish\/#\/schema\/person\/135e7923d1aeb8887890799619969a6c","name":"kalem","image":{"@type":"ImageObject","inLanguage":"en-US","@id":"https:\/\/secure.gravatar.com\/avatar\/a06875e4b25feb5674296adf8e8a7ae1e587cebce2493fe63c456109967e27d3?s=96&d=mm&r=g","url":"https:\/\/secure.gravatar.com\/avatar\/a06875e4b25feb5674296adf8e8a7ae1e587cebce2493fe63c456109967e27d3?s=96&d=mm&r=g","contentUrl":"https:\/\/secure.gravatar.com\/avatar\/a06875e4b25feb5674296adf8e8a7ae1e587cebce2493fe63c456109967e27d3?s=96&d=mm&r=g","caption":"kalem"},"url":"https:\/\/akunq.net\/turkish\/author\/kalem\/"}]}},"_links":{"self":[{"href":"https:\/\/akunq.net\/turkish\/wp-json\/wp\/v2\/posts\/2174","targetHints":{"allow":["GET"]}}],"collection":[{"href":"https:\/\/akunq.net\/turkish\/wp-json\/wp\/v2\/posts"}],"about":[{"href":"https:\/\/akunq.net\/turkish\/wp-json\/wp\/v2\/types\/post"}],"author":[{"embeddable":true,"href":"https:\/\/akunq.net\/turkish\/wp-json\/wp\/v2\/users\/3"}],"replies":[{"embeddable":true,"href":"https:\/\/akunq.net\/turkish\/wp-json\/wp\/v2\/comments?post=2174"}],"version-history":[{"count":0,"href":"https:\/\/akunq.net\/turkish\/wp-json\/wp\/v2\/posts\/2174\/revisions"}],"wp:attachment":[{"href":"https:\/\/akunq.net\/turkish\/wp-json\/wp\/v2\/media?parent=2174"}],"wp:term":[{"taxonomy":"category","embeddable":true,"href":"https:\/\/akunq.net\/turkish\/wp-json\/wp\/v2\/categories?post=2174"},{"taxonomy":"post_tag","embeddable":true,"href":"https:\/\/akunq.net\/turkish\/wp-json\/wp\/v2\/tags?post=2174"}],"curies":[{"name":"wp","href":"https:\/\/api.w.org\/{rel}","templated":true}]}}