{"id":2167,"date":"2010-10-01T02:37:45","date_gmt":"2010-10-01T07:37:45","guid":{"rendered":"http:\/\/akunq.net\/tr\/?p=2167"},"modified":"2010-10-01T02:37:45","modified_gmt":"2010-10-01T07:37:45","slug":"sayin-erdogana-sormak-isterdim","status":"publish","type":"post","link":"https:\/\/akunq.net\/turkish\/2010\/10\/01\/sayin-erdogana-sormak-isterdim\/","title":{"rendered":"Say\u0131n Erdo\u011fan&#8217;a sormak isterdim"},"content":{"rendered":"<h3 style=\"text-align: justify\"><strong><em>Say\u0131n Erdo\u011fan&#8217;a sormak isterdim,<\/em><\/strong><\/h3>\n<p style=\"text-align: justify\">1 &#8211; E\u011fer kesim, k\u0131y\u0131m, k\u0131r\u0131m olmasayd\u0131 bug\u00fcnk\u00fc Diaspora bu kadar kuvvetli meselenin \u00fcst\u00fcne \u00fcst\u00fcne gider mi idi? Ma\u011fdur olanlar onlar\u0131n aileleri de\u011fil miydi?<\/p>\n<p style=\"text-align: justify\">2 &#8211; Y\u00fcz bin ka\u00e7ak \u00e7al\u0131\u015fan Ermenistanl\u0131lar\u0131 tehditle yurt d\u0131\u015f\u0131 edebilece\u011fini defalarca s\u00f6yleyece\u011fine Say\u0131n Ba\u015fbakan biraz d\u00fc\u015f\u00fcnse asr\u0131n ba\u015f\u0131nda olan bitenler. Zaman\u0131nda Osmanl\u0131 topraklar\u0131nda zengin mal m\u00fclk sahibi t\u00fcccarlar\u0131n zorla s\u00fcr\u00fclen katledilen bir bu\u00e7uk milyon Ermenilerin kal\u0131nt\u0131lar\u0131n\u0131n dedelerinin yan\u0131nda hizmetk\u00e2rl\u0131k yapanlar\u0131n bug\u00fcn hizmet\u00e7ili\u011fini yapma\u011fa mecbur d\u00fc\u015ft\u00fcklerini, ecdatlar\u0131ndan kalan topra\u011fa, m\u00fclke ve zengin hayatlar\u0131n\u0131 devam etselerdi bu g\u00fcnk\u00fc hallere d\u00fc\u015ferler miydi? Sorar\u0131m mallar\u0131na m\u00fclklerine kimler sahip oldu?<br \/>\nKapmaca gibi ya\u011fma edenler kimlerdi?<\/p>\n<p style=\"text-align: justify\">3- Ba\u011f\u0131r\u0131p, \u00e7a\u011f\u0131r\u0131p, ona buna tehdit etmek, yak\u0131\u015f\u0131k almaz, kendisine s\u00f6ylenenlere k\u0131zan birisi hele ki bu \u015fah\u0131s bir Ba\u015fbakan ise, \u015fahs\u0131na yap\u0131lanlar\u0131 hakaret say\u0131p al\u0131n\u0131yorsa! Tehditle niye bu zavall\u0131 ki\u015fileri ma\u011fdur durumda b\u0131rak\u0131yor? Neden d\u0131\u015far\u0131da Diasporadan gelen \u00e7\u0131\u011fl\u0131klara bu kadar sinirleniyor? Siyaset\u00e7i serin kafal\u0131 olmal\u0131d\u0131r, \u00fc\u00e7 d\u00fc\u015f\u00fcn\u00fcp bir s\u00f6ylemelidir, d\u00fc\u015f\u00fcncesindeyim. Sak\u0131n al\u0131nmas\u0131n kimseye ders vermek haddim de\u011fildir. Amma bazen geriye de bakmak laz\u0131m. \u00c7iller\u2019in bakan\u0131n\u0131n ulu orta ERMENI DOLU demesini belki siz unutmu\u015f olabilirsiniz ama biz unutmad\u0131k, O ve onun gibi d\u00fc\u015f\u00fcnenler utans\u0131n, ayni gafa d\u00fc\u015fmemeniz dile\u011fi ile.\u00a0<\/p>\n<p style=\"text-align: justify\">Siz ki edebiyat\u0131 seven birisisiniz benden de ufak bir hat\u0131rlatma<\/p>\n<p style=\"text-align: justify\"><em>B\u00f6b\u00fcrlenme Padi\u015fah\u0131m, senden b\u00fcy\u00fck Allah var.\u00a0<br \/>\nYar\u0131n\u0131n ne olaca\u011f\u0131 hi\u00e7 belli olmaz ne sizlere, ne bizlere.\u00a0<\/em><\/p>\n<p style=\"text-align: justify\"><em><strong>H\u00fcrmetlerimle<\/strong> <\/em><br \/>\n<strong><em>Vahan Attarmigiryan (Fransa)<br \/>\nID:723<br \/>\nTarih:30.09.2010<\/em><\/strong><\/p>\n<p style=\"text-align: justify\"><strong><em>http:\/\/www.hyetert.com\/yazi3.asp?s=2&amp;Id=723&amp;DilId=1<\/em><\/strong><\/p>\n","protected":false},"excerpt":{"rendered":"<p>Say\u0131n Erdo\u011fan&#8217;a sormak isterdim, 1 &#8211; E\u011fer kesim, k\u0131y\u0131m, k\u0131r\u0131m olmasayd\u0131 bug\u00fcnk\u00fc Diaspora bu kadar kuvvetli meselenin \u00fcst\u00fcne \u00fcst\u00fcne gider mi idi? Ma\u011fdur olanlar onlar\u0131n aileleri de\u011fil miydi? 2 &#8211; Y\u00fcz bin ka\u00e7ak \u00e7al\u0131\u015fan Ermenistanl\u0131lar\u0131 tehditle yurt d\u0131\u015f\u0131 edebilece\u011fini defalarca s\u00f6yleyece\u011fine Say\u0131n Ba\u015fbakan biraz d\u00fc\u015f\u00fcnse asr\u0131n ba\u015f\u0131nda olan bitenler. Zaman\u0131nda Osmanl\u0131 topraklar\u0131nda zengin mal m\u00fclk [&hellip;]<\/p>\n","protected":false},"author":3,"featured_media":0,"comment_status":"closed","ping_status":"open","sticky":false,"template":"","format":"standard","meta":{"footnotes":""},"categories":[14],"tags":[],"class_list":["post-2167","post","type-post","status-publish","format-standard","hentry","category-haberler"],"yoast_head":"<!-- This site is optimized with the Yoast SEO plugin v27.4 - https:\/\/yoast.com\/product\/yoast-seo-wordpress\/ -->\n<title>Say\u0131n Erdo\u011fan&#039;a sormak isterdim - Bati Ermenistan Ve Bati Ermenileri Sorunlari Ara\u015ftirmalar Merkezi<\/title>\n<meta name=\"robots\" content=\"index, follow, max-snippet:-1, max-image-preview:large, max-video-preview:-1\" \/>\n<link rel=\"canonical\" href=\"https:\/\/akunq.net\/turkish\/2010\/10\/01\/sayin-erdogana-sormak-isterdim\/\" \/>\n<meta property=\"og:locale\" content=\"en_US\" \/>\n<meta property=\"og:type\" content=\"article\" \/>\n<meta property=\"og:title\" content=\"Say\u0131n Erdo\u011fan&#039;a sormak isterdim - Bati Ermenistan Ve Bati Ermenileri Sorunlari Ara\u015ftirmalar Merkezi\" \/>\n<meta property=\"og:description\" content=\"Say\u0131n Erdo\u011fan&#8217;a sormak isterdim, 1 &#8211; E\u011fer kesim, k\u0131y\u0131m, k\u0131r\u0131m olmasayd\u0131 bug\u00fcnk\u00fc Diaspora bu kadar kuvvetli meselenin \u00fcst\u00fcne \u00fcst\u00fcne gider mi idi? Ma\u011fdur olanlar onlar\u0131n aileleri de\u011fil miydi? 2 &#8211; Y\u00fcz bin ka\u00e7ak \u00e7al\u0131\u015fan Ermenistanl\u0131lar\u0131 tehditle yurt d\u0131\u015f\u0131 edebilece\u011fini defalarca s\u00f6yleyece\u011fine Say\u0131n Ba\u015fbakan biraz d\u00fc\u015f\u00fcnse asr\u0131n ba\u015f\u0131nda olan bitenler. Zaman\u0131nda Osmanl\u0131 topraklar\u0131nda zengin mal m\u00fclk [&hellip;]\" \/>\n<meta property=\"og:url\" content=\"https:\/\/akunq.net\/turkish\/2010\/10\/01\/sayin-erdogana-sormak-isterdim\/\" \/>\n<meta property=\"og:site_name\" content=\"Bati Ermenistan Ve Bati Ermenileri Sorunlari Ara\u015ftirmalar Merkezi\" \/>\n<meta property=\"article:published_time\" content=\"2010-10-01T07:37:45+00:00\" \/>\n<meta name=\"author\" content=\"kalem\" \/>\n<meta name=\"twitter:card\" content=\"summary_large_image\" \/>\n<meta name=\"twitter:label1\" content=\"Written by\" \/>\n\t<meta name=\"twitter:data1\" content=\"kalem\" \/>\n\t<meta name=\"twitter:label2\" content=\"Est. reading time\" \/>\n\t<meta name=\"twitter:data2\" content=\"2 minutes\" \/>\n<script type=\"application\/ld+json\" class=\"yoast-schema-graph\">{\"@context\":\"https:\\\/\\\/schema.org\",\"@graph\":[{\"@type\":\"Article\",\"@id\":\"https:\\\/\\\/akunq.net\\\/turkish\\\/2010\\\/10\\\/01\\\/sayin-erdogana-sormak-isterdim\\\/#article\",\"isPartOf\":{\"@id\":\"https:\\\/\\\/akunq.net\\\/turkish\\\/2010\\\/10\\\/01\\\/sayin-erdogana-sormak-isterdim\\\/\"},\"author\":{\"name\":\"kalem\",\"@id\":\"https:\\\/\\\/akunq.net\\\/turkish\\\/#\\\/schema\\\/person\\\/135e7923d1aeb8887890799619969a6c\"},\"headline\":\"Say\u0131n Erdo\u011fan&#8217;a sormak isterdim\",\"datePublished\":\"2010-10-01T07:37:45+00:00\",\"mainEntityOfPage\":{\"@id\":\"https:\\\/\\\/akunq.net\\\/turkish\\\/2010\\\/10\\\/01\\\/sayin-erdogana-sormak-isterdim\\\/\"},\"wordCount\":341,\"articleSection\":[\"Haberler\"],\"inLanguage\":\"en-US\"},{\"@type\":\"WebPage\",\"@id\":\"https:\\\/\\\/akunq.net\\\/turkish\\\/2010\\\/10\\\/01\\\/sayin-erdogana-sormak-isterdim\\\/\",\"url\":\"https:\\\/\\\/akunq.net\\\/turkish\\\/2010\\\/10\\\/01\\\/sayin-erdogana-sormak-isterdim\\\/\",\"name\":\"Say\u0131n Erdo\u011fan'a sormak isterdim - Bati Ermenistan Ve Bati Ermenileri Sorunlari Ara\u015ftirmalar Merkezi\",\"isPartOf\":{\"@id\":\"https:\\\/\\\/akunq.net\\\/turkish\\\/#website\"},\"datePublished\":\"2010-10-01T07:37:45+00:00\",\"author\":{\"@id\":\"https:\\\/\\\/akunq.net\\\/turkish\\\/#\\\/schema\\\/person\\\/135e7923d1aeb8887890799619969a6c\"},\"breadcrumb\":{\"@id\":\"https:\\\/\\\/akunq.net\\\/turkish\\\/2010\\\/10\\\/01\\\/sayin-erdogana-sormak-isterdim\\\/#breadcrumb\"},\"inLanguage\":\"en-US\",\"potentialAction\":[{\"@type\":\"ReadAction\",\"target\":[\"https:\\\/\\\/akunq.net\\\/turkish\\\/2010\\\/10\\\/01\\\/sayin-erdogana-sormak-isterdim\\\/\"]}]},{\"@type\":\"BreadcrumbList\",\"@id\":\"https:\\\/\\\/akunq.net\\\/turkish\\\/2010\\\/10\\\/01\\\/sayin-erdogana-sormak-isterdim\\\/#breadcrumb\",\"itemListElement\":[{\"@type\":\"ListItem\",\"position\":1,\"name\":\"Home\",\"item\":\"https:\\\/\\\/akunq.net\\\/turkish\\\/\"},{\"@type\":\"ListItem\",\"position\":2,\"name\":\"Say\u0131n Erdo\u011fan&#8217;a sormak isterdim\"}]},{\"@type\":\"WebSite\",\"@id\":\"https:\\\/\\\/akunq.net\\\/turkish\\\/#website\",\"url\":\"https:\\\/\\\/akunq.net\\\/turkish\\\/\",\"name\":\"Bati Ermenistan Ve Bati Ermenileri Sorunlari Ara\u015ftirmalar Merkezi\",\"description\":\"\",\"potentialAction\":[{\"@type\":\"SearchAction\",\"target\":{\"@type\":\"EntryPoint\",\"urlTemplate\":\"https:\\\/\\\/akunq.net\\\/turkish\\\/?s={search_term_string}\"},\"query-input\":{\"@type\":\"PropertyValueSpecification\",\"valueRequired\":true,\"valueName\":\"search_term_string\"}}],\"inLanguage\":\"en-US\"},{\"@type\":\"Person\",\"@id\":\"https:\\\/\\\/akunq.net\\\/turkish\\\/#\\\/schema\\\/person\\\/135e7923d1aeb8887890799619969a6c\",\"name\":\"kalem\",\"image\":{\"@type\":\"ImageObject\",\"inLanguage\":\"en-US\",\"@id\":\"https:\\\/\\\/secure.gravatar.com\\\/avatar\\\/a06875e4b25feb5674296adf8e8a7ae1e587cebce2493fe63c456109967e27d3?s=96&d=mm&r=g\",\"url\":\"https:\\\/\\\/secure.gravatar.com\\\/avatar\\\/a06875e4b25feb5674296adf8e8a7ae1e587cebce2493fe63c456109967e27d3?s=96&d=mm&r=g\",\"contentUrl\":\"https:\\\/\\\/secure.gravatar.com\\\/avatar\\\/a06875e4b25feb5674296adf8e8a7ae1e587cebce2493fe63c456109967e27d3?s=96&d=mm&r=g\",\"caption\":\"kalem\"},\"url\":\"https:\\\/\\\/akunq.net\\\/turkish\\\/author\\\/kalem\\\/\"}]}<\/script>\n<!-- \/ Yoast SEO plugin. -->","yoast_head_json":{"title":"Say\u0131n Erdo\u011fan'a sormak isterdim - Bati Ermenistan Ve Bati Ermenileri Sorunlari Ara\u015ftirmalar Merkezi","robots":{"index":"index","follow":"follow","max-snippet":"max-snippet:-1","max-image-preview":"max-image-preview:large","max-video-preview":"max-video-preview:-1"},"canonical":"https:\/\/akunq.net\/turkish\/2010\/10\/01\/sayin-erdogana-sormak-isterdim\/","og_locale":"en_US","og_type":"article","og_title":"Say\u0131n Erdo\u011fan'a sormak isterdim - Bati Ermenistan Ve Bati Ermenileri Sorunlari Ara\u015ftirmalar Merkezi","og_description":"Say\u0131n Erdo\u011fan&#8217;a sormak isterdim, 1 &#8211; E\u011fer kesim, k\u0131y\u0131m, k\u0131r\u0131m olmasayd\u0131 bug\u00fcnk\u00fc Diaspora bu kadar kuvvetli meselenin \u00fcst\u00fcne \u00fcst\u00fcne gider mi idi? Ma\u011fdur olanlar onlar\u0131n aileleri de\u011fil miydi? 2 &#8211; Y\u00fcz bin ka\u00e7ak \u00e7al\u0131\u015fan Ermenistanl\u0131lar\u0131 tehditle yurt d\u0131\u015f\u0131 edebilece\u011fini defalarca s\u00f6yleyece\u011fine Say\u0131n Ba\u015fbakan biraz d\u00fc\u015f\u00fcnse asr\u0131n ba\u015f\u0131nda olan bitenler. Zaman\u0131nda Osmanl\u0131 topraklar\u0131nda zengin mal m\u00fclk [&hellip;]","og_url":"https:\/\/akunq.net\/turkish\/2010\/10\/01\/sayin-erdogana-sormak-isterdim\/","og_site_name":"Bati Ermenistan Ve Bati Ermenileri Sorunlari Ara\u015ftirmalar Merkezi","article_published_time":"2010-10-01T07:37:45+00:00","author":"kalem","twitter_card":"summary_large_image","twitter_misc":{"Written by":"kalem","Est. reading time":"2 minutes"},"schema":{"@context":"https:\/\/schema.org","@graph":[{"@type":"Article","@id":"https:\/\/akunq.net\/turkish\/2010\/10\/01\/sayin-erdogana-sormak-isterdim\/#article","isPartOf":{"@id":"https:\/\/akunq.net\/turkish\/2010\/10\/01\/sayin-erdogana-sormak-isterdim\/"},"author":{"name":"kalem","@id":"https:\/\/akunq.net\/turkish\/#\/schema\/person\/135e7923d1aeb8887890799619969a6c"},"headline":"Say\u0131n Erdo\u011fan&#8217;a sormak isterdim","datePublished":"2010-10-01T07:37:45+00:00","mainEntityOfPage":{"@id":"https:\/\/akunq.net\/turkish\/2010\/10\/01\/sayin-erdogana-sormak-isterdim\/"},"wordCount":341,"articleSection":["Haberler"],"inLanguage":"en-US"},{"@type":"WebPage","@id":"https:\/\/akunq.net\/turkish\/2010\/10\/01\/sayin-erdogana-sormak-isterdim\/","url":"https:\/\/akunq.net\/turkish\/2010\/10\/01\/sayin-erdogana-sormak-isterdim\/","name":"Say\u0131n Erdo\u011fan'a sormak isterdim - Bati Ermenistan Ve Bati Ermenileri Sorunlari Ara\u015ftirmalar Merkezi","isPartOf":{"@id":"https:\/\/akunq.net\/turkish\/#website"},"datePublished":"2010-10-01T07:37:45+00:00","author":{"@id":"https:\/\/akunq.net\/turkish\/#\/schema\/person\/135e7923d1aeb8887890799619969a6c"},"breadcrumb":{"@id":"https:\/\/akunq.net\/turkish\/2010\/10\/01\/sayin-erdogana-sormak-isterdim\/#breadcrumb"},"inLanguage":"en-US","potentialAction":[{"@type":"ReadAction","target":["https:\/\/akunq.net\/turkish\/2010\/10\/01\/sayin-erdogana-sormak-isterdim\/"]}]},{"@type":"BreadcrumbList","@id":"https:\/\/akunq.net\/turkish\/2010\/10\/01\/sayin-erdogana-sormak-isterdim\/#breadcrumb","itemListElement":[{"@type":"ListItem","position":1,"name":"Home","item":"https:\/\/akunq.net\/turkish\/"},{"@type":"ListItem","position":2,"name":"Say\u0131n Erdo\u011fan&#8217;a sormak isterdim"}]},{"@type":"WebSite","@id":"https:\/\/akunq.net\/turkish\/#website","url":"https:\/\/akunq.net\/turkish\/","name":"Bati Ermenistan Ve Bati Ermenileri Sorunlari Ara\u015ftirmalar Merkezi","description":"","potentialAction":[{"@type":"SearchAction","target":{"@type":"EntryPoint","urlTemplate":"https:\/\/akunq.net\/turkish\/?s={search_term_string}"},"query-input":{"@type":"PropertyValueSpecification","valueRequired":true,"valueName":"search_term_string"}}],"inLanguage":"en-US"},{"@type":"Person","@id":"https:\/\/akunq.net\/turkish\/#\/schema\/person\/135e7923d1aeb8887890799619969a6c","name":"kalem","image":{"@type":"ImageObject","inLanguage":"en-US","@id":"https:\/\/secure.gravatar.com\/avatar\/a06875e4b25feb5674296adf8e8a7ae1e587cebce2493fe63c456109967e27d3?s=96&d=mm&r=g","url":"https:\/\/secure.gravatar.com\/avatar\/a06875e4b25feb5674296adf8e8a7ae1e587cebce2493fe63c456109967e27d3?s=96&d=mm&r=g","contentUrl":"https:\/\/secure.gravatar.com\/avatar\/a06875e4b25feb5674296adf8e8a7ae1e587cebce2493fe63c456109967e27d3?s=96&d=mm&r=g","caption":"kalem"},"url":"https:\/\/akunq.net\/turkish\/author\/kalem\/"}]}},"_links":{"self":[{"href":"https:\/\/akunq.net\/turkish\/wp-json\/wp\/v2\/posts\/2167","targetHints":{"allow":["GET"]}}],"collection":[{"href":"https:\/\/akunq.net\/turkish\/wp-json\/wp\/v2\/posts"}],"about":[{"href":"https:\/\/akunq.net\/turkish\/wp-json\/wp\/v2\/types\/post"}],"author":[{"embeddable":true,"href":"https:\/\/akunq.net\/turkish\/wp-json\/wp\/v2\/users\/3"}],"replies":[{"embeddable":true,"href":"https:\/\/akunq.net\/turkish\/wp-json\/wp\/v2\/comments?post=2167"}],"version-history":[{"count":0,"href":"https:\/\/akunq.net\/turkish\/wp-json\/wp\/v2\/posts\/2167\/revisions"}],"wp:attachment":[{"href":"https:\/\/akunq.net\/turkish\/wp-json\/wp\/v2\/media?parent=2167"}],"wp:term":[{"taxonomy":"category","embeddable":true,"href":"https:\/\/akunq.net\/turkish\/wp-json\/wp\/v2\/categories?post=2167"},{"taxonomy":"post_tag","embeddable":true,"href":"https:\/\/akunq.net\/turkish\/wp-json\/wp\/v2\/tags?post=2167"}],"curies":[{"name":"wp","href":"https:\/\/api.w.org\/{rel}","templated":true}]}}