{"id":2164,"date":"2010-09-30T05:13:19","date_gmt":"2010-09-30T10:13:19","guid":{"rendered":"http:\/\/akunq.net\/tr\/?p=2164"},"modified":"2010-09-30T05:13:19","modified_gmt":"2010-09-30T10:13:19","slug":"mhplilere-ani-harabelerinde-namaz-izni","status":"publish","type":"post","link":"https:\/\/akunq.net\/turkish\/2010\/09\/30\/mhplilere-ani-harabelerinde-namaz-izni\/","title":{"rendered":"MHP&#8217;lilere Ani Harabeleri&#8217;nde namaz izni"},"content":{"rendered":"<p style=\"text-align: justify\"><strong><em>\u00a0<\/em><\/strong>K\u00fclt\u00fcr ve Turizm Bakanl\u0131\u011f\u0131, MHP&#8217;lilerin Kars&#8217;ta bulunan Ani Harabeleri&#8217;ndeki <a href=\"http:\/\/www.milliyet.com.tr\/index\/Fethiye\" target=\"_blank\">Fethiye<\/a> Camii&#8217;nde <a href=\"http:\/\/www.milliyet.com.tr\/index\/cuma%20namazi\" target=\"_blank\">cuma namaz\u0131<\/a> k\u0131lmas\u0131na izin verdi. As\u0131rlar \u00f6nce camiye \u00e7evrilen kilisede y\u0131llar sonra k\u0131l\u0131nacak cuma namaz\u0131na MHP lideri <a href=\"http:\/\/www.milliyet.com.tr\/index\/Devlet%20Bahceli\" target=\"_blank\">Devlet Bah\u00e7eli<\/a>&#8216;nin de kat\u0131lmas\u0131 bekleniyor.<\/p>\n<p>Ani Harabeleri, Anadolu&#8217;nun fethinin ba\u015flang\u0131\u00e7 noktalar\u0131ndan biri. 1064 y\u0131l\u0131nda Alparslan taraf\u0131ndan fethedildi.<\/p>\n<p>B\u00fcy\u00fck katedraldeki ha\u00e7 indirilip, camiye \u00e7evrilen kilisede ilk cuma namaz\u0131 k\u0131l\u0131nd\u0131.<\/p>\n<p>Tarihi Fethiye Camii, \u015fu anda \u00f6ren yeri i\u00e7inde bulunuyor ve ibadete kapal\u0131.<\/p>\n<p>MHP lideri Devlet Bah\u00e7eli ise, 2011 se\u00e7im \u00e7al\u0131\u015fmalar\u0131na Ani&#8217;deki Fethiye Camii&#8217;nde k\u0131laca\u011f\u0131 cuma namaz\u0131yla ba\u015flamak istiyordu.<\/p>\n<p>MHP y\u0131llar sonra Fethiye Camii&#8217;nde namaz k\u0131lmak i\u00e7in K\u00fclt\u00fcr ve Turizm \u0130l M\u00fcd\u00fcrl\u00fc\u011f\u00fc&#8217;ne ba\u015fvurdu.<\/p>\n<p>Ba\u015fvuru \u00fczerine K\u00fclt\u00fcr ve Turizm Bakanl\u0131\u011f\u0131 namaz k\u0131l\u0131nmas\u0131na izin verdi.<\/p>\n<p style=\"text-align: justify\">\u00a0<strong><em>30 Eyl\u00fcl 2010<\/em><\/strong><\/p>\n<p style=\"text-align: justify\"><strong><em>http:\/\/www.milliyet.com.tr\/mhp-lilere-ani-harabeleri-nde-namaz-izni\/siyaset\/sondakikaarsiv\/30.09.2010\/1295593\/default.htm<\/em><\/strong><\/p>\n","protected":false},"excerpt":{"rendered":"<p>\u00a0K\u00fclt\u00fcr ve Turizm Bakanl\u0131\u011f\u0131, MHP&#8217;lilerin Kars&#8217;ta bulunan Ani Harabeleri&#8217;ndeki Fethiye Camii&#8217;nde cuma namaz\u0131 k\u0131lmas\u0131na izin verdi. As\u0131rlar \u00f6nce camiye \u00e7evrilen kilisede y\u0131llar sonra k\u0131l\u0131nacak cuma namaz\u0131na MHP lideri Devlet Bah\u00e7eli&#8216;nin de kat\u0131lmas\u0131 bekleniyor. Ani Harabeleri, Anadolu&#8217;nun fethinin ba\u015flang\u0131\u00e7 noktalar\u0131ndan biri. 1064 y\u0131l\u0131nda Alparslan taraf\u0131ndan fethedildi. B\u00fcy\u00fck katedraldeki ha\u00e7 indirilip, camiye \u00e7evrilen kilisede ilk cuma namaz\u0131 [&hellip;]<\/p>\n","protected":false},"author":3,"featured_media":0,"comment_status":"closed","ping_status":"open","sticky":false,"template":"","format":"standard","meta":{"footnotes":""},"categories":[14],"tags":[],"class_list":["post-2164","post","type-post","status-publish","format-standard","hentry","category-haberler"],"yoast_head":"<!-- This site is optimized with the Yoast SEO plugin v27.4 - https:\/\/yoast.com\/product\/yoast-seo-wordpress\/ -->\n<title>MHP&#039;lilere Ani Harabeleri&#039;nde namaz izni - Bati Ermenistan Ve Bati Ermenileri Sorunlari Ara\u015ftirmalar Merkezi<\/title>\n<meta name=\"robots\" content=\"index, follow, max-snippet:-1, max-image-preview:large, max-video-preview:-1\" \/>\n<link rel=\"canonical\" href=\"https:\/\/akunq.net\/turkish\/2010\/09\/30\/mhplilere-ani-harabelerinde-namaz-izni\/\" \/>\n<meta property=\"og:locale\" content=\"en_US\" \/>\n<meta property=\"og:type\" content=\"article\" \/>\n<meta property=\"og:title\" content=\"MHP&#039;lilere Ani Harabeleri&#039;nde namaz izni - Bati Ermenistan Ve Bati Ermenileri Sorunlari Ara\u015ftirmalar Merkezi\" \/>\n<meta property=\"og:description\" content=\"\u00a0K\u00fclt\u00fcr ve Turizm Bakanl\u0131\u011f\u0131, MHP&#8217;lilerin Kars&#8217;ta bulunan Ani Harabeleri&#8217;ndeki Fethiye Camii&#8217;nde cuma namaz\u0131 k\u0131lmas\u0131na izin verdi. As\u0131rlar \u00f6nce camiye \u00e7evrilen kilisede y\u0131llar sonra k\u0131l\u0131nacak cuma namaz\u0131na MHP lideri Devlet Bah\u00e7eli&#8216;nin de kat\u0131lmas\u0131 bekleniyor. Ani Harabeleri, Anadolu&#8217;nun fethinin ba\u015flang\u0131\u00e7 noktalar\u0131ndan biri. 1064 y\u0131l\u0131nda Alparslan taraf\u0131ndan fethedildi. B\u00fcy\u00fck katedraldeki ha\u00e7 indirilip, camiye \u00e7evrilen kilisede ilk cuma namaz\u0131 [&hellip;]\" \/>\n<meta property=\"og:url\" content=\"https:\/\/akunq.net\/turkish\/2010\/09\/30\/mhplilere-ani-harabelerinde-namaz-izni\/\" \/>\n<meta property=\"og:site_name\" content=\"Bati Ermenistan Ve Bati Ermenileri Sorunlari Ara\u015ftirmalar Merkezi\" \/>\n<meta property=\"article:published_time\" content=\"2010-09-30T10:13:19+00:00\" \/>\n<meta name=\"author\" content=\"kalem\" \/>\n<meta name=\"twitter:card\" content=\"summary_large_image\" \/>\n<meta name=\"twitter:label1\" content=\"Written by\" \/>\n\t<meta name=\"twitter:data1\" content=\"kalem\" \/>\n\t<meta name=\"twitter:label2\" content=\"Est. reading time\" \/>\n\t<meta name=\"twitter:data2\" content=\"1 minute\" \/>\n<script type=\"application\/ld+json\" class=\"yoast-schema-graph\">{\"@context\":\"https:\\\/\\\/schema.org\",\"@graph\":[{\"@type\":\"Article\",\"@id\":\"https:\\\/\\\/akunq.net\\\/turkish\\\/2010\\\/09\\\/30\\\/mhplilere-ani-harabelerinde-namaz-izni\\\/#article\",\"isPartOf\":{\"@id\":\"https:\\\/\\\/akunq.net\\\/turkish\\\/2010\\\/09\\\/30\\\/mhplilere-ani-harabelerinde-namaz-izni\\\/\"},\"author\":{\"name\":\"kalem\",\"@id\":\"https:\\\/\\\/akunq.net\\\/turkish\\\/#\\\/schema\\\/person\\\/135e7923d1aeb8887890799619969a6c\"},\"headline\":\"MHP&#8217;lilere Ani Harabeleri&#8217;nde namaz izni\",\"datePublished\":\"2010-09-30T10:13:19+00:00\",\"mainEntityOfPage\":{\"@id\":\"https:\\\/\\\/akunq.net\\\/turkish\\\/2010\\\/09\\\/30\\\/mhplilere-ani-harabelerinde-namaz-izni\\\/\"},\"wordCount\":166,\"articleSection\":[\"Haberler\"],\"inLanguage\":\"en-US\"},{\"@type\":\"WebPage\",\"@id\":\"https:\\\/\\\/akunq.net\\\/turkish\\\/2010\\\/09\\\/30\\\/mhplilere-ani-harabelerinde-namaz-izni\\\/\",\"url\":\"https:\\\/\\\/akunq.net\\\/turkish\\\/2010\\\/09\\\/30\\\/mhplilere-ani-harabelerinde-namaz-izni\\\/\",\"name\":\"MHP'lilere Ani Harabeleri'nde namaz izni - Bati Ermenistan Ve Bati Ermenileri Sorunlari Ara\u015ftirmalar Merkezi\",\"isPartOf\":{\"@id\":\"https:\\\/\\\/akunq.net\\\/turkish\\\/#website\"},\"datePublished\":\"2010-09-30T10:13:19+00:00\",\"author\":{\"@id\":\"https:\\\/\\\/akunq.net\\\/turkish\\\/#\\\/schema\\\/person\\\/135e7923d1aeb8887890799619969a6c\"},\"breadcrumb\":{\"@id\":\"https:\\\/\\\/akunq.net\\\/turkish\\\/2010\\\/09\\\/30\\\/mhplilere-ani-harabelerinde-namaz-izni\\\/#breadcrumb\"},\"inLanguage\":\"en-US\",\"potentialAction\":[{\"@type\":\"ReadAction\",\"target\":[\"https:\\\/\\\/akunq.net\\\/turkish\\\/2010\\\/09\\\/30\\\/mhplilere-ani-harabelerinde-namaz-izni\\\/\"]}]},{\"@type\":\"BreadcrumbList\",\"@id\":\"https:\\\/\\\/akunq.net\\\/turkish\\\/2010\\\/09\\\/30\\\/mhplilere-ani-harabelerinde-namaz-izni\\\/#breadcrumb\",\"itemListElement\":[{\"@type\":\"ListItem\",\"position\":1,\"name\":\"Home\",\"item\":\"https:\\\/\\\/akunq.net\\\/turkish\\\/\"},{\"@type\":\"ListItem\",\"position\":2,\"name\":\"MHP&#8217;lilere Ani Harabeleri&#8217;nde namaz izni\"}]},{\"@type\":\"WebSite\",\"@id\":\"https:\\\/\\\/akunq.net\\\/turkish\\\/#website\",\"url\":\"https:\\\/\\\/akunq.net\\\/turkish\\\/\",\"name\":\"Bati Ermenistan Ve Bati Ermenileri Sorunlari Ara\u015ftirmalar Merkezi\",\"description\":\"\",\"potentialAction\":[{\"@type\":\"SearchAction\",\"target\":{\"@type\":\"EntryPoint\",\"urlTemplate\":\"https:\\\/\\\/akunq.net\\\/turkish\\\/?s={search_term_string}\"},\"query-input\":{\"@type\":\"PropertyValueSpecification\",\"valueRequired\":true,\"valueName\":\"search_term_string\"}}],\"inLanguage\":\"en-US\"},{\"@type\":\"Person\",\"@id\":\"https:\\\/\\\/akunq.net\\\/turkish\\\/#\\\/schema\\\/person\\\/135e7923d1aeb8887890799619969a6c\",\"name\":\"kalem\",\"image\":{\"@type\":\"ImageObject\",\"inLanguage\":\"en-US\",\"@id\":\"https:\\\/\\\/secure.gravatar.com\\\/avatar\\\/a06875e4b25feb5674296adf8e8a7ae1e587cebce2493fe63c456109967e27d3?s=96&d=mm&r=g\",\"url\":\"https:\\\/\\\/secure.gravatar.com\\\/avatar\\\/a06875e4b25feb5674296adf8e8a7ae1e587cebce2493fe63c456109967e27d3?s=96&d=mm&r=g\",\"contentUrl\":\"https:\\\/\\\/secure.gravatar.com\\\/avatar\\\/a06875e4b25feb5674296adf8e8a7ae1e587cebce2493fe63c456109967e27d3?s=96&d=mm&r=g\",\"caption\":\"kalem\"},\"url\":\"https:\\\/\\\/akunq.net\\\/turkish\\\/author\\\/kalem\\\/\"}]}<\/script>\n<!-- \/ Yoast SEO plugin. -->","yoast_head_json":{"title":"MHP'lilere Ani Harabeleri'nde namaz izni - Bati Ermenistan Ve Bati Ermenileri Sorunlari Ara\u015ftirmalar Merkezi","robots":{"index":"index","follow":"follow","max-snippet":"max-snippet:-1","max-image-preview":"max-image-preview:large","max-video-preview":"max-video-preview:-1"},"canonical":"https:\/\/akunq.net\/turkish\/2010\/09\/30\/mhplilere-ani-harabelerinde-namaz-izni\/","og_locale":"en_US","og_type":"article","og_title":"MHP'lilere Ani Harabeleri'nde namaz izni - Bati Ermenistan Ve Bati Ermenileri Sorunlari Ara\u015ftirmalar Merkezi","og_description":"\u00a0K\u00fclt\u00fcr ve Turizm Bakanl\u0131\u011f\u0131, MHP&#8217;lilerin Kars&#8217;ta bulunan Ani Harabeleri&#8217;ndeki Fethiye Camii&#8217;nde cuma namaz\u0131 k\u0131lmas\u0131na izin verdi. As\u0131rlar \u00f6nce camiye \u00e7evrilen kilisede y\u0131llar sonra k\u0131l\u0131nacak cuma namaz\u0131na MHP lideri Devlet Bah\u00e7eli&#8216;nin de kat\u0131lmas\u0131 bekleniyor. Ani Harabeleri, Anadolu&#8217;nun fethinin ba\u015flang\u0131\u00e7 noktalar\u0131ndan biri. 1064 y\u0131l\u0131nda Alparslan taraf\u0131ndan fethedildi. B\u00fcy\u00fck katedraldeki ha\u00e7 indirilip, camiye \u00e7evrilen kilisede ilk cuma namaz\u0131 [&hellip;]","og_url":"https:\/\/akunq.net\/turkish\/2010\/09\/30\/mhplilere-ani-harabelerinde-namaz-izni\/","og_site_name":"Bati Ermenistan Ve Bati Ermenileri Sorunlari Ara\u015ftirmalar Merkezi","article_published_time":"2010-09-30T10:13:19+00:00","author":"kalem","twitter_card":"summary_large_image","twitter_misc":{"Written by":"kalem","Est. reading time":"1 minute"},"schema":{"@context":"https:\/\/schema.org","@graph":[{"@type":"Article","@id":"https:\/\/akunq.net\/turkish\/2010\/09\/30\/mhplilere-ani-harabelerinde-namaz-izni\/#article","isPartOf":{"@id":"https:\/\/akunq.net\/turkish\/2010\/09\/30\/mhplilere-ani-harabelerinde-namaz-izni\/"},"author":{"name":"kalem","@id":"https:\/\/akunq.net\/turkish\/#\/schema\/person\/135e7923d1aeb8887890799619969a6c"},"headline":"MHP&#8217;lilere Ani Harabeleri&#8217;nde namaz izni","datePublished":"2010-09-30T10:13:19+00:00","mainEntityOfPage":{"@id":"https:\/\/akunq.net\/turkish\/2010\/09\/30\/mhplilere-ani-harabelerinde-namaz-izni\/"},"wordCount":166,"articleSection":["Haberler"],"inLanguage":"en-US"},{"@type":"WebPage","@id":"https:\/\/akunq.net\/turkish\/2010\/09\/30\/mhplilere-ani-harabelerinde-namaz-izni\/","url":"https:\/\/akunq.net\/turkish\/2010\/09\/30\/mhplilere-ani-harabelerinde-namaz-izni\/","name":"MHP'lilere Ani Harabeleri'nde namaz izni - Bati Ermenistan Ve Bati Ermenileri Sorunlari Ara\u015ftirmalar Merkezi","isPartOf":{"@id":"https:\/\/akunq.net\/turkish\/#website"},"datePublished":"2010-09-30T10:13:19+00:00","author":{"@id":"https:\/\/akunq.net\/turkish\/#\/schema\/person\/135e7923d1aeb8887890799619969a6c"},"breadcrumb":{"@id":"https:\/\/akunq.net\/turkish\/2010\/09\/30\/mhplilere-ani-harabelerinde-namaz-izni\/#breadcrumb"},"inLanguage":"en-US","potentialAction":[{"@type":"ReadAction","target":["https:\/\/akunq.net\/turkish\/2010\/09\/30\/mhplilere-ani-harabelerinde-namaz-izni\/"]}]},{"@type":"BreadcrumbList","@id":"https:\/\/akunq.net\/turkish\/2010\/09\/30\/mhplilere-ani-harabelerinde-namaz-izni\/#breadcrumb","itemListElement":[{"@type":"ListItem","position":1,"name":"Home","item":"https:\/\/akunq.net\/turkish\/"},{"@type":"ListItem","position":2,"name":"MHP&#8217;lilere Ani Harabeleri&#8217;nde namaz izni"}]},{"@type":"WebSite","@id":"https:\/\/akunq.net\/turkish\/#website","url":"https:\/\/akunq.net\/turkish\/","name":"Bati Ermenistan Ve Bati Ermenileri Sorunlari Ara\u015ftirmalar Merkezi","description":"","potentialAction":[{"@type":"SearchAction","target":{"@type":"EntryPoint","urlTemplate":"https:\/\/akunq.net\/turkish\/?s={search_term_string}"},"query-input":{"@type":"PropertyValueSpecification","valueRequired":true,"valueName":"search_term_string"}}],"inLanguage":"en-US"},{"@type":"Person","@id":"https:\/\/akunq.net\/turkish\/#\/schema\/person\/135e7923d1aeb8887890799619969a6c","name":"kalem","image":{"@type":"ImageObject","inLanguage":"en-US","@id":"https:\/\/secure.gravatar.com\/avatar\/a06875e4b25feb5674296adf8e8a7ae1e587cebce2493fe63c456109967e27d3?s=96&d=mm&r=g","url":"https:\/\/secure.gravatar.com\/avatar\/a06875e4b25feb5674296adf8e8a7ae1e587cebce2493fe63c456109967e27d3?s=96&d=mm&r=g","contentUrl":"https:\/\/secure.gravatar.com\/avatar\/a06875e4b25feb5674296adf8e8a7ae1e587cebce2493fe63c456109967e27d3?s=96&d=mm&r=g","caption":"kalem"},"url":"https:\/\/akunq.net\/turkish\/author\/kalem\/"}]}},"_links":{"self":[{"href":"https:\/\/akunq.net\/turkish\/wp-json\/wp\/v2\/posts\/2164","targetHints":{"allow":["GET"]}}],"collection":[{"href":"https:\/\/akunq.net\/turkish\/wp-json\/wp\/v2\/posts"}],"about":[{"href":"https:\/\/akunq.net\/turkish\/wp-json\/wp\/v2\/types\/post"}],"author":[{"embeddable":true,"href":"https:\/\/akunq.net\/turkish\/wp-json\/wp\/v2\/users\/3"}],"replies":[{"embeddable":true,"href":"https:\/\/akunq.net\/turkish\/wp-json\/wp\/v2\/comments?post=2164"}],"version-history":[{"count":0,"href":"https:\/\/akunq.net\/turkish\/wp-json\/wp\/v2\/posts\/2164\/revisions"}],"wp:attachment":[{"href":"https:\/\/akunq.net\/turkish\/wp-json\/wp\/v2\/media?parent=2164"}],"wp:term":[{"taxonomy":"category","embeddable":true,"href":"https:\/\/akunq.net\/turkish\/wp-json\/wp\/v2\/categories?post=2164"},{"taxonomy":"post_tag","embeddable":true,"href":"https:\/\/akunq.net\/turkish\/wp-json\/wp\/v2\/tags?post=2164"}],"curies":[{"name":"wp","href":"https:\/\/api.w.org\/{rel}","templated":true}]}}