{"id":2149,"date":"2010-09-29T02:41:20","date_gmt":"2010-09-29T07:41:20","guid":{"rendered":"http:\/\/akunq.net\/tr\/?p=2149"},"modified":"2010-09-29T02:41:20","modified_gmt":"2010-09-29T07:41:20","slug":"multeci-ve-gocmen-ulkesi-olmak","status":"publish","type":"post","link":"https:\/\/akunq.net\/turkish\/2010\/09\/29\/multeci-ve-gocmen-ulkesi-olmak\/","title":{"rendered":"M\u00fclteci ve g\u00f6\u00e7men \u00fclkesi olmak"},"content":{"rendered":"<p style=\"text-align: justify\">Atina. Tarihi parlamento binas\u0131nda, Anadolu Rum, Ermeni ve S\u00fcryanilerinin ya\u015fam\u0131\u015f oldu\u011fu trajediyi tart\u0131\u015f\u0131yoruz.<br \/>\nAsl\u0131nda tehcir, zorla g\u00f6\u00e7 ettirme politikas\u0131, Ittihat\u00e7\u0131lar taraf\u0131ndan Bat\u0131 Anadolu ve Trakya Rumlar\u0131na kar\u015f\u0131 ba\u015flat\u0131ld\u0131 1914 y\u0131l\u0131nda.<br \/>\nBu operasyonun y\u00fcr\u00fct\u00fcc\u00fclerinden biri olan TC\u2019nin \u00fcc\u00fcnc\u00fc cumhurba\u015fkan\u0131 olan Celal Bayar, bu operasyonun ba\u015far\u0131 ile tamamlanm\u0131\u015f oldu\u011funu s\u00f6yler an\u0131lar\u0131nda.<br \/>\n\u0130stanbul Rumlar\u0131na y\u00f6nelik, bir ba\u015fka \u201cba\u015far\u0131l\u0131\u201d operasyon da, onun d\u00f6nemindeki 1955 \u0130stanbul Pogram\u0131 idi.<br \/>\nKanl\u0131 b\u0131\u00e7akl\u0131 olan Celal ile \u0130smet aras\u0131ndaki tek ortak nokta, Rumlardan, ve de \u00f6teki az\u0131nl\u0131klardan haz etmemeleri idi.<br \/>\nErmeni ve S\u00fcryanilere ve Pontoslulara oranla Rumlar\u0131n daha az kay\u0131p vermelerinin nedeni ise, Yunanistan gibi onlara kucak a\u00e7an bir \u00fclkenin olmas\u0131yd\u0131.<br \/>\nArka arkaya gelen g\u00f6\u00e7 dalgalar\u0131 Yunanistan\u2019\u0131 adeta bir g\u00f6\u00e7men \u00fclkesine \u00e7evirdi.<br \/>\nAnadolu\u2019nun b\u00fct\u00fcn kentleri Yunanistan\u2019da ya\u015famakta.<br \/>\nPontos M\u00fczesini gezerken \u00e7ok duyguland\u0131m.<br \/>\nBabam\u0131n ve dedemin kentlerini, yani Niksar ve Mesudiye\u2019nin eski hallerini g\u00f6steren resimleri g\u00f6r\u00fcnce.<br \/>\nKom\u015fu kent Erbba\u2019dan Yorgo, benden Erbaa k\u00f6ylerini gosteren bir harita istedi, eski an\u0131lara dalmak i\u00e7in.<br \/>\nSonra hep birlikte Karadenizlilerle (Onlar Pontoslu diyorlar, zaten Pontos Deniz demek) hora teptik, harika bir kemen\u00e7e e\u015fli\u011finde.<br \/>\nYan\u0131k bir t\u00fcrk\u00fc, vatan \u00f6zlemini dile getiriyordu.<br \/>\nBir yandan da Pontos Tabusu \u00fcst\u00fcne d\u00fc\u015f\u00fcn\u00fcyordum.<br \/>\nErgenekoncular, bu tabuyu kullanarak bir cad\u0131 av\u0131 kampanyas\u0131n\u0131 2001 y\u0131l\u0131 sonunda ba\u015flatm\u0131\u015flard\u0131.<br \/>\nAy\u015fe Nur\u2019a gelen son savc\u0131l\u0131k soru\u015fturmas\u0131, bu konuya yani Potos k\u00fclt\u00fcr\u00fcne ili\u015fkindi.<br \/>\nSonunda Yunanistanl\u0131 egemenler ile T\u00fcrkiyeli egemenler, kendi yurtta\u015flarini k\u00f6le gibi de\u011fi\u015f toku\u015f ettiler.<br \/>\n\u0130nsanlara ise kalan vatan hasreti oldu&#8230;<br \/>\n\u0130ki \u00fclke de m\u00fclteci ve g\u00f6\u00e7menlerle ulus in\u015fa projesine giri\u015fti.<br \/>\nBu proje bir tek Bat\u0131 Trakya\u2019da ve de K\u00fcrdistan\u2019da ba\u015far\u0131s\u0131z oldu.<br \/>\nBu da bir ba\u015fka benzerli\u011fimiz Yunanl\u0131larla.<br \/>\nAziz Nesin de Bulgaristan\u2019da T\u00fcrkler, T\u00fcrkiye\u2019de K\u00fcrtler diye kitap yazm\u0131\u015ft\u0131 da olay olmu\u015ftu 80\u2019li y\u0131llarda.<br \/>\nBat\u0131 Trakya\u2019daki sorunlar azalma yolunda&#8230;<br \/>\n\u0130n\u015fallah Atina\u2019ya da bir g\u00fcn cami yap\u0131l\u0131r, Osmanl\u0131 d\u00f6nemi travmas\u0131 atlat\u0131larak.<br \/>\nBulgaristan\u2019da T\u00fcrkler b\u0131rak\u0131n parti kurmay\u0131 h\u00fck\u00fcmete ortak bile oldu.<br \/>\nBiz de o g\u00fcnleri g\u00f6r\u00fcr\u00fcz in\u015fallah.<br \/>\nOlan onca insan\u0131n ya\u015fam\u0131na oldu, onca insan\u0131n g\u00f6\u00e7\u00fcne, vatan hasretine K\u00fcrt illerinde.<br \/>\n1970 y\u0131l\u0131nda b\u00f6lgeye komandalar\u0131n k\u00f6y bask\u0131nlar\u0131 s\u0131ras\u0131inda gitmi\u015ftim.<br \/>\nKadinlarin salvarlari icine kedi atma gibi, \u201cyarat\u0131c\u0131\u201d y\u00f6ntemler uygulanm\u0131\u015ft\u0131.<br \/>\nKonferansa sunulan Tebliglerden biri de, 1821 Sakiz Adas\u0131 k\u0131y\u0131m\u0131na ili\u015fkindi.<br \/>\nNeredeyse adan\u0131n b\u00fct\u00fcn n\u00fcfusu k\u0131l\u0131\u00e7tan ge\u00e7irilmi\u015fti.<br \/>\nYunan ba\u011f\u0131ms\u0131zl\u0131\u011f\u0131n\u0131 bu t\u00fcr k\u0131y\u0131mlar getirmi\u015fti bir yerde.<br \/>\nBat\u0131n\u0131n m\u00fcdahelesi ile.<br \/>\n\u0130stanbul\u2019da Rum k\u0131y\u0131m\u0131ndan zor vazge\u00e7irilmi\u015fti II Mahmut, asl\u0131nda Yunan ba\u011f\u0131ms\u0131zl\u0131\u011f\u0131na kar\u015f\u0131 olan Patri\u011fi Patrikhane kap\u0131s\u0131nda ast\u0131rarak alm\u0131\u015ft\u0131 h\u0131rs\u0131n\u0131.<br \/>\n1876 Bulgar k\u0131y\u0131m\u0131 ise, Rus sald\u0131r\u0131s\u0131na bahane oldu, ard\u0131ndan Bulgar devletinin onu a\u00e7\u0131ld\u0131.<br \/>\nErmeni soyk\u0131r\u0131m\u0131m\u0131n nedeni ise b\u00f6ylesi bir olas\u0131l\u0131\u011f\u0131n \u00f6n\u00fcne ge\u00e7mekti.<br \/>\nBu kez birbirini bo\u011fazlarken Ermeni\u2019yi kim d\u00fc\u015f\u00fcn\u00fcrd\u00fc ki.<br \/>\nOysa ba\u015fka bir hayat da m\u00fcmk\u00fcnd\u00fc, birarada.<br \/>\nOlmad\u0131.<br \/>\n\u015eunu anlamak gerek: zor kullanarak, k\u0131y\u0131mla, tenkil ve tedib ile halklar\u0131n \u00f6zg\u00fcrl\u00fck, e\u015fitlik talebinin \u00f6n\u00fcne ge\u00e7emezsiniz.<br \/>\nBa\u015far\u0131l\u0131 olsan\u0131z da, Ermeni soyk\u0131r\u0131m\u0131 gibi tarihe k\u00f6t\u00fc bir iz b\u0131rak\u0131rs\u0131n\u0131z.<br \/>\nBalkanlardaki model Ermenilere yaramad\u0131.<br \/>\nTarih kendini tekrarlamad\u0131.<br \/>\nK\u00fcrt sorununda da ayn\u0131 hatalar\u0131 tekrarlamamak gerek.<br \/>\nNe kurban olal\u0131m.<br \/>\nNe de cellat!<\/p>\n<p style=\"text-align: justify\"><strong>\u00a0<\/strong><strong><em>Kaynak:<\/em><\/strong><strong><em> evrensel.net<br \/>\nTarih: 28.9.2010<\/em><\/strong><\/p>\n<p style=\"text-align: justify\"><strong><em>RAGIP ZARAKOLU\u00a0<\/em><\/strong><\/p>\n","protected":false},"excerpt":{"rendered":"<p>Atina. Tarihi parlamento binas\u0131nda, Anadolu Rum, Ermeni ve S\u00fcryanilerinin ya\u015fam\u0131\u015f oldu\u011fu trajediyi tart\u0131\u015f\u0131yoruz. Asl\u0131nda tehcir, zorla g\u00f6\u00e7 ettirme politikas\u0131, Ittihat\u00e7\u0131lar taraf\u0131ndan Bat\u0131 Anadolu ve Trakya Rumlar\u0131na kar\u015f\u0131 ba\u015flat\u0131ld\u0131 1914 y\u0131l\u0131nda. Bu operasyonun y\u00fcr\u00fct\u00fcc\u00fclerinden biri olan TC\u2019nin \u00fcc\u00fcnc\u00fc cumhurba\u015fkan\u0131 olan Celal Bayar, bu operasyonun ba\u015far\u0131 ile tamamlanm\u0131\u015f oldu\u011funu s\u00f6yler an\u0131lar\u0131nda. \u0130stanbul Rumlar\u0131na y\u00f6nelik, bir ba\u015fka \u201cba\u015far\u0131l\u0131\u201d [&hellip;]<\/p>\n","protected":false},"author":3,"featured_media":0,"comment_status":"closed","ping_status":"open","sticky":false,"template":"","format":"standard","meta":{"footnotes":""},"categories":[14],"tags":[],"class_list":["post-2149","post","type-post","status-publish","format-standard","hentry","category-haberler"],"yoast_head":"<!-- This site is optimized with the Yoast SEO plugin v27.4 - https:\/\/yoast.com\/product\/yoast-seo-wordpress\/ -->\n<title>M\u00fclteci ve g\u00f6\u00e7men \u00fclkesi olmak - Bati Ermenistan Ve Bati Ermenileri Sorunlari Ara\u015ftirmalar Merkezi<\/title>\n<meta name=\"robots\" content=\"index, follow, max-snippet:-1, max-image-preview:large, max-video-preview:-1\" \/>\n<link rel=\"canonical\" href=\"https:\/\/akunq.net\/turkish\/2010\/09\/29\/multeci-ve-gocmen-ulkesi-olmak\/\" \/>\n<meta property=\"og:locale\" content=\"en_US\" \/>\n<meta property=\"og:type\" content=\"article\" \/>\n<meta property=\"og:title\" content=\"M\u00fclteci ve g\u00f6\u00e7men \u00fclkesi olmak - Bati Ermenistan Ve Bati Ermenileri Sorunlari Ara\u015ftirmalar Merkezi\" \/>\n<meta property=\"og:description\" content=\"Atina. Tarihi parlamento binas\u0131nda, Anadolu Rum, Ermeni ve S\u00fcryanilerinin ya\u015fam\u0131\u015f oldu\u011fu trajediyi tart\u0131\u015f\u0131yoruz. Asl\u0131nda tehcir, zorla g\u00f6\u00e7 ettirme politikas\u0131, Ittihat\u00e7\u0131lar taraf\u0131ndan Bat\u0131 Anadolu ve Trakya Rumlar\u0131na kar\u015f\u0131 ba\u015flat\u0131ld\u0131 1914 y\u0131l\u0131nda. Bu operasyonun y\u00fcr\u00fct\u00fcc\u00fclerinden biri olan TC\u2019nin \u00fcc\u00fcnc\u00fc cumhurba\u015fkan\u0131 olan Celal Bayar, bu operasyonun ba\u015far\u0131 ile tamamlanm\u0131\u015f oldu\u011funu s\u00f6yler an\u0131lar\u0131nda. \u0130stanbul Rumlar\u0131na y\u00f6nelik, bir ba\u015fka \u201cba\u015far\u0131l\u0131\u201d [&hellip;]\" \/>\n<meta property=\"og:url\" content=\"https:\/\/akunq.net\/turkish\/2010\/09\/29\/multeci-ve-gocmen-ulkesi-olmak\/\" \/>\n<meta property=\"og:site_name\" content=\"Bati Ermenistan Ve Bati Ermenileri Sorunlari Ara\u015ftirmalar Merkezi\" \/>\n<meta property=\"article:published_time\" content=\"2010-09-29T07:41:20+00:00\" \/>\n<meta name=\"author\" content=\"kalem\" \/>\n<meta name=\"twitter:card\" content=\"summary_large_image\" \/>\n<meta name=\"twitter:label1\" content=\"Written by\" \/>\n\t<meta name=\"twitter:data1\" content=\"kalem\" \/>\n\t<meta name=\"twitter:label2\" content=\"Est. reading time\" \/>\n\t<meta name=\"twitter:data2\" content=\"3 minutes\" \/>\n<script type=\"application\/ld+json\" class=\"yoast-schema-graph\">{\"@context\":\"https:\\\/\\\/schema.org\",\"@graph\":[{\"@type\":\"Article\",\"@id\":\"https:\\\/\\\/akunq.net\\\/turkish\\\/2010\\\/09\\\/29\\\/multeci-ve-gocmen-ulkesi-olmak\\\/#article\",\"isPartOf\":{\"@id\":\"https:\\\/\\\/akunq.net\\\/turkish\\\/2010\\\/09\\\/29\\\/multeci-ve-gocmen-ulkesi-olmak\\\/\"},\"author\":{\"name\":\"kalem\",\"@id\":\"https:\\\/\\\/akunq.net\\\/turkish\\\/#\\\/schema\\\/person\\\/135e7923d1aeb8887890799619969a6c\"},\"headline\":\"M\u00fclteci ve g\u00f6\u00e7men \u00fclkesi olmak\",\"datePublished\":\"2010-09-29T07:41:20+00:00\",\"mainEntityOfPage\":{\"@id\":\"https:\\\/\\\/akunq.net\\\/turkish\\\/2010\\\/09\\\/29\\\/multeci-ve-gocmen-ulkesi-olmak\\\/\"},\"wordCount\":687,\"articleSection\":[\"Haberler\"],\"inLanguage\":\"en-US\"},{\"@type\":\"WebPage\",\"@id\":\"https:\\\/\\\/akunq.net\\\/turkish\\\/2010\\\/09\\\/29\\\/multeci-ve-gocmen-ulkesi-olmak\\\/\",\"url\":\"https:\\\/\\\/akunq.net\\\/turkish\\\/2010\\\/09\\\/29\\\/multeci-ve-gocmen-ulkesi-olmak\\\/\",\"name\":\"M\u00fclteci ve g\u00f6\u00e7men \u00fclkesi olmak - Bati Ermenistan Ve Bati Ermenileri Sorunlari Ara\u015ftirmalar Merkezi\",\"isPartOf\":{\"@id\":\"https:\\\/\\\/akunq.net\\\/turkish\\\/#website\"},\"datePublished\":\"2010-09-29T07:41:20+00:00\",\"author\":{\"@id\":\"https:\\\/\\\/akunq.net\\\/turkish\\\/#\\\/schema\\\/person\\\/135e7923d1aeb8887890799619969a6c\"},\"breadcrumb\":{\"@id\":\"https:\\\/\\\/akunq.net\\\/turkish\\\/2010\\\/09\\\/29\\\/multeci-ve-gocmen-ulkesi-olmak\\\/#breadcrumb\"},\"inLanguage\":\"en-US\",\"potentialAction\":[{\"@type\":\"ReadAction\",\"target\":[\"https:\\\/\\\/akunq.net\\\/turkish\\\/2010\\\/09\\\/29\\\/multeci-ve-gocmen-ulkesi-olmak\\\/\"]}]},{\"@type\":\"BreadcrumbList\",\"@id\":\"https:\\\/\\\/akunq.net\\\/turkish\\\/2010\\\/09\\\/29\\\/multeci-ve-gocmen-ulkesi-olmak\\\/#breadcrumb\",\"itemListElement\":[{\"@type\":\"ListItem\",\"position\":1,\"name\":\"Home\",\"item\":\"https:\\\/\\\/akunq.net\\\/turkish\\\/\"},{\"@type\":\"ListItem\",\"position\":2,\"name\":\"M\u00fclteci ve g\u00f6\u00e7men \u00fclkesi olmak\"}]},{\"@type\":\"WebSite\",\"@id\":\"https:\\\/\\\/akunq.net\\\/turkish\\\/#website\",\"url\":\"https:\\\/\\\/akunq.net\\\/turkish\\\/\",\"name\":\"Bati Ermenistan Ve Bati Ermenileri Sorunlari Ara\u015ftirmalar Merkezi\",\"description\":\"\",\"potentialAction\":[{\"@type\":\"SearchAction\",\"target\":{\"@type\":\"EntryPoint\",\"urlTemplate\":\"https:\\\/\\\/akunq.net\\\/turkish\\\/?s={search_term_string}\"},\"query-input\":{\"@type\":\"PropertyValueSpecification\",\"valueRequired\":true,\"valueName\":\"search_term_string\"}}],\"inLanguage\":\"en-US\"},{\"@type\":\"Person\",\"@id\":\"https:\\\/\\\/akunq.net\\\/turkish\\\/#\\\/schema\\\/person\\\/135e7923d1aeb8887890799619969a6c\",\"name\":\"kalem\",\"image\":{\"@type\":\"ImageObject\",\"inLanguage\":\"en-US\",\"@id\":\"https:\\\/\\\/secure.gravatar.com\\\/avatar\\\/a06875e4b25feb5674296adf8e8a7ae1e587cebce2493fe63c456109967e27d3?s=96&d=mm&r=g\",\"url\":\"https:\\\/\\\/secure.gravatar.com\\\/avatar\\\/a06875e4b25feb5674296adf8e8a7ae1e587cebce2493fe63c456109967e27d3?s=96&d=mm&r=g\",\"contentUrl\":\"https:\\\/\\\/secure.gravatar.com\\\/avatar\\\/a06875e4b25feb5674296adf8e8a7ae1e587cebce2493fe63c456109967e27d3?s=96&d=mm&r=g\",\"caption\":\"kalem\"},\"url\":\"https:\\\/\\\/akunq.net\\\/turkish\\\/author\\\/kalem\\\/\"}]}<\/script>\n<!-- \/ Yoast SEO plugin. -->","yoast_head_json":{"title":"M\u00fclteci ve g\u00f6\u00e7men \u00fclkesi olmak - Bati Ermenistan Ve Bati Ermenileri Sorunlari Ara\u015ftirmalar Merkezi","robots":{"index":"index","follow":"follow","max-snippet":"max-snippet:-1","max-image-preview":"max-image-preview:large","max-video-preview":"max-video-preview:-1"},"canonical":"https:\/\/akunq.net\/turkish\/2010\/09\/29\/multeci-ve-gocmen-ulkesi-olmak\/","og_locale":"en_US","og_type":"article","og_title":"M\u00fclteci ve g\u00f6\u00e7men \u00fclkesi olmak - Bati Ermenistan Ve Bati Ermenileri Sorunlari Ara\u015ftirmalar Merkezi","og_description":"Atina. Tarihi parlamento binas\u0131nda, Anadolu Rum, Ermeni ve S\u00fcryanilerinin ya\u015fam\u0131\u015f oldu\u011fu trajediyi tart\u0131\u015f\u0131yoruz. Asl\u0131nda tehcir, zorla g\u00f6\u00e7 ettirme politikas\u0131, Ittihat\u00e7\u0131lar taraf\u0131ndan Bat\u0131 Anadolu ve Trakya Rumlar\u0131na kar\u015f\u0131 ba\u015flat\u0131ld\u0131 1914 y\u0131l\u0131nda. Bu operasyonun y\u00fcr\u00fct\u00fcc\u00fclerinden biri olan TC\u2019nin \u00fcc\u00fcnc\u00fc cumhurba\u015fkan\u0131 olan Celal Bayar, bu operasyonun ba\u015far\u0131 ile tamamlanm\u0131\u015f oldu\u011funu s\u00f6yler an\u0131lar\u0131nda. \u0130stanbul Rumlar\u0131na y\u00f6nelik, bir ba\u015fka \u201cba\u015far\u0131l\u0131\u201d [&hellip;]","og_url":"https:\/\/akunq.net\/turkish\/2010\/09\/29\/multeci-ve-gocmen-ulkesi-olmak\/","og_site_name":"Bati Ermenistan Ve Bati Ermenileri Sorunlari Ara\u015ftirmalar Merkezi","article_published_time":"2010-09-29T07:41:20+00:00","author":"kalem","twitter_card":"summary_large_image","twitter_misc":{"Written by":"kalem","Est. reading time":"3 minutes"},"schema":{"@context":"https:\/\/schema.org","@graph":[{"@type":"Article","@id":"https:\/\/akunq.net\/turkish\/2010\/09\/29\/multeci-ve-gocmen-ulkesi-olmak\/#article","isPartOf":{"@id":"https:\/\/akunq.net\/turkish\/2010\/09\/29\/multeci-ve-gocmen-ulkesi-olmak\/"},"author":{"name":"kalem","@id":"https:\/\/akunq.net\/turkish\/#\/schema\/person\/135e7923d1aeb8887890799619969a6c"},"headline":"M\u00fclteci ve g\u00f6\u00e7men \u00fclkesi olmak","datePublished":"2010-09-29T07:41:20+00:00","mainEntityOfPage":{"@id":"https:\/\/akunq.net\/turkish\/2010\/09\/29\/multeci-ve-gocmen-ulkesi-olmak\/"},"wordCount":687,"articleSection":["Haberler"],"inLanguage":"en-US"},{"@type":"WebPage","@id":"https:\/\/akunq.net\/turkish\/2010\/09\/29\/multeci-ve-gocmen-ulkesi-olmak\/","url":"https:\/\/akunq.net\/turkish\/2010\/09\/29\/multeci-ve-gocmen-ulkesi-olmak\/","name":"M\u00fclteci ve g\u00f6\u00e7men \u00fclkesi olmak - Bati Ermenistan Ve Bati Ermenileri Sorunlari Ara\u015ftirmalar Merkezi","isPartOf":{"@id":"https:\/\/akunq.net\/turkish\/#website"},"datePublished":"2010-09-29T07:41:20+00:00","author":{"@id":"https:\/\/akunq.net\/turkish\/#\/schema\/person\/135e7923d1aeb8887890799619969a6c"},"breadcrumb":{"@id":"https:\/\/akunq.net\/turkish\/2010\/09\/29\/multeci-ve-gocmen-ulkesi-olmak\/#breadcrumb"},"inLanguage":"en-US","potentialAction":[{"@type":"ReadAction","target":["https:\/\/akunq.net\/turkish\/2010\/09\/29\/multeci-ve-gocmen-ulkesi-olmak\/"]}]},{"@type":"BreadcrumbList","@id":"https:\/\/akunq.net\/turkish\/2010\/09\/29\/multeci-ve-gocmen-ulkesi-olmak\/#breadcrumb","itemListElement":[{"@type":"ListItem","position":1,"name":"Home","item":"https:\/\/akunq.net\/turkish\/"},{"@type":"ListItem","position":2,"name":"M\u00fclteci ve g\u00f6\u00e7men \u00fclkesi olmak"}]},{"@type":"WebSite","@id":"https:\/\/akunq.net\/turkish\/#website","url":"https:\/\/akunq.net\/turkish\/","name":"Bati Ermenistan Ve Bati Ermenileri Sorunlari Ara\u015ftirmalar Merkezi","description":"","potentialAction":[{"@type":"SearchAction","target":{"@type":"EntryPoint","urlTemplate":"https:\/\/akunq.net\/turkish\/?s={search_term_string}"},"query-input":{"@type":"PropertyValueSpecification","valueRequired":true,"valueName":"search_term_string"}}],"inLanguage":"en-US"},{"@type":"Person","@id":"https:\/\/akunq.net\/turkish\/#\/schema\/person\/135e7923d1aeb8887890799619969a6c","name":"kalem","image":{"@type":"ImageObject","inLanguage":"en-US","@id":"https:\/\/secure.gravatar.com\/avatar\/a06875e4b25feb5674296adf8e8a7ae1e587cebce2493fe63c456109967e27d3?s=96&d=mm&r=g","url":"https:\/\/secure.gravatar.com\/avatar\/a06875e4b25feb5674296adf8e8a7ae1e587cebce2493fe63c456109967e27d3?s=96&d=mm&r=g","contentUrl":"https:\/\/secure.gravatar.com\/avatar\/a06875e4b25feb5674296adf8e8a7ae1e587cebce2493fe63c456109967e27d3?s=96&d=mm&r=g","caption":"kalem"},"url":"https:\/\/akunq.net\/turkish\/author\/kalem\/"}]}},"_links":{"self":[{"href":"https:\/\/akunq.net\/turkish\/wp-json\/wp\/v2\/posts\/2149","targetHints":{"allow":["GET"]}}],"collection":[{"href":"https:\/\/akunq.net\/turkish\/wp-json\/wp\/v2\/posts"}],"about":[{"href":"https:\/\/akunq.net\/turkish\/wp-json\/wp\/v2\/types\/post"}],"author":[{"embeddable":true,"href":"https:\/\/akunq.net\/turkish\/wp-json\/wp\/v2\/users\/3"}],"replies":[{"embeddable":true,"href":"https:\/\/akunq.net\/turkish\/wp-json\/wp\/v2\/comments?post=2149"}],"version-history":[{"count":0,"href":"https:\/\/akunq.net\/turkish\/wp-json\/wp\/v2\/posts\/2149\/revisions"}],"wp:attachment":[{"href":"https:\/\/akunq.net\/turkish\/wp-json\/wp\/v2\/media?parent=2149"}],"wp:term":[{"taxonomy":"category","embeddable":true,"href":"https:\/\/akunq.net\/turkish\/wp-json\/wp\/v2\/categories?post=2149"},{"taxonomy":"post_tag","embeddable":true,"href":"https:\/\/akunq.net\/turkish\/wp-json\/wp\/v2\/tags?post=2149"}],"curies":[{"name":"wp","href":"https:\/\/api.w.org\/{rel}","templated":true}]}}