{"id":2135,"date":"2010-09-28T03:41:59","date_gmt":"2010-09-28T08:41:59","guid":{"rendered":"http:\/\/akunq.net\/tr\/?p=2135"},"modified":"2010-09-28T03:41:59","modified_gmt":"2010-09-28T08:41:59","slug":"bahcelinin-namazi-anayasa-engeline-takildibakan-gunay-toplu-gosteri-yapmaya-kalkarsa-anayasa-engeline-takilir","status":"publish","type":"post","link":"https:\/\/akunq.net\/turkish\/2010\/09\/28\/bahcelinin-namazi-anayasa-engeline-takildibakan-gunay-toplu-gosteri-yapmaya-kalkarsa-anayasa-engeline-takilir\/","title":{"rendered":"Bah\u00e7eli&#8217;nin namaz\u0131, Anayasa engeline tak\u0131ld\u0131Bakan G\u00fcnay: &#8220;Toplu g\u00f6steri yapmaya kalkarsa Anayasa engeline tak\u0131l\u0131r&#8221;"},"content":{"rendered":"<p style=\"text-align: justify\"><ins>MHP Genel Ba\u015fkan\u0131 Devlet Bah\u00e7eli&#8217;nin 40 kadar il ba\u015fkan\u0131yla 1 Ekim g\u00fcn\u00fc T\u00fcrkiye-Ermenistan s\u0131n\u0131r\u0131ndaki Ani Harabeleri&#8217;nde cuma namaz\u0131 k\u0131lmak istemesi anayasa engeline tak\u0131ld\u0131. K\u00fclt\u00fcr ve Turizm Bakan\u0131 Ertu\u011frul G\u00fcnay, MHP liderinin bu iste\u011fiyle ilgili olarak, &#8220;Toplu g\u00f6steri yapmaya kalkarsa anayasa engeline tak\u0131l\u0131r. Bireysel olarak namaz k\u0131lacaksa temiz bir mekan bulup namaz k\u0131labilir&#8221; de\u011ferlendirmesinde bulundu.<\/ins><\/p>\n<p style=\"text-align: justify\"><ins>K\u00fclt\u00fcr ve Turizm Bakan\u0131 G\u00fcnay, Cer Modern Sanat Merkezi&#8217;nde D\u00fcnya Turizm G\u00fcn\u00fc dolay\u0131s\u0131yla ger\u00e7ekle\u015ftirilen Turizm Profesyonelleri Bulu\u015fma Program\u0131&#8217;nda gazetecilerin sorular\u0131n\u0131 cevapland\u0131rd\u0131. G\u00fcnay, MHP Genel Ba\u015fkan\u0131 Devlet Bah\u00e7eli&#8217;nin, 40 kadar il ba\u015fkan\u0131yla 1 Ekim g\u00fcn\u00fc T\u00fcrkiye- Ermenistan s\u0131n\u0131r\u0131ndaki Ani Harabeleri&#8217;nde cuma namaz\u0131 k\u0131laca\u011f\u0131 y\u00f6n\u00fcnde a\u00e7\u0131klamalar\u0131n\u0131n hat\u0131rlat\u0131lmas\u0131 \u00fczerine, &#8220;Bireysel olarak namaz k\u0131lacaksa temiz bir mekan bulup namaz k\u0131labilir. Toplu g\u00f6steri yapmaya kalkarsa san\u0131yorum ki anayasa ve siyasi partiler yasas\u0131 engeline tak\u0131l\u0131r. Bireysel olarak hakk\u0131n\u0131 kullanmas\u0131na sayg\u0131 duyar\u0131m&#8221; dedi.<\/ins><\/p>\n<p><strong><em>28.09.10<ins><\/ins><\/em><\/strong><\/p>\n<p><strong><em>http:\/\/www.stargundem.com\/siyaset\/1081176-bahceli-nin-namazi-anayasa-engeline-takildi.html<\/em><\/strong><\/p>\n","protected":false},"excerpt":{"rendered":"<p>MHP Genel Ba\u015fkan\u0131 Devlet Bah\u00e7eli&#8217;nin 40 kadar il ba\u015fkan\u0131yla 1 Ekim g\u00fcn\u00fc T\u00fcrkiye-Ermenistan s\u0131n\u0131r\u0131ndaki Ani Harabeleri&#8217;nde cuma namaz\u0131 k\u0131lmak istemesi anayasa engeline tak\u0131ld\u0131. K\u00fclt\u00fcr ve Turizm Bakan\u0131 Ertu\u011frul G\u00fcnay, MHP liderinin bu iste\u011fiyle ilgili olarak, &#8220;Toplu g\u00f6steri yapmaya kalkarsa anayasa engeline tak\u0131l\u0131r. Bireysel olarak namaz k\u0131lacaksa temiz bir mekan bulup namaz k\u0131labilir&#8221; de\u011ferlendirmesinde bulundu. K\u00fclt\u00fcr [&hellip;]<\/p>\n","protected":false},"author":3,"featured_media":0,"comment_status":"closed","ping_status":"open","sticky":false,"template":"","format":"standard","meta":{"footnotes":""},"categories":[14],"tags":[],"class_list":["post-2135","post","type-post","status-publish","format-standard","hentry","category-haberler"],"yoast_head":"<!-- This site is optimized with the Yoast SEO plugin v27.4 - https:\/\/yoast.com\/product\/yoast-seo-wordpress\/ -->\n<title>Bah\u00e7eli&#039;nin namaz\u0131, Anayasa engeline tak\u0131ld\u0131Bakan G\u00fcnay: &quot;Toplu g\u00f6steri yapmaya kalkarsa Anayasa engeline tak\u0131l\u0131r&quot; - Bati Ermenistan Ve Bati Ermenileri Sorunlari Ara\u015ftirmalar Merkezi<\/title>\n<meta name=\"robots\" content=\"index, follow, max-snippet:-1, max-image-preview:large, max-video-preview:-1\" \/>\n<link rel=\"canonical\" href=\"https:\/\/akunq.net\/turkish\/2010\/09\/28\/bahcelinin-namazi-anayasa-engeline-takildibakan-gunay-toplu-gosteri-yapmaya-kalkarsa-anayasa-engeline-takilir\/\" \/>\n<meta property=\"og:locale\" content=\"en_US\" \/>\n<meta property=\"og:type\" content=\"article\" \/>\n<meta property=\"og:title\" content=\"Bah\u00e7eli&#039;nin namaz\u0131, Anayasa engeline tak\u0131ld\u0131Bakan G\u00fcnay: &quot;Toplu g\u00f6steri yapmaya kalkarsa Anayasa engeline tak\u0131l\u0131r&quot; - Bati Ermenistan Ve Bati Ermenileri Sorunlari Ara\u015ftirmalar Merkezi\" \/>\n<meta property=\"og:description\" content=\"MHP Genel Ba\u015fkan\u0131 Devlet Bah\u00e7eli&#8217;nin 40 kadar il ba\u015fkan\u0131yla 1 Ekim g\u00fcn\u00fc T\u00fcrkiye-Ermenistan s\u0131n\u0131r\u0131ndaki Ani Harabeleri&#8217;nde cuma namaz\u0131 k\u0131lmak istemesi anayasa engeline tak\u0131ld\u0131. K\u00fclt\u00fcr ve Turizm Bakan\u0131 Ertu\u011frul G\u00fcnay, MHP liderinin bu iste\u011fiyle ilgili olarak, &#8220;Toplu g\u00f6steri yapmaya kalkarsa anayasa engeline tak\u0131l\u0131r. Bireysel olarak namaz k\u0131lacaksa temiz bir mekan bulup namaz k\u0131labilir&#8221; de\u011ferlendirmesinde bulundu. K\u00fclt\u00fcr [&hellip;]\" \/>\n<meta property=\"og:url\" content=\"https:\/\/akunq.net\/turkish\/2010\/09\/28\/bahcelinin-namazi-anayasa-engeline-takildibakan-gunay-toplu-gosteri-yapmaya-kalkarsa-anayasa-engeline-takilir\/\" \/>\n<meta property=\"og:site_name\" content=\"Bati Ermenistan Ve Bati Ermenileri Sorunlari Ara\u015ftirmalar Merkezi\" \/>\n<meta property=\"article:published_time\" content=\"2010-09-28T08:41:59+00:00\" \/>\n<meta name=\"author\" content=\"kalem\" \/>\n<meta name=\"twitter:card\" content=\"summary_large_image\" \/>\n<meta name=\"twitter:label1\" content=\"Written by\" \/>\n\t<meta name=\"twitter:data1\" content=\"kalem\" \/>\n\t<meta name=\"twitter:label2\" content=\"Est. reading time\" \/>\n\t<meta name=\"twitter:data2\" content=\"1 minute\" \/>\n<script type=\"application\/ld+json\" class=\"yoast-schema-graph\">{\"@context\":\"https:\\\/\\\/schema.org\",\"@graph\":[{\"@type\":\"Article\",\"@id\":\"https:\\\/\\\/akunq.net\\\/turkish\\\/2010\\\/09\\\/28\\\/bahcelinin-namazi-anayasa-engeline-takildibakan-gunay-toplu-gosteri-yapmaya-kalkarsa-anayasa-engeline-takilir\\\/#article\",\"isPartOf\":{\"@id\":\"https:\\\/\\\/akunq.net\\\/turkish\\\/2010\\\/09\\\/28\\\/bahcelinin-namazi-anayasa-engeline-takildibakan-gunay-toplu-gosteri-yapmaya-kalkarsa-anayasa-engeline-takilir\\\/\"},\"author\":{\"name\":\"kalem\",\"@id\":\"https:\\\/\\\/akunq.net\\\/turkish\\\/#\\\/schema\\\/person\\\/135e7923d1aeb8887890799619969a6c\"},\"headline\":\"Bah\u00e7eli&#8217;nin namaz\u0131, Anayasa engeline tak\u0131ld\u0131Bakan G\u00fcnay: &#8220;Toplu g\u00f6steri yapmaya kalkarsa Anayasa engeline tak\u0131l\u0131r&#8221;\",\"datePublished\":\"2010-09-28T08:41:59+00:00\",\"mainEntityOfPage\":{\"@id\":\"https:\\\/\\\/akunq.net\\\/turkish\\\/2010\\\/09\\\/28\\\/bahcelinin-namazi-anayasa-engeline-takildibakan-gunay-toplu-gosteri-yapmaya-kalkarsa-anayasa-engeline-takilir\\\/\"},\"wordCount\":215,\"articleSection\":[\"Haberler\"],\"inLanguage\":\"en-US\"},{\"@type\":\"WebPage\",\"@id\":\"https:\\\/\\\/akunq.net\\\/turkish\\\/2010\\\/09\\\/28\\\/bahcelinin-namazi-anayasa-engeline-takildibakan-gunay-toplu-gosteri-yapmaya-kalkarsa-anayasa-engeline-takilir\\\/\",\"url\":\"https:\\\/\\\/akunq.net\\\/turkish\\\/2010\\\/09\\\/28\\\/bahcelinin-namazi-anayasa-engeline-takildibakan-gunay-toplu-gosteri-yapmaya-kalkarsa-anayasa-engeline-takilir\\\/\",\"name\":\"Bah\u00e7eli'nin namaz\u0131, Anayasa engeline tak\u0131ld\u0131Bakan G\u00fcnay: \\\"Toplu g\u00f6steri yapmaya kalkarsa Anayasa engeline tak\u0131l\u0131r\\\" - Bati Ermenistan Ve Bati Ermenileri Sorunlari Ara\u015ftirmalar Merkezi\",\"isPartOf\":{\"@id\":\"https:\\\/\\\/akunq.net\\\/turkish\\\/#website\"},\"datePublished\":\"2010-09-28T08:41:59+00:00\",\"author\":{\"@id\":\"https:\\\/\\\/akunq.net\\\/turkish\\\/#\\\/schema\\\/person\\\/135e7923d1aeb8887890799619969a6c\"},\"breadcrumb\":{\"@id\":\"https:\\\/\\\/akunq.net\\\/turkish\\\/2010\\\/09\\\/28\\\/bahcelinin-namazi-anayasa-engeline-takildibakan-gunay-toplu-gosteri-yapmaya-kalkarsa-anayasa-engeline-takilir\\\/#breadcrumb\"},\"inLanguage\":\"en-US\",\"potentialAction\":[{\"@type\":\"ReadAction\",\"target\":[\"https:\\\/\\\/akunq.net\\\/turkish\\\/2010\\\/09\\\/28\\\/bahcelinin-namazi-anayasa-engeline-takildibakan-gunay-toplu-gosteri-yapmaya-kalkarsa-anayasa-engeline-takilir\\\/\"]}]},{\"@type\":\"BreadcrumbList\",\"@id\":\"https:\\\/\\\/akunq.net\\\/turkish\\\/2010\\\/09\\\/28\\\/bahcelinin-namazi-anayasa-engeline-takildibakan-gunay-toplu-gosteri-yapmaya-kalkarsa-anayasa-engeline-takilir\\\/#breadcrumb\",\"itemListElement\":[{\"@type\":\"ListItem\",\"position\":1,\"name\":\"Home\",\"item\":\"https:\\\/\\\/akunq.net\\\/turkish\\\/\"},{\"@type\":\"ListItem\",\"position\":2,\"name\":\"Bah\u00e7eli&#8217;nin namaz\u0131, Anayasa engeline tak\u0131ld\u0131Bakan G\u00fcnay: &#8220;Toplu g\u00f6steri yapmaya kalkarsa Anayasa engeline tak\u0131l\u0131r&#8221;\"}]},{\"@type\":\"WebSite\",\"@id\":\"https:\\\/\\\/akunq.net\\\/turkish\\\/#website\",\"url\":\"https:\\\/\\\/akunq.net\\\/turkish\\\/\",\"name\":\"Bati Ermenistan Ve Bati Ermenileri Sorunlari Ara\u015ftirmalar Merkezi\",\"description\":\"\",\"potentialAction\":[{\"@type\":\"SearchAction\",\"target\":{\"@type\":\"EntryPoint\",\"urlTemplate\":\"https:\\\/\\\/akunq.net\\\/turkish\\\/?s={search_term_string}\"},\"query-input\":{\"@type\":\"PropertyValueSpecification\",\"valueRequired\":true,\"valueName\":\"search_term_string\"}}],\"inLanguage\":\"en-US\"},{\"@type\":\"Person\",\"@id\":\"https:\\\/\\\/akunq.net\\\/turkish\\\/#\\\/schema\\\/person\\\/135e7923d1aeb8887890799619969a6c\",\"name\":\"kalem\",\"image\":{\"@type\":\"ImageObject\",\"inLanguage\":\"en-US\",\"@id\":\"https:\\\/\\\/secure.gravatar.com\\\/avatar\\\/a06875e4b25feb5674296adf8e8a7ae1e587cebce2493fe63c456109967e27d3?s=96&d=mm&r=g\",\"url\":\"https:\\\/\\\/secure.gravatar.com\\\/avatar\\\/a06875e4b25feb5674296adf8e8a7ae1e587cebce2493fe63c456109967e27d3?s=96&d=mm&r=g\",\"contentUrl\":\"https:\\\/\\\/secure.gravatar.com\\\/avatar\\\/a06875e4b25feb5674296adf8e8a7ae1e587cebce2493fe63c456109967e27d3?s=96&d=mm&r=g\",\"caption\":\"kalem\"},\"url\":\"https:\\\/\\\/akunq.net\\\/turkish\\\/author\\\/kalem\\\/\"}]}<\/script>\n<!-- \/ Yoast SEO plugin. -->","yoast_head_json":{"title":"Bah\u00e7eli'nin namaz\u0131, Anayasa engeline tak\u0131ld\u0131Bakan G\u00fcnay: \"Toplu g\u00f6steri yapmaya kalkarsa Anayasa engeline tak\u0131l\u0131r\" - Bati Ermenistan Ve Bati Ermenileri Sorunlari Ara\u015ftirmalar Merkezi","robots":{"index":"index","follow":"follow","max-snippet":"max-snippet:-1","max-image-preview":"max-image-preview:large","max-video-preview":"max-video-preview:-1"},"canonical":"https:\/\/akunq.net\/turkish\/2010\/09\/28\/bahcelinin-namazi-anayasa-engeline-takildibakan-gunay-toplu-gosteri-yapmaya-kalkarsa-anayasa-engeline-takilir\/","og_locale":"en_US","og_type":"article","og_title":"Bah\u00e7eli'nin namaz\u0131, Anayasa engeline tak\u0131ld\u0131Bakan G\u00fcnay: \"Toplu g\u00f6steri yapmaya kalkarsa Anayasa engeline tak\u0131l\u0131r\" - Bati Ermenistan Ve Bati Ermenileri Sorunlari Ara\u015ftirmalar Merkezi","og_description":"MHP Genel Ba\u015fkan\u0131 Devlet Bah\u00e7eli&#8217;nin 40 kadar il ba\u015fkan\u0131yla 1 Ekim g\u00fcn\u00fc T\u00fcrkiye-Ermenistan s\u0131n\u0131r\u0131ndaki Ani Harabeleri&#8217;nde cuma namaz\u0131 k\u0131lmak istemesi anayasa engeline tak\u0131ld\u0131. K\u00fclt\u00fcr ve Turizm Bakan\u0131 Ertu\u011frul G\u00fcnay, MHP liderinin bu iste\u011fiyle ilgili olarak, &#8220;Toplu g\u00f6steri yapmaya kalkarsa anayasa engeline tak\u0131l\u0131r. Bireysel olarak namaz k\u0131lacaksa temiz bir mekan bulup namaz k\u0131labilir&#8221; de\u011ferlendirmesinde bulundu. K\u00fclt\u00fcr [&hellip;]","og_url":"https:\/\/akunq.net\/turkish\/2010\/09\/28\/bahcelinin-namazi-anayasa-engeline-takildibakan-gunay-toplu-gosteri-yapmaya-kalkarsa-anayasa-engeline-takilir\/","og_site_name":"Bati Ermenistan Ve Bati Ermenileri Sorunlari Ara\u015ftirmalar Merkezi","article_published_time":"2010-09-28T08:41:59+00:00","author":"kalem","twitter_card":"summary_large_image","twitter_misc":{"Written by":"kalem","Est. reading time":"1 minute"},"schema":{"@context":"https:\/\/schema.org","@graph":[{"@type":"Article","@id":"https:\/\/akunq.net\/turkish\/2010\/09\/28\/bahcelinin-namazi-anayasa-engeline-takildibakan-gunay-toplu-gosteri-yapmaya-kalkarsa-anayasa-engeline-takilir\/#article","isPartOf":{"@id":"https:\/\/akunq.net\/turkish\/2010\/09\/28\/bahcelinin-namazi-anayasa-engeline-takildibakan-gunay-toplu-gosteri-yapmaya-kalkarsa-anayasa-engeline-takilir\/"},"author":{"name":"kalem","@id":"https:\/\/akunq.net\/turkish\/#\/schema\/person\/135e7923d1aeb8887890799619969a6c"},"headline":"Bah\u00e7eli&#8217;nin namaz\u0131, Anayasa engeline tak\u0131ld\u0131Bakan G\u00fcnay: &#8220;Toplu g\u00f6steri yapmaya kalkarsa Anayasa engeline tak\u0131l\u0131r&#8221;","datePublished":"2010-09-28T08:41:59+00:00","mainEntityOfPage":{"@id":"https:\/\/akunq.net\/turkish\/2010\/09\/28\/bahcelinin-namazi-anayasa-engeline-takildibakan-gunay-toplu-gosteri-yapmaya-kalkarsa-anayasa-engeline-takilir\/"},"wordCount":215,"articleSection":["Haberler"],"inLanguage":"en-US"},{"@type":"WebPage","@id":"https:\/\/akunq.net\/turkish\/2010\/09\/28\/bahcelinin-namazi-anayasa-engeline-takildibakan-gunay-toplu-gosteri-yapmaya-kalkarsa-anayasa-engeline-takilir\/","url":"https:\/\/akunq.net\/turkish\/2010\/09\/28\/bahcelinin-namazi-anayasa-engeline-takildibakan-gunay-toplu-gosteri-yapmaya-kalkarsa-anayasa-engeline-takilir\/","name":"Bah\u00e7eli'nin namaz\u0131, Anayasa engeline tak\u0131ld\u0131Bakan G\u00fcnay: \"Toplu g\u00f6steri yapmaya kalkarsa Anayasa engeline tak\u0131l\u0131r\" - Bati Ermenistan Ve Bati Ermenileri Sorunlari Ara\u015ftirmalar Merkezi","isPartOf":{"@id":"https:\/\/akunq.net\/turkish\/#website"},"datePublished":"2010-09-28T08:41:59+00:00","author":{"@id":"https:\/\/akunq.net\/turkish\/#\/schema\/person\/135e7923d1aeb8887890799619969a6c"},"breadcrumb":{"@id":"https:\/\/akunq.net\/turkish\/2010\/09\/28\/bahcelinin-namazi-anayasa-engeline-takildibakan-gunay-toplu-gosteri-yapmaya-kalkarsa-anayasa-engeline-takilir\/#breadcrumb"},"inLanguage":"en-US","potentialAction":[{"@type":"ReadAction","target":["https:\/\/akunq.net\/turkish\/2010\/09\/28\/bahcelinin-namazi-anayasa-engeline-takildibakan-gunay-toplu-gosteri-yapmaya-kalkarsa-anayasa-engeline-takilir\/"]}]},{"@type":"BreadcrumbList","@id":"https:\/\/akunq.net\/turkish\/2010\/09\/28\/bahcelinin-namazi-anayasa-engeline-takildibakan-gunay-toplu-gosteri-yapmaya-kalkarsa-anayasa-engeline-takilir\/#breadcrumb","itemListElement":[{"@type":"ListItem","position":1,"name":"Home","item":"https:\/\/akunq.net\/turkish\/"},{"@type":"ListItem","position":2,"name":"Bah\u00e7eli&#8217;nin namaz\u0131, Anayasa engeline tak\u0131ld\u0131Bakan G\u00fcnay: &#8220;Toplu g\u00f6steri yapmaya kalkarsa Anayasa engeline tak\u0131l\u0131r&#8221;"}]},{"@type":"WebSite","@id":"https:\/\/akunq.net\/turkish\/#website","url":"https:\/\/akunq.net\/turkish\/","name":"Bati Ermenistan Ve Bati Ermenileri Sorunlari Ara\u015ftirmalar Merkezi","description":"","potentialAction":[{"@type":"SearchAction","target":{"@type":"EntryPoint","urlTemplate":"https:\/\/akunq.net\/turkish\/?s={search_term_string}"},"query-input":{"@type":"PropertyValueSpecification","valueRequired":true,"valueName":"search_term_string"}}],"inLanguage":"en-US"},{"@type":"Person","@id":"https:\/\/akunq.net\/turkish\/#\/schema\/person\/135e7923d1aeb8887890799619969a6c","name":"kalem","image":{"@type":"ImageObject","inLanguage":"en-US","@id":"https:\/\/secure.gravatar.com\/avatar\/a06875e4b25feb5674296adf8e8a7ae1e587cebce2493fe63c456109967e27d3?s=96&d=mm&r=g","url":"https:\/\/secure.gravatar.com\/avatar\/a06875e4b25feb5674296adf8e8a7ae1e587cebce2493fe63c456109967e27d3?s=96&d=mm&r=g","contentUrl":"https:\/\/secure.gravatar.com\/avatar\/a06875e4b25feb5674296adf8e8a7ae1e587cebce2493fe63c456109967e27d3?s=96&d=mm&r=g","caption":"kalem"},"url":"https:\/\/akunq.net\/turkish\/author\/kalem\/"}]}},"_links":{"self":[{"href":"https:\/\/akunq.net\/turkish\/wp-json\/wp\/v2\/posts\/2135","targetHints":{"allow":["GET"]}}],"collection":[{"href":"https:\/\/akunq.net\/turkish\/wp-json\/wp\/v2\/posts"}],"about":[{"href":"https:\/\/akunq.net\/turkish\/wp-json\/wp\/v2\/types\/post"}],"author":[{"embeddable":true,"href":"https:\/\/akunq.net\/turkish\/wp-json\/wp\/v2\/users\/3"}],"replies":[{"embeddable":true,"href":"https:\/\/akunq.net\/turkish\/wp-json\/wp\/v2\/comments?post=2135"}],"version-history":[{"count":0,"href":"https:\/\/akunq.net\/turkish\/wp-json\/wp\/v2\/posts\/2135\/revisions"}],"wp:attachment":[{"href":"https:\/\/akunq.net\/turkish\/wp-json\/wp\/v2\/media?parent=2135"}],"wp:term":[{"taxonomy":"category","embeddable":true,"href":"https:\/\/akunq.net\/turkish\/wp-json\/wp\/v2\/categories?post=2135"},{"taxonomy":"post_tag","embeddable":true,"href":"https:\/\/akunq.net\/turkish\/wp-json\/wp\/v2\/tags?post=2135"}],"curies":[{"name":"wp","href":"https:\/\/api.w.org\/{rel}","templated":true}]}}