{"id":2133,"date":"2010-09-27T04:58:41","date_gmt":"2010-09-27T09:58:41","guid":{"rendered":"http:\/\/akunq.net\/tr\/?p=2133"},"modified":"2010-09-27T04:58:41","modified_gmt":"2010-09-27T09:58:41","slug":"akdamara-karsilik-anide-namaz-kilacak","status":"publish","type":"post","link":"https:\/\/akunq.net\/turkish\/2010\/09\/27\/akdamara-karsilik-anide-namaz-kilacak\/","title":{"rendered":"Akdamar`a kar\u015f\u0131l\u0131k Ani`de namaz k\u0131lacak"},"content":{"rendered":"<p style=\"text-align: justify\"><strong><em>Akdamar`da yap\u0131lan ayine tepki g\u00f6steren Devlet Bah\u00e7eli, Meclis`in a\u00e7\u0131laca\u011f\u0131 1 Ekim`de Kars`a gidip Ani Harabeleri`nde, katedralden camiye \u00e7evrilen Fethiye Camisi`nde cuma namaz\u0131 k\u0131lacak.<\/em><\/strong><\/p>\n<p style=\"text-align: justify\">MHP lideri Devlet Bah\u00e7eli, Ermenilere Van Akdamar Kilisesi`nde ayin yapt\u0131r\u0131lmas\u0131na kar\u015f\u0131l\u0131k vermeye haz\u0131rlan\u0131yor. Meclis`in a\u00e7\u0131laca\u011f\u0131 1 Ekim`de Bah\u00e7eli, TBMM Genel Kurulu`nda de\u011fil, Kars Ani Harabeleri`nde olacak. Bah\u00e7eli, Alparslan taraf\u0131ndan 1064`te fethedilerek katedralden camiye \u00e7evrilen Fethiye Camisi`nde Cuma namaz\u0131 k\u0131lacak. MHP`nin \u0130l Ba\u015fkanlar\u0131 ve MYK toplant\u0131s\u0131 Genel Merkez`de yap\u0131ld\u0131. Bas\u0131na kapal\u0131 olarak yap\u0131lan toplant\u0131da se\u00e7im i\u00e7in start verildi. Bir saate yak\u0131n s\u00fcren konu\u015fmas\u0131nda il ba\u015fkanlar\u0131na referandum s\u00fcrecindeki \u00e7al\u0131\u015fmalar\u0131 nedeniyle te\u015fekk\u00fcr eden Bah\u00e7eli, medya ve h\u00fck\u00fcmetin, `MHP taban\u0131n\u0131n evet oyu verdi\u011fi` g\u00f6r\u00fcnt\u00fcs\u00fc yayd\u0131\u011f\u0131n\u0131 ancak bunun do\u011fru olmad\u0131\u011f\u0131n\u0131 s\u00f6yledi. H\u00fck\u00fcmetin, devletin b\u00fct\u00fcn imkanlar\u0131n\u0131 kullanarak bask\u0131 yapmas\u0131na ra\u011fmen yine de y\u00fczde 42`lik bir oranla 15 milyon insan\u0131n anayasa de\u011fi\u015fikli\u011fine `hay\u0131r` dedi\u011fine dikkat \u00e7eken Bah\u00e7eli, `Her \u015feye ra\u011fmen direnebilen bu y\u00fczde 42`lik kitle var oldu\u011fu s\u00fcrece, devleti y\u0131kmaya, \u00fclkeyi b\u00f6lmeye kimsenin g\u00fcc\u00fc yetmeyecektir` dedi. MHP`nin bundan sonraki hedefinin genel se\u00e7im oldu\u011funa vurgulayan Bah\u00e7eli, il ba\u015fkanlar\u0131ndan se\u00e7im i\u00e7in \u00e7al\u0131\u015fmalar\u0131n\u0131, herkesi kucaklamalar\u0131n\u0131 ve iktidar\u0131n yanl\u0131\u015flar\u0131 ile kendilerinin yapmak istediklerini, parti ayr\u0131m\u0131 g\u00f6zetmeksizin b\u00fct\u00fcn vatanda\u015flara anlatmalar\u0131n\u0131 istedi. Se\u00e7imden \u00f6nce ter\u00f6r \u00f6rg\u00fct\u00fc ve siyasi uzant\u0131lar\u0131 ile h\u00fck\u00fcmet aras\u0131nda g\u00f6r\u00fc\u015fmeler yap\u0131ld\u0131\u011f\u0131n\u0131 kamuoyuna duyurduklar\u0131n\u0131 an\u0131msatan Bah\u00e7eli, `Bizim propaganda s\u00fcrecinde s\u00f6ylediklerimizin do\u011fru oldu\u011fu bir hafta i\u00e7inde ortaya \u00e7\u0131kt\u0131` dedi. H\u00fck\u00fcmet ile BDP aras\u0131nda yap\u0131lan g\u00f6r\u00fc\u015fmeye i\u015faret eden Bah\u00e7eli, `Ya\u015fananlar\u0131 medyada `eski \u00dclk\u00fcc\u00fc` olarak tan\u0131nan ve taban\u0131m\u0131z\u0131 yanl\u0131\u015f y\u00f6nlendirmek isteyenler de g\u00f6rs\u00fcn` dedi.<\/p>\n<p><strong><em>1 EK\u0130M`DE KARS`TA<\/em><\/strong><\/p>\n<p style=\"text-align: justify\">MHP`nin yeni bir anaya yap\u0131lmas\u0131na kar\u015f\u0131 olmad\u0131\u011f\u0131n\u0131 ifade eden Bah\u00e7eli, `Biz bunu s\u00fcrekli savunuyoruz. Ama T\u00fcrk s\u00f6z\u00fcn\u00fcn anayasadan \u00e7\u0131kar\u0131lmas\u0131n\u0131, vatanda\u015fl\u0131k tan\u0131m\u0131n\u0131n de\u011fi\u015ftirilmesini, T\u00fcrkiye Cumhuriyeti`nin \u00fcniter yap\u0131s\u0131n\u0131n bozulmas\u0131n\u0131 ve de\u011fi\u015fmez maddeleri suland\u0131racak de\u011fi\u015fiklikleri kabul edemeyiz` diye konu\u015ftu. Bah\u00e7eli iktidar\u0131n kendilerini Sivas-Gavurda\u011f\u0131 \u00e7izgisinin \u00f6tesine gidemiyor g\u00f6sterdi\u011fini de hat\u0131rlatarak ilgin\u00e7 bir haber verdi. MHP`nin `gidemiyor` denilen b\u00f6lgeye gidece\u011fini ve her yerde olaca\u011f\u0131n\u0131 belirten Bah\u00e7eli, Kars`taki Ani Harabeleri`ni ziyaret edece\u011fini s\u00f6yledi. Alparslan taraf\u0131ndan katedralden d\u00f6n\u00fc\u015ft\u00fcr\u00fclerek Fethiye Camisi ad\u0131n\u0131 alan camide Cuma namaz\u0131n\u0131 k\u0131laca\u011f\u0131n\u0131 belirten Bah\u00e7eli`nin verdi\u011fi bu haber il ba\u015fkanlar\u0131 taraf\u0131ndan uzun s\u00fcre ayakta alk\u0131\u015fland\u0131. Bah\u00e7eli, `Meclis`in a\u00e7\u0131ld\u0131\u011f\u0131 1 Ekim g\u00fcn\u00fc, ben orada olaca\u011f\u0131m` dedi.<\/p>\n<p style=\"text-align: justify\"><strong>Kaynak:<\/strong> sabah.com.tr<br \/>\n<strong>Tarih:<\/strong> 26.9.2010<\/p>\n","protected":false},"excerpt":{"rendered":"<p>Akdamar`da yap\u0131lan ayine tepki g\u00f6steren Devlet Bah\u00e7eli, Meclis`in a\u00e7\u0131laca\u011f\u0131 1 Ekim`de Kars`a gidip Ani Harabeleri`nde, katedralden camiye \u00e7evrilen Fethiye Camisi`nde cuma namaz\u0131 k\u0131lacak. MHP lideri Devlet Bah\u00e7eli, Ermenilere Van Akdamar Kilisesi`nde ayin yapt\u0131r\u0131lmas\u0131na kar\u015f\u0131l\u0131k vermeye haz\u0131rlan\u0131yor. Meclis`in a\u00e7\u0131laca\u011f\u0131 1 Ekim`de Bah\u00e7eli, TBMM Genel Kurulu`nda de\u011fil, Kars Ani Harabeleri`nde olacak. Bah\u00e7eli, Alparslan taraf\u0131ndan 1064`te fethedilerek katedralden [&hellip;]<\/p>\n","protected":false},"author":3,"featured_media":0,"comment_status":"closed","ping_status":"open","sticky":false,"template":"","format":"standard","meta":{"footnotes":""},"categories":[14],"tags":[],"class_list":["post-2133","post","type-post","status-publish","format-standard","hentry","category-haberler"],"yoast_head":"<!-- This site is optimized with the Yoast SEO plugin v27.4 - https:\/\/yoast.com\/product\/yoast-seo-wordpress\/ -->\n<title>Akdamar`a kar\u015f\u0131l\u0131k Ani`de namaz k\u0131lacak - Bati Ermenistan Ve Bati Ermenileri Sorunlari Ara\u015ftirmalar Merkezi<\/title>\n<meta name=\"robots\" content=\"index, follow, max-snippet:-1, max-image-preview:large, max-video-preview:-1\" \/>\n<link rel=\"canonical\" href=\"https:\/\/akunq.net\/turkish\/2010\/09\/27\/akdamara-karsilik-anide-namaz-kilacak\/\" \/>\n<meta property=\"og:locale\" content=\"en_US\" \/>\n<meta property=\"og:type\" content=\"article\" \/>\n<meta property=\"og:title\" content=\"Akdamar`a kar\u015f\u0131l\u0131k Ani`de namaz k\u0131lacak - Bati Ermenistan Ve Bati Ermenileri Sorunlari Ara\u015ftirmalar Merkezi\" \/>\n<meta property=\"og:description\" content=\"Akdamar`da yap\u0131lan ayine tepki g\u00f6steren Devlet Bah\u00e7eli, Meclis`in a\u00e7\u0131laca\u011f\u0131 1 Ekim`de Kars`a gidip Ani Harabeleri`nde, katedralden camiye \u00e7evrilen Fethiye Camisi`nde cuma namaz\u0131 k\u0131lacak. MHP lideri Devlet Bah\u00e7eli, Ermenilere Van Akdamar Kilisesi`nde ayin yapt\u0131r\u0131lmas\u0131na kar\u015f\u0131l\u0131k vermeye haz\u0131rlan\u0131yor. Meclis`in a\u00e7\u0131laca\u011f\u0131 1 Ekim`de Bah\u00e7eli, TBMM Genel Kurulu`nda de\u011fil, Kars Ani Harabeleri`nde olacak. Bah\u00e7eli, Alparslan taraf\u0131ndan 1064`te fethedilerek katedralden [&hellip;]\" \/>\n<meta property=\"og:url\" content=\"https:\/\/akunq.net\/turkish\/2010\/09\/27\/akdamara-karsilik-anide-namaz-kilacak\/\" \/>\n<meta property=\"og:site_name\" content=\"Bati Ermenistan Ve Bati Ermenileri Sorunlari Ara\u015ftirmalar Merkezi\" \/>\n<meta property=\"article:published_time\" content=\"2010-09-27T09:58:41+00:00\" \/>\n<meta name=\"author\" content=\"kalem\" \/>\n<meta name=\"twitter:card\" content=\"summary_large_image\" \/>\n<meta name=\"twitter:label1\" content=\"Written by\" \/>\n\t<meta name=\"twitter:data1\" content=\"kalem\" \/>\n\t<meta name=\"twitter:label2\" content=\"Est. reading time\" \/>\n\t<meta name=\"twitter:data2\" content=\"3 minutes\" \/>\n<script type=\"application\/ld+json\" class=\"yoast-schema-graph\">{\"@context\":\"https:\\\/\\\/schema.org\",\"@graph\":[{\"@type\":\"Article\",\"@id\":\"https:\\\/\\\/akunq.net\\\/turkish\\\/2010\\\/09\\\/27\\\/akdamara-karsilik-anide-namaz-kilacak\\\/#article\",\"isPartOf\":{\"@id\":\"https:\\\/\\\/akunq.net\\\/turkish\\\/2010\\\/09\\\/27\\\/akdamara-karsilik-anide-namaz-kilacak\\\/\"},\"author\":{\"name\":\"kalem\",\"@id\":\"https:\\\/\\\/akunq.net\\\/turkish\\\/#\\\/schema\\\/person\\\/135e7923d1aeb8887890799619969a6c\"},\"headline\":\"Akdamar`a kar\u015f\u0131l\u0131k Ani`de namaz k\u0131lacak\",\"datePublished\":\"2010-09-27T09:58:41+00:00\",\"mainEntityOfPage\":{\"@id\":\"https:\\\/\\\/akunq.net\\\/turkish\\\/2010\\\/09\\\/27\\\/akdamara-karsilik-anide-namaz-kilacak\\\/\"},\"wordCount\":556,\"articleSection\":[\"Haberler\"],\"inLanguage\":\"en-US\"},{\"@type\":\"WebPage\",\"@id\":\"https:\\\/\\\/akunq.net\\\/turkish\\\/2010\\\/09\\\/27\\\/akdamara-karsilik-anide-namaz-kilacak\\\/\",\"url\":\"https:\\\/\\\/akunq.net\\\/turkish\\\/2010\\\/09\\\/27\\\/akdamara-karsilik-anide-namaz-kilacak\\\/\",\"name\":\"Akdamar`a kar\u015f\u0131l\u0131k Ani`de namaz k\u0131lacak - Bati Ermenistan Ve Bati Ermenileri Sorunlari Ara\u015ftirmalar Merkezi\",\"isPartOf\":{\"@id\":\"https:\\\/\\\/akunq.net\\\/turkish\\\/#website\"},\"datePublished\":\"2010-09-27T09:58:41+00:00\",\"author\":{\"@id\":\"https:\\\/\\\/akunq.net\\\/turkish\\\/#\\\/schema\\\/person\\\/135e7923d1aeb8887890799619969a6c\"},\"breadcrumb\":{\"@id\":\"https:\\\/\\\/akunq.net\\\/turkish\\\/2010\\\/09\\\/27\\\/akdamara-karsilik-anide-namaz-kilacak\\\/#breadcrumb\"},\"inLanguage\":\"en-US\",\"potentialAction\":[{\"@type\":\"ReadAction\",\"target\":[\"https:\\\/\\\/akunq.net\\\/turkish\\\/2010\\\/09\\\/27\\\/akdamara-karsilik-anide-namaz-kilacak\\\/\"]}]},{\"@type\":\"BreadcrumbList\",\"@id\":\"https:\\\/\\\/akunq.net\\\/turkish\\\/2010\\\/09\\\/27\\\/akdamara-karsilik-anide-namaz-kilacak\\\/#breadcrumb\",\"itemListElement\":[{\"@type\":\"ListItem\",\"position\":1,\"name\":\"Home\",\"item\":\"https:\\\/\\\/akunq.net\\\/turkish\\\/\"},{\"@type\":\"ListItem\",\"position\":2,\"name\":\"Akdamar`a kar\u015f\u0131l\u0131k Ani`de namaz k\u0131lacak\"}]},{\"@type\":\"WebSite\",\"@id\":\"https:\\\/\\\/akunq.net\\\/turkish\\\/#website\",\"url\":\"https:\\\/\\\/akunq.net\\\/turkish\\\/\",\"name\":\"Bati Ermenistan Ve Bati Ermenileri Sorunlari Ara\u015ftirmalar Merkezi\",\"description\":\"\",\"potentialAction\":[{\"@type\":\"SearchAction\",\"target\":{\"@type\":\"EntryPoint\",\"urlTemplate\":\"https:\\\/\\\/akunq.net\\\/turkish\\\/?s={search_term_string}\"},\"query-input\":{\"@type\":\"PropertyValueSpecification\",\"valueRequired\":true,\"valueName\":\"search_term_string\"}}],\"inLanguage\":\"en-US\"},{\"@type\":\"Person\",\"@id\":\"https:\\\/\\\/akunq.net\\\/turkish\\\/#\\\/schema\\\/person\\\/135e7923d1aeb8887890799619969a6c\",\"name\":\"kalem\",\"image\":{\"@type\":\"ImageObject\",\"inLanguage\":\"en-US\",\"@id\":\"https:\\\/\\\/secure.gravatar.com\\\/avatar\\\/a06875e4b25feb5674296adf8e8a7ae1e587cebce2493fe63c456109967e27d3?s=96&d=mm&r=g\",\"url\":\"https:\\\/\\\/secure.gravatar.com\\\/avatar\\\/a06875e4b25feb5674296adf8e8a7ae1e587cebce2493fe63c456109967e27d3?s=96&d=mm&r=g\",\"contentUrl\":\"https:\\\/\\\/secure.gravatar.com\\\/avatar\\\/a06875e4b25feb5674296adf8e8a7ae1e587cebce2493fe63c456109967e27d3?s=96&d=mm&r=g\",\"caption\":\"kalem\"},\"url\":\"https:\\\/\\\/akunq.net\\\/turkish\\\/author\\\/kalem\\\/\"}]}<\/script>\n<!-- \/ Yoast SEO plugin. -->","yoast_head_json":{"title":"Akdamar`a kar\u015f\u0131l\u0131k Ani`de namaz k\u0131lacak - Bati Ermenistan Ve Bati Ermenileri Sorunlari Ara\u015ftirmalar Merkezi","robots":{"index":"index","follow":"follow","max-snippet":"max-snippet:-1","max-image-preview":"max-image-preview:large","max-video-preview":"max-video-preview:-1"},"canonical":"https:\/\/akunq.net\/turkish\/2010\/09\/27\/akdamara-karsilik-anide-namaz-kilacak\/","og_locale":"en_US","og_type":"article","og_title":"Akdamar`a kar\u015f\u0131l\u0131k Ani`de namaz k\u0131lacak - Bati Ermenistan Ve Bati Ermenileri Sorunlari Ara\u015ftirmalar Merkezi","og_description":"Akdamar`da yap\u0131lan ayine tepki g\u00f6steren Devlet Bah\u00e7eli, Meclis`in a\u00e7\u0131laca\u011f\u0131 1 Ekim`de Kars`a gidip Ani Harabeleri`nde, katedralden camiye \u00e7evrilen Fethiye Camisi`nde cuma namaz\u0131 k\u0131lacak. MHP lideri Devlet Bah\u00e7eli, Ermenilere Van Akdamar Kilisesi`nde ayin yapt\u0131r\u0131lmas\u0131na kar\u015f\u0131l\u0131k vermeye haz\u0131rlan\u0131yor. Meclis`in a\u00e7\u0131laca\u011f\u0131 1 Ekim`de Bah\u00e7eli, TBMM Genel Kurulu`nda de\u011fil, Kars Ani Harabeleri`nde olacak. Bah\u00e7eli, Alparslan taraf\u0131ndan 1064`te fethedilerek katedralden [&hellip;]","og_url":"https:\/\/akunq.net\/turkish\/2010\/09\/27\/akdamara-karsilik-anide-namaz-kilacak\/","og_site_name":"Bati Ermenistan Ve Bati Ermenileri Sorunlari Ara\u015ftirmalar Merkezi","article_published_time":"2010-09-27T09:58:41+00:00","author":"kalem","twitter_card":"summary_large_image","twitter_misc":{"Written by":"kalem","Est. reading time":"3 minutes"},"schema":{"@context":"https:\/\/schema.org","@graph":[{"@type":"Article","@id":"https:\/\/akunq.net\/turkish\/2010\/09\/27\/akdamara-karsilik-anide-namaz-kilacak\/#article","isPartOf":{"@id":"https:\/\/akunq.net\/turkish\/2010\/09\/27\/akdamara-karsilik-anide-namaz-kilacak\/"},"author":{"name":"kalem","@id":"https:\/\/akunq.net\/turkish\/#\/schema\/person\/135e7923d1aeb8887890799619969a6c"},"headline":"Akdamar`a kar\u015f\u0131l\u0131k Ani`de namaz k\u0131lacak","datePublished":"2010-09-27T09:58:41+00:00","mainEntityOfPage":{"@id":"https:\/\/akunq.net\/turkish\/2010\/09\/27\/akdamara-karsilik-anide-namaz-kilacak\/"},"wordCount":556,"articleSection":["Haberler"],"inLanguage":"en-US"},{"@type":"WebPage","@id":"https:\/\/akunq.net\/turkish\/2010\/09\/27\/akdamara-karsilik-anide-namaz-kilacak\/","url":"https:\/\/akunq.net\/turkish\/2010\/09\/27\/akdamara-karsilik-anide-namaz-kilacak\/","name":"Akdamar`a kar\u015f\u0131l\u0131k Ani`de namaz k\u0131lacak - Bati Ermenistan Ve Bati Ermenileri Sorunlari Ara\u015ftirmalar Merkezi","isPartOf":{"@id":"https:\/\/akunq.net\/turkish\/#website"},"datePublished":"2010-09-27T09:58:41+00:00","author":{"@id":"https:\/\/akunq.net\/turkish\/#\/schema\/person\/135e7923d1aeb8887890799619969a6c"},"breadcrumb":{"@id":"https:\/\/akunq.net\/turkish\/2010\/09\/27\/akdamara-karsilik-anide-namaz-kilacak\/#breadcrumb"},"inLanguage":"en-US","potentialAction":[{"@type":"ReadAction","target":["https:\/\/akunq.net\/turkish\/2010\/09\/27\/akdamara-karsilik-anide-namaz-kilacak\/"]}]},{"@type":"BreadcrumbList","@id":"https:\/\/akunq.net\/turkish\/2010\/09\/27\/akdamara-karsilik-anide-namaz-kilacak\/#breadcrumb","itemListElement":[{"@type":"ListItem","position":1,"name":"Home","item":"https:\/\/akunq.net\/turkish\/"},{"@type":"ListItem","position":2,"name":"Akdamar`a kar\u015f\u0131l\u0131k Ani`de namaz k\u0131lacak"}]},{"@type":"WebSite","@id":"https:\/\/akunq.net\/turkish\/#website","url":"https:\/\/akunq.net\/turkish\/","name":"Bati Ermenistan Ve Bati Ermenileri Sorunlari Ara\u015ftirmalar Merkezi","description":"","potentialAction":[{"@type":"SearchAction","target":{"@type":"EntryPoint","urlTemplate":"https:\/\/akunq.net\/turkish\/?s={search_term_string}"},"query-input":{"@type":"PropertyValueSpecification","valueRequired":true,"valueName":"search_term_string"}}],"inLanguage":"en-US"},{"@type":"Person","@id":"https:\/\/akunq.net\/turkish\/#\/schema\/person\/135e7923d1aeb8887890799619969a6c","name":"kalem","image":{"@type":"ImageObject","inLanguage":"en-US","@id":"https:\/\/secure.gravatar.com\/avatar\/a06875e4b25feb5674296adf8e8a7ae1e587cebce2493fe63c456109967e27d3?s=96&d=mm&r=g","url":"https:\/\/secure.gravatar.com\/avatar\/a06875e4b25feb5674296adf8e8a7ae1e587cebce2493fe63c456109967e27d3?s=96&d=mm&r=g","contentUrl":"https:\/\/secure.gravatar.com\/avatar\/a06875e4b25feb5674296adf8e8a7ae1e587cebce2493fe63c456109967e27d3?s=96&d=mm&r=g","caption":"kalem"},"url":"https:\/\/akunq.net\/turkish\/author\/kalem\/"}]}},"_links":{"self":[{"href":"https:\/\/akunq.net\/turkish\/wp-json\/wp\/v2\/posts\/2133","targetHints":{"allow":["GET"]}}],"collection":[{"href":"https:\/\/akunq.net\/turkish\/wp-json\/wp\/v2\/posts"}],"about":[{"href":"https:\/\/akunq.net\/turkish\/wp-json\/wp\/v2\/types\/post"}],"author":[{"embeddable":true,"href":"https:\/\/akunq.net\/turkish\/wp-json\/wp\/v2\/users\/3"}],"replies":[{"embeddable":true,"href":"https:\/\/akunq.net\/turkish\/wp-json\/wp\/v2\/comments?post=2133"}],"version-history":[{"count":0,"href":"https:\/\/akunq.net\/turkish\/wp-json\/wp\/v2\/posts\/2133\/revisions"}],"wp:attachment":[{"href":"https:\/\/akunq.net\/turkish\/wp-json\/wp\/v2\/media?parent=2133"}],"wp:term":[{"taxonomy":"category","embeddable":true,"href":"https:\/\/akunq.net\/turkish\/wp-json\/wp\/v2\/categories?post=2133"},{"taxonomy":"post_tag","embeddable":true,"href":"https:\/\/akunq.net\/turkish\/wp-json\/wp\/v2\/tags?post=2133"}],"curies":[{"name":"wp","href":"https:\/\/api.w.org\/{rel}","templated":true}]}}