{"id":2120,"date":"2010-09-27T03:26:52","date_gmt":"2010-09-27T08:26:52","guid":{"rendered":"http:\/\/akunq.net\/tr\/?p=2120"},"modified":"2010-09-27T03:26:52","modified_gmt":"2010-09-27T08:26:52","slug":"alman-bakandan-turkiyeye-azinliklar-cagrisi","status":"publish","type":"post","link":"https:\/\/akunq.net\/turkish\/2010\/09\/27\/alman-bakandan-turkiyeye-azinliklar-cagrisi\/","title":{"rendered":"Alman bakandan T\u00fcrkiye&#8217;ye az\u0131nl\u0131klar \u00e7a\u011fr\u0131s\u0131"},"content":{"rendered":"<p style=\"text-align: justify\"><strong><em>Almanya \u0130\u00e7i\u015fleri Bakan\u0131 Thomas de Maiziere, T\u00fcrkiye\u2019ye yapt\u0131\u011f\u0131 iki g\u00fcnl\u00fck ziyarette H\u0131ristiyan az\u0131nl\u0131klar\u0131n temsilcileriyle g\u00f6r\u00fc\u015ft\u00fc. Yap\u0131lan g\u00f6r\u00fc\u015fmeler az\u0131nl\u0131k cemaatlerin haklar\u0131n\u0131 g\u00fc\u00e7lendirmeyi ama\u00e7l\u0131yordu<\/em>.<\/strong><\/p>\n<p style=\"text-align: justify\">De Maiziere T\u00fcrkiye ziyareti s\u0131ras\u0131nda farkl\u0131 az\u0131nl\u0131k H\u0131ristiyan gruplar\u0131n liderleriyle g\u00f6r\u00fc\u015ft\u00fc.\u00a0<\/p>\n<p style=\"text-align: justify\">Rum Ortodoks, S\u00fcryani Ortodoks ve Protestan kiliselerinin temsilcileriyle <a title=\"\u0130stanbul\" href=\"http:\/\/www.hurriyet.com.tr\/index\/istanbul\/\" target=\"_blank\">\u0130stanbul<\/a>\u2019da yap\u0131lan g\u00f6r\u00fc\u015fmelerin g\u00fcndeminin bir numaras\u0131nda az\u0131nl\u0131klara daha fazla hak verilmesi yer al\u0131yordu.<\/p>\n<p style=\"text-align: justify\">T\u00fcrkiye\u2019de h\u00fck\u00fcmet son y\u0131llarda az\u0131nl\u0131klar\u0131n haklar\u0131n\u0131n g\u00fc\u00e7lendirilmesi y\u00f6n\u00fcnde \u00f6nemli ad\u0131mlar att\u0131.\u00a0<\/p>\n<p style=\"text-align: justify\">De Maiziere, <a title=\"\u0130stanbul\" href=\"http:\/\/www.hurriyet.com.tr\/index\/istanbul\/\" target=\"_blank\">\u0130stanbul<\/a>\u2019da bir Alman radyo kanal\u0131na yapt\u0131\u011f\u0131 a\u00e7\u0131klamalarda \u201cilerleme\u201d kaydedildi\u011fini ancak daha fazla \u015fey yap\u0131lmas\u0131 gerekti\u011fini s\u00f6yledi.<\/p>\n<p style=\"text-align: justify\">Almanya \u0130\u00e7i\u015fleri Bakan\u0131, \u201c\u0130lerlemenin ard\u0131ndan faaliyetler gelece\u011fini umuyoruz\u201d derken, bu faaliyetlere kapat\u0131lan din adam\u0131 yeti\u015ftiren okullar\u0131n s\u0131f\u0131rdan ya da yeniden a\u00e7\u0131lmas\u0131n\u0131 \u00f6rnek g\u00f6sterdi.<\/p>\n<p style=\"text-align: justify\"><strong>HEYBEL\u0130ADA RUHBAN OKULU MESELES\u0130<\/strong><\/p>\n<p style=\"text-align: justify\">S\u00f6z konusu okullar\u0131n ba\u015f\u0131nda 1971 y\u0131l\u0131nda kapat\u0131lan ancak orada ya\u015fayan papazlar\u0131n a\u00e7\u0131l\u0131\u015fa haz\u0131r halde tuttuklar\u0131 Heybeliada Ruhban Okulu geliyor. E\u011fer karar \u00e7\u0131karsa okul birka\u00e7 ay i\u00e7inde a\u00e7\u0131labilir. Dolay\u0131s\u0131yla \u015fu an <a title=\"Ankara\" href=\"http:\/\/www.hurriyet.com.tr\/index\/Ankara\/\" target=\"_blank\">Ankara<\/a>\u2019n\u0131n ye\u015fil \u0131\u015f\u0131k yakmas\u0131 bekleniyor.<\/p>\n<p style=\"text-align: justify\">T\u00fcrkiye n\u00fcfusunun \u00e7o\u011funlu\u011fu M\u00fcsl\u00fcman olan laik bir \u00fclke. Ancak \u00fclke ge\u00e7mi\u015fte dini az\u0131nl\u0131klar\u0131n haklar\u0131n\u0131 korumamakla su\u00e7lanm\u0131\u015ft\u0131. De Maiziere ziyareti s\u0131ras\u0131nda dini ifade \u00f6zg\u00fcrl\u00fc\u011f\u00fcn\u00fcn, \u00f6zellikle Avrupa Birli\u011fi\u2019ne \u00fcye olma \u00e7abas\u0131ndaki T\u00fcrkiye i\u00e7in \u00f6neminin alt\u0131n\u0131 \u00e7izdi.<\/p>\n<p style=\"text-align: justify\">\u201cBu \u00f6zg\u00fcrl\u00fck sadece bireylerin ibadetini de\u011fil, ayn\u0131 zamanda ibadet yerlerinin kurulmas\u0131n\u0131 ve in\u015fa edilmesini, din e\u011fitimini ve dinleraras\u0131 diyalogu da kaps\u0131yor\u201d diyen de Maiziere ziyareti s\u0131ras\u0131nda Diyanet \u0130\u015fleri Ba\u015fkan\u0131 Ali Bardako\u011flu ile de g\u00f6r\u00fc\u015fecek.<\/p>\n<p style=\"text-align: justify\">T\u00fcrk siyasetinin en \u0131l\u0131ml\u0131 isimlerinden biri olan Bardako\u011flu, H\u0131ristiyan az\u0131nl\u0131\u011fa y\u00f6nelik bir\u00e7ok uzla\u015fma ad\u0131mlar\u0131 att\u0131.<\/p>\n<p style=\"text-align: justify\"><em>26.09. 2010<\/em><\/p>\n<p style=\"text-align: justify\"><em>Hurriyet<\/em><\/p>\n<p style=\"text-align: justify\"><a href=\"http:\/\/www.hurriyet.com.tr\/planet\/15859342.asp?gid=286\">http:\/\/www.hurriyet.com.tr\/planet\/15859342.asp?gid=286<\/a><\/p>\n","protected":false},"excerpt":{"rendered":"<p>Almanya \u0130\u00e7i\u015fleri Bakan\u0131 Thomas de Maiziere, T\u00fcrkiye\u2019ye yapt\u0131\u011f\u0131 iki g\u00fcnl\u00fck ziyarette H\u0131ristiyan az\u0131nl\u0131klar\u0131n temsilcileriyle g\u00f6r\u00fc\u015ft\u00fc. Yap\u0131lan g\u00f6r\u00fc\u015fmeler az\u0131nl\u0131k cemaatlerin haklar\u0131n\u0131 g\u00fc\u00e7lendirmeyi ama\u00e7l\u0131yordu. De Maiziere T\u00fcrkiye ziyareti s\u0131ras\u0131nda farkl\u0131 az\u0131nl\u0131k H\u0131ristiyan gruplar\u0131n liderleriyle g\u00f6r\u00fc\u015ft\u00fc.\u00a0 Rum Ortodoks, S\u00fcryani Ortodoks ve Protestan kiliselerinin temsilcileriyle \u0130stanbul\u2019da yap\u0131lan g\u00f6r\u00fc\u015fmelerin g\u00fcndeminin bir numaras\u0131nda az\u0131nl\u0131klara daha fazla hak verilmesi yer al\u0131yordu. T\u00fcrkiye\u2019de [&hellip;]<\/p>\n","protected":false},"author":3,"featured_media":0,"comment_status":"closed","ping_status":"open","sticky":false,"template":"","format":"standard","meta":{"footnotes":""},"categories":[14],"tags":[],"class_list":["post-2120","post","type-post","status-publish","format-standard","hentry","category-haberler"],"yoast_head":"<!-- This site is optimized with the Yoast SEO plugin v27.4 - https:\/\/yoast.com\/product\/yoast-seo-wordpress\/ -->\n<title>Alman bakandan T\u00fcrkiye&#039;ye az\u0131nl\u0131klar \u00e7a\u011fr\u0131s\u0131 - Bati Ermenistan Ve Bati Ermenileri Sorunlari Ara\u015ftirmalar Merkezi<\/title>\n<meta name=\"robots\" content=\"index, follow, max-snippet:-1, max-image-preview:large, max-video-preview:-1\" \/>\n<link rel=\"canonical\" href=\"https:\/\/akunq.net\/turkish\/2010\/09\/27\/alman-bakandan-turkiyeye-azinliklar-cagrisi\/\" \/>\n<meta property=\"og:locale\" content=\"en_US\" \/>\n<meta property=\"og:type\" content=\"article\" \/>\n<meta property=\"og:title\" content=\"Alman bakandan T\u00fcrkiye&#039;ye az\u0131nl\u0131klar \u00e7a\u011fr\u0131s\u0131 - Bati Ermenistan Ve Bati Ermenileri Sorunlari Ara\u015ftirmalar Merkezi\" \/>\n<meta property=\"og:description\" content=\"Almanya \u0130\u00e7i\u015fleri Bakan\u0131 Thomas de Maiziere, T\u00fcrkiye\u2019ye yapt\u0131\u011f\u0131 iki g\u00fcnl\u00fck ziyarette H\u0131ristiyan az\u0131nl\u0131klar\u0131n temsilcileriyle g\u00f6r\u00fc\u015ft\u00fc. Yap\u0131lan g\u00f6r\u00fc\u015fmeler az\u0131nl\u0131k cemaatlerin haklar\u0131n\u0131 g\u00fc\u00e7lendirmeyi ama\u00e7l\u0131yordu. De Maiziere T\u00fcrkiye ziyareti s\u0131ras\u0131nda farkl\u0131 az\u0131nl\u0131k H\u0131ristiyan gruplar\u0131n liderleriyle g\u00f6r\u00fc\u015ft\u00fc.\u00a0 Rum Ortodoks, S\u00fcryani Ortodoks ve Protestan kiliselerinin temsilcileriyle \u0130stanbul\u2019da yap\u0131lan g\u00f6r\u00fc\u015fmelerin g\u00fcndeminin bir numaras\u0131nda az\u0131nl\u0131klara daha fazla hak verilmesi yer al\u0131yordu. T\u00fcrkiye\u2019de [&hellip;]\" \/>\n<meta property=\"og:url\" content=\"https:\/\/akunq.net\/turkish\/2010\/09\/27\/alman-bakandan-turkiyeye-azinliklar-cagrisi\/\" \/>\n<meta property=\"og:site_name\" content=\"Bati Ermenistan Ve Bati Ermenileri Sorunlari Ara\u015ftirmalar Merkezi\" \/>\n<meta property=\"article:published_time\" content=\"2010-09-27T08:26:52+00:00\" \/>\n<meta name=\"author\" content=\"kalem\" \/>\n<meta name=\"twitter:card\" content=\"summary_large_image\" \/>\n<meta name=\"twitter:label1\" content=\"Written by\" \/>\n\t<meta name=\"twitter:data1\" content=\"kalem\" \/>\n\t<meta name=\"twitter:label2\" content=\"Est. reading time\" \/>\n\t<meta name=\"twitter:data2\" content=\"2 minutes\" \/>\n<script type=\"application\/ld+json\" class=\"yoast-schema-graph\">{\"@context\":\"https:\\\/\\\/schema.org\",\"@graph\":[{\"@type\":\"Article\",\"@id\":\"https:\\\/\\\/akunq.net\\\/turkish\\\/2010\\\/09\\\/27\\\/alman-bakandan-turkiyeye-azinliklar-cagrisi\\\/#article\",\"isPartOf\":{\"@id\":\"https:\\\/\\\/akunq.net\\\/turkish\\\/2010\\\/09\\\/27\\\/alman-bakandan-turkiyeye-azinliklar-cagrisi\\\/\"},\"author\":{\"name\":\"kalem\",\"@id\":\"https:\\\/\\\/akunq.net\\\/turkish\\\/#\\\/schema\\\/person\\\/135e7923d1aeb8887890799619969a6c\"},\"headline\":\"Alman bakandan T\u00fcrkiye&#8217;ye az\u0131nl\u0131klar \u00e7a\u011fr\u0131s\u0131\",\"datePublished\":\"2010-09-27T08:26:52+00:00\",\"mainEntityOfPage\":{\"@id\":\"https:\\\/\\\/akunq.net\\\/turkish\\\/2010\\\/09\\\/27\\\/alman-bakandan-turkiyeye-azinliklar-cagrisi\\\/\"},\"wordCount\":385,\"articleSection\":[\"Haberler\"],\"inLanguage\":\"en-US\"},{\"@type\":\"WebPage\",\"@id\":\"https:\\\/\\\/akunq.net\\\/turkish\\\/2010\\\/09\\\/27\\\/alman-bakandan-turkiyeye-azinliklar-cagrisi\\\/\",\"url\":\"https:\\\/\\\/akunq.net\\\/turkish\\\/2010\\\/09\\\/27\\\/alman-bakandan-turkiyeye-azinliklar-cagrisi\\\/\",\"name\":\"Alman bakandan T\u00fcrkiye'ye az\u0131nl\u0131klar \u00e7a\u011fr\u0131s\u0131 - Bati Ermenistan Ve Bati Ermenileri Sorunlari Ara\u015ftirmalar Merkezi\",\"isPartOf\":{\"@id\":\"https:\\\/\\\/akunq.net\\\/turkish\\\/#website\"},\"datePublished\":\"2010-09-27T08:26:52+00:00\",\"author\":{\"@id\":\"https:\\\/\\\/akunq.net\\\/turkish\\\/#\\\/schema\\\/person\\\/135e7923d1aeb8887890799619969a6c\"},\"breadcrumb\":{\"@id\":\"https:\\\/\\\/akunq.net\\\/turkish\\\/2010\\\/09\\\/27\\\/alman-bakandan-turkiyeye-azinliklar-cagrisi\\\/#breadcrumb\"},\"inLanguage\":\"en-US\",\"potentialAction\":[{\"@type\":\"ReadAction\",\"target\":[\"https:\\\/\\\/akunq.net\\\/turkish\\\/2010\\\/09\\\/27\\\/alman-bakandan-turkiyeye-azinliklar-cagrisi\\\/\"]}]},{\"@type\":\"BreadcrumbList\",\"@id\":\"https:\\\/\\\/akunq.net\\\/turkish\\\/2010\\\/09\\\/27\\\/alman-bakandan-turkiyeye-azinliklar-cagrisi\\\/#breadcrumb\",\"itemListElement\":[{\"@type\":\"ListItem\",\"position\":1,\"name\":\"Home\",\"item\":\"https:\\\/\\\/akunq.net\\\/turkish\\\/\"},{\"@type\":\"ListItem\",\"position\":2,\"name\":\"Alman bakandan T\u00fcrkiye&#8217;ye az\u0131nl\u0131klar \u00e7a\u011fr\u0131s\u0131\"}]},{\"@type\":\"WebSite\",\"@id\":\"https:\\\/\\\/akunq.net\\\/turkish\\\/#website\",\"url\":\"https:\\\/\\\/akunq.net\\\/turkish\\\/\",\"name\":\"Bati Ermenistan Ve Bati Ermenileri Sorunlari Ara\u015ftirmalar Merkezi\",\"description\":\"\",\"potentialAction\":[{\"@type\":\"SearchAction\",\"target\":{\"@type\":\"EntryPoint\",\"urlTemplate\":\"https:\\\/\\\/akunq.net\\\/turkish\\\/?s={search_term_string}\"},\"query-input\":{\"@type\":\"PropertyValueSpecification\",\"valueRequired\":true,\"valueName\":\"search_term_string\"}}],\"inLanguage\":\"en-US\"},{\"@type\":\"Person\",\"@id\":\"https:\\\/\\\/akunq.net\\\/turkish\\\/#\\\/schema\\\/person\\\/135e7923d1aeb8887890799619969a6c\",\"name\":\"kalem\",\"image\":{\"@type\":\"ImageObject\",\"inLanguage\":\"en-US\",\"@id\":\"https:\\\/\\\/secure.gravatar.com\\\/avatar\\\/a06875e4b25feb5674296adf8e8a7ae1e587cebce2493fe63c456109967e27d3?s=96&d=mm&r=g\",\"url\":\"https:\\\/\\\/secure.gravatar.com\\\/avatar\\\/a06875e4b25feb5674296adf8e8a7ae1e587cebce2493fe63c456109967e27d3?s=96&d=mm&r=g\",\"contentUrl\":\"https:\\\/\\\/secure.gravatar.com\\\/avatar\\\/a06875e4b25feb5674296adf8e8a7ae1e587cebce2493fe63c456109967e27d3?s=96&d=mm&r=g\",\"caption\":\"kalem\"},\"url\":\"https:\\\/\\\/akunq.net\\\/turkish\\\/author\\\/kalem\\\/\"}]}<\/script>\n<!-- \/ Yoast SEO plugin. -->","yoast_head_json":{"title":"Alman bakandan T\u00fcrkiye'ye az\u0131nl\u0131klar \u00e7a\u011fr\u0131s\u0131 - Bati Ermenistan Ve Bati Ermenileri Sorunlari Ara\u015ftirmalar Merkezi","robots":{"index":"index","follow":"follow","max-snippet":"max-snippet:-1","max-image-preview":"max-image-preview:large","max-video-preview":"max-video-preview:-1"},"canonical":"https:\/\/akunq.net\/turkish\/2010\/09\/27\/alman-bakandan-turkiyeye-azinliklar-cagrisi\/","og_locale":"en_US","og_type":"article","og_title":"Alman bakandan T\u00fcrkiye'ye az\u0131nl\u0131klar \u00e7a\u011fr\u0131s\u0131 - Bati Ermenistan Ve Bati Ermenileri Sorunlari Ara\u015ftirmalar Merkezi","og_description":"Almanya \u0130\u00e7i\u015fleri Bakan\u0131 Thomas de Maiziere, T\u00fcrkiye\u2019ye yapt\u0131\u011f\u0131 iki g\u00fcnl\u00fck ziyarette H\u0131ristiyan az\u0131nl\u0131klar\u0131n temsilcileriyle g\u00f6r\u00fc\u015ft\u00fc. Yap\u0131lan g\u00f6r\u00fc\u015fmeler az\u0131nl\u0131k cemaatlerin haklar\u0131n\u0131 g\u00fc\u00e7lendirmeyi ama\u00e7l\u0131yordu. De Maiziere T\u00fcrkiye ziyareti s\u0131ras\u0131nda farkl\u0131 az\u0131nl\u0131k H\u0131ristiyan gruplar\u0131n liderleriyle g\u00f6r\u00fc\u015ft\u00fc.\u00a0 Rum Ortodoks, S\u00fcryani Ortodoks ve Protestan kiliselerinin temsilcileriyle \u0130stanbul\u2019da yap\u0131lan g\u00f6r\u00fc\u015fmelerin g\u00fcndeminin bir numaras\u0131nda az\u0131nl\u0131klara daha fazla hak verilmesi yer al\u0131yordu. T\u00fcrkiye\u2019de [&hellip;]","og_url":"https:\/\/akunq.net\/turkish\/2010\/09\/27\/alman-bakandan-turkiyeye-azinliklar-cagrisi\/","og_site_name":"Bati Ermenistan Ve Bati Ermenileri Sorunlari Ara\u015ftirmalar Merkezi","article_published_time":"2010-09-27T08:26:52+00:00","author":"kalem","twitter_card":"summary_large_image","twitter_misc":{"Written by":"kalem","Est. reading time":"2 minutes"},"schema":{"@context":"https:\/\/schema.org","@graph":[{"@type":"Article","@id":"https:\/\/akunq.net\/turkish\/2010\/09\/27\/alman-bakandan-turkiyeye-azinliklar-cagrisi\/#article","isPartOf":{"@id":"https:\/\/akunq.net\/turkish\/2010\/09\/27\/alman-bakandan-turkiyeye-azinliklar-cagrisi\/"},"author":{"name":"kalem","@id":"https:\/\/akunq.net\/turkish\/#\/schema\/person\/135e7923d1aeb8887890799619969a6c"},"headline":"Alman bakandan T\u00fcrkiye&#8217;ye az\u0131nl\u0131klar \u00e7a\u011fr\u0131s\u0131","datePublished":"2010-09-27T08:26:52+00:00","mainEntityOfPage":{"@id":"https:\/\/akunq.net\/turkish\/2010\/09\/27\/alman-bakandan-turkiyeye-azinliklar-cagrisi\/"},"wordCount":385,"articleSection":["Haberler"],"inLanguage":"en-US"},{"@type":"WebPage","@id":"https:\/\/akunq.net\/turkish\/2010\/09\/27\/alman-bakandan-turkiyeye-azinliklar-cagrisi\/","url":"https:\/\/akunq.net\/turkish\/2010\/09\/27\/alman-bakandan-turkiyeye-azinliklar-cagrisi\/","name":"Alman bakandan T\u00fcrkiye'ye az\u0131nl\u0131klar \u00e7a\u011fr\u0131s\u0131 - Bati Ermenistan Ve Bati Ermenileri Sorunlari Ara\u015ftirmalar Merkezi","isPartOf":{"@id":"https:\/\/akunq.net\/turkish\/#website"},"datePublished":"2010-09-27T08:26:52+00:00","author":{"@id":"https:\/\/akunq.net\/turkish\/#\/schema\/person\/135e7923d1aeb8887890799619969a6c"},"breadcrumb":{"@id":"https:\/\/akunq.net\/turkish\/2010\/09\/27\/alman-bakandan-turkiyeye-azinliklar-cagrisi\/#breadcrumb"},"inLanguage":"en-US","potentialAction":[{"@type":"ReadAction","target":["https:\/\/akunq.net\/turkish\/2010\/09\/27\/alman-bakandan-turkiyeye-azinliklar-cagrisi\/"]}]},{"@type":"BreadcrumbList","@id":"https:\/\/akunq.net\/turkish\/2010\/09\/27\/alman-bakandan-turkiyeye-azinliklar-cagrisi\/#breadcrumb","itemListElement":[{"@type":"ListItem","position":1,"name":"Home","item":"https:\/\/akunq.net\/turkish\/"},{"@type":"ListItem","position":2,"name":"Alman bakandan T\u00fcrkiye&#8217;ye az\u0131nl\u0131klar \u00e7a\u011fr\u0131s\u0131"}]},{"@type":"WebSite","@id":"https:\/\/akunq.net\/turkish\/#website","url":"https:\/\/akunq.net\/turkish\/","name":"Bati Ermenistan Ve Bati Ermenileri Sorunlari Ara\u015ftirmalar Merkezi","description":"","potentialAction":[{"@type":"SearchAction","target":{"@type":"EntryPoint","urlTemplate":"https:\/\/akunq.net\/turkish\/?s={search_term_string}"},"query-input":{"@type":"PropertyValueSpecification","valueRequired":true,"valueName":"search_term_string"}}],"inLanguage":"en-US"},{"@type":"Person","@id":"https:\/\/akunq.net\/turkish\/#\/schema\/person\/135e7923d1aeb8887890799619969a6c","name":"kalem","image":{"@type":"ImageObject","inLanguage":"en-US","@id":"https:\/\/secure.gravatar.com\/avatar\/a06875e4b25feb5674296adf8e8a7ae1e587cebce2493fe63c456109967e27d3?s=96&d=mm&r=g","url":"https:\/\/secure.gravatar.com\/avatar\/a06875e4b25feb5674296adf8e8a7ae1e587cebce2493fe63c456109967e27d3?s=96&d=mm&r=g","contentUrl":"https:\/\/secure.gravatar.com\/avatar\/a06875e4b25feb5674296adf8e8a7ae1e587cebce2493fe63c456109967e27d3?s=96&d=mm&r=g","caption":"kalem"},"url":"https:\/\/akunq.net\/turkish\/author\/kalem\/"}]}},"_links":{"self":[{"href":"https:\/\/akunq.net\/turkish\/wp-json\/wp\/v2\/posts\/2120","targetHints":{"allow":["GET"]}}],"collection":[{"href":"https:\/\/akunq.net\/turkish\/wp-json\/wp\/v2\/posts"}],"about":[{"href":"https:\/\/akunq.net\/turkish\/wp-json\/wp\/v2\/types\/post"}],"author":[{"embeddable":true,"href":"https:\/\/akunq.net\/turkish\/wp-json\/wp\/v2\/users\/3"}],"replies":[{"embeddable":true,"href":"https:\/\/akunq.net\/turkish\/wp-json\/wp\/v2\/comments?post=2120"}],"version-history":[{"count":0,"href":"https:\/\/akunq.net\/turkish\/wp-json\/wp\/v2\/posts\/2120\/revisions"}],"wp:attachment":[{"href":"https:\/\/akunq.net\/turkish\/wp-json\/wp\/v2\/media?parent=2120"}],"wp:term":[{"taxonomy":"category","embeddable":true,"href":"https:\/\/akunq.net\/turkish\/wp-json\/wp\/v2\/categories?post=2120"},{"taxonomy":"post_tag","embeddable":true,"href":"https:\/\/akunq.net\/turkish\/wp-json\/wp\/v2\/tags?post=2120"}],"curies":[{"name":"wp","href":"https:\/\/api.w.org\/{rel}","templated":true}]}}