{"id":2117,"date":"2010-09-25T05:02:01","date_gmt":"2010-09-25T10:02:01","guid":{"rendered":"http:\/\/akunq.net\/tr\/?p=2117"},"modified":"2010-09-25T05:02:01","modified_gmt":"2010-09-25T10:02:01","slug":"turkiyenin-insan-haklarina-saygili-demokrat-yazarlarina-acik-mektup","status":"publish","type":"post","link":"https:\/\/akunq.net\/turkish\/2010\/09\/25\/turkiyenin-insan-haklarina-saygili-demokrat-yazarlarina-acik-mektup\/","title":{"rendered":"T\u00dcRK\u0130YEN\u0130N \u0130NSAN HAKLARINA SAYGILI DEMOKRAT YAZARLARINA A\u00c7IK MEKTUP"},"content":{"rendered":"<p style=\"text-align: justify\"><strong>Do\u011fan Akhanl\u0131<\/strong>, kriminal soyguncu ya da bir katil de\u011fil, y\u00fcre\u011fi halklar\u0131n dostlu\u011fu i\u00e7in \u00e7arpan bir insan haklar\u0131 savunucusu, ger\u00e7eklere sayg\u0131l\u0131, medeni cesaret sahibi bir yazard\u0131r. Onu 12 Eyl\u00fcl Cuntas\u0131n\u0131n iftiras\u0131na kar\u015f\u0131 korumak, haks\u0131z yere \u00f6zg\u00fcrl\u00fc\u011f\u00fcn\u00fcn gasp edilmesini engellemek, en ba\u015fta hakl\u0131dan yana olan vicdan sahibi yazarlar\u0131m\u0131z\u0131n ger\u00e7ek adaletten yana olanlar\u0131m\u0131z\u0131n g\u00f6revidir.<\/p>\n<p style=\"text-align: justify\">Say\u0131n, Adalet A\u011fao\u011flu, Ya\u015far Kemal, Ahmet Altan, Orhan Pamuk, Elif \u015eafak, Yal\u00e7\u0131n Erg\u00fcndo\u011fan, Ece Temelkuran, Ali Bayramo\u011flu, Bask\u0131n Oran, Perihan Ma\u011fden, Erol \u00d6zkoray, Leyla \u0130pek\u00e7i, Rag\u0131p Zarakolu, Oya Baydar, Y\u0131ld\u0131r\u0131m T\u00fcrker&#8230; ve daha onlarca ve hatta y\u00fczlerce ad\u0131n\u0131 sayg\u0131yla anmak istedi\u011fimiz <strong>\u00fclkemizin de\u011ferli ayd\u0131nlar\u0131, yazarlar\u0131<\/strong>.<\/p>\n<p style=\"text-align: justify\">Y\u0131llard\u0131r s\u00fcrd\u00fcrd\u00fc\u011f\u00fcm\u00fcz insan haklar\u0131 ve demokrasi m\u00fccadelemizde ilk defa sizlere a\u00e7\u0131k bir mektupla ba\u015fvurarak, T\u00fcrkiye\u2019nin hak ve adalete ili\u015fkin gelece\u011fini yak\u0131ndan ilgilendiren bir davan\u0131n gidi\u015fat\u0131na tan\u0131k ve adaletsizli\u011fe m\u00fcdahil olman\u0131z\u0131 rica ediyoruz. Bu dava, Do\u011fan Akhanl\u0131\u2019ya haks\u0131z yere isnat edilen gasp ve cinayet davas\u0131d\u0131r. Gerek tek tek bireyler olarak gerekse ba\u011fl\u0131 bulundu\u011funuz kurumlar olarak bu haks\u0131zl\u0131\u011fa kar\u015f\u0131 durman\u0131z\u0131 rica ediyoruz.<br \/>\n10 A\u011fustos&#8217;tan bu g\u00fcne kadar gerek \u00fclke bas\u0131n\u0131nda, gerekse ba\u015fta Almanya olmak \u00fczere bir\u00e7ok Bat\u0131 Avrupa bas\u0131n\u0131nda <strong>Erdo\u011fan Akhanl\u0131<\/strong>\u2019n\u0131n (yazar ad\u0131 Do\u011fan Akhanl\u0131) tutukland\u0131\u011f\u0131na dair \u00e7\u0131kan haberlerin dikkatinizden ka\u00e7mad\u0131\u011f\u0131 inanc\u0131nday\u0131z. 12 Eyl\u00fcl cuntas\u0131n\u0131n damgalad\u0131\u011f\u0131, hapse t\u0131k\u0131p i\u015fkenceden ge\u00e7irdi\u011fi, ancak elinden ka\u00e7\u0131rd\u0131\u011f\u0131 i\u00e7in ona, kesti\u011fi \u201cfaturay\u0131\u201d \u00f6detemedi\u011fi, nefretin bir ifadesi olan <strong>\u201cvatanda\u015fl\u0131ktan atma\u201d<\/strong> ile cezaland\u0131rd\u0131\u011f\u0131 Do\u011fan Akhanl\u0131, 19 y\u0131l aradan sonra gitti\u011fi \u00fclkesinde, \u0130stanbul havaalan\u0131na iner inmez yeniden tutuklanm\u0131\u015ft\u0131r. <strong>Cuntan\u0131n<\/strong>, 20 y\u0131l\u0131 a\u015fk\u0131n bir s\u00fcre \u00f6nce Do\u011fan\u2019\u0131n \u00fcst\u00fcne y\u0131kmaya \u00e7al\u0131\u015ft\u0131\u011f\u0131 \u201csilahl\u0131 gasp ve adam \u00f6ld\u00fcrme\u201d su\u00e7lamas\u0131 tekrar \u00f6n\u00fcne konmu\u015ftur.<\/p>\n<p>Do\u011fan Akhanl\u0131 hayat\u0131ndan endi\u015fe etti\u011fi i\u00e7in bir\u00e7ok 12 Eyl\u00fcl ma\u011fduru politik m\u00fclteci gibi o da \u00fclkesini terk etmek zorunda kalm\u0131\u015ft\u0131r. Almanya\u2019n\u0131n K\u00f6ln kentinde politik s\u0131\u011f\u0131nma ba\u015fvurusu kabul edilen Do\u011fan Akhanl\u0131, demokratik hak ve \u00f6zg\u00fcrl\u00fcklerinden daha iyi yararlanma imk\u00e2n\u0131 buldu\u011fu liberal bir ortamda fevkalade verimli \u00e7al\u0131\u015fmalar y\u00fcr\u00fctm\u00fc\u015ft\u00fcr. \u0130nsanl\u0131\u011fa kar\u015f\u0131 i\u015flenen su\u00e7lar alan\u0131nda y\u00fcr\u00fctt\u00fc\u011f\u00fc \u00e7al\u0131\u015fmalar, T\u00fcrkiye Cumhuriyeti devletinin \u0131srarla ink\u00e2r etti\u011fi <strong>soyk\u0131r\u0131m tabusunun y\u0131k\u0131lmas\u0131nda<\/strong> \u00f6nemli bir rol oynam\u0131\u015ft\u0131r. Onun, \u201cK\u0131yamet G\u00fcn\u00fc Yarg\u0131\u00e7lar\u0131\u201d adl\u0131 eseri, bu \u00e7al\u0131\u015fman\u0131n en g\u00fczel \u00f6rneklerinden bir tanesidir.<br \/>\nBizim, paras\u0131 i\u00e7in katledilen bir insan\u0131n katilinin ve su\u00e7 ortaklar\u0131n\u0131n bulunmas\u0131na, hak ettikleri cezaya \u00e7arpt\u0131r\u0131lmalar\u0131na hi\u00e7bir itiraz\u0131m\u0131z\u0131n olmad\u0131\u011f\u0131 kadar, d\u00fc\u015f\u00fcnceleri \u00e7\u00fcr\u00fct\u00fclemeyen politik bir rakibin, toplumsal hayattan tasfiye edilebilmesi i\u00e7in <strong>iftiraya u\u011frat\u0131lmas\u0131na<\/strong>, \u00f6zg\u00fcrl\u00fc\u011f\u00fcn\u00fcn gasp edilmesine de tahamm\u00fcl\u00fcm\u00fcz yoktur. Do\u011fan Akhanl\u0131\u2019n\u0131n d\u00fc\u015f\u00fcncelerini ve m\u00fccadelesini mahk\u00fbm etmeyi g\u00f6ze alamayan cunta zihniyeti, onu toplumsal hayattan tasfiye etmek i\u00e7in\u201cgasp\u00e7\u0131 bir katil\u201d yapman\u0131n daha uygum bir strateji olaca\u011f\u0131n\u0131 d\u00fc\u015f\u00fcnmektedir.<br \/>\nBu g\u00fcne kadar yap\u0131lan \u00fc\u00e7 mahkeme duru\u015fmas\u0131n\u0131n seyrine \u015f\u00f6yle bir bak\u0131ld\u0131\u011f\u0131nda, amac\u0131n hi\u00e7te adaletin yerini bulmas\u0131 olmad\u0131\u011f\u0131, tersine hakk\u0131n hukukun ayaklar alt\u0131na al\u0131nmak istendi\u011fi a\u00e7\u0131k\u00e7a g\u00f6r\u00fclmektedir.<br \/>\n<strong>\u00bb 1.<\/strong> Ne bunda 20 y\u0131l \u00f6nce Do\u011fan Akhanl\u0131\u2019y\u0131 tutuklayan cunta hukukunun, ne de onu bu g\u00fcn hapiste tutan mahkemenin normal hukuk devleti normlar\u0131na uyan hi\u00e7bir tutarl\u0131 kan\u0131t\u0131 bulunmamaktad\u0131r.<br \/>\n<strong>\u00bb 2.<\/strong> Do\u011fan Akhanl\u0131\u2019n\u0131n tutuklanmas\u0131na gerek\u00e7e g\u00f6sterilen iki \u201cdelil\u201d ileri s\u00fcr\u00fclmektedir. Bunlardan birincisi i\u015fkence alt\u0131nda ifadesi al\u0131nan Hamza Topal\u2019\u0131n Akhanl\u0131\u2019y\u0131 zan alt\u0131nda b\u0131rakan \u015fahitli\u011fidir. Topal, daha o zaman mahkemede bu ifadenin kendisine i\u015fkence alt\u0131nda kabul ettirildi\u011fini ve do\u011fru olmad\u0131\u011f\u0131n\u0131 a\u00e7\u0131klam\u0131\u015ft\u0131r. Bir s\u00fcre \u00f6nce Akhanl\u0131\u2019n\u0131n tutukluluk haline itiraz\u0131n g\u00f6r\u00fc\u015f\u00fcld\u00fc\u011f\u00fc ikinci mahkemede s\u00f6z konusu ifade Hamza Topal taraf\u0131ndan yeniden (bu kez yaz\u0131l\u0131 olarak) yalanlanm\u0131\u015ft\u0131r. Hamza Topal, 1992 de al\u0131nan ifadenin, kendisine okuma f\u0131rsat\u0131 bile verilmeden i\u015fkence alt\u0131nda imzalat\u0131ld\u0131\u011f\u0131n\u0131 ve hala g\u00f6rd\u00fc\u011f\u00fc i\u015fkencenin bedensel ve psikolojik olarak ac\u0131s\u0131n\u0131 \u00e7ekti\u011fini belirtmesine ra\u011fmen, T\u00fcrk adaleti, Akhanl\u0131\u2019y\u0131 hapiste tutmak i\u00e7in bunu delil kabul etmektedir.<br \/>\n<strong>\u00bb 3.<\/strong> Mahkemenin Akhanl\u0131\u2019y\u0131 hapiste tutmas\u0131n\u0131n di\u011fer \u201ckan\u0131t\u0131\u201d ise, Maktul\u00fcn olay yerinde olan o\u011fullar\u0131n\u0131n Akhanl\u0131\u2019y\u0131 o zaman foto\u011fraftan \u201cte\u015fhis etmi\u015f\u201d olmalar\u0131. Mahkemenin bu \u201ckan\u0131t\u0131\u201d da hukuk ad\u0131na tam bir skandal niteli\u011fi ta\u015f\u0131maktad\u0131r. Olaydan sonra Polis maktul\u00fcn o\u011fullar\u0131n\u0131n \u00f6n\u00fcne bir tek Akhanl\u0131\u2019n\u0131n foto\u011fraf\u0131n\u0131 koyarak \u201cba\u015fka katil olamayaca\u011f\u0131\u201d do\u011frultusunda ifadelerini y\u00f6nlendirmi\u015ftir. 13.08.2010 tarihindeki tutukluluk haline itiraz edilen duru\u015fmada bu skandal ortaya \u00e7\u0131km\u0131\u015ft\u0131r. Foto\u011fraf te\u015fhisi 20 y\u0131l aradan sonra yeniden yap\u0131lmak zorunda kal\u0131nm\u0131\u015ft\u0131r. Maktul\u00fcn o\u011fullar\u0131, Do\u011fan Akhanl\u0131\u2019y\u0131 zanl\u0131 olarak te\u015fhis edememi\u015flerdir. Olay yerinde bulunan iki \u015f\u00fcpheli \u00e7anda ise, Akhanl\u0131ya ait hi\u00e7bir iz bulunamamaktad\u0131r.<br \/>\n<strong>\u00bb 4.<\/strong> Do\u011fan Akhanl\u0131\u2019y\u0131 Parlamento karar\u0131 ile T\u00fcrkiye Cumhuriyeti vatanda\u015fl\u0131\u011f\u0131ndan at\u0131lm\u0131\u015f olmas\u0131na ra\u011fmen, mahkeme onu <strong>\u201csan\u0131k sandalyesine\u201d<\/strong> yeniden \u201cT\u00fcrk vatanda\u015f\u0131\u201d olarak oturtmak istemektedir. Hal bu ki, Do\u011fan Akhanl\u0131 2001 y\u0131l\u0131ndan beri Alman vatanda\u015f\u0131d\u0131r. Bu durumda TC devletinin benimseyip imzalam\u0131\u015f oldu\u011fu uluslar aras\u0131 anla\u015fma gere\u011fince Do\u011fan Akhanl\u0131\u2019n\u0131n tutuklanmas\u0131ndan hemen sonra, Federal Almanya \u0130stanbul konsoloslu\u011fu haberdar edilmek zorundad\u0131r. Davay\u0131 y\u00fcr\u00fcten savc\u0131 bu durumu umursamam\u0131\u015f ve Akhanl\u0131n\u0131n \u201cT\u00fcrk vatanda\u015f\u0131 olmas\u0131\u201d dolay\u0131s\u0131yla, Alman konsolosun \u201ckorumas\u0131na ihtiya\u00e7 olmad\u0131\u011f\u0131n\u0131\u201d bildirmi\u015ftir. TC Vatanda\u015fl\u0131\u011f\u0131ndan at\u0131lma belgeleri konsolosa iletildikten sonra konsolosun, savc\u0131ya g\u00f6revini resen yerine getirmesi i\u00e7in rica etmesine ra\u011fmen, 23.08.2010 tarihine kadar Do\u011fan Akhanl\u0131\u2019n\u0131n tutukland\u0131\u011f\u0131 kendilerine bildirilmemi\u015ftir. Burada da kas\u0131tl\u0131 olarak uluslar aras\u0131 anla\u015fman\u0131n ihlal edildi\u011fi ac\u0131k bir bi\u00e7imde g\u00f6r\u00fclmektedir.<br \/>\nB\u00fct\u00fcn bu olup bitenler g\u00f6z \u00f6n\u00fcnde bulunduruldu\u011funda gidi\u015fat\u0131n hukuk devleti normlar\u0131 ile ba\u011fda\u015fan hi\u00e7bir yan\u0131 bulunmamaktad\u0131r. Siz ayd\u0131nlar T\u00fcrkiye\u2019de adaletsizli\u011fin ocaklar\u0131 nas\u0131l s\u00f6nd\u00fcrd\u00fc\u011f\u00fcn\u00fc bilirsiniz. Ezilenlerin vicdan\u0131 olma \u00e7aban\u0131zda kar\u015f\u0131n\u0131za \u00e7\u0131kart\u0131lan engelleri bilirsiniz. Bilirsiniz, adaletsizli\u011fi vicdan\u0131na s\u0131\u011fd\u0131ramayan Bahriye \u00dc\u00e7ok\u2019lar\u0131n, Abdi \u0130pek\u00e7ilerin, Musa Anter\u2019lerin, Hrant Dink\u2019lerin\u2026 Daha nice \u00f6ncelerinin ve sonralar\u0131n\u0131n ba\u015flar\u0131na gelenleri. Bu nedenle <strong>Do\u011fan Akhanl\u0131<\/strong>&#8216;ya kar\u015f\u0131 kurulan tuza\u011f\u0131n bo\u015fa \u00e7\u0131kar\u0131lmas\u0131 i\u00e7in gereken duyarl\u0131l\u0131\u011f\u0131 g\u00f6stermenizi rica ediyoruz.<br \/>\nBizler Do\u011fan Akhanl\u0131\u2019y\u0131 y\u0131llad\u0131r omuz omuza s\u00fcrd\u00fcrd\u00fc\u011f\u00fcm\u00fcz insan hak ve \u00f6zg\u00fcrl\u00fckleri m\u00fccadelemizde, ink\u00e2r edilen, insanl\u0131\u011fa kar\u015f\u0131 i\u015flenmi\u015f su\u00e7lar\u0131n kabul g\u00f6rmesi ve kamu vicdan\u0131nda mahk\u00fbm edilmesi i\u00e7in s\u00fcrd\u00fcrd\u00fc\u011f\u00fcm\u00fcz ortak m\u00fccadelemiz i\u00e7inde tan\u0131d\u0131k. Onu daima sars\u0131lmaz bir inan\u00e7la s\u00f6z\u00fcn\u00fcn ve eylemlerinin arkas\u0131nda duran medeni cesaret sahibi bir insan olarak tan\u0131d\u0131k. Do\u011fan Akhanl\u0131 i\u015fledi\u011fi cinayeti ink\u00e2r edecek kadar al\u00e7alm\u0131\u015f zavall\u0131 bir katil de\u011fildir. Do\u011fan Akhanl\u0131, bask\u0131s\u0131z korkusuz insanca bir gelecek i\u00e7in <strong>hak ve adalet arayanlar\u0131n<\/strong> vicdan\u0131d\u0131r. <strong>Do\u011fan Akhanl\u0131<\/strong> derhal serbest b\u0131rak\u0131lmal\u0131d\u0131r!<\/p>\n<p style=\"text-align: justify\">\u00a0<strong><em>Dost\u00e7a selam ve sayg\u0131lar\u0131m\u0131zla.<\/em><\/strong><\/p>\n<p style=\"text-align: justify\"><strong><em>Frankfurt, 15.09.2010<br \/>\n\u00bb Verein der V\u00f6lkermordgegner e.V. Frankfurt \/ Main; Soyk\u0131r\u0131m Kar\u015f\u0131tlar\u0131 Derne\u011fi(SKD); \u0130leti\u015fim: Ali Ertem Tel.: 0049\/69\/5970813 E-Mail: skd@gmx.net<br \/>\n\u00bb T\u00dcDAY: T\u00fcrkiye\/Almanya \u0130nsan Haklar\u0131 Derne\u011fi<br \/>\nMenschenrechtsvereinT\u00fcrkei\/ Deutschland<br \/>\nAdresi: Melchiorstr. 3, D-50670 K\u00d6LN <\/em><\/strong><\/p>\n<p style=\"text-align: justify\"><strong><em>Tel.:0221-724077 fax:(0)221-739242<\/em><\/strong><\/p>\n","protected":false},"excerpt":{"rendered":"<p>Do\u011fan Akhanl\u0131, kriminal soyguncu ya da bir katil de\u011fil, y\u00fcre\u011fi halklar\u0131n dostlu\u011fu i\u00e7in \u00e7arpan bir insan haklar\u0131 savunucusu, ger\u00e7eklere sayg\u0131l\u0131, medeni cesaret sahibi bir yazard\u0131r. Onu 12 Eyl\u00fcl Cuntas\u0131n\u0131n iftiras\u0131na kar\u015f\u0131 korumak, haks\u0131z yere \u00f6zg\u00fcrl\u00fc\u011f\u00fcn\u00fcn gasp edilmesini engellemek, en ba\u015fta hakl\u0131dan yana olan vicdan sahibi yazarlar\u0131m\u0131z\u0131n ger\u00e7ek adaletten yana olanlar\u0131m\u0131z\u0131n g\u00f6revidir. Say\u0131n, Adalet A\u011fao\u011flu, Ya\u015far [&hellip;]<\/p>\n","protected":false},"author":3,"featured_media":0,"comment_status":"closed","ping_status":"open","sticky":false,"template":"","format":"standard","meta":{"footnotes":""},"categories":[14],"tags":[],"class_list":["post-2117","post","type-post","status-publish","format-standard","hentry","category-haberler"],"yoast_head":"<!-- This site is optimized with the Yoast SEO plugin v27.4 - https:\/\/yoast.com\/product\/yoast-seo-wordpress\/ -->\n<title>T\u00dcRK\u0130YEN\u0130N \u0130NSAN HAKLARINA SAYGILI DEMOKRAT YAZARLARINA A\u00c7IK MEKTUP - Bati Ermenistan Ve Bati Ermenileri Sorunlari Ara\u015ftirmalar Merkezi<\/title>\n<meta name=\"robots\" content=\"index, follow, max-snippet:-1, max-image-preview:large, max-video-preview:-1\" \/>\n<link rel=\"canonical\" href=\"https:\/\/akunq.net\/turkish\/2010\/09\/25\/turkiyenin-insan-haklarina-saygili-demokrat-yazarlarina-acik-mektup\/\" \/>\n<meta property=\"og:locale\" content=\"en_US\" \/>\n<meta property=\"og:type\" content=\"article\" \/>\n<meta property=\"og:title\" content=\"T\u00dcRK\u0130YEN\u0130N \u0130NSAN HAKLARINA SAYGILI DEMOKRAT YAZARLARINA A\u00c7IK MEKTUP - Bati Ermenistan Ve Bati Ermenileri Sorunlari Ara\u015ftirmalar Merkezi\" \/>\n<meta property=\"og:description\" content=\"Do\u011fan Akhanl\u0131, kriminal soyguncu ya da bir katil de\u011fil, y\u00fcre\u011fi halklar\u0131n dostlu\u011fu i\u00e7in \u00e7arpan bir insan haklar\u0131 savunucusu, ger\u00e7eklere sayg\u0131l\u0131, medeni cesaret sahibi bir yazard\u0131r. Onu 12 Eyl\u00fcl Cuntas\u0131n\u0131n iftiras\u0131na kar\u015f\u0131 korumak, haks\u0131z yere \u00f6zg\u00fcrl\u00fc\u011f\u00fcn\u00fcn gasp edilmesini engellemek, en ba\u015fta hakl\u0131dan yana olan vicdan sahibi yazarlar\u0131m\u0131z\u0131n ger\u00e7ek adaletten yana olanlar\u0131m\u0131z\u0131n g\u00f6revidir. Say\u0131n, Adalet A\u011fao\u011flu, Ya\u015far [&hellip;]\" \/>\n<meta property=\"og:url\" content=\"https:\/\/akunq.net\/turkish\/2010\/09\/25\/turkiyenin-insan-haklarina-saygili-demokrat-yazarlarina-acik-mektup\/\" \/>\n<meta property=\"og:site_name\" content=\"Bati Ermenistan Ve Bati Ermenileri Sorunlari Ara\u015ftirmalar Merkezi\" \/>\n<meta property=\"article:published_time\" content=\"2010-09-25T10:02:01+00:00\" \/>\n<meta name=\"author\" content=\"kalem\" \/>\n<meta name=\"twitter:card\" content=\"summary_large_image\" \/>\n<meta name=\"twitter:label1\" content=\"Written by\" \/>\n\t<meta name=\"twitter:data1\" content=\"kalem\" \/>\n\t<meta name=\"twitter:label2\" content=\"Est. reading time\" \/>\n\t<meta name=\"twitter:data2\" content=\"7 minutes\" \/>\n<script type=\"application\/ld+json\" class=\"yoast-schema-graph\">{\"@context\":\"https:\\\/\\\/schema.org\",\"@graph\":[{\"@type\":\"Article\",\"@id\":\"https:\\\/\\\/akunq.net\\\/turkish\\\/2010\\\/09\\\/25\\\/turkiyenin-insan-haklarina-saygili-demokrat-yazarlarina-acik-mektup\\\/#article\",\"isPartOf\":{\"@id\":\"https:\\\/\\\/akunq.net\\\/turkish\\\/2010\\\/09\\\/25\\\/turkiyenin-insan-haklarina-saygili-demokrat-yazarlarina-acik-mektup\\\/\"},\"author\":{\"name\":\"kalem\",\"@id\":\"https:\\\/\\\/akunq.net\\\/turkish\\\/#\\\/schema\\\/person\\\/135e7923d1aeb8887890799619969a6c\"},\"headline\":\"T\u00dcRK\u0130YEN\u0130N \u0130NSAN HAKLARINA SAYGILI DEMOKRAT YAZARLARINA A\u00c7IK MEKTUP\",\"datePublished\":\"2010-09-25T10:02:01+00:00\",\"mainEntityOfPage\":{\"@id\":\"https:\\\/\\\/akunq.net\\\/turkish\\\/2010\\\/09\\\/25\\\/turkiyenin-insan-haklarina-saygili-demokrat-yazarlarina-acik-mektup\\\/\"},\"wordCount\":1424,\"articleSection\":[\"Haberler\"],\"inLanguage\":\"en-US\"},{\"@type\":\"WebPage\",\"@id\":\"https:\\\/\\\/akunq.net\\\/turkish\\\/2010\\\/09\\\/25\\\/turkiyenin-insan-haklarina-saygili-demokrat-yazarlarina-acik-mektup\\\/\",\"url\":\"https:\\\/\\\/akunq.net\\\/turkish\\\/2010\\\/09\\\/25\\\/turkiyenin-insan-haklarina-saygili-demokrat-yazarlarina-acik-mektup\\\/\",\"name\":\"T\u00dcRK\u0130YEN\u0130N \u0130NSAN HAKLARINA SAYGILI DEMOKRAT YAZARLARINA A\u00c7IK MEKTUP - Bati Ermenistan Ve Bati Ermenileri Sorunlari Ara\u015ftirmalar Merkezi\",\"isPartOf\":{\"@id\":\"https:\\\/\\\/akunq.net\\\/turkish\\\/#website\"},\"datePublished\":\"2010-09-25T10:02:01+00:00\",\"author\":{\"@id\":\"https:\\\/\\\/akunq.net\\\/turkish\\\/#\\\/schema\\\/person\\\/135e7923d1aeb8887890799619969a6c\"},\"breadcrumb\":{\"@id\":\"https:\\\/\\\/akunq.net\\\/turkish\\\/2010\\\/09\\\/25\\\/turkiyenin-insan-haklarina-saygili-demokrat-yazarlarina-acik-mektup\\\/#breadcrumb\"},\"inLanguage\":\"en-US\",\"potentialAction\":[{\"@type\":\"ReadAction\",\"target\":[\"https:\\\/\\\/akunq.net\\\/turkish\\\/2010\\\/09\\\/25\\\/turkiyenin-insan-haklarina-saygili-demokrat-yazarlarina-acik-mektup\\\/\"]}]},{\"@type\":\"BreadcrumbList\",\"@id\":\"https:\\\/\\\/akunq.net\\\/turkish\\\/2010\\\/09\\\/25\\\/turkiyenin-insan-haklarina-saygili-demokrat-yazarlarina-acik-mektup\\\/#breadcrumb\",\"itemListElement\":[{\"@type\":\"ListItem\",\"position\":1,\"name\":\"Home\",\"item\":\"https:\\\/\\\/akunq.net\\\/turkish\\\/\"},{\"@type\":\"ListItem\",\"position\":2,\"name\":\"T\u00dcRK\u0130YEN\u0130N \u0130NSAN HAKLARINA SAYGILI DEMOKRAT YAZARLARINA A\u00c7IK MEKTUP\"}]},{\"@type\":\"WebSite\",\"@id\":\"https:\\\/\\\/akunq.net\\\/turkish\\\/#website\",\"url\":\"https:\\\/\\\/akunq.net\\\/turkish\\\/\",\"name\":\"Bati Ermenistan Ve Bati Ermenileri Sorunlari Ara\u015ftirmalar Merkezi\",\"description\":\"\",\"potentialAction\":[{\"@type\":\"SearchAction\",\"target\":{\"@type\":\"EntryPoint\",\"urlTemplate\":\"https:\\\/\\\/akunq.net\\\/turkish\\\/?s={search_term_string}\"},\"query-input\":{\"@type\":\"PropertyValueSpecification\",\"valueRequired\":true,\"valueName\":\"search_term_string\"}}],\"inLanguage\":\"en-US\"},{\"@type\":\"Person\",\"@id\":\"https:\\\/\\\/akunq.net\\\/turkish\\\/#\\\/schema\\\/person\\\/135e7923d1aeb8887890799619969a6c\",\"name\":\"kalem\",\"image\":{\"@type\":\"ImageObject\",\"inLanguage\":\"en-US\",\"@id\":\"https:\\\/\\\/secure.gravatar.com\\\/avatar\\\/a06875e4b25feb5674296adf8e8a7ae1e587cebce2493fe63c456109967e27d3?s=96&d=mm&r=g\",\"url\":\"https:\\\/\\\/secure.gravatar.com\\\/avatar\\\/a06875e4b25feb5674296adf8e8a7ae1e587cebce2493fe63c456109967e27d3?s=96&d=mm&r=g\",\"contentUrl\":\"https:\\\/\\\/secure.gravatar.com\\\/avatar\\\/a06875e4b25feb5674296adf8e8a7ae1e587cebce2493fe63c456109967e27d3?s=96&d=mm&r=g\",\"caption\":\"kalem\"},\"url\":\"https:\\\/\\\/akunq.net\\\/turkish\\\/author\\\/kalem\\\/\"}]}<\/script>\n<!-- \/ Yoast SEO plugin. -->","yoast_head_json":{"title":"T\u00dcRK\u0130YEN\u0130N \u0130NSAN HAKLARINA SAYGILI DEMOKRAT YAZARLARINA A\u00c7IK MEKTUP - Bati Ermenistan Ve Bati Ermenileri Sorunlari Ara\u015ftirmalar Merkezi","robots":{"index":"index","follow":"follow","max-snippet":"max-snippet:-1","max-image-preview":"max-image-preview:large","max-video-preview":"max-video-preview:-1"},"canonical":"https:\/\/akunq.net\/turkish\/2010\/09\/25\/turkiyenin-insan-haklarina-saygili-demokrat-yazarlarina-acik-mektup\/","og_locale":"en_US","og_type":"article","og_title":"T\u00dcRK\u0130YEN\u0130N \u0130NSAN HAKLARINA SAYGILI DEMOKRAT YAZARLARINA A\u00c7IK MEKTUP - Bati Ermenistan Ve Bati Ermenileri Sorunlari Ara\u015ftirmalar Merkezi","og_description":"Do\u011fan Akhanl\u0131, kriminal soyguncu ya da bir katil de\u011fil, y\u00fcre\u011fi halklar\u0131n dostlu\u011fu i\u00e7in \u00e7arpan bir insan haklar\u0131 savunucusu, ger\u00e7eklere sayg\u0131l\u0131, medeni cesaret sahibi bir yazard\u0131r. Onu 12 Eyl\u00fcl Cuntas\u0131n\u0131n iftiras\u0131na kar\u015f\u0131 korumak, haks\u0131z yere \u00f6zg\u00fcrl\u00fc\u011f\u00fcn\u00fcn gasp edilmesini engellemek, en ba\u015fta hakl\u0131dan yana olan vicdan sahibi yazarlar\u0131m\u0131z\u0131n ger\u00e7ek adaletten yana olanlar\u0131m\u0131z\u0131n g\u00f6revidir. Say\u0131n, Adalet A\u011fao\u011flu, Ya\u015far [&hellip;]","og_url":"https:\/\/akunq.net\/turkish\/2010\/09\/25\/turkiyenin-insan-haklarina-saygili-demokrat-yazarlarina-acik-mektup\/","og_site_name":"Bati Ermenistan Ve Bati Ermenileri Sorunlari Ara\u015ftirmalar Merkezi","article_published_time":"2010-09-25T10:02:01+00:00","author":"kalem","twitter_card":"summary_large_image","twitter_misc":{"Written by":"kalem","Est. reading time":"7 minutes"},"schema":{"@context":"https:\/\/schema.org","@graph":[{"@type":"Article","@id":"https:\/\/akunq.net\/turkish\/2010\/09\/25\/turkiyenin-insan-haklarina-saygili-demokrat-yazarlarina-acik-mektup\/#article","isPartOf":{"@id":"https:\/\/akunq.net\/turkish\/2010\/09\/25\/turkiyenin-insan-haklarina-saygili-demokrat-yazarlarina-acik-mektup\/"},"author":{"name":"kalem","@id":"https:\/\/akunq.net\/turkish\/#\/schema\/person\/135e7923d1aeb8887890799619969a6c"},"headline":"T\u00dcRK\u0130YEN\u0130N \u0130NSAN HAKLARINA SAYGILI DEMOKRAT YAZARLARINA A\u00c7IK MEKTUP","datePublished":"2010-09-25T10:02:01+00:00","mainEntityOfPage":{"@id":"https:\/\/akunq.net\/turkish\/2010\/09\/25\/turkiyenin-insan-haklarina-saygili-demokrat-yazarlarina-acik-mektup\/"},"wordCount":1424,"articleSection":["Haberler"],"inLanguage":"en-US"},{"@type":"WebPage","@id":"https:\/\/akunq.net\/turkish\/2010\/09\/25\/turkiyenin-insan-haklarina-saygili-demokrat-yazarlarina-acik-mektup\/","url":"https:\/\/akunq.net\/turkish\/2010\/09\/25\/turkiyenin-insan-haklarina-saygili-demokrat-yazarlarina-acik-mektup\/","name":"T\u00dcRK\u0130YEN\u0130N \u0130NSAN HAKLARINA SAYGILI DEMOKRAT YAZARLARINA A\u00c7IK MEKTUP - Bati Ermenistan Ve Bati Ermenileri Sorunlari Ara\u015ftirmalar Merkezi","isPartOf":{"@id":"https:\/\/akunq.net\/turkish\/#website"},"datePublished":"2010-09-25T10:02:01+00:00","author":{"@id":"https:\/\/akunq.net\/turkish\/#\/schema\/person\/135e7923d1aeb8887890799619969a6c"},"breadcrumb":{"@id":"https:\/\/akunq.net\/turkish\/2010\/09\/25\/turkiyenin-insan-haklarina-saygili-demokrat-yazarlarina-acik-mektup\/#breadcrumb"},"inLanguage":"en-US","potentialAction":[{"@type":"ReadAction","target":["https:\/\/akunq.net\/turkish\/2010\/09\/25\/turkiyenin-insan-haklarina-saygili-demokrat-yazarlarina-acik-mektup\/"]}]},{"@type":"BreadcrumbList","@id":"https:\/\/akunq.net\/turkish\/2010\/09\/25\/turkiyenin-insan-haklarina-saygili-demokrat-yazarlarina-acik-mektup\/#breadcrumb","itemListElement":[{"@type":"ListItem","position":1,"name":"Home","item":"https:\/\/akunq.net\/turkish\/"},{"@type":"ListItem","position":2,"name":"T\u00dcRK\u0130YEN\u0130N \u0130NSAN HAKLARINA SAYGILI DEMOKRAT YAZARLARINA A\u00c7IK MEKTUP"}]},{"@type":"WebSite","@id":"https:\/\/akunq.net\/turkish\/#website","url":"https:\/\/akunq.net\/turkish\/","name":"Bati Ermenistan Ve Bati Ermenileri Sorunlari Ara\u015ftirmalar Merkezi","description":"","potentialAction":[{"@type":"SearchAction","target":{"@type":"EntryPoint","urlTemplate":"https:\/\/akunq.net\/turkish\/?s={search_term_string}"},"query-input":{"@type":"PropertyValueSpecification","valueRequired":true,"valueName":"search_term_string"}}],"inLanguage":"en-US"},{"@type":"Person","@id":"https:\/\/akunq.net\/turkish\/#\/schema\/person\/135e7923d1aeb8887890799619969a6c","name":"kalem","image":{"@type":"ImageObject","inLanguage":"en-US","@id":"https:\/\/secure.gravatar.com\/avatar\/a06875e4b25feb5674296adf8e8a7ae1e587cebce2493fe63c456109967e27d3?s=96&d=mm&r=g","url":"https:\/\/secure.gravatar.com\/avatar\/a06875e4b25feb5674296adf8e8a7ae1e587cebce2493fe63c456109967e27d3?s=96&d=mm&r=g","contentUrl":"https:\/\/secure.gravatar.com\/avatar\/a06875e4b25feb5674296adf8e8a7ae1e587cebce2493fe63c456109967e27d3?s=96&d=mm&r=g","caption":"kalem"},"url":"https:\/\/akunq.net\/turkish\/author\/kalem\/"}]}},"_links":{"self":[{"href":"https:\/\/akunq.net\/turkish\/wp-json\/wp\/v2\/posts\/2117","targetHints":{"allow":["GET"]}}],"collection":[{"href":"https:\/\/akunq.net\/turkish\/wp-json\/wp\/v2\/posts"}],"about":[{"href":"https:\/\/akunq.net\/turkish\/wp-json\/wp\/v2\/types\/post"}],"author":[{"embeddable":true,"href":"https:\/\/akunq.net\/turkish\/wp-json\/wp\/v2\/users\/3"}],"replies":[{"embeddable":true,"href":"https:\/\/akunq.net\/turkish\/wp-json\/wp\/v2\/comments?post=2117"}],"version-history":[{"count":0,"href":"https:\/\/akunq.net\/turkish\/wp-json\/wp\/v2\/posts\/2117\/revisions"}],"wp:attachment":[{"href":"https:\/\/akunq.net\/turkish\/wp-json\/wp\/v2\/media?parent=2117"}],"wp:term":[{"taxonomy":"category","embeddable":true,"href":"https:\/\/akunq.net\/turkish\/wp-json\/wp\/v2\/categories?post=2117"},{"taxonomy":"post_tag","embeddable":true,"href":"https:\/\/akunq.net\/turkish\/wp-json\/wp\/v2\/tags?post=2117"}],"curies":[{"name":"wp","href":"https:\/\/api.w.org\/{rel}","templated":true}]}}