{"id":2110,"date":"2010-09-25T04:45:08","date_gmt":"2010-09-25T09:45:08","guid":{"rendered":"http:\/\/akunq.net\/tr\/?p=2110"},"modified":"2010-09-25T04:45:08","modified_gmt":"2010-09-25T09:45:08","slug":"beyrutta-soykirim-kurbani-ermeni-yetimlerin-mezarliklarinin-bulundugu-alana-bir-hackar-anit-dikildi","status":"publish","type":"post","link":"https:\/\/akunq.net\/turkish\/2010\/09\/25\/beyrutta-soykirim-kurbani-ermeni-yetimlerin-mezarliklarinin-bulundugu-alana-bir-hackar-anit-dikildi\/","title":{"rendered":"Beyrut\u2019ta Soyk\u0131r\u0131m kurban\u0131 Ermeni yetimlerin mezarl\u0131klar\u0131n\u0131n bulundu\u011fu alana bir ha\u00e7kar-an\u0131t dikildi"},"content":{"rendered":"<p style=\"text-align: justify\"><a rel=\"attachment wp-att-2111\" href=\"http:\/\/akunq.net\/tr\/?attachment_id=2111\"><img loading=\"lazy\" decoding=\"async\" class=\"alignleft size-medium wp-image-2111\" title=\"Beyrut\" src=\"http:\/\/akunq.net\/tr\/wp-content\/uploads\/2010\/09\/Beyrut-300x224.jpg\" alt=\"\" width=\"300\" height=\"224\" \/><\/a>Be\u015f y\u0131l \u00f6nce ortaya \u00e7\u0131kar\u0131lan Ermeni Soyk\u0131r\u0131m\u0131ndan kul pay\u0131 kurtulmu\u015f ancak T\u00fcrkle\u015ftime projesine kurban giden Ermeni yetimlerinin mezarlar\u0131n\u0131n bulundu\u011fu Beyrut Antura St. Joseph Koleji Mezarl\u0131\u011f\u0131\u2019na, L\u00fcbnanl\u0131 Ermeni hay\u0131rsever Gohar Ha\u00e7aturyan\u2019\u0131n ihtimam ve sponsorlu\u011funda bir ha\u00e7kar-an\u0131t dikildi.<\/p>\n<p style=\"text-align: justify\">Ha\u00e7kar \u00fczerinde Ermenice, Arap\u00e7a, Frans\u0131zca ve \u0130ngilizce olarak \u2018Osmanl\u0131 \u0130mparatorlu\u011funun i\u015fledi\u011fi Soyk\u0131r\u0131ma kurban giden Ermeni \u015fehitler an\u0131s\u0131na\u2019 yazmakta.<\/p>\n<p style=\"text-align: justify\">Mezarl\u0131klar\u0131 ortaya \u00e7\u0131karan Misak Kele\u015fyan, ricas\u0131na icabet eden tek ki\u015fi olan Gohar Ha\u00e7aturyan\u2019a te\u015fekk\u00fcr\u00fcn\u00fc ifade ederek; ha\u00e7kar-an\u0131t\u0131n Ermeni \u015fehitlerin hat\u0131ras\u0131n\u0131 ebediyen sembolize etmenin yan\u0131s\u0131ra, Beyrut yak\u0131n\u0131nda Antura Yetimhanesi\u2019nde Osmanl\u0131 T\u00fcrkiyesi taraf\u0131ndan Ermenilere y\u00f6nelik ger\u00e7ekle\u015ftirilen i\u015flemlerin soyk\u0131r\u0131m oldu\u011funu bir kez daha ortaya koydu\u011funu belirtti.<\/p>\n<p style=\"text-align: justify\"><a rel=\"attachment wp-att-2112\" href=\"http:\/\/akunq.net\/tr\/?attachment_id=2112\"><img loading=\"lazy\" decoding=\"async\" class=\"alignleft size-medium wp-image-2112\" title=\"Antura 2\" src=\"http:\/\/akunq.net\/tr\/wp-content\/uploads\/2010\/09\/Antura-2-300x205.jpg\" alt=\"\" width=\"300\" height=\"205\" srcset=\"https:\/\/akunq.net\/turkish\/wp-content\/uploads\/sites\/5\/2010\/09\/Antura-2-300x205.jpg 300w, https:\/\/akunq.net\/turkish\/wp-content\/uploads\/sites\/5\/2010\/09\/Antura-2.jpg 307w\" sizes=\"auto, (max-width: 300px) 100vw, 300px\" \/><\/a>Toplu mezarl\u0131kta kolera ve a\u00e7l\u0131ktan \u00f6len 300 Ermeni yetimin naa\u015f\u0131 bulunmakta.<\/p>\n<p style=\"text-align: justify\">Antura Yetimhanesi\u2019nde kalan 1200 yetimin hikayesi bundan birka\u00e7 y\u0131l \u00f6ncesine kadar kimse taraf\u0131ndan bilinmiyordu. Yetimhane o y\u0131llarada Cemal Pa\u015fa ve T\u00fcrkiye\u2019nin ilk kad\u0131n hareketi \u00f6nc\u00fcs\u00fc Halide Edip (Ad\u0131var) taraf\u0131ndan y\u00f6netiliyordu. Onlar \u00e7ocuklara T\u00fcrk isimleri vererek, m\u00fcsl\u00fcman olmaya zorluyor, Ermenice konu\u015fanlar\u0131 d\u00f6v\u00fcyorlard\u0131.<\/p>\n<p style=\"text-align: justify\">BM Konvansiyonuna g\u00f6re \u00e7ocuklara y\u00f6nelik etnik zorlama soyk\u0131r\u0131m emarelerinden biri olarak kabul edilmekte.<\/p>\n<p style=\"text-align: justify\"><a rel=\"attachment wp-att-2113\" href=\"http:\/\/akunq.net\/tr\/?attachment_id=2113\"><img loading=\"lazy\" decoding=\"async\" class=\"alignleft size-medium wp-image-2113\" title=\"Antura 3\" src=\"http:\/\/akunq.net\/tr\/wp-content\/uploads\/2010\/09\/Antura-3-300x205.jpg\" alt=\"\" width=\"300\" height=\"205\" srcset=\"https:\/\/akunq.net\/turkish\/wp-content\/uploads\/sites\/5\/2010\/09\/Antura-3-300x205.jpg 300w, https:\/\/akunq.net\/turkish\/wp-content\/uploads\/sites\/5\/2010\/09\/Antura-3.jpg 307w\" sizes=\"auto, (max-width: 300px) 100vw, 300px\" \/><\/a>Osmanl\u0131 Dahiliye Naz\u0131r\u0131 (\u0130\u00e7i\u015fleri Bakan\u0131) Tal\u00e2t; emilerinden birinden 5 ya\u015f\u0131ndan b\u00fcy\u00fck Osmanl\u0131 tebaas\u0131 t\u00fcm \u00e7ocuklar\u0131n kent d\u0131\u015f\u0131na \u00e7\u0131kar\u0131larak katledilmelerini talep ediyordu.<\/p>\n<p style=\"text-align: justify\">Bu \u00e7ocuklardan bir k\u0131sm\u0131 diri diri yak\u0131l\u0131rken, bir k\u0131sm\u0131 zehirleme, bo\u011fma, a\u00e7l\u0131k veya farkl\u0131 hastal\u0131klar sonucu ya\u015famlar\u0131n\u0131 kaybettiler.<\/p>\n<p style=\"text-align: justify\">Soyk\u0131r\u0131m sonucu\u00a0 yetim kalan binlerce \u00e7ocuk dinini veya milletini de\u011fi\u015ftirmek mecburiyetinde b\u0131rak\u0131ld\u0131.<\/p>\n<p style=\"text-align: justify\">\u0130leriki y\u0131llarda bir dizi kurulu\u015f veya bireylerin deste\u011fiyle binlerce yetim ortaya \u00e7\u0131kar\u0131ld\u0131 ve fidye kar\u015f\u0131l\u0131\u011f\u0131 geri kazan\u0131ld\u0131. Ancak bunlar\u0131n b\u00fcy\u00fck k\u0131sm\u0131 asimile oldu.<\/p>\n<p style=\"text-align: justify\"><a rel=\"attachment wp-att-2114\" href=\"http:\/\/akunq.net\/tr\/?attachment_id=2114\"><img loading=\"lazy\" decoding=\"async\" class=\"alignleft size-medium wp-image-2114\" title=\"Antura 4\" src=\"http:\/\/akunq.net\/tr\/wp-content\/uploads\/2010\/09\/Antura-4-300x205.jpg\" alt=\"\" width=\"300\" height=\"205\" srcset=\"https:\/\/akunq.net\/turkish\/wp-content\/uploads\/sites\/5\/2010\/09\/Antura-4-300x205.jpg 300w, https:\/\/akunq.net\/turkish\/wp-content\/uploads\/sites\/5\/2010\/09\/Antura-4.jpg 307w\" sizes=\"auto, (max-width: 300px) 100vw, 300px\" \/><\/a>ABD\u2019de Antura Yetimhanesi\u2019ni konu edinen \u2018Soyk\u0131r\u0131m yetimleri\u2019 belgeselinin haz\u0131rlanm\u0131\u015f oldu\u011funu ve 150.000 Ermeni yetime adand\u0131\u011f\u0131n\u0131 kaydedelim. Halihaz\u0131rda \u2018Soyk\u0131r\u0131m Yetimleri\u2019 filminin prod\u00fcseri, filmin 1 saatlik versiyonunu haz\u0131rlamaktalar. Bu versiyonda tan\u0131nm\u0131\u015f gazeteci Robert Fisk\u2019in \u00f6zel r\u00f6portaj\u0131 da yer almakta. Fisk, Antura Yetimhanesi\u2019ni ziyaret etmi\u015f ve Ermeni yetimlerin zorla din de\u011fi\u015ftirtilmesi projesi konusunu \u00abThe Indipendent\u00bb vd. gazeteler arac\u0131l\u0131\u011f\u0131yla t\u00fcm d\u00fcnyaya duyuran ilk ki\u015filerden biri olmu\u015ftu.<\/p>\n<p style=\"text-align: justify\">\u00a0<a href=\"http:\/\/news.am\/tur\/\"><strong><em>News from Armenia &#8211; NEWS.am<\/em><\/strong><\/a><strong><em><\/em><\/strong><\/p>\n<p style=\"text-align: justify\"><strong><em>Eyl\u00fcl 24, 2010 <\/em><\/strong><\/p>\n","protected":false},"excerpt":{"rendered":"<p>Be\u015f y\u0131l \u00f6nce ortaya \u00e7\u0131kar\u0131lan Ermeni Soyk\u0131r\u0131m\u0131ndan kul pay\u0131 kurtulmu\u015f ancak T\u00fcrkle\u015ftime projesine kurban giden Ermeni yetimlerinin mezarlar\u0131n\u0131n bulundu\u011fu Beyrut Antura St. Joseph Koleji Mezarl\u0131\u011f\u0131\u2019na, L\u00fcbnanl\u0131 Ermeni hay\u0131rsever Gohar Ha\u00e7aturyan\u2019\u0131n ihtimam ve sponsorlu\u011funda bir ha\u00e7kar-an\u0131t dikildi. Ha\u00e7kar \u00fczerinde Ermenice, Arap\u00e7a, Frans\u0131zca ve \u0130ngilizce olarak \u2018Osmanl\u0131 \u0130mparatorlu\u011funun i\u015fledi\u011fi Soyk\u0131r\u0131ma kurban giden Ermeni \u015fehitler an\u0131s\u0131na\u2019 yazmakta. Mezarl\u0131klar\u0131 [&hellip;]<\/p>\n","protected":false},"author":3,"featured_media":0,"comment_status":"closed","ping_status":"open","sticky":false,"template":"","format":"standard","meta":{"footnotes":""},"categories":[6,14],"tags":[],"class_list":["post-2110","post","type-post","status-publish","format-standard","hentry","category-ermeni-soykirimi","category-haberler"],"yoast_head":"<!-- This site is optimized with the Yoast SEO plugin v27.4 - https:\/\/yoast.com\/product\/yoast-seo-wordpress\/ -->\n<title>Beyrut\u2019ta Soyk\u0131r\u0131m kurban\u0131 Ermeni yetimlerin mezarl\u0131klar\u0131n\u0131n bulundu\u011fu alana bir ha\u00e7kar-an\u0131t dikildi - Bati Ermenistan Ve Bati Ermenileri Sorunlari Ara\u015ftirmalar Merkezi<\/title>\n<meta name=\"robots\" content=\"index, follow, max-snippet:-1, max-image-preview:large, max-video-preview:-1\" \/>\n<link rel=\"canonical\" href=\"https:\/\/akunq.net\/turkish\/2010\/09\/25\/beyrutta-soykirim-kurbani-ermeni-yetimlerin-mezarliklarinin-bulundugu-alana-bir-hackar-anit-dikildi\/\" \/>\n<meta property=\"og:locale\" content=\"en_US\" \/>\n<meta property=\"og:type\" content=\"article\" \/>\n<meta property=\"og:title\" content=\"Beyrut\u2019ta Soyk\u0131r\u0131m kurban\u0131 Ermeni yetimlerin mezarl\u0131klar\u0131n\u0131n bulundu\u011fu alana bir ha\u00e7kar-an\u0131t dikildi - Bati Ermenistan Ve Bati Ermenileri Sorunlari Ara\u015ftirmalar Merkezi\" \/>\n<meta property=\"og:description\" content=\"Be\u015f y\u0131l \u00f6nce ortaya \u00e7\u0131kar\u0131lan Ermeni Soyk\u0131r\u0131m\u0131ndan kul pay\u0131 kurtulmu\u015f ancak T\u00fcrkle\u015ftime projesine kurban giden Ermeni yetimlerinin mezarlar\u0131n\u0131n bulundu\u011fu Beyrut Antura St. Joseph Koleji Mezarl\u0131\u011f\u0131\u2019na, L\u00fcbnanl\u0131 Ermeni hay\u0131rsever Gohar Ha\u00e7aturyan\u2019\u0131n ihtimam ve sponsorlu\u011funda bir ha\u00e7kar-an\u0131t dikildi. Ha\u00e7kar \u00fczerinde Ermenice, Arap\u00e7a, Frans\u0131zca ve \u0130ngilizce olarak \u2018Osmanl\u0131 \u0130mparatorlu\u011funun i\u015fledi\u011fi Soyk\u0131r\u0131ma kurban giden Ermeni \u015fehitler an\u0131s\u0131na\u2019 yazmakta. Mezarl\u0131klar\u0131 [&hellip;]\" \/>\n<meta property=\"og:url\" content=\"https:\/\/akunq.net\/turkish\/2010\/09\/25\/beyrutta-soykirim-kurbani-ermeni-yetimlerin-mezarliklarinin-bulundugu-alana-bir-hackar-anit-dikildi\/\" \/>\n<meta property=\"og:site_name\" content=\"Bati Ermenistan Ve Bati Ermenileri Sorunlari Ara\u015ftirmalar Merkezi\" \/>\n<meta property=\"article:published_time\" content=\"2010-09-25T09:45:08+00:00\" \/>\n<meta property=\"og:image\" content=\"https:\/\/akunq.net\/turkish\/wp-content\/uploads\/sites\/5\/2010\/09\/Beyrut.jpg\" \/>\n\t<meta property=\"og:image:width\" content=\"314\" \/>\n\t<meta property=\"og:image:height\" content=\"235\" \/>\n\t<meta property=\"og:image:type\" content=\"image\/jpeg\" \/>\n<meta name=\"author\" content=\"kalem\" \/>\n<meta name=\"twitter:card\" content=\"summary_large_image\" \/>\n<meta name=\"twitter:label1\" content=\"Written by\" \/>\n\t<meta name=\"twitter:data1\" content=\"kalem\" \/>\n\t<meta name=\"twitter:label2\" content=\"Est. reading time\" \/>\n\t<meta name=\"twitter:data2\" content=\"2 minutes\" \/>\n<script type=\"application\/ld+json\" class=\"yoast-schema-graph\">{\"@context\":\"https:\\\/\\\/schema.org\",\"@graph\":[{\"@type\":\"Article\",\"@id\":\"https:\\\/\\\/akunq.net\\\/turkish\\\/2010\\\/09\\\/25\\\/beyrutta-soykirim-kurbani-ermeni-yetimlerin-mezarliklarinin-bulundugu-alana-bir-hackar-anit-dikildi\\\/#article\",\"isPartOf\":{\"@id\":\"https:\\\/\\\/akunq.net\\\/turkish\\\/2010\\\/09\\\/25\\\/beyrutta-soykirim-kurbani-ermeni-yetimlerin-mezarliklarinin-bulundugu-alana-bir-hackar-anit-dikildi\\\/\"},\"author\":{\"name\":\"kalem\",\"@id\":\"https:\\\/\\\/akunq.net\\\/turkish\\\/#\\\/schema\\\/person\\\/135e7923d1aeb8887890799619969a6c\"},\"headline\":\"Beyrut\u2019ta Soyk\u0131r\u0131m kurban\u0131 Ermeni yetimlerin mezarl\u0131klar\u0131n\u0131n bulundu\u011fu alana bir ha\u00e7kar-an\u0131t dikildi\",\"datePublished\":\"2010-09-25T09:45:08+00:00\",\"mainEntityOfPage\":{\"@id\":\"https:\\\/\\\/akunq.net\\\/turkish\\\/2010\\\/09\\\/25\\\/beyrutta-soykirim-kurbani-ermeni-yetimlerin-mezarliklarinin-bulundugu-alana-bir-hackar-anit-dikildi\\\/\"},\"wordCount\":462,\"image\":{\"@id\":\"https:\\\/\\\/akunq.net\\\/turkish\\\/2010\\\/09\\\/25\\\/beyrutta-soykirim-kurbani-ermeni-yetimlerin-mezarliklarinin-bulundugu-alana-bir-hackar-anit-dikildi\\\/#primaryimage\"},\"thumbnailUrl\":\"http:\\\/\\\/akunq.net\\\/tr\\\/wp-content\\\/uploads\\\/2010\\\/09\\\/Beyrut-300x224.jpg\",\"articleSection\":[\"Ermeni Soyk\u0131r\u0131m\u0131\",\"Haberler\"],\"inLanguage\":\"en-US\"},{\"@type\":\"WebPage\",\"@id\":\"https:\\\/\\\/akunq.net\\\/turkish\\\/2010\\\/09\\\/25\\\/beyrutta-soykirim-kurbani-ermeni-yetimlerin-mezarliklarinin-bulundugu-alana-bir-hackar-anit-dikildi\\\/\",\"url\":\"https:\\\/\\\/akunq.net\\\/turkish\\\/2010\\\/09\\\/25\\\/beyrutta-soykirim-kurbani-ermeni-yetimlerin-mezarliklarinin-bulundugu-alana-bir-hackar-anit-dikildi\\\/\",\"name\":\"Beyrut\u2019ta Soyk\u0131r\u0131m kurban\u0131 Ermeni yetimlerin mezarl\u0131klar\u0131n\u0131n bulundu\u011fu alana bir ha\u00e7kar-an\u0131t dikildi - Bati Ermenistan Ve Bati Ermenileri Sorunlari Ara\u015ftirmalar Merkezi\",\"isPartOf\":{\"@id\":\"https:\\\/\\\/akunq.net\\\/turkish\\\/#website\"},\"primaryImageOfPage\":{\"@id\":\"https:\\\/\\\/akunq.net\\\/turkish\\\/2010\\\/09\\\/25\\\/beyrutta-soykirim-kurbani-ermeni-yetimlerin-mezarliklarinin-bulundugu-alana-bir-hackar-anit-dikildi\\\/#primaryimage\"},\"image\":{\"@id\":\"https:\\\/\\\/akunq.net\\\/turkish\\\/2010\\\/09\\\/25\\\/beyrutta-soykirim-kurbani-ermeni-yetimlerin-mezarliklarinin-bulundugu-alana-bir-hackar-anit-dikildi\\\/#primaryimage\"},\"thumbnailUrl\":\"http:\\\/\\\/akunq.net\\\/tr\\\/wp-content\\\/uploads\\\/2010\\\/09\\\/Beyrut-300x224.jpg\",\"datePublished\":\"2010-09-25T09:45:08+00:00\",\"author\":{\"@id\":\"https:\\\/\\\/akunq.net\\\/turkish\\\/#\\\/schema\\\/person\\\/135e7923d1aeb8887890799619969a6c\"},\"breadcrumb\":{\"@id\":\"https:\\\/\\\/akunq.net\\\/turkish\\\/2010\\\/09\\\/25\\\/beyrutta-soykirim-kurbani-ermeni-yetimlerin-mezarliklarinin-bulundugu-alana-bir-hackar-anit-dikildi\\\/#breadcrumb\"},\"inLanguage\":\"en-US\",\"potentialAction\":[{\"@type\":\"ReadAction\",\"target\":[\"https:\\\/\\\/akunq.net\\\/turkish\\\/2010\\\/09\\\/25\\\/beyrutta-soykirim-kurbani-ermeni-yetimlerin-mezarliklarinin-bulundugu-alana-bir-hackar-anit-dikildi\\\/\"]}]},{\"@type\":\"ImageObject\",\"inLanguage\":\"en-US\",\"@id\":\"https:\\\/\\\/akunq.net\\\/turkish\\\/2010\\\/09\\\/25\\\/beyrutta-soykirim-kurbani-ermeni-yetimlerin-mezarliklarinin-bulundugu-alana-bir-hackar-anit-dikildi\\\/#primaryimage\",\"url\":\"http:\\\/\\\/akunq.net\\\/tr\\\/wp-content\\\/uploads\\\/2010\\\/09\\\/Beyrut-300x224.jpg\",\"contentUrl\":\"http:\\\/\\\/akunq.net\\\/tr\\\/wp-content\\\/uploads\\\/2010\\\/09\\\/Beyrut-300x224.jpg\"},{\"@type\":\"BreadcrumbList\",\"@id\":\"https:\\\/\\\/akunq.net\\\/turkish\\\/2010\\\/09\\\/25\\\/beyrutta-soykirim-kurbani-ermeni-yetimlerin-mezarliklarinin-bulundugu-alana-bir-hackar-anit-dikildi\\\/#breadcrumb\",\"itemListElement\":[{\"@type\":\"ListItem\",\"position\":1,\"name\":\"Home\",\"item\":\"https:\\\/\\\/akunq.net\\\/turkish\\\/\"},{\"@type\":\"ListItem\",\"position\":2,\"name\":\"Beyrut\u2019ta Soyk\u0131r\u0131m kurban\u0131 Ermeni yetimlerin mezarl\u0131klar\u0131n\u0131n bulundu\u011fu alana bir ha\u00e7kar-an\u0131t dikildi\"}]},{\"@type\":\"WebSite\",\"@id\":\"https:\\\/\\\/akunq.net\\\/turkish\\\/#website\",\"url\":\"https:\\\/\\\/akunq.net\\\/turkish\\\/\",\"name\":\"Bati Ermenistan Ve Bati Ermenileri Sorunlari Ara\u015ftirmalar Merkezi\",\"description\":\"\",\"potentialAction\":[{\"@type\":\"SearchAction\",\"target\":{\"@type\":\"EntryPoint\",\"urlTemplate\":\"https:\\\/\\\/akunq.net\\\/turkish\\\/?s={search_term_string}\"},\"query-input\":{\"@type\":\"PropertyValueSpecification\",\"valueRequired\":true,\"valueName\":\"search_term_string\"}}],\"inLanguage\":\"en-US\"},{\"@type\":\"Person\",\"@id\":\"https:\\\/\\\/akunq.net\\\/turkish\\\/#\\\/schema\\\/person\\\/135e7923d1aeb8887890799619969a6c\",\"name\":\"kalem\",\"image\":{\"@type\":\"ImageObject\",\"inLanguage\":\"en-US\",\"@id\":\"https:\\\/\\\/secure.gravatar.com\\\/avatar\\\/a06875e4b25feb5674296adf8e8a7ae1e587cebce2493fe63c456109967e27d3?s=96&d=mm&r=g\",\"url\":\"https:\\\/\\\/secure.gravatar.com\\\/avatar\\\/a06875e4b25feb5674296adf8e8a7ae1e587cebce2493fe63c456109967e27d3?s=96&d=mm&r=g\",\"contentUrl\":\"https:\\\/\\\/secure.gravatar.com\\\/avatar\\\/a06875e4b25feb5674296adf8e8a7ae1e587cebce2493fe63c456109967e27d3?s=96&d=mm&r=g\",\"caption\":\"kalem\"},\"url\":\"https:\\\/\\\/akunq.net\\\/turkish\\\/author\\\/kalem\\\/\"}]}<\/script>\n<!-- \/ Yoast SEO plugin. -->","yoast_head_json":{"title":"Beyrut\u2019ta Soyk\u0131r\u0131m kurban\u0131 Ermeni yetimlerin mezarl\u0131klar\u0131n\u0131n bulundu\u011fu alana bir ha\u00e7kar-an\u0131t dikildi - Bati Ermenistan Ve Bati Ermenileri Sorunlari Ara\u015ftirmalar Merkezi","robots":{"index":"index","follow":"follow","max-snippet":"max-snippet:-1","max-image-preview":"max-image-preview:large","max-video-preview":"max-video-preview:-1"},"canonical":"https:\/\/akunq.net\/turkish\/2010\/09\/25\/beyrutta-soykirim-kurbani-ermeni-yetimlerin-mezarliklarinin-bulundugu-alana-bir-hackar-anit-dikildi\/","og_locale":"en_US","og_type":"article","og_title":"Beyrut\u2019ta Soyk\u0131r\u0131m kurban\u0131 Ermeni yetimlerin mezarl\u0131klar\u0131n\u0131n bulundu\u011fu alana bir ha\u00e7kar-an\u0131t dikildi - Bati Ermenistan Ve Bati Ermenileri Sorunlari Ara\u015ftirmalar Merkezi","og_description":"Be\u015f y\u0131l \u00f6nce ortaya \u00e7\u0131kar\u0131lan Ermeni Soyk\u0131r\u0131m\u0131ndan kul pay\u0131 kurtulmu\u015f ancak T\u00fcrkle\u015ftime projesine kurban giden Ermeni yetimlerinin mezarlar\u0131n\u0131n bulundu\u011fu Beyrut Antura St. Joseph Koleji Mezarl\u0131\u011f\u0131\u2019na, L\u00fcbnanl\u0131 Ermeni hay\u0131rsever Gohar Ha\u00e7aturyan\u2019\u0131n ihtimam ve sponsorlu\u011funda bir ha\u00e7kar-an\u0131t dikildi. Ha\u00e7kar \u00fczerinde Ermenice, Arap\u00e7a, Frans\u0131zca ve \u0130ngilizce olarak \u2018Osmanl\u0131 \u0130mparatorlu\u011funun i\u015fledi\u011fi Soyk\u0131r\u0131ma kurban giden Ermeni \u015fehitler an\u0131s\u0131na\u2019 yazmakta. Mezarl\u0131klar\u0131 [&hellip;]","og_url":"https:\/\/akunq.net\/turkish\/2010\/09\/25\/beyrutta-soykirim-kurbani-ermeni-yetimlerin-mezarliklarinin-bulundugu-alana-bir-hackar-anit-dikildi\/","og_site_name":"Bati Ermenistan Ve Bati Ermenileri Sorunlari Ara\u015ftirmalar Merkezi","article_published_time":"2010-09-25T09:45:08+00:00","og_image":[{"width":314,"height":235,"url":"https:\/\/akunq.net\/turkish\/wp-content\/uploads\/sites\/5\/2010\/09\/Beyrut.jpg","type":"image\/jpeg"}],"author":"kalem","twitter_card":"summary_large_image","twitter_misc":{"Written by":"kalem","Est. reading time":"2 minutes"},"schema":{"@context":"https:\/\/schema.org","@graph":[{"@type":"Article","@id":"https:\/\/akunq.net\/turkish\/2010\/09\/25\/beyrutta-soykirim-kurbani-ermeni-yetimlerin-mezarliklarinin-bulundugu-alana-bir-hackar-anit-dikildi\/#article","isPartOf":{"@id":"https:\/\/akunq.net\/turkish\/2010\/09\/25\/beyrutta-soykirim-kurbani-ermeni-yetimlerin-mezarliklarinin-bulundugu-alana-bir-hackar-anit-dikildi\/"},"author":{"name":"kalem","@id":"https:\/\/akunq.net\/turkish\/#\/schema\/person\/135e7923d1aeb8887890799619969a6c"},"headline":"Beyrut\u2019ta Soyk\u0131r\u0131m kurban\u0131 Ermeni yetimlerin mezarl\u0131klar\u0131n\u0131n bulundu\u011fu alana bir ha\u00e7kar-an\u0131t dikildi","datePublished":"2010-09-25T09:45:08+00:00","mainEntityOfPage":{"@id":"https:\/\/akunq.net\/turkish\/2010\/09\/25\/beyrutta-soykirim-kurbani-ermeni-yetimlerin-mezarliklarinin-bulundugu-alana-bir-hackar-anit-dikildi\/"},"wordCount":462,"image":{"@id":"https:\/\/akunq.net\/turkish\/2010\/09\/25\/beyrutta-soykirim-kurbani-ermeni-yetimlerin-mezarliklarinin-bulundugu-alana-bir-hackar-anit-dikildi\/#primaryimage"},"thumbnailUrl":"http:\/\/akunq.net\/tr\/wp-content\/uploads\/2010\/09\/Beyrut-300x224.jpg","articleSection":["Ermeni Soyk\u0131r\u0131m\u0131","Haberler"],"inLanguage":"en-US"},{"@type":"WebPage","@id":"https:\/\/akunq.net\/turkish\/2010\/09\/25\/beyrutta-soykirim-kurbani-ermeni-yetimlerin-mezarliklarinin-bulundugu-alana-bir-hackar-anit-dikildi\/","url":"https:\/\/akunq.net\/turkish\/2010\/09\/25\/beyrutta-soykirim-kurbani-ermeni-yetimlerin-mezarliklarinin-bulundugu-alana-bir-hackar-anit-dikildi\/","name":"Beyrut\u2019ta Soyk\u0131r\u0131m kurban\u0131 Ermeni yetimlerin mezarl\u0131klar\u0131n\u0131n bulundu\u011fu alana bir ha\u00e7kar-an\u0131t dikildi - Bati Ermenistan Ve Bati Ermenileri Sorunlari Ara\u015ftirmalar Merkezi","isPartOf":{"@id":"https:\/\/akunq.net\/turkish\/#website"},"primaryImageOfPage":{"@id":"https:\/\/akunq.net\/turkish\/2010\/09\/25\/beyrutta-soykirim-kurbani-ermeni-yetimlerin-mezarliklarinin-bulundugu-alana-bir-hackar-anit-dikildi\/#primaryimage"},"image":{"@id":"https:\/\/akunq.net\/turkish\/2010\/09\/25\/beyrutta-soykirim-kurbani-ermeni-yetimlerin-mezarliklarinin-bulundugu-alana-bir-hackar-anit-dikildi\/#primaryimage"},"thumbnailUrl":"http:\/\/akunq.net\/tr\/wp-content\/uploads\/2010\/09\/Beyrut-300x224.jpg","datePublished":"2010-09-25T09:45:08+00:00","author":{"@id":"https:\/\/akunq.net\/turkish\/#\/schema\/person\/135e7923d1aeb8887890799619969a6c"},"breadcrumb":{"@id":"https:\/\/akunq.net\/turkish\/2010\/09\/25\/beyrutta-soykirim-kurbani-ermeni-yetimlerin-mezarliklarinin-bulundugu-alana-bir-hackar-anit-dikildi\/#breadcrumb"},"inLanguage":"en-US","potentialAction":[{"@type":"ReadAction","target":["https:\/\/akunq.net\/turkish\/2010\/09\/25\/beyrutta-soykirim-kurbani-ermeni-yetimlerin-mezarliklarinin-bulundugu-alana-bir-hackar-anit-dikildi\/"]}]},{"@type":"ImageObject","inLanguage":"en-US","@id":"https:\/\/akunq.net\/turkish\/2010\/09\/25\/beyrutta-soykirim-kurbani-ermeni-yetimlerin-mezarliklarinin-bulundugu-alana-bir-hackar-anit-dikildi\/#primaryimage","url":"http:\/\/akunq.net\/tr\/wp-content\/uploads\/2010\/09\/Beyrut-300x224.jpg","contentUrl":"http:\/\/akunq.net\/tr\/wp-content\/uploads\/2010\/09\/Beyrut-300x224.jpg"},{"@type":"BreadcrumbList","@id":"https:\/\/akunq.net\/turkish\/2010\/09\/25\/beyrutta-soykirim-kurbani-ermeni-yetimlerin-mezarliklarinin-bulundugu-alana-bir-hackar-anit-dikildi\/#breadcrumb","itemListElement":[{"@type":"ListItem","position":1,"name":"Home","item":"https:\/\/akunq.net\/turkish\/"},{"@type":"ListItem","position":2,"name":"Beyrut\u2019ta Soyk\u0131r\u0131m kurban\u0131 Ermeni yetimlerin mezarl\u0131klar\u0131n\u0131n bulundu\u011fu alana bir ha\u00e7kar-an\u0131t dikildi"}]},{"@type":"WebSite","@id":"https:\/\/akunq.net\/turkish\/#website","url":"https:\/\/akunq.net\/turkish\/","name":"Bati Ermenistan Ve Bati Ermenileri Sorunlari Ara\u015ftirmalar Merkezi","description":"","potentialAction":[{"@type":"SearchAction","target":{"@type":"EntryPoint","urlTemplate":"https:\/\/akunq.net\/turkish\/?s={search_term_string}"},"query-input":{"@type":"PropertyValueSpecification","valueRequired":true,"valueName":"search_term_string"}}],"inLanguage":"en-US"},{"@type":"Person","@id":"https:\/\/akunq.net\/turkish\/#\/schema\/person\/135e7923d1aeb8887890799619969a6c","name":"kalem","image":{"@type":"ImageObject","inLanguage":"en-US","@id":"https:\/\/secure.gravatar.com\/avatar\/a06875e4b25feb5674296adf8e8a7ae1e587cebce2493fe63c456109967e27d3?s=96&d=mm&r=g","url":"https:\/\/secure.gravatar.com\/avatar\/a06875e4b25feb5674296adf8e8a7ae1e587cebce2493fe63c456109967e27d3?s=96&d=mm&r=g","contentUrl":"https:\/\/secure.gravatar.com\/avatar\/a06875e4b25feb5674296adf8e8a7ae1e587cebce2493fe63c456109967e27d3?s=96&d=mm&r=g","caption":"kalem"},"url":"https:\/\/akunq.net\/turkish\/author\/kalem\/"}]}},"_links":{"self":[{"href":"https:\/\/akunq.net\/turkish\/wp-json\/wp\/v2\/posts\/2110","targetHints":{"allow":["GET"]}}],"collection":[{"href":"https:\/\/akunq.net\/turkish\/wp-json\/wp\/v2\/posts"}],"about":[{"href":"https:\/\/akunq.net\/turkish\/wp-json\/wp\/v2\/types\/post"}],"author":[{"embeddable":true,"href":"https:\/\/akunq.net\/turkish\/wp-json\/wp\/v2\/users\/3"}],"replies":[{"embeddable":true,"href":"https:\/\/akunq.net\/turkish\/wp-json\/wp\/v2\/comments?post=2110"}],"version-history":[{"count":0,"href":"https:\/\/akunq.net\/turkish\/wp-json\/wp\/v2\/posts\/2110\/revisions"}],"wp:attachment":[{"href":"https:\/\/akunq.net\/turkish\/wp-json\/wp\/v2\/media?parent=2110"}],"wp:term":[{"taxonomy":"category","embeddable":true,"href":"https:\/\/akunq.net\/turkish\/wp-json\/wp\/v2\/categories?post=2110"},{"taxonomy":"post_tag","embeddable":true,"href":"https:\/\/akunq.net\/turkish\/wp-json\/wp\/v2\/tags?post=2110"}],"curies":[{"name":"wp","href":"https:\/\/api.w.org\/{rel}","templated":true}]}}