{"id":2099,"date":"2010-09-24T02:50:55","date_gmt":"2010-09-24T07:50:55","guid":{"rendered":"http:\/\/akunq.net\/tr\/?p=2099"},"modified":"2010-09-24T02:50:55","modified_gmt":"2010-09-24T07:50:55","slug":"yabanci-gazeteciler-turkiye-ermenileri-patrikhanesini-ziyaret-ettiler","status":"publish","type":"post","link":"https:\/\/akunq.net\/turkish\/2010\/09\/24\/yabanci-gazeteciler-turkiye-ermenileri-patrikhanesini-ziyaret-ettiler\/","title":{"rendered":"Yabanc\u0131 Gazeteciler, T\u00fcrkiye Ermenileri Patrikhanesi\u2019ni Ziyaret Ettiler"},"content":{"rendered":"<p style=\"text-align: justify\"><a rel=\"attachment wp-att-2100\" href=\"http:\/\/akunq.net\/tr\/?attachment_id=2100\"><img loading=\"lazy\" decoding=\"async\" class=\"alignleft size-medium wp-image-2100\" title=\"Patrikhane\" src=\"http:\/\/akunq.net\/tr\/wp-content\/uploads\/2010\/09\/31961-300x199.jpg\" alt=\"\" width=\"300\" height=\"199\" \/><\/a>T\u00fcrkiye Ba\u015fbakan\u0131 Recep Tayyip Erdo\u011fan taraf\u0131ndan Akhtamar Surp Ha\u00e7 kilisesindeki\u00a0 ayine kat\u0131lmak amac\u0131yla T\u00fcrkiye\u2019ye davet edilen yabanc\u0131 gazeteciler, \u0130stanbul Ermeni Patrikhanesi\u2019ni ziyaret etti.<\/p>\n<p style=\"text-align: justify\">Akhtamar\u2019daki Surp Ha\u00e7 kilisesinde d\u00fczenlenmi\u015f ayinden sonra Istanbul\u2019a gelen Patrik Genel Vekili Ba\u015fepiskopos <em>Aram Ate\u015fyan, yabanc\u0131 gazetecileri kabul edip sorduklar\u0131 sorular\u0131 yan\u0131tlad\u0131. <\/em><\/p>\n<p style=\"text-align: left\"><em>\u00a0\u00a0\u00a0\u00a0\u00a0\u00a0\u00a0\u00a0\u00a0\u00a0<strong>\u00a0 <\/strong><\/em><em><em><strong>23.09.2010<\/strong><\/em><\/em><\/p>\n<p style=\"text-align: left\"><strong>\u00a0\u00a0\u00a0\u00a0\u00a0\u00a0\u00a0\u00a0\u00a0 <em><em>News.am<\/em><\/em><\/strong><\/p>\n<p style=\"text-align: left\"><em><em>\u00a0\u00a0\u00a0\u00a0\u00a0\u00a0\u00a0\u00a0\u00a0 <strong>Haberin <\/strong><\/em><strong>\u00e7evirisi www.akunq.net taraf\u0131ndan yap\u0131lm\u0131\u015ft\u0131r.<\/strong><\/em><\/p>\n","protected":false},"excerpt":{"rendered":"<p>T\u00fcrkiye Ba\u015fbakan\u0131 Recep Tayyip Erdo\u011fan taraf\u0131ndan Akhtamar Surp Ha\u00e7 kilisesindeki\u00a0 ayine kat\u0131lmak amac\u0131yla T\u00fcrkiye\u2019ye davet edilen yabanc\u0131 gazeteciler, \u0130stanbul Ermeni Patrikhanesi\u2019ni ziyaret etti. Akhtamar\u2019daki Surp Ha\u00e7 kilisesinde d\u00fczenlenmi\u015f ayinden sonra Istanbul\u2019a gelen Patrik Genel Vekili Ba\u015fepiskopos Aram Ate\u015fyan, yabanc\u0131 gazetecileri kabul edip sorduklar\u0131 sorular\u0131 yan\u0131tlad\u0131. \u00a0\u00a0\u00a0\u00a0\u00a0\u00a0\u00a0\u00a0\u00a0\u00a0\u00a0 23.09.2010 \u00a0\u00a0\u00a0\u00a0\u00a0\u00a0\u00a0\u00a0\u00a0 News.am \u00a0\u00a0\u00a0\u00a0\u00a0\u00a0\u00a0\u00a0\u00a0 Haberin \u00e7evirisi www.akunq.net taraf\u0131ndan yap\u0131lm\u0131\u015ft\u0131r.<\/p>\n","protected":false},"author":3,"featured_media":0,"comment_status":"closed","ping_status":"open","sticky":false,"template":"","format":"standard","meta":{"footnotes":""},"categories":[14],"tags":[],"class_list":["post-2099","post","type-post","status-publish","format-standard","hentry","category-haberler"],"yoast_head":"<!-- This site is optimized with the Yoast SEO plugin v27.4 - https:\/\/yoast.com\/product\/yoast-seo-wordpress\/ -->\n<title>Yabanc\u0131 Gazeteciler, T\u00fcrkiye Ermenileri Patrikhanesi\u2019ni Ziyaret Ettiler - Bati Ermenistan Ve Bati Ermenileri Sorunlari Ara\u015ftirmalar Merkezi<\/title>\n<meta name=\"robots\" content=\"index, follow, max-snippet:-1, max-image-preview:large, max-video-preview:-1\" \/>\n<link rel=\"canonical\" href=\"https:\/\/akunq.net\/turkish\/2010\/09\/24\/yabanci-gazeteciler-turkiye-ermenileri-patrikhanesini-ziyaret-ettiler\/\" \/>\n<meta property=\"og:locale\" content=\"en_US\" \/>\n<meta property=\"og:type\" content=\"article\" \/>\n<meta property=\"og:title\" content=\"Yabanc\u0131 Gazeteciler, T\u00fcrkiye Ermenileri Patrikhanesi\u2019ni Ziyaret Ettiler - Bati Ermenistan Ve Bati Ermenileri Sorunlari Ara\u015ftirmalar Merkezi\" \/>\n<meta property=\"og:description\" content=\"T\u00fcrkiye Ba\u015fbakan\u0131 Recep Tayyip Erdo\u011fan taraf\u0131ndan Akhtamar Surp Ha\u00e7 kilisesindeki\u00a0 ayine kat\u0131lmak amac\u0131yla T\u00fcrkiye\u2019ye davet edilen yabanc\u0131 gazeteciler, \u0130stanbul Ermeni Patrikhanesi\u2019ni ziyaret etti. Akhtamar\u2019daki Surp Ha\u00e7 kilisesinde d\u00fczenlenmi\u015f ayinden sonra Istanbul\u2019a gelen Patrik Genel Vekili Ba\u015fepiskopos Aram Ate\u015fyan, yabanc\u0131 gazetecileri kabul edip sorduklar\u0131 sorular\u0131 yan\u0131tlad\u0131. \u00a0\u00a0\u00a0\u00a0\u00a0\u00a0\u00a0\u00a0\u00a0\u00a0\u00a0 23.09.2010 \u00a0\u00a0\u00a0\u00a0\u00a0\u00a0\u00a0\u00a0\u00a0 News.am \u00a0\u00a0\u00a0\u00a0\u00a0\u00a0\u00a0\u00a0\u00a0 Haberin \u00e7evirisi www.akunq.net taraf\u0131ndan yap\u0131lm\u0131\u015ft\u0131r.\" \/>\n<meta property=\"og:url\" content=\"https:\/\/akunq.net\/turkish\/2010\/09\/24\/yabanci-gazeteciler-turkiye-ermenileri-patrikhanesini-ziyaret-ettiler\/\" \/>\n<meta property=\"og:site_name\" content=\"Bati Ermenistan Ve Bati Ermenileri Sorunlari Ara\u015ftirmalar Merkezi\" \/>\n<meta property=\"article:published_time\" content=\"2010-09-24T07:50:55+00:00\" \/>\n<meta property=\"og:image\" content=\"https:\/\/akunq.net\/turkish\/wp-content\/uploads\/sites\/5\/2010\/09\/31961.jpg\" \/>\n\t<meta property=\"og:image:width\" content=\"314\" \/>\n\t<meta property=\"og:image:height\" content=\"209\" \/>\n\t<meta property=\"og:image:type\" content=\"image\/jpeg\" \/>\n<meta name=\"author\" content=\"kalem\" \/>\n<meta name=\"twitter:card\" content=\"summary_large_image\" \/>\n<meta name=\"twitter:label1\" content=\"Written by\" \/>\n\t<meta name=\"twitter:data1\" content=\"kalem\" \/>\n<script type=\"application\/ld+json\" class=\"yoast-schema-graph\">{\"@context\":\"https:\\\/\\\/schema.org\",\"@graph\":[{\"@type\":\"Article\",\"@id\":\"https:\\\/\\\/akunq.net\\\/turkish\\\/2010\\\/09\\\/24\\\/yabanci-gazeteciler-turkiye-ermenileri-patrikhanesini-ziyaret-ettiler\\\/#article\",\"isPartOf\":{\"@id\":\"https:\\\/\\\/akunq.net\\\/turkish\\\/2010\\\/09\\\/24\\\/yabanci-gazeteciler-turkiye-ermenileri-patrikhanesini-ziyaret-ettiler\\\/\"},\"author\":{\"name\":\"kalem\",\"@id\":\"https:\\\/\\\/akunq.net\\\/turkish\\\/#\\\/schema\\\/person\\\/135e7923d1aeb8887890799619969a6c\"},\"headline\":\"Yabanc\u0131 Gazeteciler, T\u00fcrkiye Ermenileri Patrikhanesi\u2019ni Ziyaret Ettiler\",\"datePublished\":\"2010-09-24T07:50:55+00:00\",\"mainEntityOfPage\":{\"@id\":\"https:\\\/\\\/akunq.net\\\/turkish\\\/2010\\\/09\\\/24\\\/yabanci-gazeteciler-turkiye-ermenileri-patrikhanesini-ziyaret-ettiler\\\/\"},\"wordCount\":82,\"image\":{\"@id\":\"https:\\\/\\\/akunq.net\\\/turkish\\\/2010\\\/09\\\/24\\\/yabanci-gazeteciler-turkiye-ermenileri-patrikhanesini-ziyaret-ettiler\\\/#primaryimage\"},\"thumbnailUrl\":\"http:\\\/\\\/akunq.net\\\/tr\\\/wp-content\\\/uploads\\\/2010\\\/09\\\/31961-300x199.jpg\",\"articleSection\":[\"Haberler\"],\"inLanguage\":\"en-US\"},{\"@type\":\"WebPage\",\"@id\":\"https:\\\/\\\/akunq.net\\\/turkish\\\/2010\\\/09\\\/24\\\/yabanci-gazeteciler-turkiye-ermenileri-patrikhanesini-ziyaret-ettiler\\\/\",\"url\":\"https:\\\/\\\/akunq.net\\\/turkish\\\/2010\\\/09\\\/24\\\/yabanci-gazeteciler-turkiye-ermenileri-patrikhanesini-ziyaret-ettiler\\\/\",\"name\":\"Yabanc\u0131 Gazeteciler, T\u00fcrkiye Ermenileri Patrikhanesi\u2019ni Ziyaret Ettiler - Bati Ermenistan Ve Bati Ermenileri Sorunlari Ara\u015ftirmalar Merkezi\",\"isPartOf\":{\"@id\":\"https:\\\/\\\/akunq.net\\\/turkish\\\/#website\"},\"primaryImageOfPage\":{\"@id\":\"https:\\\/\\\/akunq.net\\\/turkish\\\/2010\\\/09\\\/24\\\/yabanci-gazeteciler-turkiye-ermenileri-patrikhanesini-ziyaret-ettiler\\\/#primaryimage\"},\"image\":{\"@id\":\"https:\\\/\\\/akunq.net\\\/turkish\\\/2010\\\/09\\\/24\\\/yabanci-gazeteciler-turkiye-ermenileri-patrikhanesini-ziyaret-ettiler\\\/#primaryimage\"},\"thumbnailUrl\":\"http:\\\/\\\/akunq.net\\\/tr\\\/wp-content\\\/uploads\\\/2010\\\/09\\\/31961-300x199.jpg\",\"datePublished\":\"2010-09-24T07:50:55+00:00\",\"author\":{\"@id\":\"https:\\\/\\\/akunq.net\\\/turkish\\\/#\\\/schema\\\/person\\\/135e7923d1aeb8887890799619969a6c\"},\"breadcrumb\":{\"@id\":\"https:\\\/\\\/akunq.net\\\/turkish\\\/2010\\\/09\\\/24\\\/yabanci-gazeteciler-turkiye-ermenileri-patrikhanesini-ziyaret-ettiler\\\/#breadcrumb\"},\"inLanguage\":\"en-US\",\"potentialAction\":[{\"@type\":\"ReadAction\",\"target\":[\"https:\\\/\\\/akunq.net\\\/turkish\\\/2010\\\/09\\\/24\\\/yabanci-gazeteciler-turkiye-ermenileri-patrikhanesini-ziyaret-ettiler\\\/\"]}]},{\"@type\":\"ImageObject\",\"inLanguage\":\"en-US\",\"@id\":\"https:\\\/\\\/akunq.net\\\/turkish\\\/2010\\\/09\\\/24\\\/yabanci-gazeteciler-turkiye-ermenileri-patrikhanesini-ziyaret-ettiler\\\/#primaryimage\",\"url\":\"http:\\\/\\\/akunq.net\\\/tr\\\/wp-content\\\/uploads\\\/2010\\\/09\\\/31961-300x199.jpg\",\"contentUrl\":\"http:\\\/\\\/akunq.net\\\/tr\\\/wp-content\\\/uploads\\\/2010\\\/09\\\/31961-300x199.jpg\"},{\"@type\":\"BreadcrumbList\",\"@id\":\"https:\\\/\\\/akunq.net\\\/turkish\\\/2010\\\/09\\\/24\\\/yabanci-gazeteciler-turkiye-ermenileri-patrikhanesini-ziyaret-ettiler\\\/#breadcrumb\",\"itemListElement\":[{\"@type\":\"ListItem\",\"position\":1,\"name\":\"Home\",\"item\":\"https:\\\/\\\/akunq.net\\\/turkish\\\/\"},{\"@type\":\"ListItem\",\"position\":2,\"name\":\"Yabanc\u0131 Gazeteciler, T\u00fcrkiye Ermenileri Patrikhanesi\u2019ni Ziyaret Ettiler\"}]},{\"@type\":\"WebSite\",\"@id\":\"https:\\\/\\\/akunq.net\\\/turkish\\\/#website\",\"url\":\"https:\\\/\\\/akunq.net\\\/turkish\\\/\",\"name\":\"Bati Ermenistan Ve Bati Ermenileri Sorunlari Ara\u015ftirmalar Merkezi\",\"description\":\"\",\"potentialAction\":[{\"@type\":\"SearchAction\",\"target\":{\"@type\":\"EntryPoint\",\"urlTemplate\":\"https:\\\/\\\/akunq.net\\\/turkish\\\/?s={search_term_string}\"},\"query-input\":{\"@type\":\"PropertyValueSpecification\",\"valueRequired\":true,\"valueName\":\"search_term_string\"}}],\"inLanguage\":\"en-US\"},{\"@type\":\"Person\",\"@id\":\"https:\\\/\\\/akunq.net\\\/turkish\\\/#\\\/schema\\\/person\\\/135e7923d1aeb8887890799619969a6c\",\"name\":\"kalem\",\"image\":{\"@type\":\"ImageObject\",\"inLanguage\":\"en-US\",\"@id\":\"https:\\\/\\\/secure.gravatar.com\\\/avatar\\\/a06875e4b25feb5674296adf8e8a7ae1e587cebce2493fe63c456109967e27d3?s=96&d=mm&r=g\",\"url\":\"https:\\\/\\\/secure.gravatar.com\\\/avatar\\\/a06875e4b25feb5674296adf8e8a7ae1e587cebce2493fe63c456109967e27d3?s=96&d=mm&r=g\",\"contentUrl\":\"https:\\\/\\\/secure.gravatar.com\\\/avatar\\\/a06875e4b25feb5674296adf8e8a7ae1e587cebce2493fe63c456109967e27d3?s=96&d=mm&r=g\",\"caption\":\"kalem\"},\"url\":\"https:\\\/\\\/akunq.net\\\/turkish\\\/author\\\/kalem\\\/\"}]}<\/script>\n<!-- \/ Yoast SEO plugin. -->","yoast_head_json":{"title":"Yabanc\u0131 Gazeteciler, T\u00fcrkiye Ermenileri Patrikhanesi\u2019ni Ziyaret Ettiler - Bati Ermenistan Ve Bati Ermenileri Sorunlari Ara\u015ftirmalar Merkezi","robots":{"index":"index","follow":"follow","max-snippet":"max-snippet:-1","max-image-preview":"max-image-preview:large","max-video-preview":"max-video-preview:-1"},"canonical":"https:\/\/akunq.net\/turkish\/2010\/09\/24\/yabanci-gazeteciler-turkiye-ermenileri-patrikhanesini-ziyaret-ettiler\/","og_locale":"en_US","og_type":"article","og_title":"Yabanc\u0131 Gazeteciler, T\u00fcrkiye Ermenileri Patrikhanesi\u2019ni Ziyaret Ettiler - Bati Ermenistan Ve Bati Ermenileri Sorunlari Ara\u015ftirmalar Merkezi","og_description":"T\u00fcrkiye Ba\u015fbakan\u0131 Recep Tayyip Erdo\u011fan taraf\u0131ndan Akhtamar Surp Ha\u00e7 kilisesindeki\u00a0 ayine kat\u0131lmak amac\u0131yla T\u00fcrkiye\u2019ye davet edilen yabanc\u0131 gazeteciler, \u0130stanbul Ermeni Patrikhanesi\u2019ni ziyaret etti. Akhtamar\u2019daki Surp Ha\u00e7 kilisesinde d\u00fczenlenmi\u015f ayinden sonra Istanbul\u2019a gelen Patrik Genel Vekili Ba\u015fepiskopos Aram Ate\u015fyan, yabanc\u0131 gazetecileri kabul edip sorduklar\u0131 sorular\u0131 yan\u0131tlad\u0131. \u00a0\u00a0\u00a0\u00a0\u00a0\u00a0\u00a0\u00a0\u00a0\u00a0\u00a0 23.09.2010 \u00a0\u00a0\u00a0\u00a0\u00a0\u00a0\u00a0\u00a0\u00a0 News.am \u00a0\u00a0\u00a0\u00a0\u00a0\u00a0\u00a0\u00a0\u00a0 Haberin \u00e7evirisi www.akunq.net taraf\u0131ndan yap\u0131lm\u0131\u015ft\u0131r.","og_url":"https:\/\/akunq.net\/turkish\/2010\/09\/24\/yabanci-gazeteciler-turkiye-ermenileri-patrikhanesini-ziyaret-ettiler\/","og_site_name":"Bati Ermenistan Ve Bati Ermenileri Sorunlari Ara\u015ftirmalar Merkezi","article_published_time":"2010-09-24T07:50:55+00:00","og_image":[{"width":314,"height":209,"url":"https:\/\/akunq.net\/turkish\/wp-content\/uploads\/sites\/5\/2010\/09\/31961.jpg","type":"image\/jpeg"}],"author":"kalem","twitter_card":"summary_large_image","twitter_misc":{"Written by":"kalem"},"schema":{"@context":"https:\/\/schema.org","@graph":[{"@type":"Article","@id":"https:\/\/akunq.net\/turkish\/2010\/09\/24\/yabanci-gazeteciler-turkiye-ermenileri-patrikhanesini-ziyaret-ettiler\/#article","isPartOf":{"@id":"https:\/\/akunq.net\/turkish\/2010\/09\/24\/yabanci-gazeteciler-turkiye-ermenileri-patrikhanesini-ziyaret-ettiler\/"},"author":{"name":"kalem","@id":"https:\/\/akunq.net\/turkish\/#\/schema\/person\/135e7923d1aeb8887890799619969a6c"},"headline":"Yabanc\u0131 Gazeteciler, T\u00fcrkiye Ermenileri Patrikhanesi\u2019ni Ziyaret Ettiler","datePublished":"2010-09-24T07:50:55+00:00","mainEntityOfPage":{"@id":"https:\/\/akunq.net\/turkish\/2010\/09\/24\/yabanci-gazeteciler-turkiye-ermenileri-patrikhanesini-ziyaret-ettiler\/"},"wordCount":82,"image":{"@id":"https:\/\/akunq.net\/turkish\/2010\/09\/24\/yabanci-gazeteciler-turkiye-ermenileri-patrikhanesini-ziyaret-ettiler\/#primaryimage"},"thumbnailUrl":"http:\/\/akunq.net\/tr\/wp-content\/uploads\/2010\/09\/31961-300x199.jpg","articleSection":["Haberler"],"inLanguage":"en-US"},{"@type":"WebPage","@id":"https:\/\/akunq.net\/turkish\/2010\/09\/24\/yabanci-gazeteciler-turkiye-ermenileri-patrikhanesini-ziyaret-ettiler\/","url":"https:\/\/akunq.net\/turkish\/2010\/09\/24\/yabanci-gazeteciler-turkiye-ermenileri-patrikhanesini-ziyaret-ettiler\/","name":"Yabanc\u0131 Gazeteciler, T\u00fcrkiye Ermenileri Patrikhanesi\u2019ni Ziyaret Ettiler - Bati Ermenistan Ve Bati Ermenileri Sorunlari Ara\u015ftirmalar Merkezi","isPartOf":{"@id":"https:\/\/akunq.net\/turkish\/#website"},"primaryImageOfPage":{"@id":"https:\/\/akunq.net\/turkish\/2010\/09\/24\/yabanci-gazeteciler-turkiye-ermenileri-patrikhanesini-ziyaret-ettiler\/#primaryimage"},"image":{"@id":"https:\/\/akunq.net\/turkish\/2010\/09\/24\/yabanci-gazeteciler-turkiye-ermenileri-patrikhanesini-ziyaret-ettiler\/#primaryimage"},"thumbnailUrl":"http:\/\/akunq.net\/tr\/wp-content\/uploads\/2010\/09\/31961-300x199.jpg","datePublished":"2010-09-24T07:50:55+00:00","author":{"@id":"https:\/\/akunq.net\/turkish\/#\/schema\/person\/135e7923d1aeb8887890799619969a6c"},"breadcrumb":{"@id":"https:\/\/akunq.net\/turkish\/2010\/09\/24\/yabanci-gazeteciler-turkiye-ermenileri-patrikhanesini-ziyaret-ettiler\/#breadcrumb"},"inLanguage":"en-US","potentialAction":[{"@type":"ReadAction","target":["https:\/\/akunq.net\/turkish\/2010\/09\/24\/yabanci-gazeteciler-turkiye-ermenileri-patrikhanesini-ziyaret-ettiler\/"]}]},{"@type":"ImageObject","inLanguage":"en-US","@id":"https:\/\/akunq.net\/turkish\/2010\/09\/24\/yabanci-gazeteciler-turkiye-ermenileri-patrikhanesini-ziyaret-ettiler\/#primaryimage","url":"http:\/\/akunq.net\/tr\/wp-content\/uploads\/2010\/09\/31961-300x199.jpg","contentUrl":"http:\/\/akunq.net\/tr\/wp-content\/uploads\/2010\/09\/31961-300x199.jpg"},{"@type":"BreadcrumbList","@id":"https:\/\/akunq.net\/turkish\/2010\/09\/24\/yabanci-gazeteciler-turkiye-ermenileri-patrikhanesini-ziyaret-ettiler\/#breadcrumb","itemListElement":[{"@type":"ListItem","position":1,"name":"Home","item":"https:\/\/akunq.net\/turkish\/"},{"@type":"ListItem","position":2,"name":"Yabanc\u0131 Gazeteciler, T\u00fcrkiye Ermenileri Patrikhanesi\u2019ni Ziyaret Ettiler"}]},{"@type":"WebSite","@id":"https:\/\/akunq.net\/turkish\/#website","url":"https:\/\/akunq.net\/turkish\/","name":"Bati Ermenistan Ve Bati Ermenileri Sorunlari Ara\u015ftirmalar Merkezi","description":"","potentialAction":[{"@type":"SearchAction","target":{"@type":"EntryPoint","urlTemplate":"https:\/\/akunq.net\/turkish\/?s={search_term_string}"},"query-input":{"@type":"PropertyValueSpecification","valueRequired":true,"valueName":"search_term_string"}}],"inLanguage":"en-US"},{"@type":"Person","@id":"https:\/\/akunq.net\/turkish\/#\/schema\/person\/135e7923d1aeb8887890799619969a6c","name":"kalem","image":{"@type":"ImageObject","inLanguage":"en-US","@id":"https:\/\/secure.gravatar.com\/avatar\/a06875e4b25feb5674296adf8e8a7ae1e587cebce2493fe63c456109967e27d3?s=96&d=mm&r=g","url":"https:\/\/secure.gravatar.com\/avatar\/a06875e4b25feb5674296adf8e8a7ae1e587cebce2493fe63c456109967e27d3?s=96&d=mm&r=g","contentUrl":"https:\/\/secure.gravatar.com\/avatar\/a06875e4b25feb5674296adf8e8a7ae1e587cebce2493fe63c456109967e27d3?s=96&d=mm&r=g","caption":"kalem"},"url":"https:\/\/akunq.net\/turkish\/author\/kalem\/"}]}},"_links":{"self":[{"href":"https:\/\/akunq.net\/turkish\/wp-json\/wp\/v2\/posts\/2099","targetHints":{"allow":["GET"]}}],"collection":[{"href":"https:\/\/akunq.net\/turkish\/wp-json\/wp\/v2\/posts"}],"about":[{"href":"https:\/\/akunq.net\/turkish\/wp-json\/wp\/v2\/types\/post"}],"author":[{"embeddable":true,"href":"https:\/\/akunq.net\/turkish\/wp-json\/wp\/v2\/users\/3"}],"replies":[{"embeddable":true,"href":"https:\/\/akunq.net\/turkish\/wp-json\/wp\/v2\/comments?post=2099"}],"version-history":[{"count":0,"href":"https:\/\/akunq.net\/turkish\/wp-json\/wp\/v2\/posts\/2099\/revisions"}],"wp:attachment":[{"href":"https:\/\/akunq.net\/turkish\/wp-json\/wp\/v2\/media?parent=2099"}],"wp:term":[{"taxonomy":"category","embeddable":true,"href":"https:\/\/akunq.net\/turkish\/wp-json\/wp\/v2\/categories?post=2099"},{"taxonomy":"post_tag","embeddable":true,"href":"https:\/\/akunq.net\/turkish\/wp-json\/wp\/v2\/tags?post=2099"}],"curies":[{"name":"wp","href":"https:\/\/api.w.org\/{rel}","templated":true}]}}