{"id":2076,"date":"2010-09-23T01:43:26","date_gmt":"2010-09-23T06:43:26","guid":{"rendered":"http:\/\/akunq.net\/tr\/?p=2076"},"modified":"2010-09-23T01:43:26","modified_gmt":"2010-09-23T06:43:26","slug":"ataturkun-imzasini-ermeni-vatandas-tasarladi","status":"publish","type":"post","link":"https:\/\/akunq.net\/turkish\/2010\/09\/23\/ataturkun-imzasini-ermeni-vatandas-tasarladi\/","title":{"rendered":"&#8220;Atat\u00fcrk&#8217;\u00fcn \u0130mzas\u0131n\u0131 Ermeni Vatanda\u015f Tasarlad\u0131&#8221;"},"content":{"rendered":"<p style=\"text-align: justify\"><strong>\u00a0<\/strong><strong><em>Atat\u00fcrk&#8217;\u00fcn imzas\u0131n\u0131n, bir Ermeni vatanda\u015f taraf\u0131ndan tasarland\u0131\u011f\u0131 iddia edildi.<\/em><\/strong><\/p>\n<p style=\"text-align: justify\">Atat\u00fcrk&#8217;\u00fcn imzas\u0131n\u0131n, bir Ermeni vatanda\u015f taraf\u0131ndan tasarland\u0131\u011f\u0131 iddia edildi. \u0130zmir&#8217;de yerel bir gazetede k\u00f6\u015fe yazar\u0131 olan Tufan Aksoy taraf\u0131ndan kaleme al\u0131nan iddiaya g\u00f6re Dikran \u00c7er\u00e7iyan, 90 ya\u015f\u0131nda ve ABD&#8217;de ya\u015fayan bir Ermeni. Babas\u0131 ise Robert Kolej&#8217;de matematik ve kaligrafi dersleri veren Hagop Vahram \u00c7er\u00e7iyan.<\/p>\n<p style=\"text-align: justify\">Dikran \u00c7er\u00e7iyan, o g\u00fcnleri \u015f\u00f6yle anlat\u0131yor: &#8220;Herhalde Soyad\u0131 Kanunu&#8217;nun kabul edildi\u011fi g\u00fcn\u00fcn ak\u015fam\u0131yd\u0131. Kap\u0131m\u0131z\u0131 bir polis, bir sivil memur ve bir meclis g\u00f6revlisi \u00e7ald\u0131. Kap\u0131y\u0131 annem a\u00e7t\u0131. Polisi g\u00f6r\u00fcnce okulda bir \u015fey oldu\u011funu d\u00fc\u015f\u00fcnm\u00fc\u015ft\u00fc. Babam o gece imza \u00fczerinde sabaha kadar \u00e7al\u0131\u015ft\u0131. \u0130ki saat onu izledim. Onlarca k\u00e2\u011f\u0131da yazd\u0131 durdu fakat att\u0131\u011f\u0131 imzalar\u0131n hi\u00e7biri i\u00e7ine sinmiyordu. 13 ya\u015f\u0131nda bir \u00e7ocuktum, bir s\u00fcre sonra s\u0131k\u0131ld\u0131m, kalkt\u0131m ve babam\u0131 yaln\u0131z b\u0131rakt\u0131m. Sabah kalkt\u0131\u011f\u0131mda g\u00f6revliler gelip imza \u00f6rneklerini alm\u0131\u015flard\u0131. Atat\u00fcrk y\u0131llarca, babam\u0131n tasarlad\u0131\u011f\u0131 imzay\u0131 kulland\u0131 ve bununla onur duyduk. Babam, Atat\u00fcrk&#8217;ten te\u015fekk\u00fcr mektubu bile ald\u0131.&#8221;<\/p>\n<p style=\"text-align: justify\">Gazeteci yazar Aksoy ise, &#8220;Bug\u00fcn\u00fcn z\u0131p\u00e7\u0131kt\u0131 tasar\u0131mc\u0131lar\u0131n\u0131 d\u00fc\u015f\u00fcn\u00fcyorum da ne kadar s\u0131\u011f d\u00fczeyde olduklar\u0131n\u0131 g\u00f6r\u00fcyorum. Hangisi acaba Atat\u00fcrk&#8217;\u00fcn imzas\u0131n\u0131 tasarlayabilirdi? Hi\u00e7biri. Ermeni \u00f6\u011fretmen Hagop Vahram&#8217;\u0131n hayat\u0131 boyunca ya\u015fad\u0131\u011f\u0131 gururu d\u00fc\u015f\u00fcn\u00fcnce t\u00fcylerim diken diken oluyor. Bu onur kimseye nasip olmaz.&#8221; diye konu\u015ftu.<\/p>\n<p style=\"text-align: justify\"><a href=\"http:\/\/www.aktifhaber.com\/ataturkun-imzasini-ermeni-hagop-vahram-hocanin-tasarladigi-iddia-edildi-331299h.htm\">http:\/\/www.aktifhaber.com\/ataturkun-imzasini-ermeni-hagop-vahram-hocanin-tasarladigi-iddia-edildi-331299h.htm<\/a><\/p>\n","protected":false},"excerpt":{"rendered":"<p>\u00a0Atat\u00fcrk&#8217;\u00fcn imzas\u0131n\u0131n, bir Ermeni vatanda\u015f taraf\u0131ndan tasarland\u0131\u011f\u0131 iddia edildi. Atat\u00fcrk&#8217;\u00fcn imzas\u0131n\u0131n, bir Ermeni vatanda\u015f taraf\u0131ndan tasarland\u0131\u011f\u0131 iddia edildi. \u0130zmir&#8217;de yerel bir gazetede k\u00f6\u015fe yazar\u0131 olan Tufan Aksoy taraf\u0131ndan kaleme al\u0131nan iddiaya g\u00f6re Dikran \u00c7er\u00e7iyan, 90 ya\u015f\u0131nda ve ABD&#8217;de ya\u015fayan bir Ermeni. Babas\u0131 ise Robert Kolej&#8217;de matematik ve kaligrafi dersleri veren Hagop Vahram \u00c7er\u00e7iyan. Dikran \u00c7er\u00e7iyan, [&hellip;]<\/p>\n","protected":false},"author":3,"featured_media":0,"comment_status":"closed","ping_status":"open","sticky":false,"template":"","format":"standard","meta":{"footnotes":""},"categories":[14],"tags":[],"class_list":["post-2076","post","type-post","status-publish","format-standard","hentry","category-haberler"],"yoast_head":"<!-- This site is optimized with the Yoast SEO plugin v27.4 - https:\/\/yoast.com\/product\/yoast-seo-wordpress\/ -->\n<title>&quot;Atat\u00fcrk&#039;\u00fcn \u0130mzas\u0131n\u0131 Ermeni Vatanda\u015f Tasarlad\u0131&quot; - Bati Ermenistan Ve Bati Ermenileri Sorunlari Ara\u015ftirmalar Merkezi<\/title>\n<meta name=\"robots\" content=\"index, follow, max-snippet:-1, max-image-preview:large, max-video-preview:-1\" \/>\n<link rel=\"canonical\" href=\"https:\/\/akunq.net\/turkish\/2010\/09\/23\/ataturkun-imzasini-ermeni-vatandas-tasarladi\/\" \/>\n<meta property=\"og:locale\" content=\"en_US\" \/>\n<meta property=\"og:type\" content=\"article\" \/>\n<meta property=\"og:title\" content=\"&quot;Atat\u00fcrk&#039;\u00fcn \u0130mzas\u0131n\u0131 Ermeni Vatanda\u015f Tasarlad\u0131&quot; - Bati Ermenistan Ve Bati Ermenileri Sorunlari Ara\u015ftirmalar Merkezi\" \/>\n<meta property=\"og:description\" content=\"\u00a0Atat\u00fcrk&#8217;\u00fcn imzas\u0131n\u0131n, bir Ermeni vatanda\u015f taraf\u0131ndan tasarland\u0131\u011f\u0131 iddia edildi. Atat\u00fcrk&#8217;\u00fcn imzas\u0131n\u0131n, bir Ermeni vatanda\u015f taraf\u0131ndan tasarland\u0131\u011f\u0131 iddia edildi. \u0130zmir&#8217;de yerel bir gazetede k\u00f6\u015fe yazar\u0131 olan Tufan Aksoy taraf\u0131ndan kaleme al\u0131nan iddiaya g\u00f6re Dikran \u00c7er\u00e7iyan, 90 ya\u015f\u0131nda ve ABD&#8217;de ya\u015fayan bir Ermeni. Babas\u0131 ise Robert Kolej&#8217;de matematik ve kaligrafi dersleri veren Hagop Vahram \u00c7er\u00e7iyan. Dikran \u00c7er\u00e7iyan, [&hellip;]\" \/>\n<meta property=\"og:url\" content=\"https:\/\/akunq.net\/turkish\/2010\/09\/23\/ataturkun-imzasini-ermeni-vatandas-tasarladi\/\" \/>\n<meta property=\"og:site_name\" content=\"Bati Ermenistan Ve Bati Ermenileri Sorunlari Ara\u015ftirmalar Merkezi\" \/>\n<meta property=\"article:published_time\" content=\"2010-09-23T06:43:26+00:00\" \/>\n<meta name=\"author\" content=\"kalem\" \/>\n<meta name=\"twitter:card\" content=\"summary_large_image\" \/>\n<meta name=\"twitter:label1\" content=\"Written by\" \/>\n\t<meta name=\"twitter:data1\" content=\"kalem\" \/>\n\t<meta name=\"twitter:label2\" content=\"Est. reading time\" \/>\n\t<meta name=\"twitter:data2\" content=\"1 minute\" \/>\n<script type=\"application\/ld+json\" class=\"yoast-schema-graph\">{\"@context\":\"https:\\\/\\\/schema.org\",\"@graph\":[{\"@type\":\"Article\",\"@id\":\"https:\\\/\\\/akunq.net\\\/turkish\\\/2010\\\/09\\\/23\\\/ataturkun-imzasini-ermeni-vatandas-tasarladi\\\/#article\",\"isPartOf\":{\"@id\":\"https:\\\/\\\/akunq.net\\\/turkish\\\/2010\\\/09\\\/23\\\/ataturkun-imzasini-ermeni-vatandas-tasarladi\\\/\"},\"author\":{\"name\":\"kalem\",\"@id\":\"https:\\\/\\\/akunq.net\\\/turkish\\\/#\\\/schema\\\/person\\\/135e7923d1aeb8887890799619969a6c\"},\"headline\":\"&#8220;Atat\u00fcrk&#8217;\u00fcn \u0130mzas\u0131n\u0131 Ermeni Vatanda\u015f Tasarlad\u0131&#8221;\",\"datePublished\":\"2010-09-23T06:43:26+00:00\",\"mainEntityOfPage\":{\"@id\":\"https:\\\/\\\/akunq.net\\\/turkish\\\/2010\\\/09\\\/23\\\/ataturkun-imzasini-ermeni-vatandas-tasarladi\\\/\"},\"wordCount\":281,\"articleSection\":[\"Haberler\"],\"inLanguage\":\"en-US\"},{\"@type\":\"WebPage\",\"@id\":\"https:\\\/\\\/akunq.net\\\/turkish\\\/2010\\\/09\\\/23\\\/ataturkun-imzasini-ermeni-vatandas-tasarladi\\\/\",\"url\":\"https:\\\/\\\/akunq.net\\\/turkish\\\/2010\\\/09\\\/23\\\/ataturkun-imzasini-ermeni-vatandas-tasarladi\\\/\",\"name\":\"\\\"Atat\u00fcrk'\u00fcn \u0130mzas\u0131n\u0131 Ermeni Vatanda\u015f Tasarlad\u0131\\\" - Bati Ermenistan Ve Bati Ermenileri Sorunlari Ara\u015ftirmalar Merkezi\",\"isPartOf\":{\"@id\":\"https:\\\/\\\/akunq.net\\\/turkish\\\/#website\"},\"datePublished\":\"2010-09-23T06:43:26+00:00\",\"author\":{\"@id\":\"https:\\\/\\\/akunq.net\\\/turkish\\\/#\\\/schema\\\/person\\\/135e7923d1aeb8887890799619969a6c\"},\"breadcrumb\":{\"@id\":\"https:\\\/\\\/akunq.net\\\/turkish\\\/2010\\\/09\\\/23\\\/ataturkun-imzasini-ermeni-vatandas-tasarladi\\\/#breadcrumb\"},\"inLanguage\":\"en-US\",\"potentialAction\":[{\"@type\":\"ReadAction\",\"target\":[\"https:\\\/\\\/akunq.net\\\/turkish\\\/2010\\\/09\\\/23\\\/ataturkun-imzasini-ermeni-vatandas-tasarladi\\\/\"]}]},{\"@type\":\"BreadcrumbList\",\"@id\":\"https:\\\/\\\/akunq.net\\\/turkish\\\/2010\\\/09\\\/23\\\/ataturkun-imzasini-ermeni-vatandas-tasarladi\\\/#breadcrumb\",\"itemListElement\":[{\"@type\":\"ListItem\",\"position\":1,\"name\":\"Home\",\"item\":\"https:\\\/\\\/akunq.net\\\/turkish\\\/\"},{\"@type\":\"ListItem\",\"position\":2,\"name\":\"&#8220;Atat\u00fcrk&#8217;\u00fcn \u0130mzas\u0131n\u0131 Ermeni Vatanda\u015f Tasarlad\u0131&#8221;\"}]},{\"@type\":\"WebSite\",\"@id\":\"https:\\\/\\\/akunq.net\\\/turkish\\\/#website\",\"url\":\"https:\\\/\\\/akunq.net\\\/turkish\\\/\",\"name\":\"Bati Ermenistan Ve Bati Ermenileri Sorunlari Ara\u015ftirmalar Merkezi\",\"description\":\"\",\"potentialAction\":[{\"@type\":\"SearchAction\",\"target\":{\"@type\":\"EntryPoint\",\"urlTemplate\":\"https:\\\/\\\/akunq.net\\\/turkish\\\/?s={search_term_string}\"},\"query-input\":{\"@type\":\"PropertyValueSpecification\",\"valueRequired\":true,\"valueName\":\"search_term_string\"}}],\"inLanguage\":\"en-US\"},{\"@type\":\"Person\",\"@id\":\"https:\\\/\\\/akunq.net\\\/turkish\\\/#\\\/schema\\\/person\\\/135e7923d1aeb8887890799619969a6c\",\"name\":\"kalem\",\"image\":{\"@type\":\"ImageObject\",\"inLanguage\":\"en-US\",\"@id\":\"https:\\\/\\\/secure.gravatar.com\\\/avatar\\\/a06875e4b25feb5674296adf8e8a7ae1e587cebce2493fe63c456109967e27d3?s=96&d=mm&r=g\",\"url\":\"https:\\\/\\\/secure.gravatar.com\\\/avatar\\\/a06875e4b25feb5674296adf8e8a7ae1e587cebce2493fe63c456109967e27d3?s=96&d=mm&r=g\",\"contentUrl\":\"https:\\\/\\\/secure.gravatar.com\\\/avatar\\\/a06875e4b25feb5674296adf8e8a7ae1e587cebce2493fe63c456109967e27d3?s=96&d=mm&r=g\",\"caption\":\"kalem\"},\"url\":\"https:\\\/\\\/akunq.net\\\/turkish\\\/author\\\/kalem\\\/\"}]}<\/script>\n<!-- \/ Yoast SEO plugin. -->","yoast_head_json":{"title":"\"Atat\u00fcrk'\u00fcn \u0130mzas\u0131n\u0131 Ermeni Vatanda\u015f Tasarlad\u0131\" - Bati Ermenistan Ve Bati Ermenileri Sorunlari Ara\u015ftirmalar Merkezi","robots":{"index":"index","follow":"follow","max-snippet":"max-snippet:-1","max-image-preview":"max-image-preview:large","max-video-preview":"max-video-preview:-1"},"canonical":"https:\/\/akunq.net\/turkish\/2010\/09\/23\/ataturkun-imzasini-ermeni-vatandas-tasarladi\/","og_locale":"en_US","og_type":"article","og_title":"\"Atat\u00fcrk'\u00fcn \u0130mzas\u0131n\u0131 Ermeni Vatanda\u015f Tasarlad\u0131\" - Bati Ermenistan Ve Bati Ermenileri Sorunlari Ara\u015ftirmalar Merkezi","og_description":"\u00a0Atat\u00fcrk&#8217;\u00fcn imzas\u0131n\u0131n, bir Ermeni vatanda\u015f taraf\u0131ndan tasarland\u0131\u011f\u0131 iddia edildi. Atat\u00fcrk&#8217;\u00fcn imzas\u0131n\u0131n, bir Ermeni vatanda\u015f taraf\u0131ndan tasarland\u0131\u011f\u0131 iddia edildi. \u0130zmir&#8217;de yerel bir gazetede k\u00f6\u015fe yazar\u0131 olan Tufan Aksoy taraf\u0131ndan kaleme al\u0131nan iddiaya g\u00f6re Dikran \u00c7er\u00e7iyan, 90 ya\u015f\u0131nda ve ABD&#8217;de ya\u015fayan bir Ermeni. Babas\u0131 ise Robert Kolej&#8217;de matematik ve kaligrafi dersleri veren Hagop Vahram \u00c7er\u00e7iyan. Dikran \u00c7er\u00e7iyan, [&hellip;]","og_url":"https:\/\/akunq.net\/turkish\/2010\/09\/23\/ataturkun-imzasini-ermeni-vatandas-tasarladi\/","og_site_name":"Bati Ermenistan Ve Bati Ermenileri Sorunlari Ara\u015ftirmalar Merkezi","article_published_time":"2010-09-23T06:43:26+00:00","author":"kalem","twitter_card":"summary_large_image","twitter_misc":{"Written by":"kalem","Est. reading time":"1 minute"},"schema":{"@context":"https:\/\/schema.org","@graph":[{"@type":"Article","@id":"https:\/\/akunq.net\/turkish\/2010\/09\/23\/ataturkun-imzasini-ermeni-vatandas-tasarladi\/#article","isPartOf":{"@id":"https:\/\/akunq.net\/turkish\/2010\/09\/23\/ataturkun-imzasini-ermeni-vatandas-tasarladi\/"},"author":{"name":"kalem","@id":"https:\/\/akunq.net\/turkish\/#\/schema\/person\/135e7923d1aeb8887890799619969a6c"},"headline":"&#8220;Atat\u00fcrk&#8217;\u00fcn \u0130mzas\u0131n\u0131 Ermeni Vatanda\u015f Tasarlad\u0131&#8221;","datePublished":"2010-09-23T06:43:26+00:00","mainEntityOfPage":{"@id":"https:\/\/akunq.net\/turkish\/2010\/09\/23\/ataturkun-imzasini-ermeni-vatandas-tasarladi\/"},"wordCount":281,"articleSection":["Haberler"],"inLanguage":"en-US"},{"@type":"WebPage","@id":"https:\/\/akunq.net\/turkish\/2010\/09\/23\/ataturkun-imzasini-ermeni-vatandas-tasarladi\/","url":"https:\/\/akunq.net\/turkish\/2010\/09\/23\/ataturkun-imzasini-ermeni-vatandas-tasarladi\/","name":"\"Atat\u00fcrk'\u00fcn \u0130mzas\u0131n\u0131 Ermeni Vatanda\u015f Tasarlad\u0131\" - Bati Ermenistan Ve Bati Ermenileri Sorunlari Ara\u015ftirmalar Merkezi","isPartOf":{"@id":"https:\/\/akunq.net\/turkish\/#website"},"datePublished":"2010-09-23T06:43:26+00:00","author":{"@id":"https:\/\/akunq.net\/turkish\/#\/schema\/person\/135e7923d1aeb8887890799619969a6c"},"breadcrumb":{"@id":"https:\/\/akunq.net\/turkish\/2010\/09\/23\/ataturkun-imzasini-ermeni-vatandas-tasarladi\/#breadcrumb"},"inLanguage":"en-US","potentialAction":[{"@type":"ReadAction","target":["https:\/\/akunq.net\/turkish\/2010\/09\/23\/ataturkun-imzasini-ermeni-vatandas-tasarladi\/"]}]},{"@type":"BreadcrumbList","@id":"https:\/\/akunq.net\/turkish\/2010\/09\/23\/ataturkun-imzasini-ermeni-vatandas-tasarladi\/#breadcrumb","itemListElement":[{"@type":"ListItem","position":1,"name":"Home","item":"https:\/\/akunq.net\/turkish\/"},{"@type":"ListItem","position":2,"name":"&#8220;Atat\u00fcrk&#8217;\u00fcn \u0130mzas\u0131n\u0131 Ermeni Vatanda\u015f Tasarlad\u0131&#8221;"}]},{"@type":"WebSite","@id":"https:\/\/akunq.net\/turkish\/#website","url":"https:\/\/akunq.net\/turkish\/","name":"Bati Ermenistan Ve Bati Ermenileri Sorunlari Ara\u015ftirmalar Merkezi","description":"","potentialAction":[{"@type":"SearchAction","target":{"@type":"EntryPoint","urlTemplate":"https:\/\/akunq.net\/turkish\/?s={search_term_string}"},"query-input":{"@type":"PropertyValueSpecification","valueRequired":true,"valueName":"search_term_string"}}],"inLanguage":"en-US"},{"@type":"Person","@id":"https:\/\/akunq.net\/turkish\/#\/schema\/person\/135e7923d1aeb8887890799619969a6c","name":"kalem","image":{"@type":"ImageObject","inLanguage":"en-US","@id":"https:\/\/secure.gravatar.com\/avatar\/a06875e4b25feb5674296adf8e8a7ae1e587cebce2493fe63c456109967e27d3?s=96&d=mm&r=g","url":"https:\/\/secure.gravatar.com\/avatar\/a06875e4b25feb5674296adf8e8a7ae1e587cebce2493fe63c456109967e27d3?s=96&d=mm&r=g","contentUrl":"https:\/\/secure.gravatar.com\/avatar\/a06875e4b25feb5674296adf8e8a7ae1e587cebce2493fe63c456109967e27d3?s=96&d=mm&r=g","caption":"kalem"},"url":"https:\/\/akunq.net\/turkish\/author\/kalem\/"}]}},"_links":{"self":[{"href":"https:\/\/akunq.net\/turkish\/wp-json\/wp\/v2\/posts\/2076","targetHints":{"allow":["GET"]}}],"collection":[{"href":"https:\/\/akunq.net\/turkish\/wp-json\/wp\/v2\/posts"}],"about":[{"href":"https:\/\/akunq.net\/turkish\/wp-json\/wp\/v2\/types\/post"}],"author":[{"embeddable":true,"href":"https:\/\/akunq.net\/turkish\/wp-json\/wp\/v2\/users\/3"}],"replies":[{"embeddable":true,"href":"https:\/\/akunq.net\/turkish\/wp-json\/wp\/v2\/comments?post=2076"}],"version-history":[{"count":0,"href":"https:\/\/akunq.net\/turkish\/wp-json\/wp\/v2\/posts\/2076\/revisions"}],"wp:attachment":[{"href":"https:\/\/akunq.net\/turkish\/wp-json\/wp\/v2\/media?parent=2076"}],"wp:term":[{"taxonomy":"category","embeddable":true,"href":"https:\/\/akunq.net\/turkish\/wp-json\/wp\/v2\/categories?post=2076"},{"taxonomy":"post_tag","embeddable":true,"href":"https:\/\/akunq.net\/turkish\/wp-json\/wp\/v2\/tags?post=2076"}],"curies":[{"name":"wp","href":"https:\/\/api.w.org\/{rel}","templated":true}]}}