{"id":2067,"date":"2010-09-23T01:37:40","date_gmt":"2010-09-23T06:37:40","guid":{"rendered":"http:\/\/akunq.net\/tr\/?p=2067"},"modified":"2010-09-23T01:37:40","modified_gmt":"2010-09-23T06:37:40","slug":"dersimin-ermenileri-3","status":"publish","type":"post","link":"https:\/\/akunq.net\/turkish\/2010\/09\/23\/dersimin-ermenileri-3\/","title":{"rendered":"Dersim&#8217;in Ermenileri"},"content":{"rendered":"<p style=\"text-align: justify\"><strong><a rel=\"attachment wp-att-2068\" href=\"http:\/\/akunq.net\/tr\/?attachment_id=2068\"><img loading=\"lazy\" decoding=\"async\" class=\"alignleft size-medium wp-image-2068\" title=\"Dersim 2\" src=\"http:\/\/akunq.net\/tr\/wp-content\/uploads\/2010\/09\/Dersim-2-300x238.jpg\" alt=\"\" width=\"300\" height=\"238\" srcset=\"https:\/\/akunq.net\/turkish\/wp-content\/uploads\/sites\/5\/2010\/09\/Dersim-2-300x238.jpg 300w, https:\/\/akunq.net\/turkish\/wp-content\/uploads\/sites\/5\/2010\/09\/Dersim-2.jpg 350w\" sizes=\"auto, (max-width: 300px) 100vw, 300px\" \/><\/a>\u00a0\u201cArkam\u0131zdan Ermeni derler, soyu k\u0131r\u0131k derler\u201d<\/strong><\/p>\n<p style=\"text-align: justify\">Tarihle y\u00fczle\u015fmek denilince T\u00fcrkiye\u2019de akla gelen ilk tabu \u201cErmeni tehciri\u201d s\u0131ras\u0131nda ya\u015fananlar, b\u00f6lgeye \u00f6zel bir \u00f6nem kazand\u0131r\u0131yor. Uzun y\u0131llard\u0131r s\u00f6yleneni, avukat H\u00fcseyin Aygun\u2019un s\u00f6zleri \u00f6zetliyor: \u201cErmeniler toplan\u0131p tehcir ve k\u0131r\u0131ma g\u00f6t\u00fcr\u00fcl\u00fcrken Dersimliler son derece onurlu bir tutum tak\u0131n\u0131r. B\u00f6lgenin bu \u2018kadim halk\u0131\u2019na bir H\u0131z\u0131r gibi yeti\u015firler; onlar\u0131 saklarlar; Erzincan\u2019a kadar g\u00f6t\u00fcr\u00fcp Ruslara teslim ederek can g\u00fcvenliklerini sa\u011flarlar.\u201d \u0130ddialara g\u00f6re b\u00f6lgeye s\u0131\u011f\u0131nan 20 bin Ermeni, Erzincan \u00fczerinden olu\u015fturulan \u2018yeralt\u0131 demiryolu\u2019 sayesinde Rusya\u2019ya ka\u00e7arak hayatta kalabilmi\u015f.<\/p>\n<p style=\"text-align: justify\">Bu iddialar do\u011fru olsa da, do\u011fdu\u011fundan beri Dersim\u2019in Alanyaz\u0131 k\u00f6y\u00fcnde ya\u015fayan 84 ya\u015f\u0131ndaki H\u0131d\u0131r Bozta\u015f\u2019\u0131n s\u00f6zleri sorular\u0131 \u00e7o\u011falt\u0131yor: \u201cMirakan a\u015firetindeniz. \u00c7ok s\u0131k\u0131nt\u0131 \u00e7ektik, daha da \u00e7ekiyoruz, dedemizden beddua m\u0131 ald\u0131k nedir, bilmiyorum. Burada ayr\u0131mc\u0131l\u0131k hep vard\u0131, bitmez. Babam 1915\u2019te buradaym\u0131\u015f, dedemin alt\u0131n\u0131yla arazi alm\u0131\u015flar da onlara, korumu\u015flar bizi. Pirimiz bir demi\u015fler, bizdensiniz demi\u015fler. K\u0131z ald\u0131k, verdik, kar\u0131m H\u0131ran a\u015firetinden, pirimiz onlar\u0131n piri, ama yine ayn\u0131, arkam\u0131zdan Ermeni derler, soyu k\u0131r\u0131k derler.\u201d H\u0131d\u0131r Bey\u2019in o\u011flu \u0130mam Bozta\u015f 2004\u2019te faili me\u00e7hul bir cinayete kurban gitmi\u015f, di\u011fer \u00e7ocuklar\u0131 b\u00f6lgeden g\u00f6\u00e7 etmi\u015f, o da e\u015fiyle gitmeyi d\u00fc\u015f\u00fcnm\u00fc\u015f ama \u201cburada i\u00e7 i\u00e7e b\u00fcy\u00fcd\u00fckleri, buraya al\u0131\u015ft\u0131klar\u0131, nereye gitseler zaten ayn\u0131 olaca\u011f\u0131\u201d i\u00e7in gitmemi\u015fler. Bozta\u015f sadece 1915 Ermeni tehcirinde de\u011fil, 1937-38\u2019de de yine arazi vererek kurtulduklar\u0131n\u0131 s\u00f6yl\u00fcyor.<\/p>\n<p style=\"text-align: justify\">1937-38 Dersim olaylar\u0131 asl\u0131nda bir s\u00fcredir T\u00fcrkiye\u2019de konu\u015fuluyor. Osmanl\u0131\u2019da Yavuz Sultan Selim d\u00f6neminden beri \u201csorun\u201d olan b\u00f6lgeye 1937\u2019de \u00fc\u00e7 u\u00e7ak filosu bomba ya\u011fm\u0131\u015f. 1938\u2019de Seyit R\u0131za ve o\u011flu ile beraber bir\u00e7ok a\u015firet reisi idam edilmi\u015f, idamlardan sonra 15 Temmuz ve 10 A\u011fustos 1938\u2019teki harek\u00e2tlarda binlerce insan \u00f6lm\u00fc\u015f, s\u00fcrg\u00fcn edilmi\u015fti. Mirhan Prgi\u00e7, 38 katliam\u0131n\u0131n \u201cErmenileri saklad\u0131n\u0131z\u201d gerek\u00e7esiyle daha sert oldu\u011funu iddia ediyor.<\/p>\n<p style=\"text-align: justify\"><a href=\"http:\/\/sabah.com.tr\/fotohaber\/yasam?dt=2010-9-15\" target=\"_blank\"><strong><em>18 Eyl\u00fcl 2010<\/em><\/strong><\/a><\/p>\n<p style=\"text-align: justify\">\u201cSabah\u201d<strong><em><\/em><\/strong><\/p>\n<p style=\"text-align: justify\"><a href=\"http:\/\/sabah.com.tr\/fotohaber\/yasam\/dersimin_ermenileri?tc=9&amp;albumId=22473&amp;page=4\"><strong><em>http:\/\/sabah.com.tr\/fotohaber\/yasam\/dersimin_ermenileri?tc=9&amp;albumId=22473&amp;page=4<\/em><\/strong><\/a><strong><em><\/em><\/strong><\/p>\n","protected":false},"excerpt":{"rendered":"<p>\u00a0\u201cArkam\u0131zdan Ermeni derler, soyu k\u0131r\u0131k derler\u201d Tarihle y\u00fczle\u015fmek denilince T\u00fcrkiye\u2019de akla gelen ilk tabu \u201cErmeni tehciri\u201d s\u0131ras\u0131nda ya\u015fananlar, b\u00f6lgeye \u00f6zel bir \u00f6nem kazand\u0131r\u0131yor. Uzun y\u0131llard\u0131r s\u00f6yleneni, avukat H\u00fcseyin Aygun\u2019un s\u00f6zleri \u00f6zetliyor: \u201cErmeniler toplan\u0131p tehcir ve k\u0131r\u0131ma g\u00f6t\u00fcr\u00fcl\u00fcrken Dersimliler son derece onurlu bir tutum tak\u0131n\u0131r. B\u00f6lgenin bu \u2018kadim halk\u0131\u2019na bir H\u0131z\u0131r gibi yeti\u015firler; onlar\u0131 saklarlar; Erzincan\u2019a [&hellip;]<\/p>\n","protected":false},"author":3,"featured_media":0,"comment_status":"closed","ping_status":"open","sticky":false,"template":"","format":"standard","meta":{"footnotes":""},"categories":[14],"tags":[],"class_list":["post-2067","post","type-post","status-publish","format-standard","hentry","category-haberler"],"yoast_head":"<!-- This site is optimized with the Yoast SEO plugin v27.4 - https:\/\/yoast.com\/product\/yoast-seo-wordpress\/ -->\n<title>Dersim&#039;in Ermenileri - Bati Ermenistan Ve Bati Ermenileri Sorunlari Ara\u015ftirmalar Merkezi<\/title>\n<meta name=\"robots\" content=\"index, follow, max-snippet:-1, max-image-preview:large, max-video-preview:-1\" \/>\n<link rel=\"canonical\" href=\"https:\/\/akunq.net\/turkish\/2010\/09\/23\/dersimin-ermenileri-3\/\" \/>\n<meta property=\"og:locale\" content=\"en_US\" \/>\n<meta property=\"og:type\" content=\"article\" \/>\n<meta property=\"og:title\" content=\"Dersim&#039;in Ermenileri - Bati Ermenistan Ve Bati Ermenileri Sorunlari Ara\u015ftirmalar Merkezi\" \/>\n<meta property=\"og:description\" content=\"\u00a0\u201cArkam\u0131zdan Ermeni derler, soyu k\u0131r\u0131k derler\u201d Tarihle y\u00fczle\u015fmek denilince T\u00fcrkiye\u2019de akla gelen ilk tabu \u201cErmeni tehciri\u201d s\u0131ras\u0131nda ya\u015fananlar, b\u00f6lgeye \u00f6zel bir \u00f6nem kazand\u0131r\u0131yor. Uzun y\u0131llard\u0131r s\u00f6yleneni, avukat H\u00fcseyin Aygun\u2019un s\u00f6zleri \u00f6zetliyor: \u201cErmeniler toplan\u0131p tehcir ve k\u0131r\u0131ma g\u00f6t\u00fcr\u00fcl\u00fcrken Dersimliler son derece onurlu bir tutum tak\u0131n\u0131r. B\u00f6lgenin bu \u2018kadim halk\u0131\u2019na bir H\u0131z\u0131r gibi yeti\u015firler; onlar\u0131 saklarlar; Erzincan\u2019a [&hellip;]\" \/>\n<meta property=\"og:url\" content=\"https:\/\/akunq.net\/turkish\/2010\/09\/23\/dersimin-ermenileri-3\/\" \/>\n<meta property=\"og:site_name\" content=\"Bati Ermenistan Ve Bati Ermenileri Sorunlari Ara\u015ftirmalar Merkezi\" \/>\n<meta property=\"article:published_time\" content=\"2010-09-23T06:37:40+00:00\" \/>\n<meta property=\"og:image\" content=\"https:\/\/akunq.net\/turkish\/wp-content\/uploads\/sites\/5\/2010\/09\/Dersim-2.jpg\" \/>\n\t<meta property=\"og:image:width\" content=\"350\" \/>\n\t<meta property=\"og:image:height\" content=\"278\" \/>\n\t<meta property=\"og:image:type\" content=\"image\/jpeg\" \/>\n<meta name=\"author\" content=\"kalem\" \/>\n<meta name=\"twitter:card\" content=\"summary_large_image\" \/>\n<meta name=\"twitter:label1\" content=\"Written by\" \/>\n\t<meta name=\"twitter:data1\" content=\"kalem\" \/>\n\t<meta name=\"twitter:label2\" content=\"Est. reading time\" \/>\n\t<meta name=\"twitter:data2\" content=\"2 minutes\" \/>\n<script type=\"application\/ld+json\" class=\"yoast-schema-graph\">{\"@context\":\"https:\\\/\\\/schema.org\",\"@graph\":[{\"@type\":\"Article\",\"@id\":\"https:\\\/\\\/akunq.net\\\/turkish\\\/2010\\\/09\\\/23\\\/dersimin-ermenileri-3\\\/#article\",\"isPartOf\":{\"@id\":\"https:\\\/\\\/akunq.net\\\/turkish\\\/2010\\\/09\\\/23\\\/dersimin-ermenileri-3\\\/\"},\"author\":{\"name\":\"kalem\",\"@id\":\"https:\\\/\\\/akunq.net\\\/turkish\\\/#\\\/schema\\\/person\\\/135e7923d1aeb8887890799619969a6c\"},\"headline\":\"Dersim&#8217;in Ermenileri\",\"datePublished\":\"2010-09-23T06:37:40+00:00\",\"mainEntityOfPage\":{\"@id\":\"https:\\\/\\\/akunq.net\\\/turkish\\\/2010\\\/09\\\/23\\\/dersimin-ermenileri-3\\\/\"},\"wordCount\":400,\"image\":{\"@id\":\"https:\\\/\\\/akunq.net\\\/turkish\\\/2010\\\/09\\\/23\\\/dersimin-ermenileri-3\\\/#primaryimage\"},\"thumbnailUrl\":\"http:\\\/\\\/akunq.net\\\/tr\\\/wp-content\\\/uploads\\\/2010\\\/09\\\/Dersim-2-300x238.jpg\",\"articleSection\":[\"Haberler\"],\"inLanguage\":\"en-US\"},{\"@type\":\"WebPage\",\"@id\":\"https:\\\/\\\/akunq.net\\\/turkish\\\/2010\\\/09\\\/23\\\/dersimin-ermenileri-3\\\/\",\"url\":\"https:\\\/\\\/akunq.net\\\/turkish\\\/2010\\\/09\\\/23\\\/dersimin-ermenileri-3\\\/\",\"name\":\"Dersim'in Ermenileri - Bati Ermenistan Ve Bati Ermenileri Sorunlari Ara\u015ftirmalar Merkezi\",\"isPartOf\":{\"@id\":\"https:\\\/\\\/akunq.net\\\/turkish\\\/#website\"},\"primaryImageOfPage\":{\"@id\":\"https:\\\/\\\/akunq.net\\\/turkish\\\/2010\\\/09\\\/23\\\/dersimin-ermenileri-3\\\/#primaryimage\"},\"image\":{\"@id\":\"https:\\\/\\\/akunq.net\\\/turkish\\\/2010\\\/09\\\/23\\\/dersimin-ermenileri-3\\\/#primaryimage\"},\"thumbnailUrl\":\"http:\\\/\\\/akunq.net\\\/tr\\\/wp-content\\\/uploads\\\/2010\\\/09\\\/Dersim-2-300x238.jpg\",\"datePublished\":\"2010-09-23T06:37:40+00:00\",\"author\":{\"@id\":\"https:\\\/\\\/akunq.net\\\/turkish\\\/#\\\/schema\\\/person\\\/135e7923d1aeb8887890799619969a6c\"},\"breadcrumb\":{\"@id\":\"https:\\\/\\\/akunq.net\\\/turkish\\\/2010\\\/09\\\/23\\\/dersimin-ermenileri-3\\\/#breadcrumb\"},\"inLanguage\":\"en-US\",\"potentialAction\":[{\"@type\":\"ReadAction\",\"target\":[\"https:\\\/\\\/akunq.net\\\/turkish\\\/2010\\\/09\\\/23\\\/dersimin-ermenileri-3\\\/\"]}]},{\"@type\":\"ImageObject\",\"inLanguage\":\"en-US\",\"@id\":\"https:\\\/\\\/akunq.net\\\/turkish\\\/2010\\\/09\\\/23\\\/dersimin-ermenileri-3\\\/#primaryimage\",\"url\":\"http:\\\/\\\/akunq.net\\\/tr\\\/wp-content\\\/uploads\\\/2010\\\/09\\\/Dersim-2-300x238.jpg\",\"contentUrl\":\"http:\\\/\\\/akunq.net\\\/tr\\\/wp-content\\\/uploads\\\/2010\\\/09\\\/Dersim-2-300x238.jpg\"},{\"@type\":\"BreadcrumbList\",\"@id\":\"https:\\\/\\\/akunq.net\\\/turkish\\\/2010\\\/09\\\/23\\\/dersimin-ermenileri-3\\\/#breadcrumb\",\"itemListElement\":[{\"@type\":\"ListItem\",\"position\":1,\"name\":\"Home\",\"item\":\"https:\\\/\\\/akunq.net\\\/turkish\\\/\"},{\"@type\":\"ListItem\",\"position\":2,\"name\":\"Dersim&#8217;in Ermenileri\"}]},{\"@type\":\"WebSite\",\"@id\":\"https:\\\/\\\/akunq.net\\\/turkish\\\/#website\",\"url\":\"https:\\\/\\\/akunq.net\\\/turkish\\\/\",\"name\":\"Bati Ermenistan Ve Bati Ermenileri Sorunlari Ara\u015ftirmalar Merkezi\",\"description\":\"\",\"potentialAction\":[{\"@type\":\"SearchAction\",\"target\":{\"@type\":\"EntryPoint\",\"urlTemplate\":\"https:\\\/\\\/akunq.net\\\/turkish\\\/?s={search_term_string}\"},\"query-input\":{\"@type\":\"PropertyValueSpecification\",\"valueRequired\":true,\"valueName\":\"search_term_string\"}}],\"inLanguage\":\"en-US\"},{\"@type\":\"Person\",\"@id\":\"https:\\\/\\\/akunq.net\\\/turkish\\\/#\\\/schema\\\/person\\\/135e7923d1aeb8887890799619969a6c\",\"name\":\"kalem\",\"image\":{\"@type\":\"ImageObject\",\"inLanguage\":\"en-US\",\"@id\":\"https:\\\/\\\/secure.gravatar.com\\\/avatar\\\/a06875e4b25feb5674296adf8e8a7ae1e587cebce2493fe63c456109967e27d3?s=96&d=mm&r=g\",\"url\":\"https:\\\/\\\/secure.gravatar.com\\\/avatar\\\/a06875e4b25feb5674296adf8e8a7ae1e587cebce2493fe63c456109967e27d3?s=96&d=mm&r=g\",\"contentUrl\":\"https:\\\/\\\/secure.gravatar.com\\\/avatar\\\/a06875e4b25feb5674296adf8e8a7ae1e587cebce2493fe63c456109967e27d3?s=96&d=mm&r=g\",\"caption\":\"kalem\"},\"url\":\"https:\\\/\\\/akunq.net\\\/turkish\\\/author\\\/kalem\\\/\"}]}<\/script>\n<!-- \/ Yoast SEO plugin. -->","yoast_head_json":{"title":"Dersim'in Ermenileri - Bati Ermenistan Ve Bati Ermenileri Sorunlari Ara\u015ftirmalar Merkezi","robots":{"index":"index","follow":"follow","max-snippet":"max-snippet:-1","max-image-preview":"max-image-preview:large","max-video-preview":"max-video-preview:-1"},"canonical":"https:\/\/akunq.net\/turkish\/2010\/09\/23\/dersimin-ermenileri-3\/","og_locale":"en_US","og_type":"article","og_title":"Dersim'in Ermenileri - Bati Ermenistan Ve Bati Ermenileri Sorunlari Ara\u015ftirmalar Merkezi","og_description":"\u00a0\u201cArkam\u0131zdan Ermeni derler, soyu k\u0131r\u0131k derler\u201d Tarihle y\u00fczle\u015fmek denilince T\u00fcrkiye\u2019de akla gelen ilk tabu \u201cErmeni tehciri\u201d s\u0131ras\u0131nda ya\u015fananlar, b\u00f6lgeye \u00f6zel bir \u00f6nem kazand\u0131r\u0131yor. Uzun y\u0131llard\u0131r s\u00f6yleneni, avukat H\u00fcseyin Aygun\u2019un s\u00f6zleri \u00f6zetliyor: \u201cErmeniler toplan\u0131p tehcir ve k\u0131r\u0131ma g\u00f6t\u00fcr\u00fcl\u00fcrken Dersimliler son derece onurlu bir tutum tak\u0131n\u0131r. B\u00f6lgenin bu \u2018kadim halk\u0131\u2019na bir H\u0131z\u0131r gibi yeti\u015firler; onlar\u0131 saklarlar; Erzincan\u2019a [&hellip;]","og_url":"https:\/\/akunq.net\/turkish\/2010\/09\/23\/dersimin-ermenileri-3\/","og_site_name":"Bati Ermenistan Ve Bati Ermenileri Sorunlari Ara\u015ftirmalar Merkezi","article_published_time":"2010-09-23T06:37:40+00:00","og_image":[{"width":350,"height":278,"url":"https:\/\/akunq.net\/turkish\/wp-content\/uploads\/sites\/5\/2010\/09\/Dersim-2.jpg","type":"image\/jpeg"}],"author":"kalem","twitter_card":"summary_large_image","twitter_misc":{"Written by":"kalem","Est. reading time":"2 minutes"},"schema":{"@context":"https:\/\/schema.org","@graph":[{"@type":"Article","@id":"https:\/\/akunq.net\/turkish\/2010\/09\/23\/dersimin-ermenileri-3\/#article","isPartOf":{"@id":"https:\/\/akunq.net\/turkish\/2010\/09\/23\/dersimin-ermenileri-3\/"},"author":{"name":"kalem","@id":"https:\/\/akunq.net\/turkish\/#\/schema\/person\/135e7923d1aeb8887890799619969a6c"},"headline":"Dersim&#8217;in Ermenileri","datePublished":"2010-09-23T06:37:40+00:00","mainEntityOfPage":{"@id":"https:\/\/akunq.net\/turkish\/2010\/09\/23\/dersimin-ermenileri-3\/"},"wordCount":400,"image":{"@id":"https:\/\/akunq.net\/turkish\/2010\/09\/23\/dersimin-ermenileri-3\/#primaryimage"},"thumbnailUrl":"http:\/\/akunq.net\/tr\/wp-content\/uploads\/2010\/09\/Dersim-2-300x238.jpg","articleSection":["Haberler"],"inLanguage":"en-US"},{"@type":"WebPage","@id":"https:\/\/akunq.net\/turkish\/2010\/09\/23\/dersimin-ermenileri-3\/","url":"https:\/\/akunq.net\/turkish\/2010\/09\/23\/dersimin-ermenileri-3\/","name":"Dersim'in Ermenileri - Bati Ermenistan Ve Bati Ermenileri Sorunlari Ara\u015ftirmalar Merkezi","isPartOf":{"@id":"https:\/\/akunq.net\/turkish\/#website"},"primaryImageOfPage":{"@id":"https:\/\/akunq.net\/turkish\/2010\/09\/23\/dersimin-ermenileri-3\/#primaryimage"},"image":{"@id":"https:\/\/akunq.net\/turkish\/2010\/09\/23\/dersimin-ermenileri-3\/#primaryimage"},"thumbnailUrl":"http:\/\/akunq.net\/tr\/wp-content\/uploads\/2010\/09\/Dersim-2-300x238.jpg","datePublished":"2010-09-23T06:37:40+00:00","author":{"@id":"https:\/\/akunq.net\/turkish\/#\/schema\/person\/135e7923d1aeb8887890799619969a6c"},"breadcrumb":{"@id":"https:\/\/akunq.net\/turkish\/2010\/09\/23\/dersimin-ermenileri-3\/#breadcrumb"},"inLanguage":"en-US","potentialAction":[{"@type":"ReadAction","target":["https:\/\/akunq.net\/turkish\/2010\/09\/23\/dersimin-ermenileri-3\/"]}]},{"@type":"ImageObject","inLanguage":"en-US","@id":"https:\/\/akunq.net\/turkish\/2010\/09\/23\/dersimin-ermenileri-3\/#primaryimage","url":"http:\/\/akunq.net\/tr\/wp-content\/uploads\/2010\/09\/Dersim-2-300x238.jpg","contentUrl":"http:\/\/akunq.net\/tr\/wp-content\/uploads\/2010\/09\/Dersim-2-300x238.jpg"},{"@type":"BreadcrumbList","@id":"https:\/\/akunq.net\/turkish\/2010\/09\/23\/dersimin-ermenileri-3\/#breadcrumb","itemListElement":[{"@type":"ListItem","position":1,"name":"Home","item":"https:\/\/akunq.net\/turkish\/"},{"@type":"ListItem","position":2,"name":"Dersim&#8217;in Ermenileri"}]},{"@type":"WebSite","@id":"https:\/\/akunq.net\/turkish\/#website","url":"https:\/\/akunq.net\/turkish\/","name":"Bati Ermenistan Ve Bati Ermenileri Sorunlari Ara\u015ftirmalar Merkezi","description":"","potentialAction":[{"@type":"SearchAction","target":{"@type":"EntryPoint","urlTemplate":"https:\/\/akunq.net\/turkish\/?s={search_term_string}"},"query-input":{"@type":"PropertyValueSpecification","valueRequired":true,"valueName":"search_term_string"}}],"inLanguage":"en-US"},{"@type":"Person","@id":"https:\/\/akunq.net\/turkish\/#\/schema\/person\/135e7923d1aeb8887890799619969a6c","name":"kalem","image":{"@type":"ImageObject","inLanguage":"en-US","@id":"https:\/\/secure.gravatar.com\/avatar\/a06875e4b25feb5674296adf8e8a7ae1e587cebce2493fe63c456109967e27d3?s=96&d=mm&r=g","url":"https:\/\/secure.gravatar.com\/avatar\/a06875e4b25feb5674296adf8e8a7ae1e587cebce2493fe63c456109967e27d3?s=96&d=mm&r=g","contentUrl":"https:\/\/secure.gravatar.com\/avatar\/a06875e4b25feb5674296adf8e8a7ae1e587cebce2493fe63c456109967e27d3?s=96&d=mm&r=g","caption":"kalem"},"url":"https:\/\/akunq.net\/turkish\/author\/kalem\/"}]}},"_links":{"self":[{"href":"https:\/\/akunq.net\/turkish\/wp-json\/wp\/v2\/posts\/2067","targetHints":{"allow":["GET"]}}],"collection":[{"href":"https:\/\/akunq.net\/turkish\/wp-json\/wp\/v2\/posts"}],"about":[{"href":"https:\/\/akunq.net\/turkish\/wp-json\/wp\/v2\/types\/post"}],"author":[{"embeddable":true,"href":"https:\/\/akunq.net\/turkish\/wp-json\/wp\/v2\/users\/3"}],"replies":[{"embeddable":true,"href":"https:\/\/akunq.net\/turkish\/wp-json\/wp\/v2\/comments?post=2067"}],"version-history":[{"count":0,"href":"https:\/\/akunq.net\/turkish\/wp-json\/wp\/v2\/posts\/2067\/revisions"}],"wp:attachment":[{"href":"https:\/\/akunq.net\/turkish\/wp-json\/wp\/v2\/media?parent=2067"}],"wp:term":[{"taxonomy":"category","embeddable":true,"href":"https:\/\/akunq.net\/turkish\/wp-json\/wp\/v2\/categories?post=2067"},{"taxonomy":"post_tag","embeddable":true,"href":"https:\/\/akunq.net\/turkish\/wp-json\/wp\/v2\/tags?post=2067"}],"curies":[{"name":"wp","href":"https:\/\/api.w.org\/{rel}","templated":true}]}}