{"id":2060,"date":"2010-09-22T05:39:58","date_gmt":"2010-09-22T10:39:58","guid":{"rendered":"http:\/\/akunq.net\/tr\/?p=2060"},"modified":"2010-09-22T05:39:58","modified_gmt":"2010-09-22T10:39:58","slug":"dersimin-ermenileri-2","status":"publish","type":"post","link":"https:\/\/akunq.net\/turkish\/2010\/09\/22\/dersimin-ermenileri-2\/","title":{"rendered":"Dersim&#8217;in Ermenileri"},"content":{"rendered":"<p style=\"text-align: justify\"><em><a rel=\"attachment wp-att-2059\" href=\"http:\/\/akunq.net\/tr\/?attachment_id=2059\"><img loading=\"lazy\" decoding=\"async\" class=\"alignleft size-medium wp-image-2059\" title=\"\u0534\u0565\u0580\u057d\u056b\u0574 1_d\" src=\"http:\/\/akunq.net\/tr\/wp-content\/uploads\/2010\/09\/\u0534\u0565\u0580\u057d\u056b\u0574-1_d3-300x195.jpg\" alt=\"\" width=\"300\" height=\"195\" srcset=\"https:\/\/akunq.net\/turkish\/wp-content\/uploads\/sites\/5\/2010\/09\/\u0534\u0565\u0580\u057d\u056b\u0574-1_d3-300x195.jpg 300w, https:\/\/akunq.net\/turkish\/wp-content\/uploads\/sites\/5\/2010\/09\/\u0534\u0565\u0580\u057d\u056b\u0574-1_d3.jpg 350w\" sizes=\"auto, (max-width: 300px) 100vw, 300px\" \/><\/a>(Foto\u011fraf: 1937-38 Dersim olaylar\u0131nda Munzur Nehri\u2019nin suyunun kana buland\u0131\u011f\u0131 s\u00f6yleniyor.)<\/em><\/p>\n<p style=\"text-align: justify\">Dersimde konu\u015fulan dilde Ermenice s\u00f6zc\u00fcklere rastlan\u0131yor. Benzerlikler dille s\u0131n\u0131rl\u0131 de\u011fil, \u00f6rne\u011fin K\u0131z\u0131lba\u015f K\u00fcrt gelene\u011finde ya\u015fanan Gagan Bayram\u0131 bir nevi y\u0131lba\u015f\u0131 olarak kutlan\u0131yor ve oca\u011f\u0131n ikinci haftas\u0131na denk geliyor. Benzer bir gelenek Orthodoks-Gregoryan Ermeni K\u00fclt\u00fcr\u00fcnde de mevcut. Orthodoks-Gregoryan Ermeniler Ga\u011fant ad\u0131 alt\u0131nda y\u0131lba\u015f\u0131n\u0131 ve m\u00fcteakiben 6 Ocakta Noel Bayram\u0131\u2019n\u0131 kutluyorlar.<br \/>\n<a href=\"http:\/\/sabah.com.tr\/fotohaber\/yasam?dt=2010-9-15\" target=\"_blank\"><strong><em>18 Eyl\u00fcl 2010<\/em><\/strong><\/a><\/p>\n<p style=\"text-align: justify\"><strong><em>http:\/\/sabah.com.tr\/fotohaber\/yasam\/dersimin_ermenileri?tc=9&amp;albumId=22473&amp;page=7<\/em><\/strong><\/p>\n","protected":false},"excerpt":{"rendered":"<p>(Foto\u011fraf: 1937-38 Dersim olaylar\u0131nda Munzur Nehri\u2019nin suyunun kana buland\u0131\u011f\u0131 s\u00f6yleniyor.) Dersimde konu\u015fulan dilde Ermenice s\u00f6zc\u00fcklere rastlan\u0131yor. Benzerlikler dille s\u0131n\u0131rl\u0131 de\u011fil, \u00f6rne\u011fin K\u0131z\u0131lba\u015f K\u00fcrt gelene\u011finde ya\u015fanan Gagan Bayram\u0131 bir nevi y\u0131lba\u015f\u0131 olarak kutlan\u0131yor ve oca\u011f\u0131n ikinci haftas\u0131na denk geliyor. Benzer bir gelenek Orthodoks-Gregoryan Ermeni K\u00fclt\u00fcr\u00fcnde de mevcut. Orthodoks-Gregoryan Ermeniler Ga\u011fant ad\u0131 alt\u0131nda y\u0131lba\u015f\u0131n\u0131 ve m\u00fcteakiben 6 [&hellip;]<\/p>\n","protected":false},"author":3,"featured_media":0,"comment_status":"closed","ping_status":"open","sticky":false,"template":"","format":"standard","meta":{"footnotes":""},"categories":[14],"tags":[],"class_list":["post-2060","post","type-post","status-publish","format-standard","hentry","category-haberler"],"yoast_head":"<!-- This site is optimized with the Yoast SEO plugin v27.4 - https:\/\/yoast.com\/product\/yoast-seo-wordpress\/ -->\n<title>Dersim&#039;in Ermenileri - Bati Ermenistan Ve Bati Ermenileri Sorunlari Ara\u015ftirmalar Merkezi<\/title>\n<meta name=\"robots\" content=\"index, follow, max-snippet:-1, max-image-preview:large, max-video-preview:-1\" \/>\n<link rel=\"canonical\" href=\"https:\/\/akunq.net\/turkish\/2010\/09\/22\/dersimin-ermenileri-2\/\" \/>\n<meta property=\"og:locale\" content=\"en_US\" \/>\n<meta property=\"og:type\" content=\"article\" \/>\n<meta property=\"og:title\" content=\"Dersim&#039;in Ermenileri - Bati Ermenistan Ve Bati Ermenileri Sorunlari Ara\u015ftirmalar Merkezi\" \/>\n<meta property=\"og:description\" content=\"(Foto\u011fraf: 1937-38 Dersim olaylar\u0131nda Munzur Nehri\u2019nin suyunun kana buland\u0131\u011f\u0131 s\u00f6yleniyor.) Dersimde konu\u015fulan dilde Ermenice s\u00f6zc\u00fcklere rastlan\u0131yor. Benzerlikler dille s\u0131n\u0131rl\u0131 de\u011fil, \u00f6rne\u011fin K\u0131z\u0131lba\u015f K\u00fcrt gelene\u011finde ya\u015fanan Gagan Bayram\u0131 bir nevi y\u0131lba\u015f\u0131 olarak kutlan\u0131yor ve oca\u011f\u0131n ikinci haftas\u0131na denk geliyor. Benzer bir gelenek Orthodoks-Gregoryan Ermeni K\u00fclt\u00fcr\u00fcnde de mevcut. Orthodoks-Gregoryan Ermeniler Ga\u011fant ad\u0131 alt\u0131nda y\u0131lba\u015f\u0131n\u0131 ve m\u00fcteakiben 6 [&hellip;]\" \/>\n<meta property=\"og:url\" content=\"https:\/\/akunq.net\/turkish\/2010\/09\/22\/dersimin-ermenileri-2\/\" \/>\n<meta property=\"og:site_name\" content=\"Bati Ermenistan Ve Bati Ermenileri Sorunlari Ara\u015ftirmalar Merkezi\" \/>\n<meta property=\"article:published_time\" content=\"2010-09-22T10:39:58+00:00\" \/>\n<meta name=\"author\" content=\"kalem\" \/>\n<meta name=\"twitter:card\" content=\"summary_large_image\" \/>\n<meta name=\"twitter:label1\" content=\"Written by\" \/>\n\t<meta name=\"twitter:data1\" content=\"kalem\" \/>\n\t<meta name=\"twitter:label2\" content=\"Est. reading time\" \/>\n\t<meta name=\"twitter:data2\" content=\"1 minute\" \/>\n<script type=\"application\/ld+json\" class=\"yoast-schema-graph\">{\"@context\":\"https:\\\/\\\/schema.org\",\"@graph\":[{\"@type\":\"Article\",\"@id\":\"https:\\\/\\\/akunq.net\\\/turkish\\\/2010\\\/09\\\/22\\\/dersimin-ermenileri-2\\\/#article\",\"isPartOf\":{\"@id\":\"https:\\\/\\\/akunq.net\\\/turkish\\\/2010\\\/09\\\/22\\\/dersimin-ermenileri-2\\\/\"},\"author\":{\"name\":\"kalem\",\"@id\":\"https:\\\/\\\/akunq.net\\\/turkish\\\/#\\\/schema\\\/person\\\/135e7923d1aeb8887890799619969a6c\"},\"headline\":\"Dersim&#8217;in Ermenileri\",\"datePublished\":\"2010-09-22T10:39:58+00:00\",\"mainEntityOfPage\":{\"@id\":\"https:\\\/\\\/akunq.net\\\/turkish\\\/2010\\\/09\\\/22\\\/dersimin-ermenileri-2\\\/\"},\"wordCount\":105,\"articleSection\":[\"Haberler\"],\"inLanguage\":\"en-US\"},{\"@type\":\"WebPage\",\"@id\":\"https:\\\/\\\/akunq.net\\\/turkish\\\/2010\\\/09\\\/22\\\/dersimin-ermenileri-2\\\/\",\"url\":\"https:\\\/\\\/akunq.net\\\/turkish\\\/2010\\\/09\\\/22\\\/dersimin-ermenileri-2\\\/\",\"name\":\"Dersim'in Ermenileri - Bati Ermenistan Ve Bati Ermenileri Sorunlari Ara\u015ftirmalar Merkezi\",\"isPartOf\":{\"@id\":\"https:\\\/\\\/akunq.net\\\/turkish\\\/#website\"},\"datePublished\":\"2010-09-22T10:39:58+00:00\",\"author\":{\"@id\":\"https:\\\/\\\/akunq.net\\\/turkish\\\/#\\\/schema\\\/person\\\/135e7923d1aeb8887890799619969a6c\"},\"breadcrumb\":{\"@id\":\"https:\\\/\\\/akunq.net\\\/turkish\\\/2010\\\/09\\\/22\\\/dersimin-ermenileri-2\\\/#breadcrumb\"},\"inLanguage\":\"en-US\",\"potentialAction\":[{\"@type\":\"ReadAction\",\"target\":[\"https:\\\/\\\/akunq.net\\\/turkish\\\/2010\\\/09\\\/22\\\/dersimin-ermenileri-2\\\/\"]}]},{\"@type\":\"BreadcrumbList\",\"@id\":\"https:\\\/\\\/akunq.net\\\/turkish\\\/2010\\\/09\\\/22\\\/dersimin-ermenileri-2\\\/#breadcrumb\",\"itemListElement\":[{\"@type\":\"ListItem\",\"position\":1,\"name\":\"Home\",\"item\":\"https:\\\/\\\/akunq.net\\\/turkish\\\/\"},{\"@type\":\"ListItem\",\"position\":2,\"name\":\"Dersim&#8217;in Ermenileri\"}]},{\"@type\":\"WebSite\",\"@id\":\"https:\\\/\\\/akunq.net\\\/turkish\\\/#website\",\"url\":\"https:\\\/\\\/akunq.net\\\/turkish\\\/\",\"name\":\"Bati Ermenistan Ve Bati Ermenileri Sorunlari Ara\u015ftirmalar Merkezi\",\"description\":\"\",\"potentialAction\":[{\"@type\":\"SearchAction\",\"target\":{\"@type\":\"EntryPoint\",\"urlTemplate\":\"https:\\\/\\\/akunq.net\\\/turkish\\\/?s={search_term_string}\"},\"query-input\":{\"@type\":\"PropertyValueSpecification\",\"valueRequired\":true,\"valueName\":\"search_term_string\"}}],\"inLanguage\":\"en-US\"},{\"@type\":\"Person\",\"@id\":\"https:\\\/\\\/akunq.net\\\/turkish\\\/#\\\/schema\\\/person\\\/135e7923d1aeb8887890799619969a6c\",\"name\":\"kalem\",\"image\":{\"@type\":\"ImageObject\",\"inLanguage\":\"en-US\",\"@id\":\"https:\\\/\\\/secure.gravatar.com\\\/avatar\\\/a06875e4b25feb5674296adf8e8a7ae1e587cebce2493fe63c456109967e27d3?s=96&d=mm&r=g\",\"url\":\"https:\\\/\\\/secure.gravatar.com\\\/avatar\\\/a06875e4b25feb5674296adf8e8a7ae1e587cebce2493fe63c456109967e27d3?s=96&d=mm&r=g\",\"contentUrl\":\"https:\\\/\\\/secure.gravatar.com\\\/avatar\\\/a06875e4b25feb5674296adf8e8a7ae1e587cebce2493fe63c456109967e27d3?s=96&d=mm&r=g\",\"caption\":\"kalem\"},\"url\":\"https:\\\/\\\/akunq.net\\\/turkish\\\/author\\\/kalem\\\/\"}]}<\/script>\n<!-- \/ Yoast SEO plugin. -->","yoast_head_json":{"title":"Dersim'in Ermenileri - Bati Ermenistan Ve Bati Ermenileri Sorunlari Ara\u015ftirmalar Merkezi","robots":{"index":"index","follow":"follow","max-snippet":"max-snippet:-1","max-image-preview":"max-image-preview:large","max-video-preview":"max-video-preview:-1"},"canonical":"https:\/\/akunq.net\/turkish\/2010\/09\/22\/dersimin-ermenileri-2\/","og_locale":"en_US","og_type":"article","og_title":"Dersim'in Ermenileri - Bati Ermenistan Ve Bati Ermenileri Sorunlari Ara\u015ftirmalar Merkezi","og_description":"(Foto\u011fraf: 1937-38 Dersim olaylar\u0131nda Munzur Nehri\u2019nin suyunun kana buland\u0131\u011f\u0131 s\u00f6yleniyor.) Dersimde konu\u015fulan dilde Ermenice s\u00f6zc\u00fcklere rastlan\u0131yor. Benzerlikler dille s\u0131n\u0131rl\u0131 de\u011fil, \u00f6rne\u011fin K\u0131z\u0131lba\u015f K\u00fcrt gelene\u011finde ya\u015fanan Gagan Bayram\u0131 bir nevi y\u0131lba\u015f\u0131 olarak kutlan\u0131yor ve oca\u011f\u0131n ikinci haftas\u0131na denk geliyor. Benzer bir gelenek Orthodoks-Gregoryan Ermeni K\u00fclt\u00fcr\u00fcnde de mevcut. Orthodoks-Gregoryan Ermeniler Ga\u011fant ad\u0131 alt\u0131nda y\u0131lba\u015f\u0131n\u0131 ve m\u00fcteakiben 6 [&hellip;]","og_url":"https:\/\/akunq.net\/turkish\/2010\/09\/22\/dersimin-ermenileri-2\/","og_site_name":"Bati Ermenistan Ve Bati Ermenileri Sorunlari Ara\u015ftirmalar Merkezi","article_published_time":"2010-09-22T10:39:58+00:00","author":"kalem","twitter_card":"summary_large_image","twitter_misc":{"Written by":"kalem","Est. reading time":"1 minute"},"schema":{"@context":"https:\/\/schema.org","@graph":[{"@type":"Article","@id":"https:\/\/akunq.net\/turkish\/2010\/09\/22\/dersimin-ermenileri-2\/#article","isPartOf":{"@id":"https:\/\/akunq.net\/turkish\/2010\/09\/22\/dersimin-ermenileri-2\/"},"author":{"name":"kalem","@id":"https:\/\/akunq.net\/turkish\/#\/schema\/person\/135e7923d1aeb8887890799619969a6c"},"headline":"Dersim&#8217;in Ermenileri","datePublished":"2010-09-22T10:39:58+00:00","mainEntityOfPage":{"@id":"https:\/\/akunq.net\/turkish\/2010\/09\/22\/dersimin-ermenileri-2\/"},"wordCount":105,"articleSection":["Haberler"],"inLanguage":"en-US"},{"@type":"WebPage","@id":"https:\/\/akunq.net\/turkish\/2010\/09\/22\/dersimin-ermenileri-2\/","url":"https:\/\/akunq.net\/turkish\/2010\/09\/22\/dersimin-ermenileri-2\/","name":"Dersim'in Ermenileri - Bati Ermenistan Ve Bati Ermenileri Sorunlari Ara\u015ftirmalar Merkezi","isPartOf":{"@id":"https:\/\/akunq.net\/turkish\/#website"},"datePublished":"2010-09-22T10:39:58+00:00","author":{"@id":"https:\/\/akunq.net\/turkish\/#\/schema\/person\/135e7923d1aeb8887890799619969a6c"},"breadcrumb":{"@id":"https:\/\/akunq.net\/turkish\/2010\/09\/22\/dersimin-ermenileri-2\/#breadcrumb"},"inLanguage":"en-US","potentialAction":[{"@type":"ReadAction","target":["https:\/\/akunq.net\/turkish\/2010\/09\/22\/dersimin-ermenileri-2\/"]}]},{"@type":"BreadcrumbList","@id":"https:\/\/akunq.net\/turkish\/2010\/09\/22\/dersimin-ermenileri-2\/#breadcrumb","itemListElement":[{"@type":"ListItem","position":1,"name":"Home","item":"https:\/\/akunq.net\/turkish\/"},{"@type":"ListItem","position":2,"name":"Dersim&#8217;in Ermenileri"}]},{"@type":"WebSite","@id":"https:\/\/akunq.net\/turkish\/#website","url":"https:\/\/akunq.net\/turkish\/","name":"Bati Ermenistan Ve Bati Ermenileri Sorunlari Ara\u015ftirmalar Merkezi","description":"","potentialAction":[{"@type":"SearchAction","target":{"@type":"EntryPoint","urlTemplate":"https:\/\/akunq.net\/turkish\/?s={search_term_string}"},"query-input":{"@type":"PropertyValueSpecification","valueRequired":true,"valueName":"search_term_string"}}],"inLanguage":"en-US"},{"@type":"Person","@id":"https:\/\/akunq.net\/turkish\/#\/schema\/person\/135e7923d1aeb8887890799619969a6c","name":"kalem","image":{"@type":"ImageObject","inLanguage":"en-US","@id":"https:\/\/secure.gravatar.com\/avatar\/a06875e4b25feb5674296adf8e8a7ae1e587cebce2493fe63c456109967e27d3?s=96&d=mm&r=g","url":"https:\/\/secure.gravatar.com\/avatar\/a06875e4b25feb5674296adf8e8a7ae1e587cebce2493fe63c456109967e27d3?s=96&d=mm&r=g","contentUrl":"https:\/\/secure.gravatar.com\/avatar\/a06875e4b25feb5674296adf8e8a7ae1e587cebce2493fe63c456109967e27d3?s=96&d=mm&r=g","caption":"kalem"},"url":"https:\/\/akunq.net\/turkish\/author\/kalem\/"}]}},"_links":{"self":[{"href":"https:\/\/akunq.net\/turkish\/wp-json\/wp\/v2\/posts\/2060","targetHints":{"allow":["GET"]}}],"collection":[{"href":"https:\/\/akunq.net\/turkish\/wp-json\/wp\/v2\/posts"}],"about":[{"href":"https:\/\/akunq.net\/turkish\/wp-json\/wp\/v2\/types\/post"}],"author":[{"embeddable":true,"href":"https:\/\/akunq.net\/turkish\/wp-json\/wp\/v2\/users\/3"}],"replies":[{"embeddable":true,"href":"https:\/\/akunq.net\/turkish\/wp-json\/wp\/v2\/comments?post=2060"}],"version-history":[{"count":0,"href":"https:\/\/akunq.net\/turkish\/wp-json\/wp\/v2\/posts\/2060\/revisions"}],"wp:attachment":[{"href":"https:\/\/akunq.net\/turkish\/wp-json\/wp\/v2\/media?parent=2060"}],"wp:term":[{"taxonomy":"category","embeddable":true,"href":"https:\/\/akunq.net\/turkish\/wp-json\/wp\/v2\/categories?post=2060"},{"taxonomy":"post_tag","embeddable":true,"href":"https:\/\/akunq.net\/turkish\/wp-json\/wp\/v2\/tags?post=2060"}],"curies":[{"name":"wp","href":"https:\/\/api.w.org\/{rel}","templated":true}]}}