{"id":2055,"date":"2010-09-22T05:22:41","date_gmt":"2010-09-22T10:22:41","guid":{"rendered":"http:\/\/akunq.net\/tr\/?p=2055"},"modified":"2010-09-22T05:22:41","modified_gmt":"2010-09-22T10:22:41","slug":"artik-kimliklerine-hiristiyan-yazdiriyorlar","status":"publish","type":"post","link":"https:\/\/akunq.net\/turkish\/2010\/09\/22\/artik-kimliklerine-hiristiyan-yazdiriyorlar\/","title":{"rendered":"Art\u0131k kimliklerine H\u0131ristiyan yazd\u0131r\u0131yorlar"},"content":{"rendered":"<p style=\"text-align: justify\"><strong><em><a rel=\"attachment wp-att-2056\" href=\"http:\/\/akunq.net\/tr\/?attachment_id=2056\"><img loading=\"lazy\" decoding=\"async\" class=\"alignleft size-full wp-image-2056\" title=\"Kimlik\" src=\"http:\/\/akunq.net\/tr\/wp-content\/uploads\/2010\/09\/11591454.jpg\" alt=\"\" width=\"240\" height=\"240\" srcset=\"https:\/\/akunq.net\/turkish\/wp-content\/uploads\/sites\/5\/2010\/09\/11591454.jpg 240w, https:\/\/akunq.net\/turkish\/wp-content\/uploads\/sites\/5\/2010\/09\/11591454-150x150.jpg 150w\" sizes=\"auto, (max-width: 240px) 100vw, 240px\" \/><\/a>T\u00fcrkiye Ermenileri Patrikli\u011fi Patrik Genel Vekili Aram Ate\u015fyan\u2019\u0131n \u2018M\u00fcsl\u00fcman\u2019 olan ye\u011fenleri, 4 ay \u00f6nce n\u00fcfus c\u00fczdanlar\u0131na H\u0131ristiyan yazd\u0131rd\u0131lar.<\/em><\/strong><em><\/p>\n<p><\/em><\/p>\n<p style=\"text-align: justify\">Akdamar\u2019daki ayini y\u00f6netmek i\u00e7in Van\u2019a gelen day\u0131lar\u0131 Ate\u015fyan\u2019\u0131 ziyaret eden Mesure Kaplan ve Cihan Beskisiz karde\u015fler, vaftiz olmak i\u00e7in Diyarbak\u0131r Surp Giragos Kilisesi restorasyonunun bitmesini bekliyor.<br \/>\nYILLARDIR kom\u015fular\u0131n\u0131n ya da i\u015f arkada\u015flar\u0131n\u0131n b\u00fcy\u00fck bir b\u00f6l\u00fcm\u00fc, onlar\u0131 \u2018M\u00fcsl\u00fcman K\u00fcrt\u2019 olarak kabul etti; \u00e7ok az kimse, \u201cErmeni\u201d k\u00f6kenli olduklar\u0131n\u0131 biliyordu. Bilenlerin \u00e7o\u011fu da H\u0131ristiyan k\u00f6kenlerini g\u00f6rmezlikten geliyordu.<br \/>\nOysa, onlar y\u0131llarca \u2018gizli\u2019 Ermeni olarak ya\u015famlar\u0131n\u0131 s\u00fcrd\u00fcrmek zorunda kald\u0131lar. N\u00fcfus c\u00fczdanlar\u0131nda \u2018M\u00fcsl\u00fcman\u2019, kalplerinde ise \u2018H\u0131ristiyan\u2019 yaz\u0131yor, kendi aralar\u0131nda evleniyorlard\u0131. Ancak, son 1 y\u0131ld\u0131r ana dinlerine, ana kimliklerine d\u00f6nmeye ba\u015flad\u0131lar. \u00d6zellikle 1950 sonras\u0131 artan \u2018mahalle bask\u0131s\u0131\u2019 sonucu dinlerini de\u011fi\u015ftirmek zorunda kalan Ermeni ailelerinin \u00e7ocuklar\u0131, art\u0131k kimliklerine \u2018H\u0131ristiyan\u2019 yazd\u0131r\u0131yor.<br \/>\n<strong>Ate\u015fyan\u2019\u0131n ye\u011fenleri<\/strong><br \/>\nBu geri d\u00f6n\u00fc\u015f\u00fc ya\u015fayan ailelerden biri de T\u00fcrkiye Ermenileri Patrikli\u011fi Patrik Genel Vekili Aram Ate\u015fyan\u2019\u0131n ablas\u0131n\u0131n torunlar\u0131 33 ya\u015f\u0131ndaki Mesure Kaplan ve 28 ya\u015f\u0131ndaki Cihan Beskisiz. Mesure, kendisi gibi uzun s\u00fcre Ermeni kimli\u011fini saklamak zorunda kalan e\u015fi Kudbettin Kaplan, 5 ya\u015f\u0131ndaki o\u011flu Mardik ve erkek karde\u015fi Cihan\u2019la birlikte \u00f6nceki g\u00fcn Akdamar\u2019daki ayini y\u00f6netmek i\u00e7in Van\u2019a gelen day\u0131lar\u0131 Ate\u015fyan\u2019\u0131 ziyaret etti. 4 ay \u00f6nce n\u00fcfus c\u00fczdanlar\u0131n\u0131 de\u011fi\u015ftirerek H\u0131ristiyan\/ Ermeni kimliklerini resmile\u015ftiren Mesure ve Cihan karde\u015fler, vaftiz olmak i\u00e7in ise Diyarbak\u0131r Surp Giragos Kilisesi\u2019ndeki restorasyonun tamamlanmas\u0131n\u0131 bekliyor. Vaftiz t\u00f6renini de day\u0131lar\u0131 Ate\u015fyan\u2019\u0131n yapmas\u0131n\u0131 istiyorlar. Mesure, day\u0131s\u0131 Ate\u015fyan\u2019\u0131n \u00f6nerdi\u011fi \u2018sevimli\u2019 anlam\u0131na gelen \u2018Sirun\u2019 ismini kabul etti. Cihan ise bir s\u00fcredir \u2018kral\u2019 anlam\u0131na gelen \u2018Baret\u2019 ismini kullan\u0131yor.\u00a0<br \/>\n<strong>Aile i\u00e7inde Ermeni\u2019ydik<br \/>\n<\/strong>Bulunduklar\u0131 \u00e7evreye uyum sa\u011flamak zorunda olduklar\u0131n\u0131 belirten Mesure Kaplan \u015f\u00f6yle konu\u015fuyor: \u201cM\u00fcsl\u00fcman kom\u015fular\u0131m\u0131z\u0131n, i\u015f arkada\u015flar\u0131m\u0131z\u0131n aras\u0131nda bir M\u00fcsl\u00fcman gibi davrand\u0131k. Hatta, davran\u0131\u015flar\u0131m\u0131zla M\u00fcsl\u00fcman pek \u00e7ok kom\u015fumuzdan daha M\u00fcsl\u00fcman oldu\u011fumuzu bile s\u00f6yleyebilirim. Yoksa aile i\u00e7inde ve bizim gibi olanlar aras\u0131nda her zaman Ermeni kimli\u011fimizi korumaya \u00e7al\u0131\u015ft\u0131k. Dinin gereklerini yerine getirmiyor ya da getiremiyorduk ama hepimiz Ermeni oldu\u011fumuzu biliyorduk. Annem \u2018Seni kesinlikle M\u00fcsl\u00fcman biriyle evlendiremem, ona g\u00f6re\u2019 diye uyar\u0131rd\u0131.\u201d\u00a0<br \/>\n<strong>Bask\u0131yla dinler de\u011fi\u015fmi\u015f<\/strong><br \/>\nCihan Beskisiz ise \u015funlar\u0131 s\u00f6yl\u00fcyor: \u201cBizim en b\u00fcy\u00fck \u015fans\u0131m\u0131z day\u0131m\u0131z. Onun durumu ve anlatt\u0131klar\u0131 bize cesaret verdi. \u00c7evremizde o kadar \u00e7ok Ermeni var ki, ancak day\u0131m gibi bir b\u00fcy\u00fckleri yok, o y\u00fczden cesaret edemiyorlar, kimliklerini de\u011fi\u015ftirmeye. Bask\u0131yla ve korkuyla dinlerini de\u011fi\u015ftirmek zorunda kalm\u0131\u015f b\u00fcy\u00fcklerimiz, ger\u00e7e\u011fi \u00e7ocuklar\u0131ndan bile saklad\u0131lar y\u0131llarca. Kimileri ancak \u00f6l\u00fcm d\u00f6\u015fe\u011finde a\u00e7\u0131klam\u0131\u015f ger\u00e7ekleri. Ancak art\u0131k uyan\u0131\u015f ba\u015flad\u0131.\u201d\u00a0<br \/>\n<strong>Ate\u015fyan: Korku kalkt\u0131k\u00e7a d\u00f6nen artacak<\/strong><\/p>\n<p style=\"text-align: justify\">\u00a0\u00a0\u00a0 ANADOLU\u2019da bir\u00e7ok Ermeni, Ermeni oldu\u011funu s\u00f6ylemeye cesaret edemiyor. Ya kom\u015fusundan \u00e7ekiniyor ya da \u00e7al\u0131\u015faca\u011f\u0131 yerden kovulaca\u011f\u0131ndan korkuyor. Oysa, \u00fclkemiz demokratikle\u015ftik\u00e7e, insan haklar\u0131 k\u00f6kle\u015ftik\u00e7e binlercesi dinine geri d\u00f6necektir. Bug\u00fcn bile T\u00fcrkiye\u2019nin d\u00f6rt bir yan\u0131ndan, Tunceli\u2019den, Trabzon\u2019dan, Kastamonu\u2019dan gen\u00e7ler aile k\u00f6kenlerini ara\u015ft\u0131rmak i\u00e7in bize geliyor. Bu korkular ortadan kalksa, Anadolu \u00e7ok renklenecek, \u015fenlenecek. Birden bire g\u00f6recekler ki, binlerce Ermeni varm\u0131\u015f yanlar\u0131nda, haberleri yokmu\u015f.<\/p>\n<p style=\"text-align: justify\"><strong><em>Okan KONURALP\/ VAN<\/em><\/strong><\/p>\n<p style=\"text-align: justify\"><strong><em>21 Eyl\u00fcl 2010<\/em><\/strong><\/p>\n<p style=\"text-align: justify\"><strong><em><a href=\"http:\/\/www.hurriyet.com.tr\/gundem\/15828167.asp?gid=373\">http:\/\/www.hurriyet.com.tr\/gundem\/15828167.asp?gid=373<\/a><\/em><\/strong><\/p>\n","protected":false},"excerpt":{"rendered":"<p>T\u00fcrkiye Ermenileri Patrikli\u011fi Patrik Genel Vekili Aram Ate\u015fyan\u2019\u0131n \u2018M\u00fcsl\u00fcman\u2019 olan ye\u011fenleri, 4 ay \u00f6nce n\u00fcfus c\u00fczdanlar\u0131na H\u0131ristiyan yazd\u0131rd\u0131lar. Akdamar\u2019daki ayini y\u00f6netmek i\u00e7in Van\u2019a gelen day\u0131lar\u0131 Ate\u015fyan\u2019\u0131 ziyaret eden Mesure Kaplan ve Cihan Beskisiz karde\u015fler, vaftiz olmak i\u00e7in Diyarbak\u0131r Surp Giragos Kilisesi restorasyonunun bitmesini bekliyor. YILLARDIR kom\u015fular\u0131n\u0131n ya da i\u015f arkada\u015flar\u0131n\u0131n b\u00fcy\u00fck bir b\u00f6l\u00fcm\u00fc, onlar\u0131 \u2018M\u00fcsl\u00fcman [&hellip;]<\/p>\n","protected":false},"author":3,"featured_media":0,"comment_status":"closed","ping_status":"open","sticky":false,"template":"","format":"standard","meta":{"footnotes":""},"categories":[14],"tags":[],"class_list":["post-2055","post","type-post","status-publish","format-standard","hentry","category-haberler"],"yoast_head":"<!-- This site is optimized with the Yoast SEO plugin v27.4 - https:\/\/yoast.com\/product\/yoast-seo-wordpress\/ -->\n<title>Art\u0131k kimliklerine H\u0131ristiyan yazd\u0131r\u0131yorlar - Bati Ermenistan Ve Bati Ermenileri Sorunlari Ara\u015ftirmalar Merkezi<\/title>\n<meta name=\"robots\" content=\"index, follow, max-snippet:-1, max-image-preview:large, max-video-preview:-1\" \/>\n<link rel=\"canonical\" href=\"https:\/\/akunq.net\/turkish\/2010\/09\/22\/artik-kimliklerine-hiristiyan-yazdiriyorlar\/\" \/>\n<meta property=\"og:locale\" content=\"en_US\" \/>\n<meta property=\"og:type\" content=\"article\" \/>\n<meta property=\"og:title\" content=\"Art\u0131k kimliklerine H\u0131ristiyan yazd\u0131r\u0131yorlar - Bati Ermenistan Ve Bati Ermenileri Sorunlari Ara\u015ftirmalar Merkezi\" \/>\n<meta property=\"og:description\" content=\"T\u00fcrkiye Ermenileri Patrikli\u011fi Patrik Genel Vekili Aram Ate\u015fyan\u2019\u0131n \u2018M\u00fcsl\u00fcman\u2019 olan ye\u011fenleri, 4 ay \u00f6nce n\u00fcfus c\u00fczdanlar\u0131na H\u0131ristiyan yazd\u0131rd\u0131lar. Akdamar\u2019daki ayini y\u00f6netmek i\u00e7in Van\u2019a gelen day\u0131lar\u0131 Ate\u015fyan\u2019\u0131 ziyaret eden Mesure Kaplan ve Cihan Beskisiz karde\u015fler, vaftiz olmak i\u00e7in Diyarbak\u0131r Surp Giragos Kilisesi restorasyonunun bitmesini bekliyor. YILLARDIR kom\u015fular\u0131n\u0131n ya da i\u015f arkada\u015flar\u0131n\u0131n b\u00fcy\u00fck bir b\u00f6l\u00fcm\u00fc, onlar\u0131 \u2018M\u00fcsl\u00fcman [&hellip;]\" \/>\n<meta property=\"og:url\" content=\"https:\/\/akunq.net\/turkish\/2010\/09\/22\/artik-kimliklerine-hiristiyan-yazdiriyorlar\/\" \/>\n<meta property=\"og:site_name\" content=\"Bati Ermenistan Ve Bati Ermenileri Sorunlari Ara\u015ftirmalar Merkezi\" \/>\n<meta property=\"article:published_time\" content=\"2010-09-22T10:22:41+00:00\" \/>\n<meta property=\"og:image\" content=\"https:\/\/akunq.net\/turkish\/wp-content\/uploads\/sites\/5\/2010\/09\/11591454.jpg\" \/>\n\t<meta property=\"og:image:width\" content=\"240\" \/>\n\t<meta property=\"og:image:height\" content=\"240\" \/>\n\t<meta property=\"og:image:type\" content=\"image\/jpeg\" \/>\n<meta name=\"author\" content=\"kalem\" \/>\n<meta name=\"twitter:card\" content=\"summary_large_image\" \/>\n<meta name=\"twitter:label1\" content=\"Written by\" \/>\n\t<meta name=\"twitter:data1\" content=\"kalem\" \/>\n\t<meta name=\"twitter:label2\" content=\"Est. reading time\" \/>\n\t<meta name=\"twitter:data2\" content=\"3 minutes\" \/>\n<script type=\"application\/ld+json\" class=\"yoast-schema-graph\">{\"@context\":\"https:\\\/\\\/schema.org\",\"@graph\":[{\"@type\":\"Article\",\"@id\":\"https:\\\/\\\/akunq.net\\\/turkish\\\/2010\\\/09\\\/22\\\/artik-kimliklerine-hiristiyan-yazdiriyorlar\\\/#article\",\"isPartOf\":{\"@id\":\"https:\\\/\\\/akunq.net\\\/turkish\\\/2010\\\/09\\\/22\\\/artik-kimliklerine-hiristiyan-yazdiriyorlar\\\/\"},\"author\":{\"name\":\"kalem\",\"@id\":\"https:\\\/\\\/akunq.net\\\/turkish\\\/#\\\/schema\\\/person\\\/135e7923d1aeb8887890799619969a6c\"},\"headline\":\"Art\u0131k kimliklerine H\u0131ristiyan yazd\u0131r\u0131yorlar\",\"datePublished\":\"2010-09-22T10:22:41+00:00\",\"mainEntityOfPage\":{\"@id\":\"https:\\\/\\\/akunq.net\\\/turkish\\\/2010\\\/09\\\/22\\\/artik-kimliklerine-hiristiyan-yazdiriyorlar\\\/\"},\"wordCount\":673,\"image\":{\"@id\":\"https:\\\/\\\/akunq.net\\\/turkish\\\/2010\\\/09\\\/22\\\/artik-kimliklerine-hiristiyan-yazdiriyorlar\\\/#primaryimage\"},\"thumbnailUrl\":\"http:\\\/\\\/akunq.net\\\/tr\\\/wp-content\\\/uploads\\\/2010\\\/09\\\/11591454.jpg\",\"articleSection\":[\"Haberler\"],\"inLanguage\":\"en-US\"},{\"@type\":\"WebPage\",\"@id\":\"https:\\\/\\\/akunq.net\\\/turkish\\\/2010\\\/09\\\/22\\\/artik-kimliklerine-hiristiyan-yazdiriyorlar\\\/\",\"url\":\"https:\\\/\\\/akunq.net\\\/turkish\\\/2010\\\/09\\\/22\\\/artik-kimliklerine-hiristiyan-yazdiriyorlar\\\/\",\"name\":\"Art\u0131k kimliklerine H\u0131ristiyan yazd\u0131r\u0131yorlar - Bati Ermenistan Ve Bati Ermenileri Sorunlari Ara\u015ftirmalar Merkezi\",\"isPartOf\":{\"@id\":\"https:\\\/\\\/akunq.net\\\/turkish\\\/#website\"},\"primaryImageOfPage\":{\"@id\":\"https:\\\/\\\/akunq.net\\\/turkish\\\/2010\\\/09\\\/22\\\/artik-kimliklerine-hiristiyan-yazdiriyorlar\\\/#primaryimage\"},\"image\":{\"@id\":\"https:\\\/\\\/akunq.net\\\/turkish\\\/2010\\\/09\\\/22\\\/artik-kimliklerine-hiristiyan-yazdiriyorlar\\\/#primaryimage\"},\"thumbnailUrl\":\"http:\\\/\\\/akunq.net\\\/tr\\\/wp-content\\\/uploads\\\/2010\\\/09\\\/11591454.jpg\",\"datePublished\":\"2010-09-22T10:22:41+00:00\",\"author\":{\"@id\":\"https:\\\/\\\/akunq.net\\\/turkish\\\/#\\\/schema\\\/person\\\/135e7923d1aeb8887890799619969a6c\"},\"breadcrumb\":{\"@id\":\"https:\\\/\\\/akunq.net\\\/turkish\\\/2010\\\/09\\\/22\\\/artik-kimliklerine-hiristiyan-yazdiriyorlar\\\/#breadcrumb\"},\"inLanguage\":\"en-US\",\"potentialAction\":[{\"@type\":\"ReadAction\",\"target\":[\"https:\\\/\\\/akunq.net\\\/turkish\\\/2010\\\/09\\\/22\\\/artik-kimliklerine-hiristiyan-yazdiriyorlar\\\/\"]}]},{\"@type\":\"ImageObject\",\"inLanguage\":\"en-US\",\"@id\":\"https:\\\/\\\/akunq.net\\\/turkish\\\/2010\\\/09\\\/22\\\/artik-kimliklerine-hiristiyan-yazdiriyorlar\\\/#primaryimage\",\"url\":\"http:\\\/\\\/akunq.net\\\/tr\\\/wp-content\\\/uploads\\\/2010\\\/09\\\/11591454.jpg\",\"contentUrl\":\"http:\\\/\\\/akunq.net\\\/tr\\\/wp-content\\\/uploads\\\/2010\\\/09\\\/11591454.jpg\"},{\"@type\":\"BreadcrumbList\",\"@id\":\"https:\\\/\\\/akunq.net\\\/turkish\\\/2010\\\/09\\\/22\\\/artik-kimliklerine-hiristiyan-yazdiriyorlar\\\/#breadcrumb\",\"itemListElement\":[{\"@type\":\"ListItem\",\"position\":1,\"name\":\"Home\",\"item\":\"https:\\\/\\\/akunq.net\\\/turkish\\\/\"},{\"@type\":\"ListItem\",\"position\":2,\"name\":\"Art\u0131k kimliklerine H\u0131ristiyan yazd\u0131r\u0131yorlar\"}]},{\"@type\":\"WebSite\",\"@id\":\"https:\\\/\\\/akunq.net\\\/turkish\\\/#website\",\"url\":\"https:\\\/\\\/akunq.net\\\/turkish\\\/\",\"name\":\"Bati Ermenistan Ve Bati Ermenileri Sorunlari Ara\u015ftirmalar Merkezi\",\"description\":\"\",\"potentialAction\":[{\"@type\":\"SearchAction\",\"target\":{\"@type\":\"EntryPoint\",\"urlTemplate\":\"https:\\\/\\\/akunq.net\\\/turkish\\\/?s={search_term_string}\"},\"query-input\":{\"@type\":\"PropertyValueSpecification\",\"valueRequired\":true,\"valueName\":\"search_term_string\"}}],\"inLanguage\":\"en-US\"},{\"@type\":\"Person\",\"@id\":\"https:\\\/\\\/akunq.net\\\/turkish\\\/#\\\/schema\\\/person\\\/135e7923d1aeb8887890799619969a6c\",\"name\":\"kalem\",\"image\":{\"@type\":\"ImageObject\",\"inLanguage\":\"en-US\",\"@id\":\"https:\\\/\\\/secure.gravatar.com\\\/avatar\\\/a06875e4b25feb5674296adf8e8a7ae1e587cebce2493fe63c456109967e27d3?s=96&d=mm&r=g\",\"url\":\"https:\\\/\\\/secure.gravatar.com\\\/avatar\\\/a06875e4b25feb5674296adf8e8a7ae1e587cebce2493fe63c456109967e27d3?s=96&d=mm&r=g\",\"contentUrl\":\"https:\\\/\\\/secure.gravatar.com\\\/avatar\\\/a06875e4b25feb5674296adf8e8a7ae1e587cebce2493fe63c456109967e27d3?s=96&d=mm&r=g\",\"caption\":\"kalem\"},\"url\":\"https:\\\/\\\/akunq.net\\\/turkish\\\/author\\\/kalem\\\/\"}]}<\/script>\n<!-- \/ Yoast SEO plugin. -->","yoast_head_json":{"title":"Art\u0131k kimliklerine H\u0131ristiyan yazd\u0131r\u0131yorlar - Bati Ermenistan Ve Bati Ermenileri Sorunlari Ara\u015ftirmalar Merkezi","robots":{"index":"index","follow":"follow","max-snippet":"max-snippet:-1","max-image-preview":"max-image-preview:large","max-video-preview":"max-video-preview:-1"},"canonical":"https:\/\/akunq.net\/turkish\/2010\/09\/22\/artik-kimliklerine-hiristiyan-yazdiriyorlar\/","og_locale":"en_US","og_type":"article","og_title":"Art\u0131k kimliklerine H\u0131ristiyan yazd\u0131r\u0131yorlar - Bati Ermenistan Ve Bati Ermenileri Sorunlari Ara\u015ftirmalar Merkezi","og_description":"T\u00fcrkiye Ermenileri Patrikli\u011fi Patrik Genel Vekili Aram Ate\u015fyan\u2019\u0131n \u2018M\u00fcsl\u00fcman\u2019 olan ye\u011fenleri, 4 ay \u00f6nce n\u00fcfus c\u00fczdanlar\u0131na H\u0131ristiyan yazd\u0131rd\u0131lar. Akdamar\u2019daki ayini y\u00f6netmek i\u00e7in Van\u2019a gelen day\u0131lar\u0131 Ate\u015fyan\u2019\u0131 ziyaret eden Mesure Kaplan ve Cihan Beskisiz karde\u015fler, vaftiz olmak i\u00e7in Diyarbak\u0131r Surp Giragos Kilisesi restorasyonunun bitmesini bekliyor. YILLARDIR kom\u015fular\u0131n\u0131n ya da i\u015f arkada\u015flar\u0131n\u0131n b\u00fcy\u00fck bir b\u00f6l\u00fcm\u00fc, onlar\u0131 \u2018M\u00fcsl\u00fcman [&hellip;]","og_url":"https:\/\/akunq.net\/turkish\/2010\/09\/22\/artik-kimliklerine-hiristiyan-yazdiriyorlar\/","og_site_name":"Bati Ermenistan Ve Bati Ermenileri Sorunlari Ara\u015ftirmalar Merkezi","article_published_time":"2010-09-22T10:22:41+00:00","og_image":[{"width":240,"height":240,"url":"https:\/\/akunq.net\/turkish\/wp-content\/uploads\/sites\/5\/2010\/09\/11591454.jpg","type":"image\/jpeg"}],"author":"kalem","twitter_card":"summary_large_image","twitter_misc":{"Written by":"kalem","Est. reading time":"3 minutes"},"schema":{"@context":"https:\/\/schema.org","@graph":[{"@type":"Article","@id":"https:\/\/akunq.net\/turkish\/2010\/09\/22\/artik-kimliklerine-hiristiyan-yazdiriyorlar\/#article","isPartOf":{"@id":"https:\/\/akunq.net\/turkish\/2010\/09\/22\/artik-kimliklerine-hiristiyan-yazdiriyorlar\/"},"author":{"name":"kalem","@id":"https:\/\/akunq.net\/turkish\/#\/schema\/person\/135e7923d1aeb8887890799619969a6c"},"headline":"Art\u0131k kimliklerine H\u0131ristiyan yazd\u0131r\u0131yorlar","datePublished":"2010-09-22T10:22:41+00:00","mainEntityOfPage":{"@id":"https:\/\/akunq.net\/turkish\/2010\/09\/22\/artik-kimliklerine-hiristiyan-yazdiriyorlar\/"},"wordCount":673,"image":{"@id":"https:\/\/akunq.net\/turkish\/2010\/09\/22\/artik-kimliklerine-hiristiyan-yazdiriyorlar\/#primaryimage"},"thumbnailUrl":"http:\/\/akunq.net\/tr\/wp-content\/uploads\/2010\/09\/11591454.jpg","articleSection":["Haberler"],"inLanguage":"en-US"},{"@type":"WebPage","@id":"https:\/\/akunq.net\/turkish\/2010\/09\/22\/artik-kimliklerine-hiristiyan-yazdiriyorlar\/","url":"https:\/\/akunq.net\/turkish\/2010\/09\/22\/artik-kimliklerine-hiristiyan-yazdiriyorlar\/","name":"Art\u0131k kimliklerine H\u0131ristiyan yazd\u0131r\u0131yorlar - Bati Ermenistan Ve Bati Ermenileri Sorunlari Ara\u015ftirmalar Merkezi","isPartOf":{"@id":"https:\/\/akunq.net\/turkish\/#website"},"primaryImageOfPage":{"@id":"https:\/\/akunq.net\/turkish\/2010\/09\/22\/artik-kimliklerine-hiristiyan-yazdiriyorlar\/#primaryimage"},"image":{"@id":"https:\/\/akunq.net\/turkish\/2010\/09\/22\/artik-kimliklerine-hiristiyan-yazdiriyorlar\/#primaryimage"},"thumbnailUrl":"http:\/\/akunq.net\/tr\/wp-content\/uploads\/2010\/09\/11591454.jpg","datePublished":"2010-09-22T10:22:41+00:00","author":{"@id":"https:\/\/akunq.net\/turkish\/#\/schema\/person\/135e7923d1aeb8887890799619969a6c"},"breadcrumb":{"@id":"https:\/\/akunq.net\/turkish\/2010\/09\/22\/artik-kimliklerine-hiristiyan-yazdiriyorlar\/#breadcrumb"},"inLanguage":"en-US","potentialAction":[{"@type":"ReadAction","target":["https:\/\/akunq.net\/turkish\/2010\/09\/22\/artik-kimliklerine-hiristiyan-yazdiriyorlar\/"]}]},{"@type":"ImageObject","inLanguage":"en-US","@id":"https:\/\/akunq.net\/turkish\/2010\/09\/22\/artik-kimliklerine-hiristiyan-yazdiriyorlar\/#primaryimage","url":"http:\/\/akunq.net\/tr\/wp-content\/uploads\/2010\/09\/11591454.jpg","contentUrl":"http:\/\/akunq.net\/tr\/wp-content\/uploads\/2010\/09\/11591454.jpg"},{"@type":"BreadcrumbList","@id":"https:\/\/akunq.net\/turkish\/2010\/09\/22\/artik-kimliklerine-hiristiyan-yazdiriyorlar\/#breadcrumb","itemListElement":[{"@type":"ListItem","position":1,"name":"Home","item":"https:\/\/akunq.net\/turkish\/"},{"@type":"ListItem","position":2,"name":"Art\u0131k kimliklerine H\u0131ristiyan yazd\u0131r\u0131yorlar"}]},{"@type":"WebSite","@id":"https:\/\/akunq.net\/turkish\/#website","url":"https:\/\/akunq.net\/turkish\/","name":"Bati Ermenistan Ve Bati Ermenileri Sorunlari Ara\u015ftirmalar Merkezi","description":"","potentialAction":[{"@type":"SearchAction","target":{"@type":"EntryPoint","urlTemplate":"https:\/\/akunq.net\/turkish\/?s={search_term_string}"},"query-input":{"@type":"PropertyValueSpecification","valueRequired":true,"valueName":"search_term_string"}}],"inLanguage":"en-US"},{"@type":"Person","@id":"https:\/\/akunq.net\/turkish\/#\/schema\/person\/135e7923d1aeb8887890799619969a6c","name":"kalem","image":{"@type":"ImageObject","inLanguage":"en-US","@id":"https:\/\/secure.gravatar.com\/avatar\/a06875e4b25feb5674296adf8e8a7ae1e587cebce2493fe63c456109967e27d3?s=96&d=mm&r=g","url":"https:\/\/secure.gravatar.com\/avatar\/a06875e4b25feb5674296adf8e8a7ae1e587cebce2493fe63c456109967e27d3?s=96&d=mm&r=g","contentUrl":"https:\/\/secure.gravatar.com\/avatar\/a06875e4b25feb5674296adf8e8a7ae1e587cebce2493fe63c456109967e27d3?s=96&d=mm&r=g","caption":"kalem"},"url":"https:\/\/akunq.net\/turkish\/author\/kalem\/"}]}},"_links":{"self":[{"href":"https:\/\/akunq.net\/turkish\/wp-json\/wp\/v2\/posts\/2055","targetHints":{"allow":["GET"]}}],"collection":[{"href":"https:\/\/akunq.net\/turkish\/wp-json\/wp\/v2\/posts"}],"about":[{"href":"https:\/\/akunq.net\/turkish\/wp-json\/wp\/v2\/types\/post"}],"author":[{"embeddable":true,"href":"https:\/\/akunq.net\/turkish\/wp-json\/wp\/v2\/users\/3"}],"replies":[{"embeddable":true,"href":"https:\/\/akunq.net\/turkish\/wp-json\/wp\/v2\/comments?post=2055"}],"version-history":[{"count":0,"href":"https:\/\/akunq.net\/turkish\/wp-json\/wp\/v2\/posts\/2055\/revisions"}],"wp:attachment":[{"href":"https:\/\/akunq.net\/turkish\/wp-json\/wp\/v2\/media?parent=2055"}],"wp:term":[{"taxonomy":"category","embeddable":true,"href":"https:\/\/akunq.net\/turkish\/wp-json\/wp\/v2\/categories?post=2055"},{"taxonomy":"post_tag","embeddable":true,"href":"https:\/\/akunq.net\/turkish\/wp-json\/wp\/v2\/tags?post=2055"}],"curies":[{"name":"wp","href":"https:\/\/api.w.org\/{rel}","templated":true}]}}