{"id":2051,"date":"2010-09-22T01:35:52","date_gmt":"2010-09-22T06:35:52","guid":{"rendered":"http:\/\/akunq.net\/tr\/?p=2051"},"modified":"2010-09-22T01:35:52","modified_gmt":"2010-09-22T06:35:52","slug":"tarihi-hata-telafi-ediliyor","status":"publish","type":"post","link":"https:\/\/akunq.net\/turkish\/2010\/09\/22\/tarihi-hata-telafi-ediliyor\/","title":{"rendered":"Tarihi hata telafi ediliyor"},"content":{"rendered":"<p style=\"text-align: justify\"><strong><em><a rel=\"attachment wp-att-2052\" href=\"http:\/\/akunq.net\/tr\/?attachment_id=2052\"><img loading=\"lazy\" decoding=\"async\" class=\"alignleft size-full wp-image-2052\" title=\"Varagavank\" src=\"http:\/\/akunq.net\/tr\/wp-content\/uploads\/2010\/09\/Varagavank.jpg\" alt=\"\" width=\"250\" height=\"190\" \/><\/a>1995 y\u0131l\u0131nda Diyanet \u0130\u015fleri Ba\u015fkanl\u0131\u011f\u0131 taraf\u0131ndan Yedikilise&#8217;de yapt\u0131r\u0131lan Yukar\u0131 Bakra\u00e7l\u0131 k\u00f6y\u00fcndeki camii, 1003-1022 tarihleri aras\u0131nda Vaspurakan Kral\u0131 Senekerim-Hovhannes&#8217;in yapt\u0131rd\u0131\u011f\u0131 Varaga Vank Ermeni manast\u0131r\u0131&#8217;n\u0131 g\u00fcne\u015f \u0131\u015f\u0131nlar\u0131ndan mahrum b\u0131rakt\u0131\u011f\u0131 ve manast\u0131r\u0131n g\u00f6r\u00fcn\u00fcm\u00fcn\u00fc bozdu\u011fu gerek\u00e7esiyle yer de\u011fi\u015ftiriliyor.<\/em><\/strong><\/p>\n<p style=\"text-align: justify\">1995 y\u0131l\u0131nda Diyanet \u0130\u015fleri Ba\u015fkanl\u0131\u011f\u0131 taraf\u0131ndan Yedikilise\u2019de yapt\u0131r\u0131lan Yukar\u0131 Bakra\u00e7l\u0131 k\u00f6y\u00fcndeki camii y\u0131kt\u0131r\u0131l\u0131yor. Burada bulunan ve1003-1022 tarihleri aras\u0131nda Vaspurakan Kral\u0131 Senekerim-Hovhannes&#8217;in yapt\u0131rd\u0131\u011f\u0131 Varaga Vank Ermeni manast\u0131r\u0131\u2019na dolayl\u0131 \u015fekilde zarar verdi\u011fi ve g\u00f6r\u00fcnt\u00fc kirlili\u011fi yaratt\u0131\u011f\u0131 gerek\u00e7esiyle Yukar\u0131 Bakra\u00e7l\u0131 k\u00f6y\u00fcndeki camii yeni bir yere ta\u015f\u0131n\u0131yor.<\/p>\n<p style=\"text-align: justify\">\u00a0Dinlerin ho\u015fg\u00f6r\u00fcs\u00fc tarihi mekanlar\u0131n ayakta kalmas\u0131na yol a\u00e7arken, kutsal olan ve her bir tarihi eserin mutlaka korunmas\u0131 gerekti\u011fi g\u00fcn\u00fcm\u00fczde baz\u0131 as\u0131rl\u0131k tarihi mekanlarda \u00e7\u00fcr\u00fcmeye terk edilmi\u015f durumda. \u0130\u015fte bunlardan bir tanesi olan\u00a0 Ermenilerin Varaka dedi\u011fi, Erek Da\u011f\u0131&#8217;n\u0131n g\u00fcney yamac\u0131nda bulunan Yukar\u0131 Bakra\u00e7l\u0131 k\u00f6y\u00fcndeki Yedikilise.<\/p>\n<p style=\"text-align: justify\">\u00a0Varaga Vank Ermeni manast\u0131r\u0131, Vaspurakan&#8217;\u0131n en zengin ve en iyi bilinen manast\u0131r\u0131 ve de Van ba\u015fpiskoposunun mevkii olarak in\u015fa edildi\u011fi bilinirken, Manast\u0131r, Van \u015fehrinin 10 kilometre kuzeydo\u011fusunda restorasyon edilmeyi bekliyor. Vaspurakan Kral\u0131 Senekerim-Hovhannes&#8217;in bu manast\u0131r\u0131, h\u00fck\u00fcmdarl\u0131k d\u00f6nemi(1003-1022)nin ba\u015flar\u0131nda yapt\u0131rd\u0131\u011f\u0131 rivayet edilir, ancak burada bu tarihten \u00f6nce de ba\u015fka dini yap\u0131lar oldu\u011fu da s\u00f6ylenmektedir. Kilisenin bat\u0131 cephesinde Vaspuragan Kral\u0131 Senekerim\u2019in e\u015fi Gagik Pakraduni\u2019nin k\u0131z\u0131 Khuskhus\u2019a ait 981 tarihli kitabesi vard\u0131r. Manast\u0131r i\u00e7inde din adam\u0131 yeti\u015ftirilen bir 1857 tarihli okul vard\u0131r. Van\u2019da s\u0131ra, tahta harita vb. ilk kez bu okulda kullan\u0131lm\u0131\u015f. \u00d6\u011frenciye verilen fiziki cezalar\u0131n kald\u0131r\u0131ld\u0131\u011f\u0131 \u00e7a\u011fda\u015f pedagojinin \u00f6nde gelen metodlar\u0131n\u0131n uyguland\u0131\u011f\u0131 bu okul ilk mezunlar\u0131n\u0131 1862 tarihinde vermi\u015ftir. Eskiden okula ait bir m\u00fcze ve Vaspuragan Kartal\u0131 dergisinin bas\u0131ld\u0131\u011f\u0131 bir de matbaas\u0131 vard\u0131. Kilise, Senekerim Ardzruni taraf\u0131ndan onar\u0131lm\u0131\u015ft\u0131r.\u00a0Buna ra\u011fmen, g\u00fcn\u00fcm\u00fczde kilisenin fresklerinin bir k\u0131sm\u0131 sa\u011flam, kubbe ve \u00e7an kulesi y\u0131k\u0131lm\u0131\u015ft\u0131r. \u00d6te yandan, 10. y\u00fczy\u0131lda ya\u015fam\u0131\u015f olan Krikor Naregatsi\u2019nin manast\u0131r\u0131 buradad\u0131r. Tanr\u0131ya yaz\u0131lm\u0131\u015f \u00f6vg\u00fc eserleriyle \u00fcnl\u00fc Krikor Naregatsi taraf\u0131ndan yaz\u0131lm\u0131\u015f, insanlar\u0131 k\u00f6t\u00fcl\u00fcklerden ve hastal\u0131klardan korudu\u011funa inan\u0131lan Ermenilerin ba\u015fucu kitab\u0131n\u0131n uzun y\u0131llar burada oldu\u011fu belirtilmektedir.<\/p>\n<p style=\"text-align: justify\">\u00a0Adeta \u00e7\u00fcr\u00fcmeye terk edilmi\u015f olan bu tarihi mekan\u0131n restorasyon edilmeyi bekledi\u011fini s\u00f6ylemek do\u011fru olsa gerek. Van son y\u0131llarda ge\u00e7mi\u015f tarihi mekanlar\u0131n\u0131, eserlerini ve zenginliklerini bir bir sahiplenirken 19 Eyl\u00fcl\u2019\u00fcn Yedikilise\u2019nin de restorasyonun g\u00fcndeme getirece\u011fi tahmin ediliyor. \u00a0<\/p>\n<p style=\"text-align: justify\">\u00a0Ermenilerin Varaka dedi\u011fi, Erek Da\u011f\u0131&#8217;n\u0131n g\u00fcney yamac\u0131nda Yukar\u0131 Bakra\u00e7l\u0131 k\u00f6y\u00fcnde yapt\u0131r\u0131lan Yedikilise, \u015fuan k\u00f6y sakini ve ayn\u0131 zamanda kilisenin bek\u00e7isi olan Mehmet \u00c7oban taraf\u0131ndan sahipleniliyor. Babas\u0131n\u0131n kendisine &#8220;Tarihi ve kutsal mekanlar\u0131 koru. Onlara iyi bak. \u00c7\u00fcnk\u00fc ge\u00e7mi\u015f tarihten g\u00fcn\u00fcm\u00fcze gelen bu eserlerin \u00e7ocuklar\u0131m\u0131za ve onlar\u0131nda \u00e7ocuklar\u0131na aktar\u0131lmas\u0131 gerek. Bu hem kutsal bir g\u00f6rev hem de M\u00fcsl\u00fcman olarak b\u00f6ylesi de\u011ferleri nesilden nesille ta\u015f\u0131mam\u0131z laz\u0131m&#8221; vasiyetinde bulundu\u011funu s\u00f6yl\u00fcyor. Bu vasiyet \u00fczerine kendisinin de 30 y\u0131ld\u0131r Yedikilise\u2019ye bakt\u0131\u011f\u0131n\u0131, bu g\u00f6revi de kutsal sayd\u0131\u011f\u0131n\u0131 ancak ziyarete gelen baz\u0131 yerli ve yabanc\u0131 turistlerin de bu tarihi mekan\u0131n ayakta kalmas\u0131 i\u00e7in k\u00fc\u00e7\u00fckte olsa destek verdi\u011fini anlatan bek\u00e7i Mehmet \u00c7oban, kendisinden \u00f6nce de babas\u0131n\u0131n bu tarihi de\u011ferlere bakt\u0131\u011f\u0131n\u0131 ancak do\u011fal \u015fartlardan dolay\u0131 kilisenin tavanlar\u0131nda ve duvarlar\u0131n\u0131n \u00fcst k\u0131s\u0131mlar\u0131nda y\u0131k\u0131nt\u0131lar olu\u015ftu\u011funu, onlar\u0131 bile kendi olanaklar\u0131yla tamir etti\u011fini ifade ederek yetkililerin bu de\u011feri restore etmesini istedi\u011fini s\u00f6yl\u00fcyor.<\/p>\n<p style=\"text-align: justify\">\u00a0Van\u2019\u0131n hemen \u00fcst k\u0131sm\u0131nda bulunan Erek Da\u011f\u0131\u2019n\u0131n g\u00fcney ete\u011fine kurulu Yukar\u0131 Bakra\u00e7l\u0131 k\u00f6y\u00fcnde as\u0131rlara meydan okuyan Varaka Vank Manast\u0131r\u0131 ya da T\u00fcrk\u00e7e ad\u0131 Yedikilise, bak\u0131ms\u0131zl\u0131ktan ve ilgisizlikten dolay\u0131 y\u0131k\u0131lma ile y\u00fcz y\u00fcze. 6 Kilise, bir giri\u015f ve ek binadan olu\u015fan Manast\u0131r\u0131n \u00e7an kulesi ve baz\u0131 kubbeleri y\u0131k\u0131lm\u0131\u015f durumda.<\/p>\n<p style=\"text-align: justify\"><strong>\u00a0<\/strong><strong>Devlet, cami yerini de\u011fi\u015ftiriyor<\/strong><\/p>\n<p style=\"text-align: justify\">\u00a01995 y\u0131l\u0131nda yapt\u0131r\u0131lan camii, kiliseye g\u00fcne\u015f \u0131\u015f\u0131nlar\u0131n\u0131n gelmesini engellerken bir taraftan da g\u00f6r\u00fcn\u00fcm\u00fcn\u00fc bozuyor. Tarihi Yedikilise manast\u0131r\u0131n\u0131 adeta rutubete bo\u011fan bu hatas\u0131n\u0131 telafi etme niyetiyle k\u00f6yde cami yeri belirlenmi\u015f, b\u00fct\u00e7esi kabul edilmi\u015f ve yak\u0131n zamanda da yap\u0131m\u0131na ba\u015flanacak.<\/p>\n<p style=\"text-align: justify\">\u00a0<strong><em>M. Nezir Parsak<\/em><\/strong><strong><em><\/em><\/strong><\/p>\n<p style=\"text-align: justify\"><strong><em>16\/Eyl\u00fcl\/2010,\u00a010:16 <\/em><\/strong><\/p>\n<p style=\"text-align: justify\"><strong><em><a href=\"http:\/\/www.vantimes.net\/haber\/557-tarihi-hatta-telafi-ediliyor.html\">http:\/\/www.vantimes.net\/haber\/557-tarihi-hatta-telafi-ediliyor.html<\/a><\/em><\/strong><\/p>\n","protected":false},"excerpt":{"rendered":"<p>1995 y\u0131l\u0131nda Diyanet \u0130\u015fleri Ba\u015fkanl\u0131\u011f\u0131 taraf\u0131ndan Yedikilise&#8217;de yapt\u0131r\u0131lan Yukar\u0131 Bakra\u00e7l\u0131 k\u00f6y\u00fcndeki camii, 1003-1022 tarihleri aras\u0131nda Vaspurakan Kral\u0131 Senekerim-Hovhannes&#8217;in yapt\u0131rd\u0131\u011f\u0131 Varaga Vank Ermeni manast\u0131r\u0131&#8217;n\u0131 g\u00fcne\u015f \u0131\u015f\u0131nlar\u0131ndan mahrum b\u0131rakt\u0131\u011f\u0131 ve manast\u0131r\u0131n g\u00f6r\u00fcn\u00fcm\u00fcn\u00fc bozdu\u011fu gerek\u00e7esiyle yer de\u011fi\u015ftiriliyor. 1995 y\u0131l\u0131nda Diyanet \u0130\u015fleri Ba\u015fkanl\u0131\u011f\u0131 taraf\u0131ndan Yedikilise\u2019de yapt\u0131r\u0131lan Yukar\u0131 Bakra\u00e7l\u0131 k\u00f6y\u00fcndeki camii y\u0131kt\u0131r\u0131l\u0131yor. Burada bulunan ve1003-1022 tarihleri aras\u0131nda Vaspurakan Kral\u0131 Senekerim-Hovhannes&#8217;in [&hellip;]<\/p>\n","protected":false},"author":3,"featured_media":0,"comment_status":"closed","ping_status":"open","sticky":false,"template":"","format":"standard","meta":{"footnotes":""},"categories":[14],"tags":[],"class_list":["post-2051","post","type-post","status-publish","format-standard","hentry","category-haberler"],"yoast_head":"<!-- This site is optimized with the Yoast SEO plugin v27.4 - https:\/\/yoast.com\/product\/yoast-seo-wordpress\/ -->\n<title>Tarihi hata telafi ediliyor - Bati Ermenistan Ve Bati Ermenileri Sorunlari Ara\u015ftirmalar Merkezi<\/title>\n<meta name=\"robots\" content=\"index, follow, max-snippet:-1, max-image-preview:large, max-video-preview:-1\" \/>\n<link rel=\"canonical\" href=\"https:\/\/akunq.net\/turkish\/2010\/09\/22\/tarihi-hata-telafi-ediliyor\/\" \/>\n<meta property=\"og:locale\" content=\"en_US\" \/>\n<meta property=\"og:type\" content=\"article\" \/>\n<meta property=\"og:title\" content=\"Tarihi hata telafi ediliyor - Bati Ermenistan Ve Bati Ermenileri Sorunlari Ara\u015ftirmalar Merkezi\" \/>\n<meta property=\"og:description\" content=\"1995 y\u0131l\u0131nda Diyanet \u0130\u015fleri Ba\u015fkanl\u0131\u011f\u0131 taraf\u0131ndan Yedikilise&#8217;de yapt\u0131r\u0131lan Yukar\u0131 Bakra\u00e7l\u0131 k\u00f6y\u00fcndeki camii, 1003-1022 tarihleri aras\u0131nda Vaspurakan Kral\u0131 Senekerim-Hovhannes&#8217;in yapt\u0131rd\u0131\u011f\u0131 Varaga Vank Ermeni manast\u0131r\u0131&#8217;n\u0131 g\u00fcne\u015f \u0131\u015f\u0131nlar\u0131ndan mahrum b\u0131rakt\u0131\u011f\u0131 ve manast\u0131r\u0131n g\u00f6r\u00fcn\u00fcm\u00fcn\u00fc bozdu\u011fu gerek\u00e7esiyle yer de\u011fi\u015ftiriliyor. 1995 y\u0131l\u0131nda Diyanet \u0130\u015fleri Ba\u015fkanl\u0131\u011f\u0131 taraf\u0131ndan Yedikilise\u2019de yapt\u0131r\u0131lan Yukar\u0131 Bakra\u00e7l\u0131 k\u00f6y\u00fcndeki camii y\u0131kt\u0131r\u0131l\u0131yor. Burada bulunan ve1003-1022 tarihleri aras\u0131nda Vaspurakan Kral\u0131 Senekerim-Hovhannes&#8217;in [&hellip;]\" \/>\n<meta property=\"og:url\" content=\"https:\/\/akunq.net\/turkish\/2010\/09\/22\/tarihi-hata-telafi-ediliyor\/\" \/>\n<meta property=\"og:site_name\" content=\"Bati Ermenistan Ve Bati Ermenileri Sorunlari Ara\u015ftirmalar Merkezi\" \/>\n<meta property=\"article:published_time\" content=\"2010-09-22T06:35:52+00:00\" \/>\n<meta property=\"og:image\" content=\"https:\/\/akunq.net\/turkish\/wp-content\/uploads\/sites\/5\/2010\/09\/Varagavank.jpg\" \/>\n\t<meta property=\"og:image:width\" content=\"250\" \/>\n\t<meta property=\"og:image:height\" content=\"190\" \/>\n\t<meta property=\"og:image:type\" content=\"image\/jpeg\" \/>\n<meta name=\"author\" content=\"kalem\" \/>\n<meta name=\"twitter:card\" content=\"summary_large_image\" \/>\n<meta name=\"twitter:label1\" content=\"Written by\" \/>\n\t<meta name=\"twitter:data1\" content=\"kalem\" \/>\n\t<meta name=\"twitter:label2\" content=\"Est. reading time\" \/>\n\t<meta name=\"twitter:data2\" content=\"4 minutes\" \/>\n<script type=\"application\/ld+json\" class=\"yoast-schema-graph\">{\"@context\":\"https:\\\/\\\/schema.org\",\"@graph\":[{\"@type\":\"Article\",\"@id\":\"https:\\\/\\\/akunq.net\\\/turkish\\\/2010\\\/09\\\/22\\\/tarihi-hata-telafi-ediliyor\\\/#article\",\"isPartOf\":{\"@id\":\"https:\\\/\\\/akunq.net\\\/turkish\\\/2010\\\/09\\\/22\\\/tarihi-hata-telafi-ediliyor\\\/\"},\"author\":{\"name\":\"kalem\",\"@id\":\"https:\\\/\\\/akunq.net\\\/turkish\\\/#\\\/schema\\\/person\\\/135e7923d1aeb8887890799619969a6c\"},\"headline\":\"Tarihi hata telafi ediliyor\",\"datePublished\":\"2010-09-22T06:35:52+00:00\",\"mainEntityOfPage\":{\"@id\":\"https:\\\/\\\/akunq.net\\\/turkish\\\/2010\\\/09\\\/22\\\/tarihi-hata-telafi-ediliyor\\\/\"},\"wordCount\":849,\"image\":{\"@id\":\"https:\\\/\\\/akunq.net\\\/turkish\\\/2010\\\/09\\\/22\\\/tarihi-hata-telafi-ediliyor\\\/#primaryimage\"},\"thumbnailUrl\":\"http:\\\/\\\/akunq.net\\\/tr\\\/wp-content\\\/uploads\\\/2010\\\/09\\\/Varagavank.jpg\",\"articleSection\":[\"Haberler\"],\"inLanguage\":\"en-US\"},{\"@type\":\"WebPage\",\"@id\":\"https:\\\/\\\/akunq.net\\\/turkish\\\/2010\\\/09\\\/22\\\/tarihi-hata-telafi-ediliyor\\\/\",\"url\":\"https:\\\/\\\/akunq.net\\\/turkish\\\/2010\\\/09\\\/22\\\/tarihi-hata-telafi-ediliyor\\\/\",\"name\":\"Tarihi hata telafi ediliyor - Bati Ermenistan Ve Bati Ermenileri Sorunlari Ara\u015ftirmalar Merkezi\",\"isPartOf\":{\"@id\":\"https:\\\/\\\/akunq.net\\\/turkish\\\/#website\"},\"primaryImageOfPage\":{\"@id\":\"https:\\\/\\\/akunq.net\\\/turkish\\\/2010\\\/09\\\/22\\\/tarihi-hata-telafi-ediliyor\\\/#primaryimage\"},\"image\":{\"@id\":\"https:\\\/\\\/akunq.net\\\/turkish\\\/2010\\\/09\\\/22\\\/tarihi-hata-telafi-ediliyor\\\/#primaryimage\"},\"thumbnailUrl\":\"http:\\\/\\\/akunq.net\\\/tr\\\/wp-content\\\/uploads\\\/2010\\\/09\\\/Varagavank.jpg\",\"datePublished\":\"2010-09-22T06:35:52+00:00\",\"author\":{\"@id\":\"https:\\\/\\\/akunq.net\\\/turkish\\\/#\\\/schema\\\/person\\\/135e7923d1aeb8887890799619969a6c\"},\"breadcrumb\":{\"@id\":\"https:\\\/\\\/akunq.net\\\/turkish\\\/2010\\\/09\\\/22\\\/tarihi-hata-telafi-ediliyor\\\/#breadcrumb\"},\"inLanguage\":\"en-US\",\"potentialAction\":[{\"@type\":\"ReadAction\",\"target\":[\"https:\\\/\\\/akunq.net\\\/turkish\\\/2010\\\/09\\\/22\\\/tarihi-hata-telafi-ediliyor\\\/\"]}]},{\"@type\":\"ImageObject\",\"inLanguage\":\"en-US\",\"@id\":\"https:\\\/\\\/akunq.net\\\/turkish\\\/2010\\\/09\\\/22\\\/tarihi-hata-telafi-ediliyor\\\/#primaryimage\",\"url\":\"http:\\\/\\\/akunq.net\\\/tr\\\/wp-content\\\/uploads\\\/2010\\\/09\\\/Varagavank.jpg\",\"contentUrl\":\"http:\\\/\\\/akunq.net\\\/tr\\\/wp-content\\\/uploads\\\/2010\\\/09\\\/Varagavank.jpg\"},{\"@type\":\"BreadcrumbList\",\"@id\":\"https:\\\/\\\/akunq.net\\\/turkish\\\/2010\\\/09\\\/22\\\/tarihi-hata-telafi-ediliyor\\\/#breadcrumb\",\"itemListElement\":[{\"@type\":\"ListItem\",\"position\":1,\"name\":\"Home\",\"item\":\"https:\\\/\\\/akunq.net\\\/turkish\\\/\"},{\"@type\":\"ListItem\",\"position\":2,\"name\":\"Tarihi hata telafi ediliyor\"}]},{\"@type\":\"WebSite\",\"@id\":\"https:\\\/\\\/akunq.net\\\/turkish\\\/#website\",\"url\":\"https:\\\/\\\/akunq.net\\\/turkish\\\/\",\"name\":\"Bati Ermenistan Ve Bati Ermenileri Sorunlari Ara\u015ftirmalar Merkezi\",\"description\":\"\",\"potentialAction\":[{\"@type\":\"SearchAction\",\"target\":{\"@type\":\"EntryPoint\",\"urlTemplate\":\"https:\\\/\\\/akunq.net\\\/turkish\\\/?s={search_term_string}\"},\"query-input\":{\"@type\":\"PropertyValueSpecification\",\"valueRequired\":true,\"valueName\":\"search_term_string\"}}],\"inLanguage\":\"en-US\"},{\"@type\":\"Person\",\"@id\":\"https:\\\/\\\/akunq.net\\\/turkish\\\/#\\\/schema\\\/person\\\/135e7923d1aeb8887890799619969a6c\",\"name\":\"kalem\",\"image\":{\"@type\":\"ImageObject\",\"inLanguage\":\"en-US\",\"@id\":\"https:\\\/\\\/secure.gravatar.com\\\/avatar\\\/a06875e4b25feb5674296adf8e8a7ae1e587cebce2493fe63c456109967e27d3?s=96&d=mm&r=g\",\"url\":\"https:\\\/\\\/secure.gravatar.com\\\/avatar\\\/a06875e4b25feb5674296adf8e8a7ae1e587cebce2493fe63c456109967e27d3?s=96&d=mm&r=g\",\"contentUrl\":\"https:\\\/\\\/secure.gravatar.com\\\/avatar\\\/a06875e4b25feb5674296adf8e8a7ae1e587cebce2493fe63c456109967e27d3?s=96&d=mm&r=g\",\"caption\":\"kalem\"},\"url\":\"https:\\\/\\\/akunq.net\\\/turkish\\\/author\\\/kalem\\\/\"}]}<\/script>\n<!-- \/ Yoast SEO plugin. -->","yoast_head_json":{"title":"Tarihi hata telafi ediliyor - Bati Ermenistan Ve Bati Ermenileri Sorunlari Ara\u015ftirmalar Merkezi","robots":{"index":"index","follow":"follow","max-snippet":"max-snippet:-1","max-image-preview":"max-image-preview:large","max-video-preview":"max-video-preview:-1"},"canonical":"https:\/\/akunq.net\/turkish\/2010\/09\/22\/tarihi-hata-telafi-ediliyor\/","og_locale":"en_US","og_type":"article","og_title":"Tarihi hata telafi ediliyor - Bati Ermenistan Ve Bati Ermenileri Sorunlari Ara\u015ftirmalar Merkezi","og_description":"1995 y\u0131l\u0131nda Diyanet \u0130\u015fleri Ba\u015fkanl\u0131\u011f\u0131 taraf\u0131ndan Yedikilise&#8217;de yapt\u0131r\u0131lan Yukar\u0131 Bakra\u00e7l\u0131 k\u00f6y\u00fcndeki camii, 1003-1022 tarihleri aras\u0131nda Vaspurakan Kral\u0131 Senekerim-Hovhannes&#8217;in yapt\u0131rd\u0131\u011f\u0131 Varaga Vank Ermeni manast\u0131r\u0131&#8217;n\u0131 g\u00fcne\u015f \u0131\u015f\u0131nlar\u0131ndan mahrum b\u0131rakt\u0131\u011f\u0131 ve manast\u0131r\u0131n g\u00f6r\u00fcn\u00fcm\u00fcn\u00fc bozdu\u011fu gerek\u00e7esiyle yer de\u011fi\u015ftiriliyor. 1995 y\u0131l\u0131nda Diyanet \u0130\u015fleri Ba\u015fkanl\u0131\u011f\u0131 taraf\u0131ndan Yedikilise\u2019de yapt\u0131r\u0131lan Yukar\u0131 Bakra\u00e7l\u0131 k\u00f6y\u00fcndeki camii y\u0131kt\u0131r\u0131l\u0131yor. Burada bulunan ve1003-1022 tarihleri aras\u0131nda Vaspurakan Kral\u0131 Senekerim-Hovhannes&#8217;in [&hellip;]","og_url":"https:\/\/akunq.net\/turkish\/2010\/09\/22\/tarihi-hata-telafi-ediliyor\/","og_site_name":"Bati Ermenistan Ve Bati Ermenileri Sorunlari Ara\u015ftirmalar Merkezi","article_published_time":"2010-09-22T06:35:52+00:00","og_image":[{"width":250,"height":190,"url":"https:\/\/akunq.net\/turkish\/wp-content\/uploads\/sites\/5\/2010\/09\/Varagavank.jpg","type":"image\/jpeg"}],"author":"kalem","twitter_card":"summary_large_image","twitter_misc":{"Written by":"kalem","Est. reading time":"4 minutes"},"schema":{"@context":"https:\/\/schema.org","@graph":[{"@type":"Article","@id":"https:\/\/akunq.net\/turkish\/2010\/09\/22\/tarihi-hata-telafi-ediliyor\/#article","isPartOf":{"@id":"https:\/\/akunq.net\/turkish\/2010\/09\/22\/tarihi-hata-telafi-ediliyor\/"},"author":{"name":"kalem","@id":"https:\/\/akunq.net\/turkish\/#\/schema\/person\/135e7923d1aeb8887890799619969a6c"},"headline":"Tarihi hata telafi ediliyor","datePublished":"2010-09-22T06:35:52+00:00","mainEntityOfPage":{"@id":"https:\/\/akunq.net\/turkish\/2010\/09\/22\/tarihi-hata-telafi-ediliyor\/"},"wordCount":849,"image":{"@id":"https:\/\/akunq.net\/turkish\/2010\/09\/22\/tarihi-hata-telafi-ediliyor\/#primaryimage"},"thumbnailUrl":"http:\/\/akunq.net\/tr\/wp-content\/uploads\/2010\/09\/Varagavank.jpg","articleSection":["Haberler"],"inLanguage":"en-US"},{"@type":"WebPage","@id":"https:\/\/akunq.net\/turkish\/2010\/09\/22\/tarihi-hata-telafi-ediliyor\/","url":"https:\/\/akunq.net\/turkish\/2010\/09\/22\/tarihi-hata-telafi-ediliyor\/","name":"Tarihi hata telafi ediliyor - Bati Ermenistan Ve Bati Ermenileri Sorunlari Ara\u015ftirmalar Merkezi","isPartOf":{"@id":"https:\/\/akunq.net\/turkish\/#website"},"primaryImageOfPage":{"@id":"https:\/\/akunq.net\/turkish\/2010\/09\/22\/tarihi-hata-telafi-ediliyor\/#primaryimage"},"image":{"@id":"https:\/\/akunq.net\/turkish\/2010\/09\/22\/tarihi-hata-telafi-ediliyor\/#primaryimage"},"thumbnailUrl":"http:\/\/akunq.net\/tr\/wp-content\/uploads\/2010\/09\/Varagavank.jpg","datePublished":"2010-09-22T06:35:52+00:00","author":{"@id":"https:\/\/akunq.net\/turkish\/#\/schema\/person\/135e7923d1aeb8887890799619969a6c"},"breadcrumb":{"@id":"https:\/\/akunq.net\/turkish\/2010\/09\/22\/tarihi-hata-telafi-ediliyor\/#breadcrumb"},"inLanguage":"en-US","potentialAction":[{"@type":"ReadAction","target":["https:\/\/akunq.net\/turkish\/2010\/09\/22\/tarihi-hata-telafi-ediliyor\/"]}]},{"@type":"ImageObject","inLanguage":"en-US","@id":"https:\/\/akunq.net\/turkish\/2010\/09\/22\/tarihi-hata-telafi-ediliyor\/#primaryimage","url":"http:\/\/akunq.net\/tr\/wp-content\/uploads\/2010\/09\/Varagavank.jpg","contentUrl":"http:\/\/akunq.net\/tr\/wp-content\/uploads\/2010\/09\/Varagavank.jpg"},{"@type":"BreadcrumbList","@id":"https:\/\/akunq.net\/turkish\/2010\/09\/22\/tarihi-hata-telafi-ediliyor\/#breadcrumb","itemListElement":[{"@type":"ListItem","position":1,"name":"Home","item":"https:\/\/akunq.net\/turkish\/"},{"@type":"ListItem","position":2,"name":"Tarihi hata telafi ediliyor"}]},{"@type":"WebSite","@id":"https:\/\/akunq.net\/turkish\/#website","url":"https:\/\/akunq.net\/turkish\/","name":"Bati Ermenistan Ve Bati Ermenileri Sorunlari Ara\u015ftirmalar Merkezi","description":"","potentialAction":[{"@type":"SearchAction","target":{"@type":"EntryPoint","urlTemplate":"https:\/\/akunq.net\/turkish\/?s={search_term_string}"},"query-input":{"@type":"PropertyValueSpecification","valueRequired":true,"valueName":"search_term_string"}}],"inLanguage":"en-US"},{"@type":"Person","@id":"https:\/\/akunq.net\/turkish\/#\/schema\/person\/135e7923d1aeb8887890799619969a6c","name":"kalem","image":{"@type":"ImageObject","inLanguage":"en-US","@id":"https:\/\/secure.gravatar.com\/avatar\/a06875e4b25feb5674296adf8e8a7ae1e587cebce2493fe63c456109967e27d3?s=96&d=mm&r=g","url":"https:\/\/secure.gravatar.com\/avatar\/a06875e4b25feb5674296adf8e8a7ae1e587cebce2493fe63c456109967e27d3?s=96&d=mm&r=g","contentUrl":"https:\/\/secure.gravatar.com\/avatar\/a06875e4b25feb5674296adf8e8a7ae1e587cebce2493fe63c456109967e27d3?s=96&d=mm&r=g","caption":"kalem"},"url":"https:\/\/akunq.net\/turkish\/author\/kalem\/"}]}},"_links":{"self":[{"href":"https:\/\/akunq.net\/turkish\/wp-json\/wp\/v2\/posts\/2051","targetHints":{"allow":["GET"]}}],"collection":[{"href":"https:\/\/akunq.net\/turkish\/wp-json\/wp\/v2\/posts"}],"about":[{"href":"https:\/\/akunq.net\/turkish\/wp-json\/wp\/v2\/types\/post"}],"author":[{"embeddable":true,"href":"https:\/\/akunq.net\/turkish\/wp-json\/wp\/v2\/users\/3"}],"replies":[{"embeddable":true,"href":"https:\/\/akunq.net\/turkish\/wp-json\/wp\/v2\/comments?post=2051"}],"version-history":[{"count":0,"href":"https:\/\/akunq.net\/turkish\/wp-json\/wp\/v2\/posts\/2051\/revisions"}],"wp:attachment":[{"href":"https:\/\/akunq.net\/turkish\/wp-json\/wp\/v2\/media?parent=2051"}],"wp:term":[{"taxonomy":"category","embeddable":true,"href":"https:\/\/akunq.net\/turkish\/wp-json\/wp\/v2\/categories?post=2051"},{"taxonomy":"post_tag","embeddable":true,"href":"https:\/\/akunq.net\/turkish\/wp-json\/wp\/v2\/tags?post=2051"}],"curies":[{"name":"wp","href":"https:\/\/api.w.org\/{rel}","templated":true}]}}