{"id":2035,"date":"2010-09-18T02:32:50","date_gmt":"2010-09-18T07:32:50","guid":{"rendered":"http:\/\/akunq.net\/tr\/?p=2035"},"modified":"2010-09-18T02:32:50","modified_gmt":"2010-09-18T07:32:50","slug":"dersimin-ermenileri","status":"publish","type":"post","link":"https:\/\/akunq.net\/turkish\/2010\/09\/18\/dersimin-ermenileri\/","title":{"rendered":"Dersim&#8217;in Ermenileri Dersim halk\u0131n\u0131n k\u00fclt\u00fcr\u00fc ve Ermenilerin k\u00fclt\u00fcr\u00fc benzer"},"content":{"rendered":"<p style=\"text-align: justify\">70 y\u0131ld\u0131r bu k\u00f6yde ya\u015fayan G\u00fczel Han\u0131m Ermeni de\u011fil, ama \u201c\u00c7ok \u00e7ektik ter\u00f6r zaman\u0131, 12 Eyl\u00fcl\u2019den sonra\u201d diyor, \u201cKorkuyorduk \u00e7ok, \u00e7ocuklar\u0131m\u0131z\u0131 g\u00f6t\u00fcr\u00fcyorlard\u0131, i\u015fkenceler yapt\u0131lar, geceleri pencereleri kapat\u0131n, \u0131\u015f\u0131klar\u0131 a\u00e7may\u0131n diyorlard\u0131, zorla evden i\u00e7eri giriyorlard\u0131. Polatlar ve Bozta\u015flar\u2019\u0131 g\u00f6t\u00fcr\u00fcyorlard\u0131 sadece, Ermeni olduklar\u0131 i\u00e7in\u201d.<\/p>\n<p style=\"text-align: justify\">B\u00f6yle bir b\u00f6lgede Ermeni k\u00f6kenini saklaman\u0131n sebebini elbette sadece korkakl\u0131k olarak a\u00e7\u0131klamak zor. Ba\u015fka bir sebep de asl\u0131nda Dersim\u2019de ya\u015fayan Ermenilerin \u00e7o\u011funun art\u0131k Alevi k\u00fclt\u00fcr\u00fcn\u00fc benimsemi\u015f olmalar\u0131. Mirhan Prgi\u00e7, Harput\u2019ta, Sason\u2019da, Malatya\u2019da az da olsa ismiyle ya\u015fayan Ermenilerin bulundu\u011funu, ama Dersim Ermenilerinin hepsinin \u201cd\u00f6nd\u00fc\u011f\u00fcn\u00fc\u201d\u201d s\u00f6yl\u00fcyor ve ekliyor: \u201c\u00c7\u00fcnk\u00fc Dersim halk\u0131n\u0131n k\u00fclt\u00fcr\u00fc ile Ermenilerin k\u00fclt\u00fcr\u00fc benziyor.\u201d<\/p>\n<p style=\"text-align: justify\"><a href=\"http:\/\/sabah.com.tr\/fotohaber\/yasam?dt=2010-9-15\" target=\"_blank\"><strong><em>18 Eyl\u00fcl 2010<\/em><\/strong><\/a><strong><em><\/em><\/strong><\/p>\n<p style=\"text-align: justify\"><strong><em>http:\/\/sabah.com.tr\/fotohaber\/yasam\/dersimin_ermenileri?tc=9&amp;albumId=22473&amp;page=6<\/em><\/strong><\/p>\n","protected":false},"excerpt":{"rendered":"<p>70 y\u0131ld\u0131r bu k\u00f6yde ya\u015fayan G\u00fczel Han\u0131m Ermeni de\u011fil, ama \u201c\u00c7ok \u00e7ektik ter\u00f6r zaman\u0131, 12 Eyl\u00fcl\u2019den sonra\u201d diyor, \u201cKorkuyorduk \u00e7ok, \u00e7ocuklar\u0131m\u0131z\u0131 g\u00f6t\u00fcr\u00fcyorlard\u0131, i\u015fkenceler yapt\u0131lar, geceleri pencereleri kapat\u0131n, \u0131\u015f\u0131klar\u0131 a\u00e7may\u0131n diyorlard\u0131, zorla evden i\u00e7eri giriyorlard\u0131. Polatlar ve Bozta\u015flar\u2019\u0131 g\u00f6t\u00fcr\u00fcyorlard\u0131 sadece, Ermeni olduklar\u0131 i\u00e7in\u201d. B\u00f6yle bir b\u00f6lgede Ermeni k\u00f6kenini saklaman\u0131n sebebini elbette sadece korkakl\u0131k olarak a\u00e7\u0131klamak zor. [&hellip;]<\/p>\n","protected":false},"author":3,"featured_media":0,"comment_status":"closed","ping_status":"open","sticky":false,"template":"","format":"standard","meta":{"footnotes":""},"categories":[14],"tags":[],"class_list":["post-2035","post","type-post","status-publish","format-standard","hentry","category-haberler"],"yoast_head":"<!-- This site is optimized with the Yoast SEO plugin v27.4 - https:\/\/yoast.com\/product\/yoast-seo-wordpress\/ -->\n<title>Dersim&#039;in Ermenileri Dersim halk\u0131n\u0131n k\u00fclt\u00fcr\u00fc ve Ermenilerin k\u00fclt\u00fcr\u00fc benzer - Bati Ermenistan Ve Bati Ermenileri Sorunlari Ara\u015ftirmalar Merkezi<\/title>\n<meta name=\"robots\" content=\"index, follow, max-snippet:-1, max-image-preview:large, max-video-preview:-1\" \/>\n<link rel=\"canonical\" href=\"https:\/\/akunq.net\/turkish\/2010\/09\/18\/dersimin-ermenileri\/\" \/>\n<meta property=\"og:locale\" content=\"en_US\" \/>\n<meta property=\"og:type\" content=\"article\" \/>\n<meta property=\"og:title\" content=\"Dersim&#039;in Ermenileri Dersim halk\u0131n\u0131n k\u00fclt\u00fcr\u00fc ve Ermenilerin k\u00fclt\u00fcr\u00fc benzer - Bati Ermenistan Ve Bati Ermenileri Sorunlari Ara\u015ftirmalar Merkezi\" \/>\n<meta property=\"og:description\" content=\"70 y\u0131ld\u0131r bu k\u00f6yde ya\u015fayan G\u00fczel Han\u0131m Ermeni de\u011fil, ama \u201c\u00c7ok \u00e7ektik ter\u00f6r zaman\u0131, 12 Eyl\u00fcl\u2019den sonra\u201d diyor, \u201cKorkuyorduk \u00e7ok, \u00e7ocuklar\u0131m\u0131z\u0131 g\u00f6t\u00fcr\u00fcyorlard\u0131, i\u015fkenceler yapt\u0131lar, geceleri pencereleri kapat\u0131n, \u0131\u015f\u0131klar\u0131 a\u00e7may\u0131n diyorlard\u0131, zorla evden i\u00e7eri giriyorlard\u0131. Polatlar ve Bozta\u015flar\u2019\u0131 g\u00f6t\u00fcr\u00fcyorlard\u0131 sadece, Ermeni olduklar\u0131 i\u00e7in\u201d. B\u00f6yle bir b\u00f6lgede Ermeni k\u00f6kenini saklaman\u0131n sebebini elbette sadece korkakl\u0131k olarak a\u00e7\u0131klamak zor. [&hellip;]\" \/>\n<meta property=\"og:url\" content=\"https:\/\/akunq.net\/turkish\/2010\/09\/18\/dersimin-ermenileri\/\" \/>\n<meta property=\"og:site_name\" content=\"Bati Ermenistan Ve Bati Ermenileri Sorunlari Ara\u015ftirmalar Merkezi\" \/>\n<meta property=\"article:published_time\" content=\"2010-09-18T07:32:50+00:00\" \/>\n<meta name=\"author\" content=\"kalem\" \/>\n<meta name=\"twitter:card\" content=\"summary_large_image\" \/>\n<meta name=\"twitter:label1\" content=\"Written by\" \/>\n\t<meta name=\"twitter:data1\" content=\"kalem\" \/>\n\t<meta name=\"twitter:label2\" content=\"Est. reading time\" \/>\n\t<meta name=\"twitter:data2\" content=\"1 minute\" \/>\n<script type=\"application\/ld+json\" class=\"yoast-schema-graph\">{\"@context\":\"https:\\\/\\\/schema.org\",\"@graph\":[{\"@type\":\"Article\",\"@id\":\"https:\\\/\\\/akunq.net\\\/turkish\\\/2010\\\/09\\\/18\\\/dersimin-ermenileri\\\/#article\",\"isPartOf\":{\"@id\":\"https:\\\/\\\/akunq.net\\\/turkish\\\/2010\\\/09\\\/18\\\/dersimin-ermenileri\\\/\"},\"author\":{\"name\":\"kalem\",\"@id\":\"https:\\\/\\\/akunq.net\\\/turkish\\\/#\\\/schema\\\/person\\\/135e7923d1aeb8887890799619969a6c\"},\"headline\":\"Dersim&#8217;in Ermenileri Dersim halk\u0131n\u0131n k\u00fclt\u00fcr\u00fc ve Ermenilerin k\u00fclt\u00fcr\u00fc benzer\",\"datePublished\":\"2010-09-18T07:32:50+00:00\",\"mainEntityOfPage\":{\"@id\":\"https:\\\/\\\/akunq.net\\\/turkish\\\/2010\\\/09\\\/18\\\/dersimin-ermenileri\\\/\"},\"wordCount\":181,\"articleSection\":[\"Haberler\"],\"inLanguage\":\"en-US\"},{\"@type\":\"WebPage\",\"@id\":\"https:\\\/\\\/akunq.net\\\/turkish\\\/2010\\\/09\\\/18\\\/dersimin-ermenileri\\\/\",\"url\":\"https:\\\/\\\/akunq.net\\\/turkish\\\/2010\\\/09\\\/18\\\/dersimin-ermenileri\\\/\",\"name\":\"Dersim'in Ermenileri Dersim halk\u0131n\u0131n k\u00fclt\u00fcr\u00fc ve Ermenilerin k\u00fclt\u00fcr\u00fc benzer - Bati Ermenistan Ve Bati Ermenileri Sorunlari Ara\u015ftirmalar Merkezi\",\"isPartOf\":{\"@id\":\"https:\\\/\\\/akunq.net\\\/turkish\\\/#website\"},\"datePublished\":\"2010-09-18T07:32:50+00:00\",\"author\":{\"@id\":\"https:\\\/\\\/akunq.net\\\/turkish\\\/#\\\/schema\\\/person\\\/135e7923d1aeb8887890799619969a6c\"},\"breadcrumb\":{\"@id\":\"https:\\\/\\\/akunq.net\\\/turkish\\\/2010\\\/09\\\/18\\\/dersimin-ermenileri\\\/#breadcrumb\"},\"inLanguage\":\"en-US\",\"potentialAction\":[{\"@type\":\"ReadAction\",\"target\":[\"https:\\\/\\\/akunq.net\\\/turkish\\\/2010\\\/09\\\/18\\\/dersimin-ermenileri\\\/\"]}]},{\"@type\":\"BreadcrumbList\",\"@id\":\"https:\\\/\\\/akunq.net\\\/turkish\\\/2010\\\/09\\\/18\\\/dersimin-ermenileri\\\/#breadcrumb\",\"itemListElement\":[{\"@type\":\"ListItem\",\"position\":1,\"name\":\"Home\",\"item\":\"https:\\\/\\\/akunq.net\\\/turkish\\\/\"},{\"@type\":\"ListItem\",\"position\":2,\"name\":\"Dersim&#8217;in Ermenileri Dersim halk\u0131n\u0131n k\u00fclt\u00fcr\u00fc ve Ermenilerin k\u00fclt\u00fcr\u00fc benzer\"}]},{\"@type\":\"WebSite\",\"@id\":\"https:\\\/\\\/akunq.net\\\/turkish\\\/#website\",\"url\":\"https:\\\/\\\/akunq.net\\\/turkish\\\/\",\"name\":\"Bati Ermenistan Ve Bati Ermenileri Sorunlari Ara\u015ftirmalar Merkezi\",\"description\":\"\",\"potentialAction\":[{\"@type\":\"SearchAction\",\"target\":{\"@type\":\"EntryPoint\",\"urlTemplate\":\"https:\\\/\\\/akunq.net\\\/turkish\\\/?s={search_term_string}\"},\"query-input\":{\"@type\":\"PropertyValueSpecification\",\"valueRequired\":true,\"valueName\":\"search_term_string\"}}],\"inLanguage\":\"en-US\"},{\"@type\":\"Person\",\"@id\":\"https:\\\/\\\/akunq.net\\\/turkish\\\/#\\\/schema\\\/person\\\/135e7923d1aeb8887890799619969a6c\",\"name\":\"kalem\",\"image\":{\"@type\":\"ImageObject\",\"inLanguage\":\"en-US\",\"@id\":\"https:\\\/\\\/secure.gravatar.com\\\/avatar\\\/a06875e4b25feb5674296adf8e8a7ae1e587cebce2493fe63c456109967e27d3?s=96&d=mm&r=g\",\"url\":\"https:\\\/\\\/secure.gravatar.com\\\/avatar\\\/a06875e4b25feb5674296adf8e8a7ae1e587cebce2493fe63c456109967e27d3?s=96&d=mm&r=g\",\"contentUrl\":\"https:\\\/\\\/secure.gravatar.com\\\/avatar\\\/a06875e4b25feb5674296adf8e8a7ae1e587cebce2493fe63c456109967e27d3?s=96&d=mm&r=g\",\"caption\":\"kalem\"},\"url\":\"https:\\\/\\\/akunq.net\\\/turkish\\\/author\\\/kalem\\\/\"}]}<\/script>\n<!-- \/ Yoast SEO plugin. -->","yoast_head_json":{"title":"Dersim'in Ermenileri Dersim halk\u0131n\u0131n k\u00fclt\u00fcr\u00fc ve Ermenilerin k\u00fclt\u00fcr\u00fc benzer - Bati Ermenistan Ve Bati Ermenileri Sorunlari Ara\u015ftirmalar Merkezi","robots":{"index":"index","follow":"follow","max-snippet":"max-snippet:-1","max-image-preview":"max-image-preview:large","max-video-preview":"max-video-preview:-1"},"canonical":"https:\/\/akunq.net\/turkish\/2010\/09\/18\/dersimin-ermenileri\/","og_locale":"en_US","og_type":"article","og_title":"Dersim'in Ermenileri Dersim halk\u0131n\u0131n k\u00fclt\u00fcr\u00fc ve Ermenilerin k\u00fclt\u00fcr\u00fc benzer - Bati Ermenistan Ve Bati Ermenileri Sorunlari Ara\u015ftirmalar Merkezi","og_description":"70 y\u0131ld\u0131r bu k\u00f6yde ya\u015fayan G\u00fczel Han\u0131m Ermeni de\u011fil, ama \u201c\u00c7ok \u00e7ektik ter\u00f6r zaman\u0131, 12 Eyl\u00fcl\u2019den sonra\u201d diyor, \u201cKorkuyorduk \u00e7ok, \u00e7ocuklar\u0131m\u0131z\u0131 g\u00f6t\u00fcr\u00fcyorlard\u0131, i\u015fkenceler yapt\u0131lar, geceleri pencereleri kapat\u0131n, \u0131\u015f\u0131klar\u0131 a\u00e7may\u0131n diyorlard\u0131, zorla evden i\u00e7eri giriyorlard\u0131. Polatlar ve Bozta\u015flar\u2019\u0131 g\u00f6t\u00fcr\u00fcyorlard\u0131 sadece, Ermeni olduklar\u0131 i\u00e7in\u201d. B\u00f6yle bir b\u00f6lgede Ermeni k\u00f6kenini saklaman\u0131n sebebini elbette sadece korkakl\u0131k olarak a\u00e7\u0131klamak zor. [&hellip;]","og_url":"https:\/\/akunq.net\/turkish\/2010\/09\/18\/dersimin-ermenileri\/","og_site_name":"Bati Ermenistan Ve Bati Ermenileri Sorunlari Ara\u015ftirmalar Merkezi","article_published_time":"2010-09-18T07:32:50+00:00","author":"kalem","twitter_card":"summary_large_image","twitter_misc":{"Written by":"kalem","Est. reading time":"1 minute"},"schema":{"@context":"https:\/\/schema.org","@graph":[{"@type":"Article","@id":"https:\/\/akunq.net\/turkish\/2010\/09\/18\/dersimin-ermenileri\/#article","isPartOf":{"@id":"https:\/\/akunq.net\/turkish\/2010\/09\/18\/dersimin-ermenileri\/"},"author":{"name":"kalem","@id":"https:\/\/akunq.net\/turkish\/#\/schema\/person\/135e7923d1aeb8887890799619969a6c"},"headline":"Dersim&#8217;in Ermenileri Dersim halk\u0131n\u0131n k\u00fclt\u00fcr\u00fc ve Ermenilerin k\u00fclt\u00fcr\u00fc benzer","datePublished":"2010-09-18T07:32:50+00:00","mainEntityOfPage":{"@id":"https:\/\/akunq.net\/turkish\/2010\/09\/18\/dersimin-ermenileri\/"},"wordCount":181,"articleSection":["Haberler"],"inLanguage":"en-US"},{"@type":"WebPage","@id":"https:\/\/akunq.net\/turkish\/2010\/09\/18\/dersimin-ermenileri\/","url":"https:\/\/akunq.net\/turkish\/2010\/09\/18\/dersimin-ermenileri\/","name":"Dersim'in Ermenileri Dersim halk\u0131n\u0131n k\u00fclt\u00fcr\u00fc ve Ermenilerin k\u00fclt\u00fcr\u00fc benzer - Bati Ermenistan Ve Bati Ermenileri Sorunlari Ara\u015ftirmalar Merkezi","isPartOf":{"@id":"https:\/\/akunq.net\/turkish\/#website"},"datePublished":"2010-09-18T07:32:50+00:00","author":{"@id":"https:\/\/akunq.net\/turkish\/#\/schema\/person\/135e7923d1aeb8887890799619969a6c"},"breadcrumb":{"@id":"https:\/\/akunq.net\/turkish\/2010\/09\/18\/dersimin-ermenileri\/#breadcrumb"},"inLanguage":"en-US","potentialAction":[{"@type":"ReadAction","target":["https:\/\/akunq.net\/turkish\/2010\/09\/18\/dersimin-ermenileri\/"]}]},{"@type":"BreadcrumbList","@id":"https:\/\/akunq.net\/turkish\/2010\/09\/18\/dersimin-ermenileri\/#breadcrumb","itemListElement":[{"@type":"ListItem","position":1,"name":"Home","item":"https:\/\/akunq.net\/turkish\/"},{"@type":"ListItem","position":2,"name":"Dersim&#8217;in Ermenileri Dersim halk\u0131n\u0131n k\u00fclt\u00fcr\u00fc ve Ermenilerin k\u00fclt\u00fcr\u00fc benzer"}]},{"@type":"WebSite","@id":"https:\/\/akunq.net\/turkish\/#website","url":"https:\/\/akunq.net\/turkish\/","name":"Bati Ermenistan Ve Bati Ermenileri Sorunlari Ara\u015ftirmalar Merkezi","description":"","potentialAction":[{"@type":"SearchAction","target":{"@type":"EntryPoint","urlTemplate":"https:\/\/akunq.net\/turkish\/?s={search_term_string}"},"query-input":{"@type":"PropertyValueSpecification","valueRequired":true,"valueName":"search_term_string"}}],"inLanguage":"en-US"},{"@type":"Person","@id":"https:\/\/akunq.net\/turkish\/#\/schema\/person\/135e7923d1aeb8887890799619969a6c","name":"kalem","image":{"@type":"ImageObject","inLanguage":"en-US","@id":"https:\/\/secure.gravatar.com\/avatar\/a06875e4b25feb5674296adf8e8a7ae1e587cebce2493fe63c456109967e27d3?s=96&d=mm&r=g","url":"https:\/\/secure.gravatar.com\/avatar\/a06875e4b25feb5674296adf8e8a7ae1e587cebce2493fe63c456109967e27d3?s=96&d=mm&r=g","contentUrl":"https:\/\/secure.gravatar.com\/avatar\/a06875e4b25feb5674296adf8e8a7ae1e587cebce2493fe63c456109967e27d3?s=96&d=mm&r=g","caption":"kalem"},"url":"https:\/\/akunq.net\/turkish\/author\/kalem\/"}]}},"_links":{"self":[{"href":"https:\/\/akunq.net\/turkish\/wp-json\/wp\/v2\/posts\/2035","targetHints":{"allow":["GET"]}}],"collection":[{"href":"https:\/\/akunq.net\/turkish\/wp-json\/wp\/v2\/posts"}],"about":[{"href":"https:\/\/akunq.net\/turkish\/wp-json\/wp\/v2\/types\/post"}],"author":[{"embeddable":true,"href":"https:\/\/akunq.net\/turkish\/wp-json\/wp\/v2\/users\/3"}],"replies":[{"embeddable":true,"href":"https:\/\/akunq.net\/turkish\/wp-json\/wp\/v2\/comments?post=2035"}],"version-history":[{"count":0,"href":"https:\/\/akunq.net\/turkish\/wp-json\/wp\/v2\/posts\/2035\/revisions"}],"wp:attachment":[{"href":"https:\/\/akunq.net\/turkish\/wp-json\/wp\/v2\/media?parent=2035"}],"wp:term":[{"taxonomy":"category","embeddable":true,"href":"https:\/\/akunq.net\/turkish\/wp-json\/wp\/v2\/categories?post=2035"},{"taxonomy":"post_tag","embeddable":true,"href":"https:\/\/akunq.net\/turkish\/wp-json\/wp\/v2\/tags?post=2035"}],"curies":[{"name":"wp","href":"https:\/\/api.w.org\/{rel}","templated":true}]}}