{"id":2024,"date":"2010-09-18T02:07:46","date_gmt":"2010-09-18T07:07:46","guid":{"rendered":"http:\/\/akunq.net\/tr\/?p=2024"},"modified":"2010-09-18T02:07:46","modified_gmt":"2010-09-18T07:07:46","slug":"geri-donus-yok","status":"publish","type":"post","link":"https:\/\/akunq.net\/turkish\/2010\/09\/18\/geri-donus-yok\/","title":{"rendered":"Geri d\u00f6n\u00fc\u015f yok!"},"content":{"rendered":"<p style=\"text-align: justify\"><a rel=\"attachment wp-att-2025\" href=\"http:\/\/akunq.net\/tr\/?attachment_id=2025\"><img loading=\"lazy\" decoding=\"async\" class=\"alignleft size-full wp-image-2025\" title=\"Rag\u0131p Zarakolu\" src=\"http:\/\/akunq.net\/tr\/wp-content\/uploads\/2010\/09\/Rag\u0131p-Zarakolu.bmp\" alt=\"\" width=\"187\" height=\"216\" \/><\/a>Art\u0131k referandumdan olumlu sonu\u00e7 al\u0131nd\u0131\u011f\u0131na g\u00f6re, hukuksuzlu\u011fa kar\u015f\u0131 militarizm bahanesi de ortadan kalkm\u0131\u015f oldu.<br \/>\nK\u0131rsal alandaki militarist milliyet\u00e7ilik, oca\u011f\u0131na incir dikilen ocaklar\u0131n ye\u015fermemesi i\u00e7in i\u00e7mi\u015f oldu\u011fu and\u0131 devam ettirmeye kararl\u0131 g\u00f6r\u00fcn\u00fcyor.<\/p>\n<p style=\"text-align: justify\">\u0130zmir Sel\u00e7uk\u2019taki \u015eirince k\u00f6y\u00fcndeki evlerin y\u0131k\u0131m karar\u0131 onayland\u0131.<br \/>\n\u015eimdi y\u0131k\u0131lacak evler aras\u0131na Sevan Ni\u015fanyan\u2019\u0131n evleri yan\u0131nda di\u011fer k\u00f6y evleri de al\u0131nm\u0131\u015f.<br \/>\nAnla\u015f\u0131ld\u0131, idare ve yarg\u0131 i\u00e7indeki \u201celemanlar\u201d \u015eirince\u2019yi, Fethiye yak\u0131nlar\u0131ndaki Kayak\u00f6y\u2019e \u00e7evirmeye kararl\u0131.<br \/>\nNe demek eski bir Rum k\u00f6y\u00fcn\u00fc canland\u0131rmaya \u00e7al\u0131\u015fmak. B\u00fcy\u00fck bir ulusal g\u00fcvenlik tehdidi!<br \/>\nHele oras\u0131 B\u00fcy\u00fck Yazar Dido Sotiriyu\u2019nun do\u011fmu\u015f oldu\u011fu k\u00f6y ise.<br \/>\nHele evleri yapan, yaman bir resmi ideoloji ele\u015ftiricisi ise\u2026<br \/>\nBakal\u0131m darbecilerle m\u00fccadele \u015fampiyonu Erdo\u011fan H\u00fck\u00fcmetinin g\u00fcc\u00fc, \u015eirince evlerinin y\u0131k\u0131m\u0131n\u0131 engellemeye yetecek mi?<br \/>\nEn \u00f6nemlisi K\u00fclt\u00fcr ve Turizm Bakan\u0131m\u0131z, eski arkada\u015f\u0131m Ertu\u011frul G\u00fcnay elini ta\u015f\u0131n alt\u0131na koyacak m\u0131?<br \/>\n\u0130\u015fte hem k\u00fclt\u00fcr, hem de turizm i\u015fi.\u00a0<br \/>\nSevan Ni\u015fanyan, T\u00fcrkiye\u2019de alternatif konaklaman\u0131n \u00f6nc\u00fcs\u00fc. \u015eirince evleri b\u00fct\u00fcn T\u00fcrkiye\u2019ye model oldu.<br \/>\nSiz adama \u00f6d\u00fcl verece\u011finize, \u00f6nce hapse at\u0131n, sonra da evini ba\u015f\u0131na y\u0131kmaya kalk\u0131n!<br \/>\nKimse bana, yasa d\u0131\u015f\u0131 in\u015faattan bahsetmesin.<br \/>\nYahu sizin \u0130stanbul\u2019unuzun yar\u0131s\u0131 ka\u00e7ak be yahu!<br \/>\nDepremde y\u0131k\u0131lan evlerin ruhsat\u0131 vard\u0131 da ne oldu be vicdans\u0131zlar, g\u00f6stermelik tutuklad\u0131\u011f\u0131n\u0131z bir m\u00fcteahhidi bile hapiste tutamad\u0131n\u0131z. \u00c7\u00fcnk\u00fc sadece m\u00fcteahhitleri de\u011fil, o ruhsatlar\u0131 veren belediye ba\u015fkanlar\u0131n\u0131 da yarg\u0131laman\u0131z gerekirdi.<br \/>\n\u00d6rnek ald\u0131\u011f\u0131n\u0131z \u00d6zal gibi, siz de isterseniz \u00f6zel bir yasa, bir kararname \u00e7\u0131kar\u0131r, \u015eirince evlerinin y\u0131k\u0131m\u0131n\u0131n \u00f6n\u00fcne ge\u00e7ersiniz. Sevan gibi \u00f6zel bir ki\u015fi i\u00e7in bu yap\u0131lmaya de\u011fer.<br \/>\nSevan\u2019\u0131n nar\u0131na, b\u00fct\u00fcn k\u00f6y\u00fc y\u0131kmaya kalkaca\u011f\u0131n\u0131za\u2026<br \/>\n\u015eimdiden d\u00fcnyada \u015eirince y\u0131k\u0131m kararlar\u0131 \u201cVandalizm\u201d olarak adland\u0131r\u0131lmaya ba\u015fland\u0131 bile.<br \/>\nT\u00fcrk \u0131rk\u00e7\u0131 milliyet\u00e7ili\u011finin babalar\u0131ndan R\u0131za Nur, Lozan\u2019da \u0130smet \u0130n\u00f6n\u00fc yan\u0131nda ikinci ba\u015f g\u00f6r\u00fc\u015fmeci idi, her ne kadar resmi tarih \u00fcst\u00fcn\u00fc \u00f6rtmeye kararl\u0131 ise de.<br \/>\nVe \u0130smet de, R\u0131za da, her ne kadar az\u0131nl\u0131k haklar\u0131n\u0131 g\u00f6n\u00fcls\u00fczce Lozan\u2019da kabul etseler de, az\u0131nl\u0131klar\u0131n k\u00f6k\u00fcne kibrit suyu d\u00f6kmeye de ant i\u00e7mi\u015flerdi.<br \/>\nR\u0131za Nur an\u0131lar\u0131nda, s\u00fcrg\u00fcn ve soyk\u0131r\u0131m dalgas\u0131ndan sa\u011f kurtulanlar\u0131n, Anadolu\u2019daki k\u00f6ylerine ve kasabalar\u0131na geri d\u00f6nme umudunun mutlaka k\u0131r\u0131lmas\u0131 gerekti\u011fini, Lozan\u2019da bunun i\u00e7in \u00e7aba harcad\u0131klar\u0131n\u0131 s\u00f6yler.<br \/>\nBu umudu y\u0131kmak i\u00e7in, Rum ve Ermeni k\u00f6ylerinin, kiliselerinin, manast\u0131rlar\u0131n\u0131n, hi\u00e7bir insani kayg\u0131 ta\u015f\u0131madan kararl\u0131l\u0131kla y\u0131k\u0131lmas\u0131 gerekti\u011fini s\u00f6yler ve bunu uygulayan idarecileri de \u00f6ver.<br \/>\n\u015eirince olay\u0131 R\u0131za Nur zihniyetinin kimi devlet kesimlerinde h\u00e2l\u00e2 devam etti\u011fini g\u00f6steriyor.<br \/>\nT\u00fcrkiye\u2019nin milli g\u00fcvenlik politikas\u0131, h\u00e2l\u00e2 1919 travmas\u0131n\u0131 atlatamam\u0131\u015f, h\u00e2l\u00e2 oralarda kalm\u0131\u015ft\u0131r.<br \/>\nVe bu politikan\u0131n temellerinden biri de, Anadolu\u2019nun Ermenisizle\u015ftirilmesi, \u0130stanbul, \u0130mroz ve Bozcaada\u2019n\u0131n Rumsuzla\u015ft\u0131r\u0131lmas\u0131, Trakya\u2019n\u0131n Yahudisizle\u015ftirilmesi olmu\u015ftur. Lozan\u2019da az\u0131nl\u0131k haklar\u0131n\u0131n s\u00f6zde kabul edilmesinden sonra\u2026<br \/>\n\u201850\u2019li y\u0131llarda biraz nefes alan Anadolu Ermenilerinin arta kalan aileleri, S\u00fcryaniler, Yezidiler \u201860 darbesinden sonra g\u00f6\u00e7 yollar\u0131na d\u00fc\u015fm\u00fc\u015ft\u00fcr. Her darbe sonras\u0131nda arta kalan en son aileler de ayr\u0131lm\u0131\u015ft\u0131r. Konya\u2019n\u0131n son Ermeni\u2019si birka\u00e7 y\u0131l \u00f6nce \u00f6ld\u00fc. Diyarbak\u0131r Ermeni kilisesinin g\u00f6n\u00fcll\u00fc bek\u00e7isi Antranik de \u00f6l\u00fcnce orada kimse kalmad\u0131. Baz\u0131 kent ve kasabalarda ararsan\u0131z bir ya da iki son aile bulursunuz.<br \/>\n1971\u2019den sonra ba\u015flayan, ve 1980 sonras\u0131nda hedef al\u0131nan bir ba\u015fka kesim ise Aleviler ve Sol olmu\u015ftur. Ger\u00e7ekten de son 30 y\u0131l i\u00e7inde Mara\u015f, Malatya gibi y\u00f6reler \u00f6nemli \u00f6l\u00e7\u00fcde Alevisizle\u015ftirilmi\u015ftir. Bu politikan\u0131n bir ba\u015fka uzant\u0131s\u0131 ise, \u201880 sol-k\u0131r\u0131m\u0131 ile Anadolu\u2019nun b\u00fct\u00fcn\u00fcyle sosyalist soldan temizlenmesi olmu\u015ftur.<br \/>\n1984 sonras\u0131 ise K\u00fcrt soluna destek veren k\u0131rsal b\u00f6lge \u00f6nemli bir temizli\u011fe tabi tutularak, 4 bine yak\u0131n K\u00fcrt k\u00f6y\u00fc, neredeyse b\u00f6lgedeki k\u00f6ylerin yar\u0131ya yak\u0131n\u0131 bo\u015falt\u0131lm\u0131\u015f ve bunlar\u0131n \u00e7o\u011fu yak\u0131l\u0131p y\u0131k\u0131lm\u0131\u015ft\u0131r.<br \/>\nVe b\u0131rak\u0131n Ermeni\u2019yi, Rum\u2019u, 1980 darbesinden sonra listeye girmi\u015f bir sosyalistin, yada bo\u015falt\u0131lm\u0131\u015f k\u00f6ylere geri d\u00f6nmeye \u00e7al\u0131\u015fanlar\u0131n d\u00f6n\u00fc\u015f\u00fc \u00e7e\u015fitli yollardan engellenmi\u015ftir. Devlet izin verir g\u00f6r\u00fcnse, mala m\u00fclke el koyan korucular buna olanak tan\u0131mam\u0131\u015ft\u0131r. Sadece K\u00fcrtlerin de\u011fil, bir \u00e7ok S\u00fcryaninin, Yezidi K\u00fcrd\u00fcn d\u00f6n\u00fc\u015f\u00fcn\u00fcn engellenmesi gibi.<br \/>\nVan\u2019da eczane a\u00e7mak isteyen bir Ermeni bayan eczac\u0131ya, yap\u0131lmad\u0131k bask\u0131 kalmam\u0131\u015f, sonunda eczanesini kapatmak zorunda kalm\u0131\u015ft\u0131.<br \/>\nVan\u2019da otel a\u00e7mak isteyen, ve yabanc\u0131 sermaye yat\u0131r\u0131mlar\u0131n\u0131n \u00f6zendirilmesine g\u00fcvenen Amerikal\u0131 bir Ermeni otel a\u00e7m\u0131\u015f, ba\u015f\u0131na pi\u015fmi\u015f tavu\u011fun ba\u015f\u0131na gelenden beter \u015feyler gelmi\u015fti.<br \/>\nDemek, sadece do\u011fuda de\u011fil, bat\u0131da da TC yurtta\u015f\u0131 olsan da Ermeni\u2019ye ekmek yok!<br \/>\nAnadolu Ermenileri ve Rumlar\u0131, sadece yolunacak bir tavuktur, turist olarak.<br \/>\nY\u0131llar \u00f6nce, Yelda bu mant\u0131\u011f\u0131 yans\u0131tan bir kitap yazd\u0131. Kimi ayd\u0131nlar\u0131m\u0131z onu sivri dilli bulur. Ama haks\u0131z m\u0131? \u201c\u00c7o\u011funluk Ayd\u0131nlar\u0131nda Irk\u00e7\u0131l\u0131k\u201dtan sonra, \u201c\u00d6nce Gidin Sonra Diyalog\u201d kitab\u0131 ile, bu mant\u0131\u011f\u0131 \u00e7ok iyi sergiledi.<br \/>\nHele son Ermeni de gitsin, diyalo\u011fu ba\u015flat\u0131r\u0131z!<br \/>\nAceleniz ne!<br \/>\nGelin senede bir Trabzon\u2019a, Van\u2019a, Musa Da\u011f\u2019a, dua edin gidin!<br \/>\nDaha ne istiyorsunuz?<br \/>\n\u0130mroz\u2019a, Bozcaada\u2019ya [s\u00f6zde Lozan Antla\u015fmas\u0131na g\u00f6re \u00f6zerk, \u00f6zel bir stat\u00fcleri olacakt\u0131], kendi adan\u0131za yaz\u0131n turist olarak gelin.<br \/>\nZaten \u0130stanbul\u2019da 2 bin 500 Rum kalm\u0131\u015f, Patrikhane de kapans\u0131n. Merak etmeyin biz oray\u0131 M\u00fcze yapar, senede bir ibadete a\u00e7ar\u0131z.<br \/>\nHi\u00e7 endi\u015feniz olmas\u0131n.<br \/>\nBiz misafirperver milletiz.<br \/>\nNetekim!<\/p>\n<p style=\"text-align: justify\">\u00a0<\/p>\n<p style=\"text-align: justify\"><strong><em>Rag\u0131p Zarakolu<\/em><\/strong><strong><em><\/em><\/strong><\/p>\n<p style=\"text-align: justify\"><strong><em>14\/09\/2010 <\/em><\/strong><\/p>\n<p style=\"text-align: justify\"><strong><em>Evrensel Gazetesi\u00a0<\/em><\/strong><strong><em><\/em><\/strong><\/p>\n","protected":false},"excerpt":{"rendered":"<p>Art\u0131k referandumdan olumlu sonu\u00e7 al\u0131nd\u0131\u011f\u0131na g\u00f6re, hukuksuzlu\u011fa kar\u015f\u0131 militarizm bahanesi de ortadan kalkm\u0131\u015f oldu. K\u0131rsal alandaki militarist milliyet\u00e7ilik, oca\u011f\u0131na incir dikilen ocaklar\u0131n ye\u015fermemesi i\u00e7in i\u00e7mi\u015f oldu\u011fu and\u0131 devam ettirmeye kararl\u0131 g\u00f6r\u00fcn\u00fcyor. \u0130zmir Sel\u00e7uk\u2019taki \u015eirince k\u00f6y\u00fcndeki evlerin y\u0131k\u0131m karar\u0131 onayland\u0131. \u015eimdi y\u0131k\u0131lacak evler aras\u0131na Sevan Ni\u015fanyan\u2019\u0131n evleri yan\u0131nda di\u011fer k\u00f6y evleri de al\u0131nm\u0131\u015f. Anla\u015f\u0131ld\u0131, idare ve [&hellip;]<\/p>\n","protected":false},"author":3,"featured_media":0,"comment_status":"closed","ping_status":"open","sticky":false,"template":"","format":"standard","meta":{"footnotes":""},"categories":[14],"tags":[],"class_list":["post-2024","post","type-post","status-publish","format-standard","hentry","category-haberler"],"yoast_head":"<!-- This site is optimized with the Yoast SEO plugin v27.4 - https:\/\/yoast.com\/product\/yoast-seo-wordpress\/ -->\n<title>Geri d\u00f6n\u00fc\u015f yok! - Bati Ermenistan Ve Bati Ermenileri Sorunlari Ara\u015ftirmalar Merkezi<\/title>\n<meta name=\"robots\" content=\"index, follow, max-snippet:-1, max-image-preview:large, max-video-preview:-1\" \/>\n<link rel=\"canonical\" href=\"https:\/\/akunq.net\/turkish\/2010\/09\/18\/geri-donus-yok\/\" \/>\n<meta property=\"og:locale\" content=\"en_US\" \/>\n<meta property=\"og:type\" content=\"article\" \/>\n<meta property=\"og:title\" content=\"Geri d\u00f6n\u00fc\u015f yok! - Bati Ermenistan Ve Bati Ermenileri Sorunlari Ara\u015ftirmalar Merkezi\" \/>\n<meta property=\"og:description\" content=\"Art\u0131k referandumdan olumlu sonu\u00e7 al\u0131nd\u0131\u011f\u0131na g\u00f6re, hukuksuzlu\u011fa kar\u015f\u0131 militarizm bahanesi de ortadan kalkm\u0131\u015f oldu. K\u0131rsal alandaki militarist milliyet\u00e7ilik, oca\u011f\u0131na incir dikilen ocaklar\u0131n ye\u015fermemesi i\u00e7in i\u00e7mi\u015f oldu\u011fu and\u0131 devam ettirmeye kararl\u0131 g\u00f6r\u00fcn\u00fcyor. \u0130zmir Sel\u00e7uk\u2019taki \u015eirince k\u00f6y\u00fcndeki evlerin y\u0131k\u0131m karar\u0131 onayland\u0131. \u015eimdi y\u0131k\u0131lacak evler aras\u0131na Sevan Ni\u015fanyan\u2019\u0131n evleri yan\u0131nda di\u011fer k\u00f6y evleri de al\u0131nm\u0131\u015f. Anla\u015f\u0131ld\u0131, idare ve [&hellip;]\" \/>\n<meta property=\"og:url\" content=\"https:\/\/akunq.net\/turkish\/2010\/09\/18\/geri-donus-yok\/\" \/>\n<meta property=\"og:site_name\" content=\"Bati Ermenistan Ve Bati Ermenileri Sorunlari Ara\u015ftirmalar Merkezi\" \/>\n<meta property=\"article:published_time\" content=\"2010-09-18T07:07:46+00:00\" \/>\n<meta name=\"author\" content=\"kalem\" \/>\n<meta name=\"twitter:card\" content=\"summary_large_image\" \/>\n<meta name=\"twitter:label1\" content=\"Written by\" \/>\n\t<meta name=\"twitter:data1\" content=\"kalem\" \/>\n\t<meta name=\"twitter:label2\" content=\"Est. reading time\" \/>\n\t<meta name=\"twitter:data2\" content=\"5 minutes\" \/>\n<script type=\"application\/ld+json\" class=\"yoast-schema-graph\">{\"@context\":\"https:\\\/\\\/schema.org\",\"@graph\":[{\"@type\":\"Article\",\"@id\":\"https:\\\/\\\/akunq.net\\\/turkish\\\/2010\\\/09\\\/18\\\/geri-donus-yok\\\/#article\",\"isPartOf\":{\"@id\":\"https:\\\/\\\/akunq.net\\\/turkish\\\/2010\\\/09\\\/18\\\/geri-donus-yok\\\/\"},\"author\":{\"name\":\"kalem\",\"@id\":\"https:\\\/\\\/akunq.net\\\/turkish\\\/#\\\/schema\\\/person\\\/135e7923d1aeb8887890799619969a6c\"},\"headline\":\"Geri d\u00f6n\u00fc\u015f yok!\",\"datePublished\":\"2010-09-18T07:07:46+00:00\",\"mainEntityOfPage\":{\"@id\":\"https:\\\/\\\/akunq.net\\\/turkish\\\/2010\\\/09\\\/18\\\/geri-donus-yok\\\/\"},\"wordCount\":1093,\"articleSection\":[\"Haberler\"],\"inLanguage\":\"en-US\"},{\"@type\":\"WebPage\",\"@id\":\"https:\\\/\\\/akunq.net\\\/turkish\\\/2010\\\/09\\\/18\\\/geri-donus-yok\\\/\",\"url\":\"https:\\\/\\\/akunq.net\\\/turkish\\\/2010\\\/09\\\/18\\\/geri-donus-yok\\\/\",\"name\":\"Geri d\u00f6n\u00fc\u015f yok! - Bati Ermenistan Ve Bati Ermenileri Sorunlari Ara\u015ftirmalar Merkezi\",\"isPartOf\":{\"@id\":\"https:\\\/\\\/akunq.net\\\/turkish\\\/#website\"},\"datePublished\":\"2010-09-18T07:07:46+00:00\",\"author\":{\"@id\":\"https:\\\/\\\/akunq.net\\\/turkish\\\/#\\\/schema\\\/person\\\/135e7923d1aeb8887890799619969a6c\"},\"breadcrumb\":{\"@id\":\"https:\\\/\\\/akunq.net\\\/turkish\\\/2010\\\/09\\\/18\\\/geri-donus-yok\\\/#breadcrumb\"},\"inLanguage\":\"en-US\",\"potentialAction\":[{\"@type\":\"ReadAction\",\"target\":[\"https:\\\/\\\/akunq.net\\\/turkish\\\/2010\\\/09\\\/18\\\/geri-donus-yok\\\/\"]}]},{\"@type\":\"BreadcrumbList\",\"@id\":\"https:\\\/\\\/akunq.net\\\/turkish\\\/2010\\\/09\\\/18\\\/geri-donus-yok\\\/#breadcrumb\",\"itemListElement\":[{\"@type\":\"ListItem\",\"position\":1,\"name\":\"Home\",\"item\":\"https:\\\/\\\/akunq.net\\\/turkish\\\/\"},{\"@type\":\"ListItem\",\"position\":2,\"name\":\"Geri d\u00f6n\u00fc\u015f yok!\"}]},{\"@type\":\"WebSite\",\"@id\":\"https:\\\/\\\/akunq.net\\\/turkish\\\/#website\",\"url\":\"https:\\\/\\\/akunq.net\\\/turkish\\\/\",\"name\":\"Bati Ermenistan Ve Bati Ermenileri Sorunlari Ara\u015ftirmalar Merkezi\",\"description\":\"\",\"potentialAction\":[{\"@type\":\"SearchAction\",\"target\":{\"@type\":\"EntryPoint\",\"urlTemplate\":\"https:\\\/\\\/akunq.net\\\/turkish\\\/?s={search_term_string}\"},\"query-input\":{\"@type\":\"PropertyValueSpecification\",\"valueRequired\":true,\"valueName\":\"search_term_string\"}}],\"inLanguage\":\"en-US\"},{\"@type\":\"Person\",\"@id\":\"https:\\\/\\\/akunq.net\\\/turkish\\\/#\\\/schema\\\/person\\\/135e7923d1aeb8887890799619969a6c\",\"name\":\"kalem\",\"image\":{\"@type\":\"ImageObject\",\"inLanguage\":\"en-US\",\"@id\":\"https:\\\/\\\/secure.gravatar.com\\\/avatar\\\/a06875e4b25feb5674296adf8e8a7ae1e587cebce2493fe63c456109967e27d3?s=96&d=mm&r=g\",\"url\":\"https:\\\/\\\/secure.gravatar.com\\\/avatar\\\/a06875e4b25feb5674296adf8e8a7ae1e587cebce2493fe63c456109967e27d3?s=96&d=mm&r=g\",\"contentUrl\":\"https:\\\/\\\/secure.gravatar.com\\\/avatar\\\/a06875e4b25feb5674296adf8e8a7ae1e587cebce2493fe63c456109967e27d3?s=96&d=mm&r=g\",\"caption\":\"kalem\"},\"url\":\"https:\\\/\\\/akunq.net\\\/turkish\\\/author\\\/kalem\\\/\"}]}<\/script>\n<!-- \/ Yoast SEO plugin. -->","yoast_head_json":{"title":"Geri d\u00f6n\u00fc\u015f yok! - Bati Ermenistan Ve Bati Ermenileri Sorunlari Ara\u015ftirmalar Merkezi","robots":{"index":"index","follow":"follow","max-snippet":"max-snippet:-1","max-image-preview":"max-image-preview:large","max-video-preview":"max-video-preview:-1"},"canonical":"https:\/\/akunq.net\/turkish\/2010\/09\/18\/geri-donus-yok\/","og_locale":"en_US","og_type":"article","og_title":"Geri d\u00f6n\u00fc\u015f yok! - Bati Ermenistan Ve Bati Ermenileri Sorunlari Ara\u015ftirmalar Merkezi","og_description":"Art\u0131k referandumdan olumlu sonu\u00e7 al\u0131nd\u0131\u011f\u0131na g\u00f6re, hukuksuzlu\u011fa kar\u015f\u0131 militarizm bahanesi de ortadan kalkm\u0131\u015f oldu. K\u0131rsal alandaki militarist milliyet\u00e7ilik, oca\u011f\u0131na incir dikilen ocaklar\u0131n ye\u015fermemesi i\u00e7in i\u00e7mi\u015f oldu\u011fu and\u0131 devam ettirmeye kararl\u0131 g\u00f6r\u00fcn\u00fcyor. \u0130zmir Sel\u00e7uk\u2019taki \u015eirince k\u00f6y\u00fcndeki evlerin y\u0131k\u0131m karar\u0131 onayland\u0131. \u015eimdi y\u0131k\u0131lacak evler aras\u0131na Sevan Ni\u015fanyan\u2019\u0131n evleri yan\u0131nda di\u011fer k\u00f6y evleri de al\u0131nm\u0131\u015f. Anla\u015f\u0131ld\u0131, idare ve [&hellip;]","og_url":"https:\/\/akunq.net\/turkish\/2010\/09\/18\/geri-donus-yok\/","og_site_name":"Bati Ermenistan Ve Bati Ermenileri Sorunlari Ara\u015ftirmalar Merkezi","article_published_time":"2010-09-18T07:07:46+00:00","author":"kalem","twitter_card":"summary_large_image","twitter_misc":{"Written by":"kalem","Est. reading time":"5 minutes"},"schema":{"@context":"https:\/\/schema.org","@graph":[{"@type":"Article","@id":"https:\/\/akunq.net\/turkish\/2010\/09\/18\/geri-donus-yok\/#article","isPartOf":{"@id":"https:\/\/akunq.net\/turkish\/2010\/09\/18\/geri-donus-yok\/"},"author":{"name":"kalem","@id":"https:\/\/akunq.net\/turkish\/#\/schema\/person\/135e7923d1aeb8887890799619969a6c"},"headline":"Geri d\u00f6n\u00fc\u015f yok!","datePublished":"2010-09-18T07:07:46+00:00","mainEntityOfPage":{"@id":"https:\/\/akunq.net\/turkish\/2010\/09\/18\/geri-donus-yok\/"},"wordCount":1093,"articleSection":["Haberler"],"inLanguage":"en-US"},{"@type":"WebPage","@id":"https:\/\/akunq.net\/turkish\/2010\/09\/18\/geri-donus-yok\/","url":"https:\/\/akunq.net\/turkish\/2010\/09\/18\/geri-donus-yok\/","name":"Geri d\u00f6n\u00fc\u015f yok! - Bati Ermenistan Ve Bati Ermenileri Sorunlari Ara\u015ftirmalar Merkezi","isPartOf":{"@id":"https:\/\/akunq.net\/turkish\/#website"},"datePublished":"2010-09-18T07:07:46+00:00","author":{"@id":"https:\/\/akunq.net\/turkish\/#\/schema\/person\/135e7923d1aeb8887890799619969a6c"},"breadcrumb":{"@id":"https:\/\/akunq.net\/turkish\/2010\/09\/18\/geri-donus-yok\/#breadcrumb"},"inLanguage":"en-US","potentialAction":[{"@type":"ReadAction","target":["https:\/\/akunq.net\/turkish\/2010\/09\/18\/geri-donus-yok\/"]}]},{"@type":"BreadcrumbList","@id":"https:\/\/akunq.net\/turkish\/2010\/09\/18\/geri-donus-yok\/#breadcrumb","itemListElement":[{"@type":"ListItem","position":1,"name":"Home","item":"https:\/\/akunq.net\/turkish\/"},{"@type":"ListItem","position":2,"name":"Geri d\u00f6n\u00fc\u015f yok!"}]},{"@type":"WebSite","@id":"https:\/\/akunq.net\/turkish\/#website","url":"https:\/\/akunq.net\/turkish\/","name":"Bati Ermenistan Ve Bati Ermenileri Sorunlari Ara\u015ftirmalar Merkezi","description":"","potentialAction":[{"@type":"SearchAction","target":{"@type":"EntryPoint","urlTemplate":"https:\/\/akunq.net\/turkish\/?s={search_term_string}"},"query-input":{"@type":"PropertyValueSpecification","valueRequired":true,"valueName":"search_term_string"}}],"inLanguage":"en-US"},{"@type":"Person","@id":"https:\/\/akunq.net\/turkish\/#\/schema\/person\/135e7923d1aeb8887890799619969a6c","name":"kalem","image":{"@type":"ImageObject","inLanguage":"en-US","@id":"https:\/\/secure.gravatar.com\/avatar\/a06875e4b25feb5674296adf8e8a7ae1e587cebce2493fe63c456109967e27d3?s=96&d=mm&r=g","url":"https:\/\/secure.gravatar.com\/avatar\/a06875e4b25feb5674296adf8e8a7ae1e587cebce2493fe63c456109967e27d3?s=96&d=mm&r=g","contentUrl":"https:\/\/secure.gravatar.com\/avatar\/a06875e4b25feb5674296adf8e8a7ae1e587cebce2493fe63c456109967e27d3?s=96&d=mm&r=g","caption":"kalem"},"url":"https:\/\/akunq.net\/turkish\/author\/kalem\/"}]}},"_links":{"self":[{"href":"https:\/\/akunq.net\/turkish\/wp-json\/wp\/v2\/posts\/2024","targetHints":{"allow":["GET"]}}],"collection":[{"href":"https:\/\/akunq.net\/turkish\/wp-json\/wp\/v2\/posts"}],"about":[{"href":"https:\/\/akunq.net\/turkish\/wp-json\/wp\/v2\/types\/post"}],"author":[{"embeddable":true,"href":"https:\/\/akunq.net\/turkish\/wp-json\/wp\/v2\/users\/3"}],"replies":[{"embeddable":true,"href":"https:\/\/akunq.net\/turkish\/wp-json\/wp\/v2\/comments?post=2024"}],"version-history":[{"count":0,"href":"https:\/\/akunq.net\/turkish\/wp-json\/wp\/v2\/posts\/2024\/revisions"}],"wp:attachment":[{"href":"https:\/\/akunq.net\/turkish\/wp-json\/wp\/v2\/media?parent=2024"}],"wp:term":[{"taxonomy":"category","embeddable":true,"href":"https:\/\/akunq.net\/turkish\/wp-json\/wp\/v2\/categories?post=2024"},{"taxonomy":"post_tag","embeddable":true,"href":"https:\/\/akunq.net\/turkish\/wp-json\/wp\/v2\/tags?post=2024"}],"curies":[{"name":"wp","href":"https:\/\/api.w.org\/{rel}","templated":true}]}}