{"id":2020,"date":"2010-09-18T02:05:29","date_gmt":"2010-09-18T07:05:29","guid":{"rendered":"http:\/\/akunq.net\/tr\/?p=2020"},"modified":"2010-09-18T02:05:29","modified_gmt":"2010-09-18T07:05:29","slug":"ermenice-bilmiyorum-ama-kokenimi-ogrenmek-istiyorum","status":"publish","type":"post","link":"https:\/\/akunq.net\/turkish\/2010\/09\/18\/ermenice-bilmiyorum-ama-kokenimi-ogrenmek-istiyorum\/","title":{"rendered":"&#8220;Ermenice Bilmiyorum, Ama K\u00f6kenimi \u00d6\u011frenmek \u0130stiyorum&#8221;"},"content":{"rendered":"<p style=\"text-align: justify\"><a rel=\"attachment wp-att-2021\" href=\"http:\/\/akunq.net\/tr\/?attachment_id=2021\"><img loading=\"lazy\" decoding=\"async\" class=\"alignleft size-full wp-image-2021\" title=\" Zeki Sar\u0131ca\" src=\"http:\/\/akunq.net\/tr\/wp-content\/uploads\/2010\/09\/72022A56189CB9439C53138Ab.jpg\" alt=\"\" width=\"246\" height=\"204\" \/><\/a>&#8220;1980 Mazgirt do\u011fumluyum, 30 y\u0131ld\u0131r burada ya\u015f\u0131yorum. H\u00fcseyin dedem burada do\u011fmu\u015f b\u00fcy\u00fcm\u00fc\u015f,\u00a0 Ermeni soyk\u0131r\u0131m\u0131nda Burmage\u00e7it k\u00f6y\u00fcn\u00fcn b\u00fcy\u00fck b\u00f6l\u00fcm\u00fc dedeme aitmi\u015f, babas\u0131, karde\u015fleri katledilmi\u015f, dedem ka\u00e7\u0131p burada Mazgirt Dazkaya k\u00f6y\u00fcnde Mustafa a\u011fan\u0131n yan\u0131na s\u0131\u011f\u0131nm\u0131\u015f, tek ba\u015f\u0131na kurtulmu\u015f. Karde\u015flerinin \u00e7o\u011fu \u00f6ld\u00fcr\u00fclm\u00fc\u015f, hayatta kalanlar\u0131 da kaybetmi\u015f. Babaannem de Ermeni. G\u00fcltekin&#8217;in giri\u015fimi \u00e7ok daha \u00f6nce yap\u0131lmal\u0131yd\u0131 bence. Burada \u00e7ok Ermeni var ama kendilerini gizliyorlar. Asimile olmu\u015flar ve korkuyorlar. Ben Ermeni oldu\u011fumu s\u00f6yl\u00fcyorum ama babam bunu yapm\u0131yor. Toplum i\u00e7inde herkes biliyor onun Ermeni oldu\u011funu, asker, polis de biliyor ama &#8216;biz Seyithan a\u015firetindeniz&#8217; diyor. Korkuyorlar, ben art\u0131k korkmuyorum.<\/p>\n<p style=\"text-align: justify\">\u00a0<a href=\"http:\/\/www.yeniaktuel.com.tr\/top125,226@2100.html\">http:\/\/www.yeniaktuel.com.tr\/top125,226@2100.html<\/a><strong> <\/strong><\/p>\n<p style=\"text-align: justify\"><strong>Yeniaktuel<\/strong><\/p>\n<p style=\"text-align: justify\"><strong>Tunceli Esnaf\u0131 Zeki Sar\u0131ca<\/strong><\/p>\n","protected":false},"excerpt":{"rendered":"<p>&#8220;1980 Mazgirt do\u011fumluyum, 30 y\u0131ld\u0131r burada ya\u015f\u0131yorum. H\u00fcseyin dedem burada do\u011fmu\u015f b\u00fcy\u00fcm\u00fc\u015f,\u00a0 Ermeni soyk\u0131r\u0131m\u0131nda Burmage\u00e7it k\u00f6y\u00fcn\u00fcn b\u00fcy\u00fck b\u00f6l\u00fcm\u00fc dedeme aitmi\u015f, babas\u0131, karde\u015fleri katledilmi\u015f, dedem ka\u00e7\u0131p burada Mazgirt Dazkaya k\u00f6y\u00fcnde Mustafa a\u011fan\u0131n yan\u0131na s\u0131\u011f\u0131nm\u0131\u015f, tek ba\u015f\u0131na kurtulmu\u015f. Karde\u015flerinin \u00e7o\u011fu \u00f6ld\u00fcr\u00fclm\u00fc\u015f, hayatta kalanlar\u0131 da kaybetmi\u015f. Babaannem de Ermeni. G\u00fcltekin&#8217;in giri\u015fimi \u00e7ok daha \u00f6nce yap\u0131lmal\u0131yd\u0131 bence. Burada \u00e7ok [&hellip;]<\/p>\n","protected":false},"author":3,"featured_media":0,"comment_status":"closed","ping_status":"open","sticky":false,"template":"","format":"standard","meta":{"footnotes":""},"categories":[14],"tags":[],"class_list":["post-2020","post","type-post","status-publish","format-standard","hentry","category-haberler"],"yoast_head":"<!-- This site is optimized with the Yoast SEO plugin v27.4 - https:\/\/yoast.com\/product\/yoast-seo-wordpress\/ -->\n<title>&quot;Ermenice Bilmiyorum, Ama K\u00f6kenimi \u00d6\u011frenmek \u0130stiyorum&quot; - Bati Ermenistan Ve Bati Ermenileri Sorunlari Ara\u015ftirmalar Merkezi<\/title>\n<meta name=\"robots\" content=\"index, follow, max-snippet:-1, max-image-preview:large, max-video-preview:-1\" \/>\n<link rel=\"canonical\" href=\"https:\/\/akunq.net\/turkish\/2010\/09\/18\/ermenice-bilmiyorum-ama-kokenimi-ogrenmek-istiyorum\/\" \/>\n<meta property=\"og:locale\" content=\"en_US\" \/>\n<meta property=\"og:type\" content=\"article\" \/>\n<meta property=\"og:title\" content=\"&quot;Ermenice Bilmiyorum, Ama K\u00f6kenimi \u00d6\u011frenmek \u0130stiyorum&quot; - Bati Ermenistan Ve Bati Ermenileri Sorunlari Ara\u015ftirmalar Merkezi\" \/>\n<meta property=\"og:description\" content=\"&#8220;1980 Mazgirt do\u011fumluyum, 30 y\u0131ld\u0131r burada ya\u015f\u0131yorum. H\u00fcseyin dedem burada do\u011fmu\u015f b\u00fcy\u00fcm\u00fc\u015f,\u00a0 Ermeni soyk\u0131r\u0131m\u0131nda Burmage\u00e7it k\u00f6y\u00fcn\u00fcn b\u00fcy\u00fck b\u00f6l\u00fcm\u00fc dedeme aitmi\u015f, babas\u0131, karde\u015fleri katledilmi\u015f, dedem ka\u00e7\u0131p burada Mazgirt Dazkaya k\u00f6y\u00fcnde Mustafa a\u011fan\u0131n yan\u0131na s\u0131\u011f\u0131nm\u0131\u015f, tek ba\u015f\u0131na kurtulmu\u015f. Karde\u015flerinin \u00e7o\u011fu \u00f6ld\u00fcr\u00fclm\u00fc\u015f, hayatta kalanlar\u0131 da kaybetmi\u015f. Babaannem de Ermeni. G\u00fcltekin&#8217;in giri\u015fimi \u00e7ok daha \u00f6nce yap\u0131lmal\u0131yd\u0131 bence. Burada \u00e7ok [&hellip;]\" \/>\n<meta property=\"og:url\" content=\"https:\/\/akunq.net\/turkish\/2010\/09\/18\/ermenice-bilmiyorum-ama-kokenimi-ogrenmek-istiyorum\/\" \/>\n<meta property=\"og:site_name\" content=\"Bati Ermenistan Ve Bati Ermenileri Sorunlari Ara\u015ftirmalar Merkezi\" \/>\n<meta property=\"article:published_time\" content=\"2010-09-18T07:05:29+00:00\" \/>\n<meta property=\"og:image\" content=\"https:\/\/akunq.net\/turkish\/wp-content\/uploads\/sites\/5\/2010\/09\/72022A56189CB9439C53138Ab.jpg\" \/>\n\t<meta property=\"og:image:width\" content=\"150\" \/>\n\t<meta property=\"og:image:height\" content=\"130\" \/>\n\t<meta property=\"og:image:type\" content=\"image\/jpeg\" \/>\n<meta name=\"author\" content=\"kalem\" \/>\n<meta name=\"twitter:card\" content=\"summary_large_image\" \/>\n<meta name=\"twitter:label1\" content=\"Written by\" \/>\n\t<meta name=\"twitter:data1\" content=\"kalem\" \/>\n\t<meta name=\"twitter:label2\" content=\"Est. reading time\" \/>\n\t<meta name=\"twitter:data2\" content=\"1 minute\" \/>\n<script type=\"application\/ld+json\" class=\"yoast-schema-graph\">{\"@context\":\"https:\\\/\\\/schema.org\",\"@graph\":[{\"@type\":\"Article\",\"@id\":\"https:\\\/\\\/akunq.net\\\/turkish\\\/2010\\\/09\\\/18\\\/ermenice-bilmiyorum-ama-kokenimi-ogrenmek-istiyorum\\\/#article\",\"isPartOf\":{\"@id\":\"https:\\\/\\\/akunq.net\\\/turkish\\\/2010\\\/09\\\/18\\\/ermenice-bilmiyorum-ama-kokenimi-ogrenmek-istiyorum\\\/\"},\"author\":{\"name\":\"kalem\",\"@id\":\"https:\\\/\\\/akunq.net\\\/turkish\\\/#\\\/schema\\\/person\\\/135e7923d1aeb8887890799619969a6c\"},\"headline\":\"&#8220;Ermenice Bilmiyorum, Ama K\u00f6kenimi \u00d6\u011frenmek \u0130stiyorum&#8221;\",\"datePublished\":\"2010-09-18T07:05:29+00:00\",\"mainEntityOfPage\":{\"@id\":\"https:\\\/\\\/akunq.net\\\/turkish\\\/2010\\\/09\\\/18\\\/ermenice-bilmiyorum-ama-kokenimi-ogrenmek-istiyorum\\\/\"},\"wordCount\":155,\"image\":{\"@id\":\"https:\\\/\\\/akunq.net\\\/turkish\\\/2010\\\/09\\\/18\\\/ermenice-bilmiyorum-ama-kokenimi-ogrenmek-istiyorum\\\/#primaryimage\"},\"thumbnailUrl\":\"http:\\\/\\\/akunq.net\\\/tr\\\/wp-content\\\/uploads\\\/2010\\\/09\\\/72022A56189CB9439C53138Ab.jpg\",\"articleSection\":[\"Haberler\"],\"inLanguage\":\"en-US\"},{\"@type\":\"WebPage\",\"@id\":\"https:\\\/\\\/akunq.net\\\/turkish\\\/2010\\\/09\\\/18\\\/ermenice-bilmiyorum-ama-kokenimi-ogrenmek-istiyorum\\\/\",\"url\":\"https:\\\/\\\/akunq.net\\\/turkish\\\/2010\\\/09\\\/18\\\/ermenice-bilmiyorum-ama-kokenimi-ogrenmek-istiyorum\\\/\",\"name\":\"\\\"Ermenice Bilmiyorum, Ama K\u00f6kenimi \u00d6\u011frenmek \u0130stiyorum\\\" - Bati Ermenistan Ve Bati Ermenileri Sorunlari Ara\u015ftirmalar Merkezi\",\"isPartOf\":{\"@id\":\"https:\\\/\\\/akunq.net\\\/turkish\\\/#website\"},\"primaryImageOfPage\":{\"@id\":\"https:\\\/\\\/akunq.net\\\/turkish\\\/2010\\\/09\\\/18\\\/ermenice-bilmiyorum-ama-kokenimi-ogrenmek-istiyorum\\\/#primaryimage\"},\"image\":{\"@id\":\"https:\\\/\\\/akunq.net\\\/turkish\\\/2010\\\/09\\\/18\\\/ermenice-bilmiyorum-ama-kokenimi-ogrenmek-istiyorum\\\/#primaryimage\"},\"thumbnailUrl\":\"http:\\\/\\\/akunq.net\\\/tr\\\/wp-content\\\/uploads\\\/2010\\\/09\\\/72022A56189CB9439C53138Ab.jpg\",\"datePublished\":\"2010-09-18T07:05:29+00:00\",\"author\":{\"@id\":\"https:\\\/\\\/akunq.net\\\/turkish\\\/#\\\/schema\\\/person\\\/135e7923d1aeb8887890799619969a6c\"},\"breadcrumb\":{\"@id\":\"https:\\\/\\\/akunq.net\\\/turkish\\\/2010\\\/09\\\/18\\\/ermenice-bilmiyorum-ama-kokenimi-ogrenmek-istiyorum\\\/#breadcrumb\"},\"inLanguage\":\"en-US\",\"potentialAction\":[{\"@type\":\"ReadAction\",\"target\":[\"https:\\\/\\\/akunq.net\\\/turkish\\\/2010\\\/09\\\/18\\\/ermenice-bilmiyorum-ama-kokenimi-ogrenmek-istiyorum\\\/\"]}]},{\"@type\":\"ImageObject\",\"inLanguage\":\"en-US\",\"@id\":\"https:\\\/\\\/akunq.net\\\/turkish\\\/2010\\\/09\\\/18\\\/ermenice-bilmiyorum-ama-kokenimi-ogrenmek-istiyorum\\\/#primaryimage\",\"url\":\"http:\\\/\\\/akunq.net\\\/tr\\\/wp-content\\\/uploads\\\/2010\\\/09\\\/72022A56189CB9439C53138Ab.jpg\",\"contentUrl\":\"http:\\\/\\\/akunq.net\\\/tr\\\/wp-content\\\/uploads\\\/2010\\\/09\\\/72022A56189CB9439C53138Ab.jpg\"},{\"@type\":\"BreadcrumbList\",\"@id\":\"https:\\\/\\\/akunq.net\\\/turkish\\\/2010\\\/09\\\/18\\\/ermenice-bilmiyorum-ama-kokenimi-ogrenmek-istiyorum\\\/#breadcrumb\",\"itemListElement\":[{\"@type\":\"ListItem\",\"position\":1,\"name\":\"Home\",\"item\":\"https:\\\/\\\/akunq.net\\\/turkish\\\/\"},{\"@type\":\"ListItem\",\"position\":2,\"name\":\"&#8220;Ermenice Bilmiyorum, Ama K\u00f6kenimi \u00d6\u011frenmek \u0130stiyorum&#8221;\"}]},{\"@type\":\"WebSite\",\"@id\":\"https:\\\/\\\/akunq.net\\\/turkish\\\/#website\",\"url\":\"https:\\\/\\\/akunq.net\\\/turkish\\\/\",\"name\":\"Bati Ermenistan Ve Bati Ermenileri Sorunlari Ara\u015ftirmalar Merkezi\",\"description\":\"\",\"potentialAction\":[{\"@type\":\"SearchAction\",\"target\":{\"@type\":\"EntryPoint\",\"urlTemplate\":\"https:\\\/\\\/akunq.net\\\/turkish\\\/?s={search_term_string}\"},\"query-input\":{\"@type\":\"PropertyValueSpecification\",\"valueRequired\":true,\"valueName\":\"search_term_string\"}}],\"inLanguage\":\"en-US\"},{\"@type\":\"Person\",\"@id\":\"https:\\\/\\\/akunq.net\\\/turkish\\\/#\\\/schema\\\/person\\\/135e7923d1aeb8887890799619969a6c\",\"name\":\"kalem\",\"image\":{\"@type\":\"ImageObject\",\"inLanguage\":\"en-US\",\"@id\":\"https:\\\/\\\/secure.gravatar.com\\\/avatar\\\/a06875e4b25feb5674296adf8e8a7ae1e587cebce2493fe63c456109967e27d3?s=96&d=mm&r=g\",\"url\":\"https:\\\/\\\/secure.gravatar.com\\\/avatar\\\/a06875e4b25feb5674296adf8e8a7ae1e587cebce2493fe63c456109967e27d3?s=96&d=mm&r=g\",\"contentUrl\":\"https:\\\/\\\/secure.gravatar.com\\\/avatar\\\/a06875e4b25feb5674296adf8e8a7ae1e587cebce2493fe63c456109967e27d3?s=96&d=mm&r=g\",\"caption\":\"kalem\"},\"url\":\"https:\\\/\\\/akunq.net\\\/turkish\\\/author\\\/kalem\\\/\"}]}<\/script>\n<!-- \/ Yoast SEO plugin. -->","yoast_head_json":{"title":"\"Ermenice Bilmiyorum, Ama K\u00f6kenimi \u00d6\u011frenmek \u0130stiyorum\" - Bati Ermenistan Ve Bati Ermenileri Sorunlari Ara\u015ftirmalar Merkezi","robots":{"index":"index","follow":"follow","max-snippet":"max-snippet:-1","max-image-preview":"max-image-preview:large","max-video-preview":"max-video-preview:-1"},"canonical":"https:\/\/akunq.net\/turkish\/2010\/09\/18\/ermenice-bilmiyorum-ama-kokenimi-ogrenmek-istiyorum\/","og_locale":"en_US","og_type":"article","og_title":"\"Ermenice Bilmiyorum, Ama K\u00f6kenimi \u00d6\u011frenmek \u0130stiyorum\" - Bati Ermenistan Ve Bati Ermenileri Sorunlari Ara\u015ftirmalar Merkezi","og_description":"&#8220;1980 Mazgirt do\u011fumluyum, 30 y\u0131ld\u0131r burada ya\u015f\u0131yorum. H\u00fcseyin dedem burada do\u011fmu\u015f b\u00fcy\u00fcm\u00fc\u015f,\u00a0 Ermeni soyk\u0131r\u0131m\u0131nda Burmage\u00e7it k\u00f6y\u00fcn\u00fcn b\u00fcy\u00fck b\u00f6l\u00fcm\u00fc dedeme aitmi\u015f, babas\u0131, karde\u015fleri katledilmi\u015f, dedem ka\u00e7\u0131p burada Mazgirt Dazkaya k\u00f6y\u00fcnde Mustafa a\u011fan\u0131n yan\u0131na s\u0131\u011f\u0131nm\u0131\u015f, tek ba\u015f\u0131na kurtulmu\u015f. Karde\u015flerinin \u00e7o\u011fu \u00f6ld\u00fcr\u00fclm\u00fc\u015f, hayatta kalanlar\u0131 da kaybetmi\u015f. Babaannem de Ermeni. G\u00fcltekin&#8217;in giri\u015fimi \u00e7ok daha \u00f6nce yap\u0131lmal\u0131yd\u0131 bence. Burada \u00e7ok [&hellip;]","og_url":"https:\/\/akunq.net\/turkish\/2010\/09\/18\/ermenice-bilmiyorum-ama-kokenimi-ogrenmek-istiyorum\/","og_site_name":"Bati Ermenistan Ve Bati Ermenileri Sorunlari Ara\u015ftirmalar Merkezi","article_published_time":"2010-09-18T07:05:29+00:00","og_image":[{"width":150,"height":130,"url":"https:\/\/akunq.net\/turkish\/wp-content\/uploads\/sites\/5\/2010\/09\/72022A56189CB9439C53138Ab.jpg","type":"image\/jpeg"}],"author":"kalem","twitter_card":"summary_large_image","twitter_misc":{"Written by":"kalem","Est. reading time":"1 minute"},"schema":{"@context":"https:\/\/schema.org","@graph":[{"@type":"Article","@id":"https:\/\/akunq.net\/turkish\/2010\/09\/18\/ermenice-bilmiyorum-ama-kokenimi-ogrenmek-istiyorum\/#article","isPartOf":{"@id":"https:\/\/akunq.net\/turkish\/2010\/09\/18\/ermenice-bilmiyorum-ama-kokenimi-ogrenmek-istiyorum\/"},"author":{"name":"kalem","@id":"https:\/\/akunq.net\/turkish\/#\/schema\/person\/135e7923d1aeb8887890799619969a6c"},"headline":"&#8220;Ermenice Bilmiyorum, Ama K\u00f6kenimi \u00d6\u011frenmek \u0130stiyorum&#8221;","datePublished":"2010-09-18T07:05:29+00:00","mainEntityOfPage":{"@id":"https:\/\/akunq.net\/turkish\/2010\/09\/18\/ermenice-bilmiyorum-ama-kokenimi-ogrenmek-istiyorum\/"},"wordCount":155,"image":{"@id":"https:\/\/akunq.net\/turkish\/2010\/09\/18\/ermenice-bilmiyorum-ama-kokenimi-ogrenmek-istiyorum\/#primaryimage"},"thumbnailUrl":"http:\/\/akunq.net\/tr\/wp-content\/uploads\/2010\/09\/72022A56189CB9439C53138Ab.jpg","articleSection":["Haberler"],"inLanguage":"en-US"},{"@type":"WebPage","@id":"https:\/\/akunq.net\/turkish\/2010\/09\/18\/ermenice-bilmiyorum-ama-kokenimi-ogrenmek-istiyorum\/","url":"https:\/\/akunq.net\/turkish\/2010\/09\/18\/ermenice-bilmiyorum-ama-kokenimi-ogrenmek-istiyorum\/","name":"\"Ermenice Bilmiyorum, Ama K\u00f6kenimi \u00d6\u011frenmek \u0130stiyorum\" - Bati Ermenistan Ve Bati Ermenileri Sorunlari Ara\u015ftirmalar Merkezi","isPartOf":{"@id":"https:\/\/akunq.net\/turkish\/#website"},"primaryImageOfPage":{"@id":"https:\/\/akunq.net\/turkish\/2010\/09\/18\/ermenice-bilmiyorum-ama-kokenimi-ogrenmek-istiyorum\/#primaryimage"},"image":{"@id":"https:\/\/akunq.net\/turkish\/2010\/09\/18\/ermenice-bilmiyorum-ama-kokenimi-ogrenmek-istiyorum\/#primaryimage"},"thumbnailUrl":"http:\/\/akunq.net\/tr\/wp-content\/uploads\/2010\/09\/72022A56189CB9439C53138Ab.jpg","datePublished":"2010-09-18T07:05:29+00:00","author":{"@id":"https:\/\/akunq.net\/turkish\/#\/schema\/person\/135e7923d1aeb8887890799619969a6c"},"breadcrumb":{"@id":"https:\/\/akunq.net\/turkish\/2010\/09\/18\/ermenice-bilmiyorum-ama-kokenimi-ogrenmek-istiyorum\/#breadcrumb"},"inLanguage":"en-US","potentialAction":[{"@type":"ReadAction","target":["https:\/\/akunq.net\/turkish\/2010\/09\/18\/ermenice-bilmiyorum-ama-kokenimi-ogrenmek-istiyorum\/"]}]},{"@type":"ImageObject","inLanguage":"en-US","@id":"https:\/\/akunq.net\/turkish\/2010\/09\/18\/ermenice-bilmiyorum-ama-kokenimi-ogrenmek-istiyorum\/#primaryimage","url":"http:\/\/akunq.net\/tr\/wp-content\/uploads\/2010\/09\/72022A56189CB9439C53138Ab.jpg","contentUrl":"http:\/\/akunq.net\/tr\/wp-content\/uploads\/2010\/09\/72022A56189CB9439C53138Ab.jpg"},{"@type":"BreadcrumbList","@id":"https:\/\/akunq.net\/turkish\/2010\/09\/18\/ermenice-bilmiyorum-ama-kokenimi-ogrenmek-istiyorum\/#breadcrumb","itemListElement":[{"@type":"ListItem","position":1,"name":"Home","item":"https:\/\/akunq.net\/turkish\/"},{"@type":"ListItem","position":2,"name":"&#8220;Ermenice Bilmiyorum, Ama K\u00f6kenimi \u00d6\u011frenmek \u0130stiyorum&#8221;"}]},{"@type":"WebSite","@id":"https:\/\/akunq.net\/turkish\/#website","url":"https:\/\/akunq.net\/turkish\/","name":"Bati Ermenistan Ve Bati Ermenileri Sorunlari Ara\u015ftirmalar Merkezi","description":"","potentialAction":[{"@type":"SearchAction","target":{"@type":"EntryPoint","urlTemplate":"https:\/\/akunq.net\/turkish\/?s={search_term_string}"},"query-input":{"@type":"PropertyValueSpecification","valueRequired":true,"valueName":"search_term_string"}}],"inLanguage":"en-US"},{"@type":"Person","@id":"https:\/\/akunq.net\/turkish\/#\/schema\/person\/135e7923d1aeb8887890799619969a6c","name":"kalem","image":{"@type":"ImageObject","inLanguage":"en-US","@id":"https:\/\/secure.gravatar.com\/avatar\/a06875e4b25feb5674296adf8e8a7ae1e587cebce2493fe63c456109967e27d3?s=96&d=mm&r=g","url":"https:\/\/secure.gravatar.com\/avatar\/a06875e4b25feb5674296adf8e8a7ae1e587cebce2493fe63c456109967e27d3?s=96&d=mm&r=g","contentUrl":"https:\/\/secure.gravatar.com\/avatar\/a06875e4b25feb5674296adf8e8a7ae1e587cebce2493fe63c456109967e27d3?s=96&d=mm&r=g","caption":"kalem"},"url":"https:\/\/akunq.net\/turkish\/author\/kalem\/"}]}},"_links":{"self":[{"href":"https:\/\/akunq.net\/turkish\/wp-json\/wp\/v2\/posts\/2020","targetHints":{"allow":["GET"]}}],"collection":[{"href":"https:\/\/akunq.net\/turkish\/wp-json\/wp\/v2\/posts"}],"about":[{"href":"https:\/\/akunq.net\/turkish\/wp-json\/wp\/v2\/types\/post"}],"author":[{"embeddable":true,"href":"https:\/\/akunq.net\/turkish\/wp-json\/wp\/v2\/users\/3"}],"replies":[{"embeddable":true,"href":"https:\/\/akunq.net\/turkish\/wp-json\/wp\/v2\/comments?post=2020"}],"version-history":[{"count":0,"href":"https:\/\/akunq.net\/turkish\/wp-json\/wp\/v2\/posts\/2020\/revisions"}],"wp:attachment":[{"href":"https:\/\/akunq.net\/turkish\/wp-json\/wp\/v2\/media?parent=2020"}],"wp:term":[{"taxonomy":"category","embeddable":true,"href":"https:\/\/akunq.net\/turkish\/wp-json\/wp\/v2\/categories?post=2020"},{"taxonomy":"post_tag","embeddable":true,"href":"https:\/\/akunq.net\/turkish\/wp-json\/wp\/v2\/tags?post=2020"}],"curies":[{"name":"wp","href":"https:\/\/api.w.org\/{rel}","templated":true}]}}