{"id":2018,"date":"2010-09-18T01:14:22","date_gmt":"2010-09-18T06:14:22","guid":{"rendered":"http:\/\/akunq.net\/tr\/?p=2018"},"modified":"2010-09-18T01:14:22","modified_gmt":"2010-09-18T06:14:22","slug":"ahtamar-sp-hacta-turk-propaganda-islemlerine-karsi-ayin-ve-protesto-gosterisi","status":"publish","type":"post","link":"https:\/\/akunq.net\/turkish\/2010\/09\/18\/ahtamar-sp-hacta-turk-propaganda-islemlerine-karsi-ayin-ve-protesto-gosterisi\/","title":{"rendered":"Ahtamar Sp. Ha\u00e7\u2019ta T\u00fcrk propaganda i\u015flemlerine kar\u015f\u0131 ayin ve protesto g\u00f6sterisi"},"content":{"rendered":"<p style=\"text-align: justify\">Ermeni Soyk\u0131r\u0131m\u0131 M\u00fcze-Enstit\u00fcs\u00fc\u2019n\u00fcn verdi\u011fi bilgiye g\u00f6re; Van Ahtamar Sp. Ha\u00e7 Kilisesi\u2019nde T\u00fcrk H\u00fck\u00fcmeti taraf\u0131ndan te\u015febb\u00fcs edilen propagandif i\u015flemlere kar\u015f\u0131, 19 Eyl\u00fcl saat 12:00\u2019de Soyk\u0131r\u0131m kurbanlar\u0131 an\u0131t kompleksi yak\u0131n\u0131nda bir ayin ve protesto g\u00f6sterisi d\u00fczenlenecek.<\/p>\n<p style=\"text-align: justify\">Ayn\u0131 g\u00fcn Ahtamar adas\u0131 Sp. Ha\u00e7 Kilisesi\u2019nde ilk kez dini ayin ger\u00e7ekle\u015ftirilece\u011fini hat\u0131rlatal\u0131m. Ancak T\u00fcrk y\u00f6netimi\u00a0 ayin g\u00fcn\u00fcne kadar ha\u00e7\u0131n kubbeye yerle\u015ftirilmesini yeti\u015ftiremiyeceklerini beyan etmi\u015flerdi. Ha\u00e7 adaya nakledilmi\u015f olup, kilisenin kar\u015f\u0131s\u0131na konmu\u015f durumda.<\/p>\n<p style=\"text-align: justify\">Ermeni Apostolik Kilisesi ve Kilikya Katolikosluklar\u0131, Kud\u00fcs Patrikhanesi ayine kat\u0131lmama karar\u0131 ald\u0131lar. S. Ha\u00e7\u2019ta ger\u00e7ekle\u015ftirilecek ayine \u0130stanbul Patrikhanesi\u2019nden Patrik Genel vekili ba\u015fpiskopos Aram Ate\u015fyan riyaset edecek.<\/p>\n<p style=\"text-align: justify\">Ermeni kamuoyu ise konuyla ilgili olarak ikiye b\u00f6l\u00fcnm\u00fc\u015f durumda. Bir k\u0131sm\u0131 T\u00fcrkiye\u2019nin bununla imaj\u0131n\u0131 d\u00fczeltmeye \u00e7al\u0131\u015ft\u0131\u011f\u0131n\u0131 ifade ederek etkinli\u011fin bokot edilmesini savunurken; di\u011fer bir k\u0131sm\u0131ysa ayine kat\u0131n\u0131lmas\u0131n\u0131 zira bununla T\u00fcrkiye sath\u0131ndaki di\u011fer Emeni kiliselerinin de onar\u0131m\u0131na kap\u0131 aralanaca\u011f\u0131n\u0131 savunmaktalar.<\/p>\n<p style=\"text-align: justify\"><strong><em><a href=\"http:\/\/news.am\/tur\/\">News from Armenia &#8211; NEWS.am<\/a><\/em><\/strong><\/p>\n<p style=\"text-align: justify\"><strong><em>Eyl\u00fcl 17, 2010 <\/em><\/strong><\/p>\n","protected":false},"excerpt":{"rendered":"<p>Ermeni Soyk\u0131r\u0131m\u0131 M\u00fcze-Enstit\u00fcs\u00fc\u2019n\u00fcn verdi\u011fi bilgiye g\u00f6re; Van Ahtamar Sp. Ha\u00e7 Kilisesi\u2019nde T\u00fcrk H\u00fck\u00fcmeti taraf\u0131ndan te\u015febb\u00fcs edilen propagandif i\u015flemlere kar\u015f\u0131, 19 Eyl\u00fcl saat 12:00\u2019de Soyk\u0131r\u0131m kurbanlar\u0131 an\u0131t kompleksi yak\u0131n\u0131nda bir ayin ve protesto g\u00f6sterisi d\u00fczenlenecek. Ayn\u0131 g\u00fcn Ahtamar adas\u0131 Sp. Ha\u00e7 Kilisesi\u2019nde ilk kez dini ayin ger\u00e7ekle\u015ftirilece\u011fini hat\u0131rlatal\u0131m. Ancak T\u00fcrk y\u00f6netimi\u00a0 ayin g\u00fcn\u00fcne kadar ha\u00e7\u0131n kubbeye [&hellip;]<\/p>\n","protected":false},"author":3,"featured_media":0,"comment_status":"closed","ping_status":"open","sticky":false,"template":"","format":"standard","meta":{"footnotes":""},"categories":[14],"tags":[],"class_list":["post-2018","post","type-post","status-publish","format-standard","hentry","category-haberler"],"yoast_head":"<!-- This site is optimized with the Yoast SEO plugin v27.4 - https:\/\/yoast.com\/product\/yoast-seo-wordpress\/ -->\n<title>Ahtamar Sp. Ha\u00e7\u2019ta T\u00fcrk propaganda i\u015flemlerine kar\u015f\u0131 ayin ve protesto g\u00f6sterisi - Bati Ermenistan Ve Bati Ermenileri Sorunlari Ara\u015ftirmalar Merkezi<\/title>\n<meta name=\"robots\" content=\"index, follow, max-snippet:-1, max-image-preview:large, max-video-preview:-1\" \/>\n<link rel=\"canonical\" href=\"https:\/\/akunq.net\/turkish\/2010\/09\/18\/ahtamar-sp-hacta-turk-propaganda-islemlerine-karsi-ayin-ve-protesto-gosterisi\/\" \/>\n<meta property=\"og:locale\" content=\"en_US\" \/>\n<meta property=\"og:type\" content=\"article\" \/>\n<meta property=\"og:title\" content=\"Ahtamar Sp. Ha\u00e7\u2019ta T\u00fcrk propaganda i\u015flemlerine kar\u015f\u0131 ayin ve protesto g\u00f6sterisi - Bati Ermenistan Ve Bati Ermenileri Sorunlari Ara\u015ftirmalar Merkezi\" \/>\n<meta property=\"og:description\" content=\"Ermeni Soyk\u0131r\u0131m\u0131 M\u00fcze-Enstit\u00fcs\u00fc\u2019n\u00fcn verdi\u011fi bilgiye g\u00f6re; Van Ahtamar Sp. Ha\u00e7 Kilisesi\u2019nde T\u00fcrk H\u00fck\u00fcmeti taraf\u0131ndan te\u015febb\u00fcs edilen propagandif i\u015flemlere kar\u015f\u0131, 19 Eyl\u00fcl saat 12:00\u2019de Soyk\u0131r\u0131m kurbanlar\u0131 an\u0131t kompleksi yak\u0131n\u0131nda bir ayin ve protesto g\u00f6sterisi d\u00fczenlenecek. Ayn\u0131 g\u00fcn Ahtamar adas\u0131 Sp. Ha\u00e7 Kilisesi\u2019nde ilk kez dini ayin ger\u00e7ekle\u015ftirilece\u011fini hat\u0131rlatal\u0131m. Ancak T\u00fcrk y\u00f6netimi\u00a0 ayin g\u00fcn\u00fcne kadar ha\u00e7\u0131n kubbeye [&hellip;]\" \/>\n<meta property=\"og:url\" content=\"https:\/\/akunq.net\/turkish\/2010\/09\/18\/ahtamar-sp-hacta-turk-propaganda-islemlerine-karsi-ayin-ve-protesto-gosterisi\/\" \/>\n<meta property=\"og:site_name\" content=\"Bati Ermenistan Ve Bati Ermenileri Sorunlari Ara\u015ftirmalar Merkezi\" \/>\n<meta property=\"article:published_time\" content=\"2010-09-18T06:14:22+00:00\" \/>\n<meta name=\"author\" content=\"kalem\" \/>\n<meta name=\"twitter:card\" content=\"summary_large_image\" \/>\n<meta name=\"twitter:label1\" content=\"Written by\" \/>\n\t<meta name=\"twitter:data1\" content=\"kalem\" \/>\n\t<meta name=\"twitter:label2\" content=\"Est. reading time\" \/>\n\t<meta name=\"twitter:data2\" content=\"1 minute\" \/>\n<script type=\"application\/ld+json\" class=\"yoast-schema-graph\">{\"@context\":\"https:\\\/\\\/schema.org\",\"@graph\":[{\"@type\":\"Article\",\"@id\":\"https:\\\/\\\/akunq.net\\\/turkish\\\/2010\\\/09\\\/18\\\/ahtamar-sp-hacta-turk-propaganda-islemlerine-karsi-ayin-ve-protesto-gosterisi\\\/#article\",\"isPartOf\":{\"@id\":\"https:\\\/\\\/akunq.net\\\/turkish\\\/2010\\\/09\\\/18\\\/ahtamar-sp-hacta-turk-propaganda-islemlerine-karsi-ayin-ve-protesto-gosterisi\\\/\"},\"author\":{\"name\":\"kalem\",\"@id\":\"https:\\\/\\\/akunq.net\\\/turkish\\\/#\\\/schema\\\/person\\\/135e7923d1aeb8887890799619969a6c\"},\"headline\":\"Ahtamar Sp. Ha\u00e7\u2019ta T\u00fcrk propaganda i\u015flemlerine kar\u015f\u0131 ayin ve protesto g\u00f6sterisi\",\"datePublished\":\"2010-09-18T06:14:22+00:00\",\"mainEntityOfPage\":{\"@id\":\"https:\\\/\\\/akunq.net\\\/turkish\\\/2010\\\/09\\\/18\\\/ahtamar-sp-hacta-turk-propaganda-islemlerine-karsi-ayin-ve-protesto-gosterisi\\\/\"},\"wordCount\":226,\"articleSection\":[\"Haberler\"],\"inLanguage\":\"en-US\"},{\"@type\":\"WebPage\",\"@id\":\"https:\\\/\\\/akunq.net\\\/turkish\\\/2010\\\/09\\\/18\\\/ahtamar-sp-hacta-turk-propaganda-islemlerine-karsi-ayin-ve-protesto-gosterisi\\\/\",\"url\":\"https:\\\/\\\/akunq.net\\\/turkish\\\/2010\\\/09\\\/18\\\/ahtamar-sp-hacta-turk-propaganda-islemlerine-karsi-ayin-ve-protesto-gosterisi\\\/\",\"name\":\"Ahtamar Sp. Ha\u00e7\u2019ta T\u00fcrk propaganda i\u015flemlerine kar\u015f\u0131 ayin ve protesto g\u00f6sterisi - Bati Ermenistan Ve Bati Ermenileri Sorunlari Ara\u015ftirmalar Merkezi\",\"isPartOf\":{\"@id\":\"https:\\\/\\\/akunq.net\\\/turkish\\\/#website\"},\"datePublished\":\"2010-09-18T06:14:22+00:00\",\"author\":{\"@id\":\"https:\\\/\\\/akunq.net\\\/turkish\\\/#\\\/schema\\\/person\\\/135e7923d1aeb8887890799619969a6c\"},\"breadcrumb\":{\"@id\":\"https:\\\/\\\/akunq.net\\\/turkish\\\/2010\\\/09\\\/18\\\/ahtamar-sp-hacta-turk-propaganda-islemlerine-karsi-ayin-ve-protesto-gosterisi\\\/#breadcrumb\"},\"inLanguage\":\"en-US\",\"potentialAction\":[{\"@type\":\"ReadAction\",\"target\":[\"https:\\\/\\\/akunq.net\\\/turkish\\\/2010\\\/09\\\/18\\\/ahtamar-sp-hacta-turk-propaganda-islemlerine-karsi-ayin-ve-protesto-gosterisi\\\/\"]}]},{\"@type\":\"BreadcrumbList\",\"@id\":\"https:\\\/\\\/akunq.net\\\/turkish\\\/2010\\\/09\\\/18\\\/ahtamar-sp-hacta-turk-propaganda-islemlerine-karsi-ayin-ve-protesto-gosterisi\\\/#breadcrumb\",\"itemListElement\":[{\"@type\":\"ListItem\",\"position\":1,\"name\":\"Home\",\"item\":\"https:\\\/\\\/akunq.net\\\/turkish\\\/\"},{\"@type\":\"ListItem\",\"position\":2,\"name\":\"Ahtamar Sp. Ha\u00e7\u2019ta T\u00fcrk propaganda i\u015flemlerine kar\u015f\u0131 ayin ve protesto g\u00f6sterisi\"}]},{\"@type\":\"WebSite\",\"@id\":\"https:\\\/\\\/akunq.net\\\/turkish\\\/#website\",\"url\":\"https:\\\/\\\/akunq.net\\\/turkish\\\/\",\"name\":\"Bati Ermenistan Ve Bati Ermenileri Sorunlari Ara\u015ftirmalar Merkezi\",\"description\":\"\",\"potentialAction\":[{\"@type\":\"SearchAction\",\"target\":{\"@type\":\"EntryPoint\",\"urlTemplate\":\"https:\\\/\\\/akunq.net\\\/turkish\\\/?s={search_term_string}\"},\"query-input\":{\"@type\":\"PropertyValueSpecification\",\"valueRequired\":true,\"valueName\":\"search_term_string\"}}],\"inLanguage\":\"en-US\"},{\"@type\":\"Person\",\"@id\":\"https:\\\/\\\/akunq.net\\\/turkish\\\/#\\\/schema\\\/person\\\/135e7923d1aeb8887890799619969a6c\",\"name\":\"kalem\",\"image\":{\"@type\":\"ImageObject\",\"inLanguage\":\"en-US\",\"@id\":\"https:\\\/\\\/secure.gravatar.com\\\/avatar\\\/a06875e4b25feb5674296adf8e8a7ae1e587cebce2493fe63c456109967e27d3?s=96&d=mm&r=g\",\"url\":\"https:\\\/\\\/secure.gravatar.com\\\/avatar\\\/a06875e4b25feb5674296adf8e8a7ae1e587cebce2493fe63c456109967e27d3?s=96&d=mm&r=g\",\"contentUrl\":\"https:\\\/\\\/secure.gravatar.com\\\/avatar\\\/a06875e4b25feb5674296adf8e8a7ae1e587cebce2493fe63c456109967e27d3?s=96&d=mm&r=g\",\"caption\":\"kalem\"},\"url\":\"https:\\\/\\\/akunq.net\\\/turkish\\\/author\\\/kalem\\\/\"}]}<\/script>\n<!-- \/ Yoast SEO plugin. -->","yoast_head_json":{"title":"Ahtamar Sp. Ha\u00e7\u2019ta T\u00fcrk propaganda i\u015flemlerine kar\u015f\u0131 ayin ve protesto g\u00f6sterisi - Bati Ermenistan Ve Bati Ermenileri Sorunlari Ara\u015ftirmalar Merkezi","robots":{"index":"index","follow":"follow","max-snippet":"max-snippet:-1","max-image-preview":"max-image-preview:large","max-video-preview":"max-video-preview:-1"},"canonical":"https:\/\/akunq.net\/turkish\/2010\/09\/18\/ahtamar-sp-hacta-turk-propaganda-islemlerine-karsi-ayin-ve-protesto-gosterisi\/","og_locale":"en_US","og_type":"article","og_title":"Ahtamar Sp. Ha\u00e7\u2019ta T\u00fcrk propaganda i\u015flemlerine kar\u015f\u0131 ayin ve protesto g\u00f6sterisi - Bati Ermenistan Ve Bati Ermenileri Sorunlari Ara\u015ftirmalar Merkezi","og_description":"Ermeni Soyk\u0131r\u0131m\u0131 M\u00fcze-Enstit\u00fcs\u00fc\u2019n\u00fcn verdi\u011fi bilgiye g\u00f6re; Van Ahtamar Sp. Ha\u00e7 Kilisesi\u2019nde T\u00fcrk H\u00fck\u00fcmeti taraf\u0131ndan te\u015febb\u00fcs edilen propagandif i\u015flemlere kar\u015f\u0131, 19 Eyl\u00fcl saat 12:00\u2019de Soyk\u0131r\u0131m kurbanlar\u0131 an\u0131t kompleksi yak\u0131n\u0131nda bir ayin ve protesto g\u00f6sterisi d\u00fczenlenecek. Ayn\u0131 g\u00fcn Ahtamar adas\u0131 Sp. Ha\u00e7 Kilisesi\u2019nde ilk kez dini ayin ger\u00e7ekle\u015ftirilece\u011fini hat\u0131rlatal\u0131m. Ancak T\u00fcrk y\u00f6netimi\u00a0 ayin g\u00fcn\u00fcne kadar ha\u00e7\u0131n kubbeye [&hellip;]","og_url":"https:\/\/akunq.net\/turkish\/2010\/09\/18\/ahtamar-sp-hacta-turk-propaganda-islemlerine-karsi-ayin-ve-protesto-gosterisi\/","og_site_name":"Bati Ermenistan Ve Bati Ermenileri Sorunlari Ara\u015ftirmalar Merkezi","article_published_time":"2010-09-18T06:14:22+00:00","author":"kalem","twitter_card":"summary_large_image","twitter_misc":{"Written by":"kalem","Est. reading time":"1 minute"},"schema":{"@context":"https:\/\/schema.org","@graph":[{"@type":"Article","@id":"https:\/\/akunq.net\/turkish\/2010\/09\/18\/ahtamar-sp-hacta-turk-propaganda-islemlerine-karsi-ayin-ve-protesto-gosterisi\/#article","isPartOf":{"@id":"https:\/\/akunq.net\/turkish\/2010\/09\/18\/ahtamar-sp-hacta-turk-propaganda-islemlerine-karsi-ayin-ve-protesto-gosterisi\/"},"author":{"name":"kalem","@id":"https:\/\/akunq.net\/turkish\/#\/schema\/person\/135e7923d1aeb8887890799619969a6c"},"headline":"Ahtamar Sp. Ha\u00e7\u2019ta T\u00fcrk propaganda i\u015flemlerine kar\u015f\u0131 ayin ve protesto g\u00f6sterisi","datePublished":"2010-09-18T06:14:22+00:00","mainEntityOfPage":{"@id":"https:\/\/akunq.net\/turkish\/2010\/09\/18\/ahtamar-sp-hacta-turk-propaganda-islemlerine-karsi-ayin-ve-protesto-gosterisi\/"},"wordCount":226,"articleSection":["Haberler"],"inLanguage":"en-US"},{"@type":"WebPage","@id":"https:\/\/akunq.net\/turkish\/2010\/09\/18\/ahtamar-sp-hacta-turk-propaganda-islemlerine-karsi-ayin-ve-protesto-gosterisi\/","url":"https:\/\/akunq.net\/turkish\/2010\/09\/18\/ahtamar-sp-hacta-turk-propaganda-islemlerine-karsi-ayin-ve-protesto-gosterisi\/","name":"Ahtamar Sp. Ha\u00e7\u2019ta T\u00fcrk propaganda i\u015flemlerine kar\u015f\u0131 ayin ve protesto g\u00f6sterisi - Bati Ermenistan Ve Bati Ermenileri Sorunlari Ara\u015ftirmalar Merkezi","isPartOf":{"@id":"https:\/\/akunq.net\/turkish\/#website"},"datePublished":"2010-09-18T06:14:22+00:00","author":{"@id":"https:\/\/akunq.net\/turkish\/#\/schema\/person\/135e7923d1aeb8887890799619969a6c"},"breadcrumb":{"@id":"https:\/\/akunq.net\/turkish\/2010\/09\/18\/ahtamar-sp-hacta-turk-propaganda-islemlerine-karsi-ayin-ve-protesto-gosterisi\/#breadcrumb"},"inLanguage":"en-US","potentialAction":[{"@type":"ReadAction","target":["https:\/\/akunq.net\/turkish\/2010\/09\/18\/ahtamar-sp-hacta-turk-propaganda-islemlerine-karsi-ayin-ve-protesto-gosterisi\/"]}]},{"@type":"BreadcrumbList","@id":"https:\/\/akunq.net\/turkish\/2010\/09\/18\/ahtamar-sp-hacta-turk-propaganda-islemlerine-karsi-ayin-ve-protesto-gosterisi\/#breadcrumb","itemListElement":[{"@type":"ListItem","position":1,"name":"Home","item":"https:\/\/akunq.net\/turkish\/"},{"@type":"ListItem","position":2,"name":"Ahtamar Sp. Ha\u00e7\u2019ta T\u00fcrk propaganda i\u015flemlerine kar\u015f\u0131 ayin ve protesto g\u00f6sterisi"}]},{"@type":"WebSite","@id":"https:\/\/akunq.net\/turkish\/#website","url":"https:\/\/akunq.net\/turkish\/","name":"Bati Ermenistan Ve Bati Ermenileri Sorunlari Ara\u015ftirmalar Merkezi","description":"","potentialAction":[{"@type":"SearchAction","target":{"@type":"EntryPoint","urlTemplate":"https:\/\/akunq.net\/turkish\/?s={search_term_string}"},"query-input":{"@type":"PropertyValueSpecification","valueRequired":true,"valueName":"search_term_string"}}],"inLanguage":"en-US"},{"@type":"Person","@id":"https:\/\/akunq.net\/turkish\/#\/schema\/person\/135e7923d1aeb8887890799619969a6c","name":"kalem","image":{"@type":"ImageObject","inLanguage":"en-US","@id":"https:\/\/secure.gravatar.com\/avatar\/a06875e4b25feb5674296adf8e8a7ae1e587cebce2493fe63c456109967e27d3?s=96&d=mm&r=g","url":"https:\/\/secure.gravatar.com\/avatar\/a06875e4b25feb5674296adf8e8a7ae1e587cebce2493fe63c456109967e27d3?s=96&d=mm&r=g","contentUrl":"https:\/\/secure.gravatar.com\/avatar\/a06875e4b25feb5674296adf8e8a7ae1e587cebce2493fe63c456109967e27d3?s=96&d=mm&r=g","caption":"kalem"},"url":"https:\/\/akunq.net\/turkish\/author\/kalem\/"}]}},"_links":{"self":[{"href":"https:\/\/akunq.net\/turkish\/wp-json\/wp\/v2\/posts\/2018","targetHints":{"allow":["GET"]}}],"collection":[{"href":"https:\/\/akunq.net\/turkish\/wp-json\/wp\/v2\/posts"}],"about":[{"href":"https:\/\/akunq.net\/turkish\/wp-json\/wp\/v2\/types\/post"}],"author":[{"embeddable":true,"href":"https:\/\/akunq.net\/turkish\/wp-json\/wp\/v2\/users\/3"}],"replies":[{"embeddable":true,"href":"https:\/\/akunq.net\/turkish\/wp-json\/wp\/v2\/comments?post=2018"}],"version-history":[{"count":0,"href":"https:\/\/akunq.net\/turkish\/wp-json\/wp\/v2\/posts\/2018\/revisions"}],"wp:attachment":[{"href":"https:\/\/akunq.net\/turkish\/wp-json\/wp\/v2\/media?parent=2018"}],"wp:term":[{"taxonomy":"category","embeddable":true,"href":"https:\/\/akunq.net\/turkish\/wp-json\/wp\/v2\/categories?post=2018"},{"taxonomy":"post_tag","embeddable":true,"href":"https:\/\/akunq.net\/turkish\/wp-json\/wp\/v2\/tags?post=2018"}],"curies":[{"name":"wp","href":"https:\/\/api.w.org\/{rel}","templated":true}]}}