{"id":2008,"date":"2010-09-17T03:02:57","date_gmt":"2010-09-17T08:02:57","guid":{"rendered":"http:\/\/akunq.net\/tr\/?p=2008"},"modified":"2010-09-17T03:02:57","modified_gmt":"2010-09-17T08:02:57","slug":"insan-haklari-izleme-orgutu-dink-cinayetini-aydinlatin","status":"publish","type":"post","link":"https:\/\/akunq.net\/turkish\/2010\/09\/17\/insan-haklari-izleme-orgutu-dink-cinayetini-aydinlatin\/","title":{"rendered":"\u0130nsan Haklar\u0131 \u0130zleme \u00d6rg\u00fct\u00fc: Dink cinayetini ayd\u0131nlat\u0131n"},"content":{"rendered":"<p style=\"text-align: justify\">\n<p style=\"text-align: justify\"><strong>\u00a0<\/strong><strong><em>Merkezi New York\u2019ta bulunan \u0130nsan Haklar\u0131 \u0130zleme \u00d6rg\u00fct\u00fc (Human Rights Watch), Avrupa \u0130nsan Haklar\u0131 Mahkemesi\u2019nin Hrant Dink davas\u0131yla ilgili karar\u0131 \u00fczerine bir a\u00e7\u0131klama yay\u0131mlayarak T\u00fcrkiye\u2019ye \u201cCinayetin arka plan\u0131n\u0131 a\u00e7\u0131\u011fa \u00e7\u0131kar\u0131n\u201d \u00e7a\u011fr\u0131s\u0131 yapt\u0131.<\/em><\/strong><\/p>\n<p style=\"text-align: justify\">\u00a0\u00d6rg\u00fct\u00fcn a\u00e7\u0131klamas\u0131nda, \u201c<a href=\"http:\/\/www.milliyet.com.tr\/index\/AIHM\" target=\"_blank\">A\u0130HM<\/a> karar\u0131ndan sonra T\u00fcrk yetkililer, <a href=\"http:\/\/www.milliyet.com.tr\/index\/Hrant%20Dink\" target=\"_blank\">Hrant Dink<\/a>\u2019in \u00f6ld\u00fcr\u00fclmesine kar\u0131\u015fan herkesin adalet \u00f6n\u00fcne \u00e7\u0131kar\u0131lmas\u0131 \u00e7abalar\u0131n\u0131 ikiye katlamal\u0131d\u0131r\u201d denildi. \u00d6rg\u00fct\u00fcn <a href=\"http:\/\/www.milliyet.com.tr\/index\/Turkiye\" target=\"_blank\">T\u00fcrkiye<\/a> sorumlusu Emma Sinclair-Webb, \u201c<a href=\"http:\/\/www.milliyet.com.tr\/index\/Avrupa\" target=\"_blank\">Avrupa<\/a> Mahkemesi\u2019nin karar\u0131, Hrant Dink cinayetinde adaletin yerine getirilmesi \u00e7abalar\u0131n\u0131n sonu olmamal\u0131d\u0131r. Soru\u015fturmay\u0131 yeniden a\u00e7mak ve halen yarg\u0131lananlar d\u0131\u015f\u0131ndaki isimleri de dahil etmek T\u00fcrkiye\u2019nin g\u00f6revidir. Yasal y\u00fck\u00fcml\u00fcl\u00fckler ve adalet, devletin ihmalini ve olas\u0131 dan\u0131\u015f\u0131kl\u0131 d\u00f6v\u00fc\u015f\u00fcn\u00fc ele almay\u0131 gerektirir\u201d dedi.<\/p>\n<p>Sinclair-Webb, T\u00fcrkiye\u2019nin A\u0130HM karar\u0131n\u0131 temyiz etmeyece\u011fini a\u00e7\u0131klamas\u0131n\u0131 olumlu de\u011ferlendirerek, \u201cT\u00fcrkiye\u2019nin karara ilk tepkisi olumlu bir de\u011fi\u015fimdir. <a href=\"http:\/\/www.milliyet.com.tr\/index\/Ankara\" target=\"_blank\">Ankara<\/a>, karar\u0131 uygulamak konusunda ciddiyse, ifade \u00f6zg\u00fcrl\u00fc\u011f\u00fcn\u00fcn \u00f6n\u00fcndeki engelleri kald\u0131rmal\u0131d\u0131r\u201d ifadesini kulland\u0131.<\/p>\n<p style=\"text-align: justify\"><strong><em>17 Eyl\u00fcl 2010<\/em><\/strong><\/p>\n<p style=\"text-align: justify\"><strong><em>Milliyet Gazetesi <\/em><\/strong><strong><em><\/em><\/strong><\/p>\n","protected":false},"excerpt":{"rendered":"<p>\u00a0Merkezi New York\u2019ta bulunan \u0130nsan Haklar\u0131 \u0130zleme \u00d6rg\u00fct\u00fc (Human Rights Watch), Avrupa \u0130nsan Haklar\u0131 Mahkemesi\u2019nin Hrant Dink davas\u0131yla ilgili karar\u0131 \u00fczerine bir a\u00e7\u0131klama yay\u0131mlayarak T\u00fcrkiye\u2019ye \u201cCinayetin arka plan\u0131n\u0131 a\u00e7\u0131\u011fa \u00e7\u0131kar\u0131n\u201d \u00e7a\u011fr\u0131s\u0131 yapt\u0131. \u00a0\u00d6rg\u00fct\u00fcn a\u00e7\u0131klamas\u0131nda, \u201cA\u0130HM karar\u0131ndan sonra T\u00fcrk yetkililer, Hrant Dink\u2019in \u00f6ld\u00fcr\u00fclmesine kar\u0131\u015fan herkesin adalet \u00f6n\u00fcne \u00e7\u0131kar\u0131lmas\u0131 \u00e7abalar\u0131n\u0131 ikiye katlamal\u0131d\u0131r\u201d denildi. \u00d6rg\u00fct\u00fcn T\u00fcrkiye sorumlusu Emma [&hellip;]<\/p>\n","protected":false},"author":3,"featured_media":0,"comment_status":"closed","ping_status":"open","sticky":false,"template":"","format":"standard","meta":{"footnotes":""},"categories":[14],"tags":[],"class_list":["post-2008","post","type-post","status-publish","format-standard","hentry","category-haberler"],"yoast_head":"<!-- This site is optimized with the Yoast SEO plugin v27.4 - https:\/\/yoast.com\/product\/yoast-seo-wordpress\/ -->\n<title>\u0130nsan Haklar\u0131 \u0130zleme \u00d6rg\u00fct\u00fc: Dink cinayetini ayd\u0131nlat\u0131n - Bati Ermenistan Ve Bati Ermenileri Sorunlari Ara\u015ftirmalar Merkezi<\/title>\n<meta name=\"robots\" content=\"index, follow, max-snippet:-1, max-image-preview:large, max-video-preview:-1\" \/>\n<link rel=\"canonical\" href=\"https:\/\/akunq.net\/turkish\/2010\/09\/17\/insan-haklari-izleme-orgutu-dink-cinayetini-aydinlatin\/\" \/>\n<meta property=\"og:locale\" content=\"en_US\" \/>\n<meta property=\"og:type\" content=\"article\" \/>\n<meta property=\"og:title\" content=\"\u0130nsan Haklar\u0131 \u0130zleme \u00d6rg\u00fct\u00fc: Dink cinayetini ayd\u0131nlat\u0131n - Bati Ermenistan Ve Bati Ermenileri Sorunlari Ara\u015ftirmalar Merkezi\" \/>\n<meta property=\"og:description\" content=\"\u00a0Merkezi New York\u2019ta bulunan \u0130nsan Haklar\u0131 \u0130zleme \u00d6rg\u00fct\u00fc (Human Rights Watch), Avrupa \u0130nsan Haklar\u0131 Mahkemesi\u2019nin Hrant Dink davas\u0131yla ilgili karar\u0131 \u00fczerine bir a\u00e7\u0131klama yay\u0131mlayarak T\u00fcrkiye\u2019ye \u201cCinayetin arka plan\u0131n\u0131 a\u00e7\u0131\u011fa \u00e7\u0131kar\u0131n\u201d \u00e7a\u011fr\u0131s\u0131 yapt\u0131. \u00a0\u00d6rg\u00fct\u00fcn a\u00e7\u0131klamas\u0131nda, \u201cA\u0130HM karar\u0131ndan sonra T\u00fcrk yetkililer, Hrant Dink\u2019in \u00f6ld\u00fcr\u00fclmesine kar\u0131\u015fan herkesin adalet \u00f6n\u00fcne \u00e7\u0131kar\u0131lmas\u0131 \u00e7abalar\u0131n\u0131 ikiye katlamal\u0131d\u0131r\u201d denildi. \u00d6rg\u00fct\u00fcn T\u00fcrkiye sorumlusu Emma [&hellip;]\" \/>\n<meta property=\"og:url\" content=\"https:\/\/akunq.net\/turkish\/2010\/09\/17\/insan-haklari-izleme-orgutu-dink-cinayetini-aydinlatin\/\" \/>\n<meta property=\"og:site_name\" content=\"Bati Ermenistan Ve Bati Ermenileri Sorunlari Ara\u015ftirmalar Merkezi\" \/>\n<meta property=\"article:published_time\" content=\"2010-09-17T08:02:57+00:00\" \/>\n<meta name=\"author\" content=\"kalem\" \/>\n<meta name=\"twitter:card\" content=\"summary_large_image\" \/>\n<meta name=\"twitter:label1\" content=\"Written by\" \/>\n\t<meta name=\"twitter:data1\" content=\"kalem\" \/>\n\t<meta name=\"twitter:label2\" content=\"Est. reading time\" \/>\n\t<meta name=\"twitter:data2\" content=\"1 minute\" \/>\n<script type=\"application\/ld+json\" class=\"yoast-schema-graph\">{\"@context\":\"https:\\\/\\\/schema.org\",\"@graph\":[{\"@type\":\"Article\",\"@id\":\"https:\\\/\\\/akunq.net\\\/turkish\\\/2010\\\/09\\\/17\\\/insan-haklari-izleme-orgutu-dink-cinayetini-aydinlatin\\\/#article\",\"isPartOf\":{\"@id\":\"https:\\\/\\\/akunq.net\\\/turkish\\\/2010\\\/09\\\/17\\\/insan-haklari-izleme-orgutu-dink-cinayetini-aydinlatin\\\/\"},\"author\":{\"name\":\"kalem\",\"@id\":\"https:\\\/\\\/akunq.net\\\/turkish\\\/#\\\/schema\\\/person\\\/135e7923d1aeb8887890799619969a6c\"},\"headline\":\"\u0130nsan Haklar\u0131 \u0130zleme \u00d6rg\u00fct\u00fc: Dink cinayetini ayd\u0131nlat\u0131n\",\"datePublished\":\"2010-09-17T08:02:57+00:00\",\"mainEntityOfPage\":{\"@id\":\"https:\\\/\\\/akunq.net\\\/turkish\\\/2010\\\/09\\\/17\\\/insan-haklari-izleme-orgutu-dink-cinayetini-aydinlatin\\\/\"},\"wordCount\":207,\"articleSection\":[\"Haberler\"],\"inLanguage\":\"en-US\"},{\"@type\":\"WebPage\",\"@id\":\"https:\\\/\\\/akunq.net\\\/turkish\\\/2010\\\/09\\\/17\\\/insan-haklari-izleme-orgutu-dink-cinayetini-aydinlatin\\\/\",\"url\":\"https:\\\/\\\/akunq.net\\\/turkish\\\/2010\\\/09\\\/17\\\/insan-haklari-izleme-orgutu-dink-cinayetini-aydinlatin\\\/\",\"name\":\"\u0130nsan Haklar\u0131 \u0130zleme \u00d6rg\u00fct\u00fc: Dink cinayetini ayd\u0131nlat\u0131n - Bati Ermenistan Ve Bati Ermenileri Sorunlari Ara\u015ftirmalar Merkezi\",\"isPartOf\":{\"@id\":\"https:\\\/\\\/akunq.net\\\/turkish\\\/#website\"},\"datePublished\":\"2010-09-17T08:02:57+00:00\",\"author\":{\"@id\":\"https:\\\/\\\/akunq.net\\\/turkish\\\/#\\\/schema\\\/person\\\/135e7923d1aeb8887890799619969a6c\"},\"breadcrumb\":{\"@id\":\"https:\\\/\\\/akunq.net\\\/turkish\\\/2010\\\/09\\\/17\\\/insan-haklari-izleme-orgutu-dink-cinayetini-aydinlatin\\\/#breadcrumb\"},\"inLanguage\":\"en-US\",\"potentialAction\":[{\"@type\":\"ReadAction\",\"target\":[\"https:\\\/\\\/akunq.net\\\/turkish\\\/2010\\\/09\\\/17\\\/insan-haklari-izleme-orgutu-dink-cinayetini-aydinlatin\\\/\"]}]},{\"@type\":\"BreadcrumbList\",\"@id\":\"https:\\\/\\\/akunq.net\\\/turkish\\\/2010\\\/09\\\/17\\\/insan-haklari-izleme-orgutu-dink-cinayetini-aydinlatin\\\/#breadcrumb\",\"itemListElement\":[{\"@type\":\"ListItem\",\"position\":1,\"name\":\"Home\",\"item\":\"https:\\\/\\\/akunq.net\\\/turkish\\\/\"},{\"@type\":\"ListItem\",\"position\":2,\"name\":\"\u0130nsan Haklar\u0131 \u0130zleme \u00d6rg\u00fct\u00fc: Dink cinayetini ayd\u0131nlat\u0131n\"}]},{\"@type\":\"WebSite\",\"@id\":\"https:\\\/\\\/akunq.net\\\/turkish\\\/#website\",\"url\":\"https:\\\/\\\/akunq.net\\\/turkish\\\/\",\"name\":\"Bati Ermenistan Ve Bati Ermenileri Sorunlari Ara\u015ftirmalar Merkezi\",\"description\":\"\",\"potentialAction\":[{\"@type\":\"SearchAction\",\"target\":{\"@type\":\"EntryPoint\",\"urlTemplate\":\"https:\\\/\\\/akunq.net\\\/turkish\\\/?s={search_term_string}\"},\"query-input\":{\"@type\":\"PropertyValueSpecification\",\"valueRequired\":true,\"valueName\":\"search_term_string\"}}],\"inLanguage\":\"en-US\"},{\"@type\":\"Person\",\"@id\":\"https:\\\/\\\/akunq.net\\\/turkish\\\/#\\\/schema\\\/person\\\/135e7923d1aeb8887890799619969a6c\",\"name\":\"kalem\",\"image\":{\"@type\":\"ImageObject\",\"inLanguage\":\"en-US\",\"@id\":\"https:\\\/\\\/secure.gravatar.com\\\/avatar\\\/a06875e4b25feb5674296adf8e8a7ae1e587cebce2493fe63c456109967e27d3?s=96&d=mm&r=g\",\"url\":\"https:\\\/\\\/secure.gravatar.com\\\/avatar\\\/a06875e4b25feb5674296adf8e8a7ae1e587cebce2493fe63c456109967e27d3?s=96&d=mm&r=g\",\"contentUrl\":\"https:\\\/\\\/secure.gravatar.com\\\/avatar\\\/a06875e4b25feb5674296adf8e8a7ae1e587cebce2493fe63c456109967e27d3?s=96&d=mm&r=g\",\"caption\":\"kalem\"},\"url\":\"https:\\\/\\\/akunq.net\\\/turkish\\\/author\\\/kalem\\\/\"}]}<\/script>\n<!-- \/ Yoast SEO plugin. -->","yoast_head_json":{"title":"\u0130nsan Haklar\u0131 \u0130zleme \u00d6rg\u00fct\u00fc: Dink cinayetini ayd\u0131nlat\u0131n - Bati Ermenistan Ve Bati Ermenileri Sorunlari Ara\u015ftirmalar Merkezi","robots":{"index":"index","follow":"follow","max-snippet":"max-snippet:-1","max-image-preview":"max-image-preview:large","max-video-preview":"max-video-preview:-1"},"canonical":"https:\/\/akunq.net\/turkish\/2010\/09\/17\/insan-haklari-izleme-orgutu-dink-cinayetini-aydinlatin\/","og_locale":"en_US","og_type":"article","og_title":"\u0130nsan Haklar\u0131 \u0130zleme \u00d6rg\u00fct\u00fc: Dink cinayetini ayd\u0131nlat\u0131n - Bati Ermenistan Ve Bati Ermenileri Sorunlari Ara\u015ftirmalar Merkezi","og_description":"\u00a0Merkezi New York\u2019ta bulunan \u0130nsan Haklar\u0131 \u0130zleme \u00d6rg\u00fct\u00fc (Human Rights Watch), Avrupa \u0130nsan Haklar\u0131 Mahkemesi\u2019nin Hrant Dink davas\u0131yla ilgili karar\u0131 \u00fczerine bir a\u00e7\u0131klama yay\u0131mlayarak T\u00fcrkiye\u2019ye \u201cCinayetin arka plan\u0131n\u0131 a\u00e7\u0131\u011fa \u00e7\u0131kar\u0131n\u201d \u00e7a\u011fr\u0131s\u0131 yapt\u0131. \u00a0\u00d6rg\u00fct\u00fcn a\u00e7\u0131klamas\u0131nda, \u201cA\u0130HM karar\u0131ndan sonra T\u00fcrk yetkililer, Hrant Dink\u2019in \u00f6ld\u00fcr\u00fclmesine kar\u0131\u015fan herkesin adalet \u00f6n\u00fcne \u00e7\u0131kar\u0131lmas\u0131 \u00e7abalar\u0131n\u0131 ikiye katlamal\u0131d\u0131r\u201d denildi. \u00d6rg\u00fct\u00fcn T\u00fcrkiye sorumlusu Emma [&hellip;]","og_url":"https:\/\/akunq.net\/turkish\/2010\/09\/17\/insan-haklari-izleme-orgutu-dink-cinayetini-aydinlatin\/","og_site_name":"Bati Ermenistan Ve Bati Ermenileri Sorunlari Ara\u015ftirmalar Merkezi","article_published_time":"2010-09-17T08:02:57+00:00","author":"kalem","twitter_card":"summary_large_image","twitter_misc":{"Written by":"kalem","Est. reading time":"1 minute"},"schema":{"@context":"https:\/\/schema.org","@graph":[{"@type":"Article","@id":"https:\/\/akunq.net\/turkish\/2010\/09\/17\/insan-haklari-izleme-orgutu-dink-cinayetini-aydinlatin\/#article","isPartOf":{"@id":"https:\/\/akunq.net\/turkish\/2010\/09\/17\/insan-haklari-izleme-orgutu-dink-cinayetini-aydinlatin\/"},"author":{"name":"kalem","@id":"https:\/\/akunq.net\/turkish\/#\/schema\/person\/135e7923d1aeb8887890799619969a6c"},"headline":"\u0130nsan Haklar\u0131 \u0130zleme \u00d6rg\u00fct\u00fc: Dink cinayetini ayd\u0131nlat\u0131n","datePublished":"2010-09-17T08:02:57+00:00","mainEntityOfPage":{"@id":"https:\/\/akunq.net\/turkish\/2010\/09\/17\/insan-haklari-izleme-orgutu-dink-cinayetini-aydinlatin\/"},"wordCount":207,"articleSection":["Haberler"],"inLanguage":"en-US"},{"@type":"WebPage","@id":"https:\/\/akunq.net\/turkish\/2010\/09\/17\/insan-haklari-izleme-orgutu-dink-cinayetini-aydinlatin\/","url":"https:\/\/akunq.net\/turkish\/2010\/09\/17\/insan-haklari-izleme-orgutu-dink-cinayetini-aydinlatin\/","name":"\u0130nsan Haklar\u0131 \u0130zleme \u00d6rg\u00fct\u00fc: Dink cinayetini ayd\u0131nlat\u0131n - Bati Ermenistan Ve Bati Ermenileri Sorunlari Ara\u015ftirmalar Merkezi","isPartOf":{"@id":"https:\/\/akunq.net\/turkish\/#website"},"datePublished":"2010-09-17T08:02:57+00:00","author":{"@id":"https:\/\/akunq.net\/turkish\/#\/schema\/person\/135e7923d1aeb8887890799619969a6c"},"breadcrumb":{"@id":"https:\/\/akunq.net\/turkish\/2010\/09\/17\/insan-haklari-izleme-orgutu-dink-cinayetini-aydinlatin\/#breadcrumb"},"inLanguage":"en-US","potentialAction":[{"@type":"ReadAction","target":["https:\/\/akunq.net\/turkish\/2010\/09\/17\/insan-haklari-izleme-orgutu-dink-cinayetini-aydinlatin\/"]}]},{"@type":"BreadcrumbList","@id":"https:\/\/akunq.net\/turkish\/2010\/09\/17\/insan-haklari-izleme-orgutu-dink-cinayetini-aydinlatin\/#breadcrumb","itemListElement":[{"@type":"ListItem","position":1,"name":"Home","item":"https:\/\/akunq.net\/turkish\/"},{"@type":"ListItem","position":2,"name":"\u0130nsan Haklar\u0131 \u0130zleme \u00d6rg\u00fct\u00fc: Dink cinayetini ayd\u0131nlat\u0131n"}]},{"@type":"WebSite","@id":"https:\/\/akunq.net\/turkish\/#website","url":"https:\/\/akunq.net\/turkish\/","name":"Bati Ermenistan Ve Bati Ermenileri Sorunlari Ara\u015ftirmalar Merkezi","description":"","potentialAction":[{"@type":"SearchAction","target":{"@type":"EntryPoint","urlTemplate":"https:\/\/akunq.net\/turkish\/?s={search_term_string}"},"query-input":{"@type":"PropertyValueSpecification","valueRequired":true,"valueName":"search_term_string"}}],"inLanguage":"en-US"},{"@type":"Person","@id":"https:\/\/akunq.net\/turkish\/#\/schema\/person\/135e7923d1aeb8887890799619969a6c","name":"kalem","image":{"@type":"ImageObject","inLanguage":"en-US","@id":"https:\/\/secure.gravatar.com\/avatar\/a06875e4b25feb5674296adf8e8a7ae1e587cebce2493fe63c456109967e27d3?s=96&d=mm&r=g","url":"https:\/\/secure.gravatar.com\/avatar\/a06875e4b25feb5674296adf8e8a7ae1e587cebce2493fe63c456109967e27d3?s=96&d=mm&r=g","contentUrl":"https:\/\/secure.gravatar.com\/avatar\/a06875e4b25feb5674296adf8e8a7ae1e587cebce2493fe63c456109967e27d3?s=96&d=mm&r=g","caption":"kalem"},"url":"https:\/\/akunq.net\/turkish\/author\/kalem\/"}]}},"_links":{"self":[{"href":"https:\/\/akunq.net\/turkish\/wp-json\/wp\/v2\/posts\/2008","targetHints":{"allow":["GET"]}}],"collection":[{"href":"https:\/\/akunq.net\/turkish\/wp-json\/wp\/v2\/posts"}],"about":[{"href":"https:\/\/akunq.net\/turkish\/wp-json\/wp\/v2\/types\/post"}],"author":[{"embeddable":true,"href":"https:\/\/akunq.net\/turkish\/wp-json\/wp\/v2\/users\/3"}],"replies":[{"embeddable":true,"href":"https:\/\/akunq.net\/turkish\/wp-json\/wp\/v2\/comments?post=2008"}],"version-history":[{"count":0,"href":"https:\/\/akunq.net\/turkish\/wp-json\/wp\/v2\/posts\/2008\/revisions"}],"wp:attachment":[{"href":"https:\/\/akunq.net\/turkish\/wp-json\/wp\/v2\/media?parent=2008"}],"wp:term":[{"taxonomy":"category","embeddable":true,"href":"https:\/\/akunq.net\/turkish\/wp-json\/wp\/v2\/categories?post=2008"},{"taxonomy":"post_tag","embeddable":true,"href":"https:\/\/akunq.net\/turkish\/wp-json\/wp\/v2\/tags?post=2008"}],"curies":[{"name":"wp","href":"https:\/\/api.w.org\/{rel}","templated":true}]}}