{"id":20028,"date":"2012-11-16T03:30:57","date_gmt":"2012-11-16T08:30:57","guid":{"rendered":"http:\/\/akunq.net\/tr\/?p=20028"},"modified":"2012-11-16T03:30:57","modified_gmt":"2012-11-16T08:30:57","slug":"askerler-ilk-kez-ataturk-icin-yurumediler","status":"publish","type":"post","link":"https:\/\/akunq.net\/turkish\/2012\/11\/16\/askerler-ilk-kez-ataturk-icin-yurumediler\/","title":{"rendered":"Askerler ilk kez Atat\u00fcrk i\u00e7in y\u00fcr\u00fcmediler!"},"content":{"rendered":"<p style=\"text-align: justify\"><em><strong><a href=\"http:\/\/akunq.net\/tr\/?attachment_id=20029\" rel=\"attachment wp-att-20029\"><img loading=\"lazy\" decoding=\"async\" class=\"size-full wp-image-20029 alignright\" title=\"\u0566\u056b\u0576\u057e\u0578\u0580\u0561\u056f\u0561\u0576\u0576\u0565\u0580\u056b \u0577\u0584\u0565\u0580\u0569\" src=\"http:\/\/akunq.net\/tr\/wp-content\/uploads\/2012\/11\/\u0566\u056b\u0576\u057e\u0578\u0580\u0561\u056f\u0561\u0576\u0576\u0565\u0580\u056b-\u0577\u0584\u0565\u0580\u0569.jpg\" alt=\"\" width=\"307\" height=\"210\" srcset=\"https:\/\/akunq.net\/turkish\/wp-content\/uploads\/sites\/5\/2012\/11\/\u0566\u056b\u0576\u057e\u0578\u0580\u0561\u056f\u0561\u0576\u0576\u0565\u0580\u056b-\u0577\u0584\u0565\u0580\u0569.jpg 307w, https:\/\/akunq.net\/turkish\/wp-content\/uploads\/sites\/5\/2012\/11\/\u0566\u056b\u0576\u057e\u0578\u0580\u0561\u056f\u0561\u0576\u0576\u0565\u0580\u056b-\u0577\u0584\u0565\u0580\u0569-300x205.jpg 300w\" sizes=\"auto, (max-width: 307px) 100vw, 307px\" \/><\/a>Atat\u00fcrk\u2019\u00fcn Diyarbak\u0131r\u2019a geli\u015finin 75. y\u0131ld\u00f6n\u00fcm\u00fc kutlama etkinli\u011fi, Diyarbak\u0131r Gar\u0131\u2019nda temsili trenin gelmesiyle ba\u015flad\u0131. Trennden inen gaziler, Vali Toprak\u2019a T\u00fcrk bayra\u011f\u0131n\u0131 teslim etti. Vali Toprak da \u00f6perek ald\u0131\u011f\u0131 bayra\u011f\u0131 \u00f6\u011frencilere teslim etti.<\/strong><\/em><\/p>\n<p style=\"text-align: justify\">\u0130lk\u00f6\u011fretim \u00f6\u011frencilerinin okudu\u011fu \u015fiirlerin ard\u0131ndan Vali Toprak g\u00fcn\u00fcn \u00f6nemine ili\u015fkin konu\u015fmas\u0131nda, Atat\u00fcrk\u2019\u00fcn Diyarbak\u0131r\u2019a geli\u015finde Halkevi\u2019nde yapt\u0131\u011f\u0131 konu\u015fmas\u0131n\u0131 okudu. Vali Toprak, \u201cDiyarbak\u0131r halk\u0131 kendisine minnettard\u0131r, kendisine y\u00fcrekten ba\u011fl\u0131d\u0131r\u201d dedi.<\/p>\n<p style=\"text-align: justify\">Kar\u015f\u0131lama t\u00f6reninden sonra her y\u0131l geleneksel olarak yap\u0131lan kortej ve askerlerin y\u00fcr\u00fcy\u00fc\u015f\u00fc, son g\u00fcnlerde artan olaylar nedeniyle yap\u0131lmad\u0131. Ara\u00e7larla Valilik kar\u015f\u0131s\u0131nda bulunan An\u0131t Park\u2019a ge\u00e7en protokol \u00fcyeleri, burda bir dakikal\u0131k sayg\u0131 duru\u015fu ve \u0130stiklal Mar\u015f\u0131 okuduktan sonra Atat\u00fcrk b\u00fcst\u00fcne \u00e7elenk koydu.<\/p>\n<p style=\"text-align: justify\">\u00c7elenk koyma t\u00f6renine Diyarbak\u0131r B\u00fcy\u00fck\u015fehir Belediye Ba\u015fkan\u0131 ve alt kademe belediyelerden hi\u00e7 bir yetkilinin kat\u0131lmamas\u0131 ise dikkat \u00e7ekti.<\/p>\n<p style=\"text-align: justify\"><strong><em>http:\/\/www.ulkucutavir.com\/askerler-ilk-kez-ataturk-icin-yurumediler.html<\/em><\/strong><\/p>\n","protected":false},"excerpt":{"rendered":"<p>Atat\u00fcrk\u2019\u00fcn Diyarbak\u0131r\u2019a geli\u015finin 75. y\u0131ld\u00f6n\u00fcm\u00fc kutlama etkinli\u011fi, Diyarbak\u0131r Gar\u0131\u2019nda temsili trenin gelmesiyle ba\u015flad\u0131. Trennden inen gaziler, Vali Toprak\u2019a T\u00fcrk bayra\u011f\u0131n\u0131 teslim etti. Vali Toprak da \u00f6perek ald\u0131\u011f\u0131 bayra\u011f\u0131 \u00f6\u011frencilere teslim etti. \u0130lk\u00f6\u011fretim \u00f6\u011frencilerinin okudu\u011fu \u015fiirlerin ard\u0131ndan Vali Toprak g\u00fcn\u00fcn \u00f6nemine ili\u015fkin konu\u015fmas\u0131nda, Atat\u00fcrk\u2019\u00fcn Diyarbak\u0131r\u2019a geli\u015finde Halkevi\u2019nde yapt\u0131\u011f\u0131 konu\u015fmas\u0131n\u0131 okudu. Vali Toprak, \u201cDiyarbak\u0131r halk\u0131 kendisine minnettard\u0131r, [&hellip;]<\/p>\n","protected":false},"author":3,"featured_media":0,"comment_status":"open","ping_status":"open","sticky":false,"template":"","format":"standard","meta":{"footnotes":""},"categories":[14],"tags":[],"class_list":["post-20028","post","type-post","status-publish","format-standard","hentry","category-haberler"],"yoast_head":"<!-- This site is optimized with the Yoast SEO plugin v27.4 - https:\/\/yoast.com\/product\/yoast-seo-wordpress\/ -->\n<title>Askerler ilk kez Atat\u00fcrk i\u00e7in y\u00fcr\u00fcmediler! - Bati Ermenistan Ve Bati Ermenileri Sorunlari Ara\u015ftirmalar Merkezi<\/title>\n<meta name=\"robots\" content=\"index, follow, max-snippet:-1, max-image-preview:large, max-video-preview:-1\" \/>\n<link rel=\"canonical\" href=\"https:\/\/akunq.net\/turkish\/2012\/11\/16\/askerler-ilk-kez-ataturk-icin-yurumediler\/\" \/>\n<meta property=\"og:locale\" content=\"en_US\" \/>\n<meta property=\"og:type\" content=\"article\" \/>\n<meta property=\"og:title\" content=\"Askerler ilk kez Atat\u00fcrk i\u00e7in y\u00fcr\u00fcmediler! - Bati Ermenistan Ve Bati Ermenileri Sorunlari Ara\u015ftirmalar Merkezi\" \/>\n<meta property=\"og:description\" content=\"Atat\u00fcrk\u2019\u00fcn Diyarbak\u0131r\u2019a geli\u015finin 75. y\u0131ld\u00f6n\u00fcm\u00fc kutlama etkinli\u011fi, Diyarbak\u0131r Gar\u0131\u2019nda temsili trenin gelmesiyle ba\u015flad\u0131. Trennden inen gaziler, Vali Toprak\u2019a T\u00fcrk bayra\u011f\u0131n\u0131 teslim etti. Vali Toprak da \u00f6perek ald\u0131\u011f\u0131 bayra\u011f\u0131 \u00f6\u011frencilere teslim etti. \u0130lk\u00f6\u011fretim \u00f6\u011frencilerinin okudu\u011fu \u015fiirlerin ard\u0131ndan Vali Toprak g\u00fcn\u00fcn \u00f6nemine ili\u015fkin konu\u015fmas\u0131nda, Atat\u00fcrk\u2019\u00fcn Diyarbak\u0131r\u2019a geli\u015finde Halkevi\u2019nde yapt\u0131\u011f\u0131 konu\u015fmas\u0131n\u0131 okudu. Vali Toprak, \u201cDiyarbak\u0131r halk\u0131 kendisine minnettard\u0131r, [&hellip;]\" \/>\n<meta property=\"og:url\" content=\"https:\/\/akunq.net\/turkish\/2012\/11\/16\/askerler-ilk-kez-ataturk-icin-yurumediler\/\" \/>\n<meta property=\"og:site_name\" content=\"Bati Ermenistan Ve Bati Ermenileri Sorunlari Ara\u015ftirmalar Merkezi\" \/>\n<meta property=\"article:published_time\" content=\"2012-11-16T08:30:57+00:00\" \/>\n<meta name=\"author\" content=\"kalem\" \/>\n<meta name=\"twitter:card\" content=\"summary_large_image\" \/>\n<meta name=\"twitter:label1\" content=\"Written by\" \/>\n\t<meta name=\"twitter:data1\" content=\"kalem\" \/>\n\t<meta name=\"twitter:label2\" content=\"Est. reading time\" \/>\n\t<meta name=\"twitter:data2\" content=\"1 minute\" \/>\n<script type=\"application\/ld+json\" class=\"yoast-schema-graph\">{\"@context\":\"https:\\\/\\\/schema.org\",\"@graph\":[{\"@type\":\"Article\",\"@id\":\"https:\\\/\\\/akunq.net\\\/turkish\\\/2012\\\/11\\\/16\\\/askerler-ilk-kez-ataturk-icin-yurumediler\\\/#article\",\"isPartOf\":{\"@id\":\"https:\\\/\\\/akunq.net\\\/turkish\\\/2012\\\/11\\\/16\\\/askerler-ilk-kez-ataturk-icin-yurumediler\\\/\"},\"author\":{\"name\":\"kalem\",\"@id\":\"https:\\\/\\\/akunq.net\\\/turkish\\\/#\\\/schema\\\/person\\\/135e7923d1aeb8887890799619969a6c\"},\"headline\":\"Askerler ilk kez Atat\u00fcrk i\u00e7in y\u00fcr\u00fcmediler!\",\"datePublished\":\"2012-11-16T08:30:57+00:00\",\"mainEntityOfPage\":{\"@id\":\"https:\\\/\\\/akunq.net\\\/turkish\\\/2012\\\/11\\\/16\\\/askerler-ilk-kez-ataturk-icin-yurumediler\\\/\"},\"wordCount\":196,\"commentCount\":0,\"articleSection\":[\"Haberler\"],\"inLanguage\":\"en-US\",\"potentialAction\":[{\"@type\":\"CommentAction\",\"name\":\"Comment\",\"target\":[\"https:\\\/\\\/akunq.net\\\/turkish\\\/2012\\\/11\\\/16\\\/askerler-ilk-kez-ataturk-icin-yurumediler\\\/#respond\"]}]},{\"@type\":\"WebPage\",\"@id\":\"https:\\\/\\\/akunq.net\\\/turkish\\\/2012\\\/11\\\/16\\\/askerler-ilk-kez-ataturk-icin-yurumediler\\\/\",\"url\":\"https:\\\/\\\/akunq.net\\\/turkish\\\/2012\\\/11\\\/16\\\/askerler-ilk-kez-ataturk-icin-yurumediler\\\/\",\"name\":\"Askerler ilk kez Atat\u00fcrk i\u00e7in y\u00fcr\u00fcmediler! - Bati Ermenistan Ve Bati Ermenileri Sorunlari Ara\u015ftirmalar Merkezi\",\"isPartOf\":{\"@id\":\"https:\\\/\\\/akunq.net\\\/turkish\\\/#website\"},\"datePublished\":\"2012-11-16T08:30:57+00:00\",\"author\":{\"@id\":\"https:\\\/\\\/akunq.net\\\/turkish\\\/#\\\/schema\\\/person\\\/135e7923d1aeb8887890799619969a6c\"},\"breadcrumb\":{\"@id\":\"https:\\\/\\\/akunq.net\\\/turkish\\\/2012\\\/11\\\/16\\\/askerler-ilk-kez-ataturk-icin-yurumediler\\\/#breadcrumb\"},\"inLanguage\":\"en-US\",\"potentialAction\":[{\"@type\":\"ReadAction\",\"target\":[\"https:\\\/\\\/akunq.net\\\/turkish\\\/2012\\\/11\\\/16\\\/askerler-ilk-kez-ataturk-icin-yurumediler\\\/\"]}]},{\"@type\":\"BreadcrumbList\",\"@id\":\"https:\\\/\\\/akunq.net\\\/turkish\\\/2012\\\/11\\\/16\\\/askerler-ilk-kez-ataturk-icin-yurumediler\\\/#breadcrumb\",\"itemListElement\":[{\"@type\":\"ListItem\",\"position\":1,\"name\":\"Home\",\"item\":\"https:\\\/\\\/akunq.net\\\/turkish\\\/\"},{\"@type\":\"ListItem\",\"position\":2,\"name\":\"Askerler ilk kez Atat\u00fcrk i\u00e7in y\u00fcr\u00fcmediler!\"}]},{\"@type\":\"WebSite\",\"@id\":\"https:\\\/\\\/akunq.net\\\/turkish\\\/#website\",\"url\":\"https:\\\/\\\/akunq.net\\\/turkish\\\/\",\"name\":\"Bati Ermenistan Ve Bati Ermenileri Sorunlari Ara\u015ftirmalar Merkezi\",\"description\":\"\",\"potentialAction\":[{\"@type\":\"SearchAction\",\"target\":{\"@type\":\"EntryPoint\",\"urlTemplate\":\"https:\\\/\\\/akunq.net\\\/turkish\\\/?s={search_term_string}\"},\"query-input\":{\"@type\":\"PropertyValueSpecification\",\"valueRequired\":true,\"valueName\":\"search_term_string\"}}],\"inLanguage\":\"en-US\"},{\"@type\":\"Person\",\"@id\":\"https:\\\/\\\/akunq.net\\\/turkish\\\/#\\\/schema\\\/person\\\/135e7923d1aeb8887890799619969a6c\",\"name\":\"kalem\",\"image\":{\"@type\":\"ImageObject\",\"inLanguage\":\"en-US\",\"@id\":\"https:\\\/\\\/secure.gravatar.com\\\/avatar\\\/a06875e4b25feb5674296adf8e8a7ae1e587cebce2493fe63c456109967e27d3?s=96&d=mm&r=g\",\"url\":\"https:\\\/\\\/secure.gravatar.com\\\/avatar\\\/a06875e4b25feb5674296adf8e8a7ae1e587cebce2493fe63c456109967e27d3?s=96&d=mm&r=g\",\"contentUrl\":\"https:\\\/\\\/secure.gravatar.com\\\/avatar\\\/a06875e4b25feb5674296adf8e8a7ae1e587cebce2493fe63c456109967e27d3?s=96&d=mm&r=g\",\"caption\":\"kalem\"},\"url\":\"https:\\\/\\\/akunq.net\\\/turkish\\\/author\\\/kalem\\\/\"}]}<\/script>\n<!-- \/ Yoast SEO plugin. -->","yoast_head_json":{"title":"Askerler ilk kez Atat\u00fcrk i\u00e7in y\u00fcr\u00fcmediler! - Bati Ermenistan Ve Bati Ermenileri Sorunlari Ara\u015ftirmalar Merkezi","robots":{"index":"index","follow":"follow","max-snippet":"max-snippet:-1","max-image-preview":"max-image-preview:large","max-video-preview":"max-video-preview:-1"},"canonical":"https:\/\/akunq.net\/turkish\/2012\/11\/16\/askerler-ilk-kez-ataturk-icin-yurumediler\/","og_locale":"en_US","og_type":"article","og_title":"Askerler ilk kez Atat\u00fcrk i\u00e7in y\u00fcr\u00fcmediler! - Bati Ermenistan Ve Bati Ermenileri Sorunlari Ara\u015ftirmalar Merkezi","og_description":"Atat\u00fcrk\u2019\u00fcn Diyarbak\u0131r\u2019a geli\u015finin 75. y\u0131ld\u00f6n\u00fcm\u00fc kutlama etkinli\u011fi, Diyarbak\u0131r Gar\u0131\u2019nda temsili trenin gelmesiyle ba\u015flad\u0131. Trennden inen gaziler, Vali Toprak\u2019a T\u00fcrk bayra\u011f\u0131n\u0131 teslim etti. Vali Toprak da \u00f6perek ald\u0131\u011f\u0131 bayra\u011f\u0131 \u00f6\u011frencilere teslim etti. \u0130lk\u00f6\u011fretim \u00f6\u011frencilerinin okudu\u011fu \u015fiirlerin ard\u0131ndan Vali Toprak g\u00fcn\u00fcn \u00f6nemine ili\u015fkin konu\u015fmas\u0131nda, Atat\u00fcrk\u2019\u00fcn Diyarbak\u0131r\u2019a geli\u015finde Halkevi\u2019nde yapt\u0131\u011f\u0131 konu\u015fmas\u0131n\u0131 okudu. Vali Toprak, \u201cDiyarbak\u0131r halk\u0131 kendisine minnettard\u0131r, [&hellip;]","og_url":"https:\/\/akunq.net\/turkish\/2012\/11\/16\/askerler-ilk-kez-ataturk-icin-yurumediler\/","og_site_name":"Bati Ermenistan Ve Bati Ermenileri Sorunlari Ara\u015ftirmalar Merkezi","article_published_time":"2012-11-16T08:30:57+00:00","author":"kalem","twitter_card":"summary_large_image","twitter_misc":{"Written by":"kalem","Est. reading time":"1 minute"},"schema":{"@context":"https:\/\/schema.org","@graph":[{"@type":"Article","@id":"https:\/\/akunq.net\/turkish\/2012\/11\/16\/askerler-ilk-kez-ataturk-icin-yurumediler\/#article","isPartOf":{"@id":"https:\/\/akunq.net\/turkish\/2012\/11\/16\/askerler-ilk-kez-ataturk-icin-yurumediler\/"},"author":{"name":"kalem","@id":"https:\/\/akunq.net\/turkish\/#\/schema\/person\/135e7923d1aeb8887890799619969a6c"},"headline":"Askerler ilk kez Atat\u00fcrk i\u00e7in y\u00fcr\u00fcmediler!","datePublished":"2012-11-16T08:30:57+00:00","mainEntityOfPage":{"@id":"https:\/\/akunq.net\/turkish\/2012\/11\/16\/askerler-ilk-kez-ataturk-icin-yurumediler\/"},"wordCount":196,"commentCount":0,"articleSection":["Haberler"],"inLanguage":"en-US","potentialAction":[{"@type":"CommentAction","name":"Comment","target":["https:\/\/akunq.net\/turkish\/2012\/11\/16\/askerler-ilk-kez-ataturk-icin-yurumediler\/#respond"]}]},{"@type":"WebPage","@id":"https:\/\/akunq.net\/turkish\/2012\/11\/16\/askerler-ilk-kez-ataturk-icin-yurumediler\/","url":"https:\/\/akunq.net\/turkish\/2012\/11\/16\/askerler-ilk-kez-ataturk-icin-yurumediler\/","name":"Askerler ilk kez Atat\u00fcrk i\u00e7in y\u00fcr\u00fcmediler! - Bati Ermenistan Ve Bati Ermenileri Sorunlari Ara\u015ftirmalar Merkezi","isPartOf":{"@id":"https:\/\/akunq.net\/turkish\/#website"},"datePublished":"2012-11-16T08:30:57+00:00","author":{"@id":"https:\/\/akunq.net\/turkish\/#\/schema\/person\/135e7923d1aeb8887890799619969a6c"},"breadcrumb":{"@id":"https:\/\/akunq.net\/turkish\/2012\/11\/16\/askerler-ilk-kez-ataturk-icin-yurumediler\/#breadcrumb"},"inLanguage":"en-US","potentialAction":[{"@type":"ReadAction","target":["https:\/\/akunq.net\/turkish\/2012\/11\/16\/askerler-ilk-kez-ataturk-icin-yurumediler\/"]}]},{"@type":"BreadcrumbList","@id":"https:\/\/akunq.net\/turkish\/2012\/11\/16\/askerler-ilk-kez-ataturk-icin-yurumediler\/#breadcrumb","itemListElement":[{"@type":"ListItem","position":1,"name":"Home","item":"https:\/\/akunq.net\/turkish\/"},{"@type":"ListItem","position":2,"name":"Askerler ilk kez Atat\u00fcrk i\u00e7in y\u00fcr\u00fcmediler!"}]},{"@type":"WebSite","@id":"https:\/\/akunq.net\/turkish\/#website","url":"https:\/\/akunq.net\/turkish\/","name":"Bati Ermenistan Ve Bati Ermenileri Sorunlari Ara\u015ftirmalar Merkezi","description":"","potentialAction":[{"@type":"SearchAction","target":{"@type":"EntryPoint","urlTemplate":"https:\/\/akunq.net\/turkish\/?s={search_term_string}"},"query-input":{"@type":"PropertyValueSpecification","valueRequired":true,"valueName":"search_term_string"}}],"inLanguage":"en-US"},{"@type":"Person","@id":"https:\/\/akunq.net\/turkish\/#\/schema\/person\/135e7923d1aeb8887890799619969a6c","name":"kalem","image":{"@type":"ImageObject","inLanguage":"en-US","@id":"https:\/\/secure.gravatar.com\/avatar\/a06875e4b25feb5674296adf8e8a7ae1e587cebce2493fe63c456109967e27d3?s=96&d=mm&r=g","url":"https:\/\/secure.gravatar.com\/avatar\/a06875e4b25feb5674296adf8e8a7ae1e587cebce2493fe63c456109967e27d3?s=96&d=mm&r=g","contentUrl":"https:\/\/secure.gravatar.com\/avatar\/a06875e4b25feb5674296adf8e8a7ae1e587cebce2493fe63c456109967e27d3?s=96&d=mm&r=g","caption":"kalem"},"url":"https:\/\/akunq.net\/turkish\/author\/kalem\/"}]}},"_links":{"self":[{"href":"https:\/\/akunq.net\/turkish\/wp-json\/wp\/v2\/posts\/20028","targetHints":{"allow":["GET"]}}],"collection":[{"href":"https:\/\/akunq.net\/turkish\/wp-json\/wp\/v2\/posts"}],"about":[{"href":"https:\/\/akunq.net\/turkish\/wp-json\/wp\/v2\/types\/post"}],"author":[{"embeddable":true,"href":"https:\/\/akunq.net\/turkish\/wp-json\/wp\/v2\/users\/3"}],"replies":[{"embeddable":true,"href":"https:\/\/akunq.net\/turkish\/wp-json\/wp\/v2\/comments?post=20028"}],"version-history":[{"count":0,"href":"https:\/\/akunq.net\/turkish\/wp-json\/wp\/v2\/posts\/20028\/revisions"}],"wp:attachment":[{"href":"https:\/\/akunq.net\/turkish\/wp-json\/wp\/v2\/media?parent=20028"}],"wp:term":[{"taxonomy":"category","embeddable":true,"href":"https:\/\/akunq.net\/turkish\/wp-json\/wp\/v2\/categories?post=20028"},{"taxonomy":"post_tag","embeddable":true,"href":"https:\/\/akunq.net\/turkish\/wp-json\/wp\/v2\/tags?post=20028"}],"curies":[{"name":"wp","href":"https:\/\/api.w.org\/{rel}","templated":true}]}}