{"id":1996,"date":"2010-09-17T02:27:09","date_gmt":"2010-09-17T07:27:09","guid":{"rendered":"http:\/\/akunq.net\/tr\/?p=1996"},"modified":"2010-09-17T02:27:09","modified_gmt":"2010-09-17T07:27:09","slug":"ayasofyada-ayin-simdilik-ertelendi","status":"publish","type":"post","link":"https:\/\/akunq.net\/turkish\/2010\/09\/17\/ayasofyada-ayin-simdilik-ertelendi\/","title":{"rendered":"Ayasofya&#8217;da ayin \u015fimdilik ertelendi"},"content":{"rendered":"<p style=\"text-align: justify\"><strong><em><a rel=\"attachment wp-att-1997\" href=\"http:\/\/akunq.net\/tr\/?attachment_id=1997\"><\/a><a rel=\"attachment wp-att-1998\" href=\"http:\/\/akunq.net\/tr\/?attachment_id=1998\"><img loading=\"lazy\" decoding=\"async\" class=\"alignleft size-medium wp-image-1998\" title=\"ayasofya_muzesi\" src=\"http:\/\/akunq.net\/tr\/wp-content\/uploads\/2010\/09\/ayasofya_muzesi1-300x207.jpg\" alt=\"\" width=\"300\" height=\"207\" \/><\/a>16 Eyl\u00fcl 2010 Per\u015fembe 23:37Ayasofya&#8217;da dini ayin i\u00e7in geleceklerdi, T\u00fcrkiye&#8217;nin yo\u011fun diplomatik bask\u0131s\u0131 nedeniyle son anda vazge\u00e7tiler; ancak \u015fimdilik&#8230;Ayasofya&#8217;da ayin \u015fimdilik ertelendi.<\/em><\/strong><\/p>\n<p style=\"text-align: justify\">Ayasofya&#8217;da dini ayin ger\u00e7ekle\u015ftirilmesini talep eden Yunan k\u00f6kenli Amerikal\u0131lardan olu\u015fan yakla\u015f\u0131k 250 ki\u015filik grup, T\u00fcrkiye&#8217;ye gitmekten vazge\u00e7ti.<\/p>\n<p style=\"text-align: justify\">\u00a0Yunanistan&#8217;\u0131n Dedea\u011fa\u00e7 (Aleksandrupolis) kentinde bulunan ve bu ak\u015fam, en ge\u00e7 yar\u0131n sabah saatlerinde T\u00fcrkiye&#8217;ye hareket etmesi beklenen grubun lideri ve Uluslararas\u0131 Ayasofya Kilise Camias\u0131 Organizasyonu Ba\u015fkan\u0131 Chris Spiru, A.A muhabirine yapt\u0131\u011f\u0131 a\u00e7\u0131klamada, &#8221;kendilerine T\u00fcrk makamlar\u0131ndan s\u00f6z konusu talep ve faaliyetlerinin k\u0131\u015fk\u0131rt\u0131c\u0131 olarak nitelendirildi\u011fine dair bir belge ula\u015ft\u0131\u011f\u0131n\u0131&#8221; s\u00f6yledi.<\/p>\n<p style=\"text-align: justify\">&#8221;Grubun amac\u0131n\u0131n sadece dua etmek oldu\u011funu&#8221; savunan Spiru, belgenin adeta, &#8221;T\u00fcrkiye&#8217;ye giri\u015f yasa\u011f\u0131&#8221; niteli\u011finde oldu\u011funu iddia ederek, bu geli\u015fme nedeniyle \u0130stanbul&#8217;a hareket edilmeyece\u011fini bildirdi.<\/p>\n<p style=\"text-align: justify\">Bu arada, Uluslararas\u0131 Ayasofya Kilise Camias\u0131 Organizasyonu&#8217;nun 2005 y\u0131l\u0131nda ABD&#8217;de kuruldu\u011fu ve Ayasofya&#8217;n\u0131n kilise olarak hizmet vermesi hedefiyle tan\u0131nd\u0131\u011f\u0131, Organizasyon Ba\u015fkan\u0131 Spiru&#8217;nun ise Yunanistan&#8217;\u0131n &#8221;Kardi\u00e7a&#8221; kentine ba\u011fl\u0131 &#8221;Portia&#8221; k\u00f6y\u00fcnden oldu\u011fu, 1956&#8217;da ABD&#8217;ye yerle\u015fti\u011fi \u00f6\u011frenildi.<\/p>\n<p style=\"text-align: justify\"><strong>\u00a0<\/strong><strong><em>Kaynak:<\/em><\/strong><strong><em> internethaber.com<br \/>\nTarih: 16.9.2010<\/em><\/strong><\/p>\n","protected":false},"excerpt":{"rendered":"<p>16 Eyl\u00fcl 2010 Per\u015fembe 23:37Ayasofya&#8217;da dini ayin i\u00e7in geleceklerdi, T\u00fcrkiye&#8217;nin yo\u011fun diplomatik bask\u0131s\u0131 nedeniyle son anda vazge\u00e7tiler; ancak \u015fimdilik&#8230;Ayasofya&#8217;da ayin \u015fimdilik ertelendi. Ayasofya&#8217;da dini ayin ger\u00e7ekle\u015ftirilmesini talep eden Yunan k\u00f6kenli Amerikal\u0131lardan olu\u015fan yakla\u015f\u0131k 250 ki\u015filik grup, T\u00fcrkiye&#8217;ye gitmekten vazge\u00e7ti. \u00a0Yunanistan&#8217;\u0131n Dedea\u011fa\u00e7 (Aleksandrupolis) kentinde bulunan ve bu ak\u015fam, en ge\u00e7 yar\u0131n sabah saatlerinde T\u00fcrkiye&#8217;ye hareket etmesi [&hellip;]<\/p>\n","protected":false},"author":3,"featured_media":0,"comment_status":"closed","ping_status":"open","sticky":false,"template":"","format":"standard","meta":{"footnotes":""},"categories":[14],"tags":[],"class_list":["post-1996","post","type-post","status-publish","format-standard","hentry","category-haberler"],"yoast_head":"<!-- This site is optimized with the Yoast SEO plugin v27.4 - https:\/\/yoast.com\/product\/yoast-seo-wordpress\/ -->\n<title>Ayasofya&#039;da ayin \u015fimdilik ertelendi - Bati Ermenistan Ve Bati Ermenileri Sorunlari Ara\u015ftirmalar Merkezi<\/title>\n<meta name=\"robots\" content=\"index, follow, max-snippet:-1, max-image-preview:large, max-video-preview:-1\" \/>\n<link rel=\"canonical\" href=\"https:\/\/akunq.net\/turkish\/2010\/09\/17\/ayasofyada-ayin-simdilik-ertelendi\/\" \/>\n<meta property=\"og:locale\" content=\"en_US\" \/>\n<meta property=\"og:type\" content=\"article\" \/>\n<meta property=\"og:title\" content=\"Ayasofya&#039;da ayin \u015fimdilik ertelendi - Bati Ermenistan Ve Bati Ermenileri Sorunlari Ara\u015ftirmalar Merkezi\" \/>\n<meta property=\"og:description\" content=\"16 Eyl\u00fcl 2010 Per\u015fembe 23:37Ayasofya&#8217;da dini ayin i\u00e7in geleceklerdi, T\u00fcrkiye&#8217;nin yo\u011fun diplomatik bask\u0131s\u0131 nedeniyle son anda vazge\u00e7tiler; ancak \u015fimdilik&#8230;Ayasofya&#8217;da ayin \u015fimdilik ertelendi. Ayasofya&#8217;da dini ayin ger\u00e7ekle\u015ftirilmesini talep eden Yunan k\u00f6kenli Amerikal\u0131lardan olu\u015fan yakla\u015f\u0131k 250 ki\u015filik grup, T\u00fcrkiye&#8217;ye gitmekten vazge\u00e7ti. \u00a0Yunanistan&#8217;\u0131n Dedea\u011fa\u00e7 (Aleksandrupolis) kentinde bulunan ve bu ak\u015fam, en ge\u00e7 yar\u0131n sabah saatlerinde T\u00fcrkiye&#8217;ye hareket etmesi [&hellip;]\" \/>\n<meta property=\"og:url\" content=\"https:\/\/akunq.net\/turkish\/2010\/09\/17\/ayasofyada-ayin-simdilik-ertelendi\/\" \/>\n<meta property=\"og:site_name\" content=\"Bati Ermenistan Ve Bati Ermenileri Sorunlari Ara\u015ftirmalar Merkezi\" \/>\n<meta property=\"article:published_time\" content=\"2010-09-17T07:27:09+00:00\" \/>\n<meta property=\"og:image\" content=\"https:\/\/akunq.net\/turkish\/wp-content\/uploads\/sites\/5\/2010\/09\/ayasofya_muzesi1.jpg\" \/>\n\t<meta property=\"og:image:width\" content=\"480\" \/>\n\t<meta property=\"og:image:height\" content=\"332\" \/>\n\t<meta property=\"og:image:type\" content=\"image\/jpeg\" \/>\n<meta name=\"author\" content=\"kalem\" \/>\n<meta name=\"twitter:card\" content=\"summary_large_image\" \/>\n<meta name=\"twitter:label1\" content=\"Written by\" \/>\n\t<meta name=\"twitter:data1\" content=\"kalem\" \/>\n\t<meta name=\"twitter:label2\" content=\"Est. reading time\" \/>\n\t<meta name=\"twitter:data2\" content=\"1 minute\" \/>\n<script type=\"application\/ld+json\" class=\"yoast-schema-graph\">{\"@context\":\"https:\\\/\\\/schema.org\",\"@graph\":[{\"@type\":\"Article\",\"@id\":\"https:\\\/\\\/akunq.net\\\/turkish\\\/2010\\\/09\\\/17\\\/ayasofyada-ayin-simdilik-ertelendi\\\/#article\",\"isPartOf\":{\"@id\":\"https:\\\/\\\/akunq.net\\\/turkish\\\/2010\\\/09\\\/17\\\/ayasofyada-ayin-simdilik-ertelendi\\\/\"},\"author\":{\"name\":\"kalem\",\"@id\":\"https:\\\/\\\/akunq.net\\\/turkish\\\/#\\\/schema\\\/person\\\/135e7923d1aeb8887890799619969a6c\"},\"headline\":\"Ayasofya&#8217;da ayin \u015fimdilik ertelendi\",\"datePublished\":\"2010-09-17T07:27:09+00:00\",\"mainEntityOfPage\":{\"@id\":\"https:\\\/\\\/akunq.net\\\/turkish\\\/2010\\\/09\\\/17\\\/ayasofyada-ayin-simdilik-ertelendi\\\/\"},\"wordCount\":208,\"image\":{\"@id\":\"https:\\\/\\\/akunq.net\\\/turkish\\\/2010\\\/09\\\/17\\\/ayasofyada-ayin-simdilik-ertelendi\\\/#primaryimage\"},\"thumbnailUrl\":\"http:\\\/\\\/akunq.net\\\/tr\\\/wp-content\\\/uploads\\\/2010\\\/09\\\/ayasofya_muzesi1-300x207.jpg\",\"articleSection\":[\"Haberler\"],\"inLanguage\":\"en-US\"},{\"@type\":\"WebPage\",\"@id\":\"https:\\\/\\\/akunq.net\\\/turkish\\\/2010\\\/09\\\/17\\\/ayasofyada-ayin-simdilik-ertelendi\\\/\",\"url\":\"https:\\\/\\\/akunq.net\\\/turkish\\\/2010\\\/09\\\/17\\\/ayasofyada-ayin-simdilik-ertelendi\\\/\",\"name\":\"Ayasofya'da ayin \u015fimdilik ertelendi - Bati Ermenistan Ve Bati Ermenileri Sorunlari Ara\u015ftirmalar Merkezi\",\"isPartOf\":{\"@id\":\"https:\\\/\\\/akunq.net\\\/turkish\\\/#website\"},\"primaryImageOfPage\":{\"@id\":\"https:\\\/\\\/akunq.net\\\/turkish\\\/2010\\\/09\\\/17\\\/ayasofyada-ayin-simdilik-ertelendi\\\/#primaryimage\"},\"image\":{\"@id\":\"https:\\\/\\\/akunq.net\\\/turkish\\\/2010\\\/09\\\/17\\\/ayasofyada-ayin-simdilik-ertelendi\\\/#primaryimage\"},\"thumbnailUrl\":\"http:\\\/\\\/akunq.net\\\/tr\\\/wp-content\\\/uploads\\\/2010\\\/09\\\/ayasofya_muzesi1-300x207.jpg\",\"datePublished\":\"2010-09-17T07:27:09+00:00\",\"author\":{\"@id\":\"https:\\\/\\\/akunq.net\\\/turkish\\\/#\\\/schema\\\/person\\\/135e7923d1aeb8887890799619969a6c\"},\"breadcrumb\":{\"@id\":\"https:\\\/\\\/akunq.net\\\/turkish\\\/2010\\\/09\\\/17\\\/ayasofyada-ayin-simdilik-ertelendi\\\/#breadcrumb\"},\"inLanguage\":\"en-US\",\"potentialAction\":[{\"@type\":\"ReadAction\",\"target\":[\"https:\\\/\\\/akunq.net\\\/turkish\\\/2010\\\/09\\\/17\\\/ayasofyada-ayin-simdilik-ertelendi\\\/\"]}]},{\"@type\":\"ImageObject\",\"inLanguage\":\"en-US\",\"@id\":\"https:\\\/\\\/akunq.net\\\/turkish\\\/2010\\\/09\\\/17\\\/ayasofyada-ayin-simdilik-ertelendi\\\/#primaryimage\",\"url\":\"http:\\\/\\\/akunq.net\\\/tr\\\/wp-content\\\/uploads\\\/2010\\\/09\\\/ayasofya_muzesi1-300x207.jpg\",\"contentUrl\":\"http:\\\/\\\/akunq.net\\\/tr\\\/wp-content\\\/uploads\\\/2010\\\/09\\\/ayasofya_muzesi1-300x207.jpg\"},{\"@type\":\"BreadcrumbList\",\"@id\":\"https:\\\/\\\/akunq.net\\\/turkish\\\/2010\\\/09\\\/17\\\/ayasofyada-ayin-simdilik-ertelendi\\\/#breadcrumb\",\"itemListElement\":[{\"@type\":\"ListItem\",\"position\":1,\"name\":\"Home\",\"item\":\"https:\\\/\\\/akunq.net\\\/turkish\\\/\"},{\"@type\":\"ListItem\",\"position\":2,\"name\":\"Ayasofya&#8217;da ayin \u015fimdilik ertelendi\"}]},{\"@type\":\"WebSite\",\"@id\":\"https:\\\/\\\/akunq.net\\\/turkish\\\/#website\",\"url\":\"https:\\\/\\\/akunq.net\\\/turkish\\\/\",\"name\":\"Bati Ermenistan Ve Bati Ermenileri Sorunlari Ara\u015ftirmalar Merkezi\",\"description\":\"\",\"potentialAction\":[{\"@type\":\"SearchAction\",\"target\":{\"@type\":\"EntryPoint\",\"urlTemplate\":\"https:\\\/\\\/akunq.net\\\/turkish\\\/?s={search_term_string}\"},\"query-input\":{\"@type\":\"PropertyValueSpecification\",\"valueRequired\":true,\"valueName\":\"search_term_string\"}}],\"inLanguage\":\"en-US\"},{\"@type\":\"Person\",\"@id\":\"https:\\\/\\\/akunq.net\\\/turkish\\\/#\\\/schema\\\/person\\\/135e7923d1aeb8887890799619969a6c\",\"name\":\"kalem\",\"image\":{\"@type\":\"ImageObject\",\"inLanguage\":\"en-US\",\"@id\":\"https:\\\/\\\/secure.gravatar.com\\\/avatar\\\/a06875e4b25feb5674296adf8e8a7ae1e587cebce2493fe63c456109967e27d3?s=96&d=mm&r=g\",\"url\":\"https:\\\/\\\/secure.gravatar.com\\\/avatar\\\/a06875e4b25feb5674296adf8e8a7ae1e587cebce2493fe63c456109967e27d3?s=96&d=mm&r=g\",\"contentUrl\":\"https:\\\/\\\/secure.gravatar.com\\\/avatar\\\/a06875e4b25feb5674296adf8e8a7ae1e587cebce2493fe63c456109967e27d3?s=96&d=mm&r=g\",\"caption\":\"kalem\"},\"url\":\"https:\\\/\\\/akunq.net\\\/turkish\\\/author\\\/kalem\\\/\"}]}<\/script>\n<!-- \/ Yoast SEO plugin. -->","yoast_head_json":{"title":"Ayasofya'da ayin \u015fimdilik ertelendi - Bati Ermenistan Ve Bati Ermenileri Sorunlari Ara\u015ftirmalar Merkezi","robots":{"index":"index","follow":"follow","max-snippet":"max-snippet:-1","max-image-preview":"max-image-preview:large","max-video-preview":"max-video-preview:-1"},"canonical":"https:\/\/akunq.net\/turkish\/2010\/09\/17\/ayasofyada-ayin-simdilik-ertelendi\/","og_locale":"en_US","og_type":"article","og_title":"Ayasofya'da ayin \u015fimdilik ertelendi - Bati Ermenistan Ve Bati Ermenileri Sorunlari Ara\u015ftirmalar Merkezi","og_description":"16 Eyl\u00fcl 2010 Per\u015fembe 23:37Ayasofya&#8217;da dini ayin i\u00e7in geleceklerdi, T\u00fcrkiye&#8217;nin yo\u011fun diplomatik bask\u0131s\u0131 nedeniyle son anda vazge\u00e7tiler; ancak \u015fimdilik&#8230;Ayasofya&#8217;da ayin \u015fimdilik ertelendi. Ayasofya&#8217;da dini ayin ger\u00e7ekle\u015ftirilmesini talep eden Yunan k\u00f6kenli Amerikal\u0131lardan olu\u015fan yakla\u015f\u0131k 250 ki\u015filik grup, T\u00fcrkiye&#8217;ye gitmekten vazge\u00e7ti. \u00a0Yunanistan&#8217;\u0131n Dedea\u011fa\u00e7 (Aleksandrupolis) kentinde bulunan ve bu ak\u015fam, en ge\u00e7 yar\u0131n sabah saatlerinde T\u00fcrkiye&#8217;ye hareket etmesi [&hellip;]","og_url":"https:\/\/akunq.net\/turkish\/2010\/09\/17\/ayasofyada-ayin-simdilik-ertelendi\/","og_site_name":"Bati Ermenistan Ve Bati Ermenileri Sorunlari Ara\u015ftirmalar Merkezi","article_published_time":"2010-09-17T07:27:09+00:00","og_image":[{"width":480,"height":332,"url":"https:\/\/akunq.net\/turkish\/wp-content\/uploads\/sites\/5\/2010\/09\/ayasofya_muzesi1.jpg","type":"image\/jpeg"}],"author":"kalem","twitter_card":"summary_large_image","twitter_misc":{"Written by":"kalem","Est. reading time":"1 minute"},"schema":{"@context":"https:\/\/schema.org","@graph":[{"@type":"Article","@id":"https:\/\/akunq.net\/turkish\/2010\/09\/17\/ayasofyada-ayin-simdilik-ertelendi\/#article","isPartOf":{"@id":"https:\/\/akunq.net\/turkish\/2010\/09\/17\/ayasofyada-ayin-simdilik-ertelendi\/"},"author":{"name":"kalem","@id":"https:\/\/akunq.net\/turkish\/#\/schema\/person\/135e7923d1aeb8887890799619969a6c"},"headline":"Ayasofya&#8217;da ayin \u015fimdilik ertelendi","datePublished":"2010-09-17T07:27:09+00:00","mainEntityOfPage":{"@id":"https:\/\/akunq.net\/turkish\/2010\/09\/17\/ayasofyada-ayin-simdilik-ertelendi\/"},"wordCount":208,"image":{"@id":"https:\/\/akunq.net\/turkish\/2010\/09\/17\/ayasofyada-ayin-simdilik-ertelendi\/#primaryimage"},"thumbnailUrl":"http:\/\/akunq.net\/tr\/wp-content\/uploads\/2010\/09\/ayasofya_muzesi1-300x207.jpg","articleSection":["Haberler"],"inLanguage":"en-US"},{"@type":"WebPage","@id":"https:\/\/akunq.net\/turkish\/2010\/09\/17\/ayasofyada-ayin-simdilik-ertelendi\/","url":"https:\/\/akunq.net\/turkish\/2010\/09\/17\/ayasofyada-ayin-simdilik-ertelendi\/","name":"Ayasofya'da ayin \u015fimdilik ertelendi - Bati Ermenistan Ve Bati Ermenileri Sorunlari Ara\u015ftirmalar Merkezi","isPartOf":{"@id":"https:\/\/akunq.net\/turkish\/#website"},"primaryImageOfPage":{"@id":"https:\/\/akunq.net\/turkish\/2010\/09\/17\/ayasofyada-ayin-simdilik-ertelendi\/#primaryimage"},"image":{"@id":"https:\/\/akunq.net\/turkish\/2010\/09\/17\/ayasofyada-ayin-simdilik-ertelendi\/#primaryimage"},"thumbnailUrl":"http:\/\/akunq.net\/tr\/wp-content\/uploads\/2010\/09\/ayasofya_muzesi1-300x207.jpg","datePublished":"2010-09-17T07:27:09+00:00","author":{"@id":"https:\/\/akunq.net\/turkish\/#\/schema\/person\/135e7923d1aeb8887890799619969a6c"},"breadcrumb":{"@id":"https:\/\/akunq.net\/turkish\/2010\/09\/17\/ayasofyada-ayin-simdilik-ertelendi\/#breadcrumb"},"inLanguage":"en-US","potentialAction":[{"@type":"ReadAction","target":["https:\/\/akunq.net\/turkish\/2010\/09\/17\/ayasofyada-ayin-simdilik-ertelendi\/"]}]},{"@type":"ImageObject","inLanguage":"en-US","@id":"https:\/\/akunq.net\/turkish\/2010\/09\/17\/ayasofyada-ayin-simdilik-ertelendi\/#primaryimage","url":"http:\/\/akunq.net\/tr\/wp-content\/uploads\/2010\/09\/ayasofya_muzesi1-300x207.jpg","contentUrl":"http:\/\/akunq.net\/tr\/wp-content\/uploads\/2010\/09\/ayasofya_muzesi1-300x207.jpg"},{"@type":"BreadcrumbList","@id":"https:\/\/akunq.net\/turkish\/2010\/09\/17\/ayasofyada-ayin-simdilik-ertelendi\/#breadcrumb","itemListElement":[{"@type":"ListItem","position":1,"name":"Home","item":"https:\/\/akunq.net\/turkish\/"},{"@type":"ListItem","position":2,"name":"Ayasofya&#8217;da ayin \u015fimdilik ertelendi"}]},{"@type":"WebSite","@id":"https:\/\/akunq.net\/turkish\/#website","url":"https:\/\/akunq.net\/turkish\/","name":"Bati Ermenistan Ve Bati Ermenileri Sorunlari Ara\u015ftirmalar Merkezi","description":"","potentialAction":[{"@type":"SearchAction","target":{"@type":"EntryPoint","urlTemplate":"https:\/\/akunq.net\/turkish\/?s={search_term_string}"},"query-input":{"@type":"PropertyValueSpecification","valueRequired":true,"valueName":"search_term_string"}}],"inLanguage":"en-US"},{"@type":"Person","@id":"https:\/\/akunq.net\/turkish\/#\/schema\/person\/135e7923d1aeb8887890799619969a6c","name":"kalem","image":{"@type":"ImageObject","inLanguage":"en-US","@id":"https:\/\/secure.gravatar.com\/avatar\/a06875e4b25feb5674296adf8e8a7ae1e587cebce2493fe63c456109967e27d3?s=96&d=mm&r=g","url":"https:\/\/secure.gravatar.com\/avatar\/a06875e4b25feb5674296adf8e8a7ae1e587cebce2493fe63c456109967e27d3?s=96&d=mm&r=g","contentUrl":"https:\/\/secure.gravatar.com\/avatar\/a06875e4b25feb5674296adf8e8a7ae1e587cebce2493fe63c456109967e27d3?s=96&d=mm&r=g","caption":"kalem"},"url":"https:\/\/akunq.net\/turkish\/author\/kalem\/"}]}},"_links":{"self":[{"href":"https:\/\/akunq.net\/turkish\/wp-json\/wp\/v2\/posts\/1996","targetHints":{"allow":["GET"]}}],"collection":[{"href":"https:\/\/akunq.net\/turkish\/wp-json\/wp\/v2\/posts"}],"about":[{"href":"https:\/\/akunq.net\/turkish\/wp-json\/wp\/v2\/types\/post"}],"author":[{"embeddable":true,"href":"https:\/\/akunq.net\/turkish\/wp-json\/wp\/v2\/users\/3"}],"replies":[{"embeddable":true,"href":"https:\/\/akunq.net\/turkish\/wp-json\/wp\/v2\/comments?post=1996"}],"version-history":[{"count":0,"href":"https:\/\/akunq.net\/turkish\/wp-json\/wp\/v2\/posts\/1996\/revisions"}],"wp:attachment":[{"href":"https:\/\/akunq.net\/turkish\/wp-json\/wp\/v2\/media?parent=1996"}],"wp:term":[{"taxonomy":"category","embeddable":true,"href":"https:\/\/akunq.net\/turkish\/wp-json\/wp\/v2\/categories?post=1996"},{"taxonomy":"post_tag","embeddable":true,"href":"https:\/\/akunq.net\/turkish\/wp-json\/wp\/v2\/tags?post=1996"}],"curies":[{"name":"wp","href":"https:\/\/api.w.org\/{rel}","templated":true}]}}