{"id":1993,"date":"2010-09-16T07:17:22","date_gmt":"2010-09-16T12:17:22","guid":{"rendered":"http:\/\/akunq.net\/tr\/?p=1993"},"modified":"2010-09-16T07:17:22","modified_gmt":"2010-09-16T12:17:22","slug":"ayasofyadaki-ayine-devlet-dur-diyecek","status":"publish","type":"post","link":"https:\/\/akunq.net\/turkish\/2010\/09\/16\/ayasofyadaki-ayine-devlet-dur-diyecek\/","title":{"rendered":"Ayasofya&#8217;daki ayine devlet &#8216;dur&#8217; diyecek"},"content":{"rendered":"<p style=\"text-align: justify\"><strong><em>Ayasofya&#8217;da bir grup Yunan&#8217;\u0131n ayin yapma giri\u015fimini de\u011ferlendiren Turizm Bakan\u0131 G\u00fcnay, &#8220;\u00d6zel bir kas\u0131tla huzur bozmak isteyen baz\u0131 gayretler varsa, devlet buna kar\u015f\u0131 \u00f6nlemler alacakt\u0131r&#8221; dedi. <\/em><\/strong><\/p>\n<p style=\"text-align: justify\">Kendilerini Yunan as\u0131ll\u0131 Amerikan vatanda\u015f\u0131 olarak tan\u0131tan 200 ki\u015filik bir grup, 17 Eyl\u00fcl Cuma g\u00fcn\u00fc Ayasofya M\u00fczesi&#8217;nde ayin yapacaklar\u0131n\u0131 duyurdu.<\/p>\n<p style=\"text-align: justify\">\u0130psala s\u0131n\u0131r kap\u0131s\u0131ndan \u0130stanbul\u2019a yol almas\u0131 beklenen kafile, m\u00fcze i\u00e7ine biletsiz giri\u015f yaparak ayin d\u00fczenlemeye \u00e7al\u0131\u015facak.<\/p>\n<p style=\"text-align: justify\">\u0130stanbul Fener Rum Patrikhanesi, T\u00fcrk makamlar\u0131na s\u00f6z konusu eylemle ilgilerinin bulunmad\u0131\u011f\u0131 bilgisini verdi.<br \/>\nKonuyla ilgili NTV&#8217;nin sorular\u0131n\u0131 yan\u0131tlayan K\u00fclt\u00fcr ve Turizm Bakan\u0131 Ertu\u011frul G\u00fcnay, &#8220;\u00d6zel bir kas\u0131tla huzur bozmak isteyen baz\u0131 gayretler varsa devlet buna kar\u015f\u0131 \u00f6nlemler alacakt\u0131r&#8221; dedi.<\/p>\n<p style=\"text-align: justify\">G\u00fcnay s\u00f6zlerini \u015f\u00f6yle s\u00fcrd\u00fcrd\u00fc: &#8220;Ne yaz\u0131k ki fanatik grubun yurtd\u0131\u015f\u0131ndan kaynaklanan bir giri\u015fimi var. Biz sembolik ayin imkanlar\u0131yla karde\u015fli\u011fe, dostlu\u011fa katk\u0131 yapmaya \u00e7al\u0131\u015ft\u0131k. Baz\u0131 M\u00fcsl\u00fcman vatanda\u015flar\u0131m\u0131z Ayasofya&#8217;da bayram namaz\u0131 talebiyle geldiler. Biz de 900 y\u0131l\u0131 a\u015fk\u0131n kilise olarak 500&#8217;e yak\u0131n s\u00fcre cami olarak hizmet etti\u011fini, toplu ayinlere \u00f6zel hizmet etmemesi gerekti\u011fini anlatt\u0131k. Arkada\u015flar\u0131m\u0131z anlay\u0131\u015fla kar\u015f\u0131lad\u0131. Bayram namaz\u0131 talebi \u00e7evredeki Sultanahmet gibi mabedlerde giderildi.\u00a0<\/p>\n<p style=\"text-align: justify\">G\u00d6Z\u00dcM\u00dcZ G\u0130B\u0130 KORUYORUZ<\/p>\n<p style=\"text-align: justify\">\u0130\u00e7eriden kaynaklanan bir zorlama yok. D\u0131\u015far\u0131dan kaynaklanan giri\u015fimle dinler aras\u0131 diyalog giri\u015fimini bozmaya y\u00f6nelik gayret var. Ayasofya gibi \u00f6zel bir yerde g\u00f6steri yaparak sevimsizlik yaparak bu imaj\u0131 bozmaya \u00e7al\u0131\u015f\u0131yorlar. Buna kimsenin imkan vermeyece\u011fini umut ediyoruz. Biz Ayasofya&#8217;y\u0131 g\u00f6z\u00fcm\u00fcz gibi koruyoruz. 1500 y\u0131ll\u0131k bir mabed fanatik gruplar\u0131n \u00f6zel g\u00f6steri yapmas\u0131 i\u00e7in uygun bir mekan de\u011fil.<\/p>\n<p>Bayram namaz\u0131 talebi kitle g\u00f6sterisine d\u00f6n\u00fc\u015fmeden g\u00fcndemden d\u00fc\u015ft\u00fc. Son giri\u015fim i\u00e7in Patrikhane gayret g\u00f6steriyor, D\u0131\u015fi\u015fleri Bakanl\u0131\u011f\u0131 gayret g\u00f6steriyor. Bunu atlatabiliriz. Toplu g\u00f6steri, ba\u015fka g\u00f6sterileri tahrik edebilir.&#8221;<\/p>\n<p style=\"text-align: justify\"><strong><em>Kaynak:<\/em><\/strong><strong><em> ntvmsnbc.com<br \/>\nTarih: 16.09.2010<\/em><\/strong><\/p>\n","protected":false},"excerpt":{"rendered":"<p>Ayasofya&#8217;da bir grup Yunan&#8217;\u0131n ayin yapma giri\u015fimini de\u011ferlendiren Turizm Bakan\u0131 G\u00fcnay, &#8220;\u00d6zel bir kas\u0131tla huzur bozmak isteyen baz\u0131 gayretler varsa, devlet buna kar\u015f\u0131 \u00f6nlemler alacakt\u0131r&#8221; dedi. Kendilerini Yunan as\u0131ll\u0131 Amerikan vatanda\u015f\u0131 olarak tan\u0131tan 200 ki\u015filik bir grup, 17 Eyl\u00fcl Cuma g\u00fcn\u00fc Ayasofya M\u00fczesi&#8217;nde ayin yapacaklar\u0131n\u0131 duyurdu. \u0130psala s\u0131n\u0131r kap\u0131s\u0131ndan \u0130stanbul\u2019a yol almas\u0131 beklenen kafile, m\u00fcze [&hellip;]<\/p>\n","protected":false},"author":3,"featured_media":0,"comment_status":"closed","ping_status":"open","sticky":false,"template":"","format":"standard","meta":{"footnotes":""},"categories":[14],"tags":[],"class_list":["post-1993","post","type-post","status-publish","format-standard","hentry","category-haberler"],"yoast_head":"<!-- This site is optimized with the Yoast SEO plugin v27.4 - https:\/\/yoast.com\/product\/yoast-seo-wordpress\/ -->\n<title>Ayasofya&#039;daki ayine devlet &#039;dur&#039; diyecek - Bati Ermenistan Ve Bati Ermenileri Sorunlari Ara\u015ftirmalar Merkezi<\/title>\n<meta name=\"robots\" content=\"index, follow, max-snippet:-1, max-image-preview:large, max-video-preview:-1\" \/>\n<link rel=\"canonical\" href=\"https:\/\/akunq.net\/turkish\/2010\/09\/16\/ayasofyadaki-ayine-devlet-dur-diyecek\/\" \/>\n<meta property=\"og:locale\" content=\"en_US\" \/>\n<meta property=\"og:type\" content=\"article\" \/>\n<meta property=\"og:title\" content=\"Ayasofya&#039;daki ayine devlet &#039;dur&#039; diyecek - Bati Ermenistan Ve Bati Ermenileri Sorunlari Ara\u015ftirmalar Merkezi\" \/>\n<meta property=\"og:description\" content=\"Ayasofya&#8217;da bir grup Yunan&#8217;\u0131n ayin yapma giri\u015fimini de\u011ferlendiren Turizm Bakan\u0131 G\u00fcnay, &#8220;\u00d6zel bir kas\u0131tla huzur bozmak isteyen baz\u0131 gayretler varsa, devlet buna kar\u015f\u0131 \u00f6nlemler alacakt\u0131r&#8221; dedi. Kendilerini Yunan as\u0131ll\u0131 Amerikan vatanda\u015f\u0131 olarak tan\u0131tan 200 ki\u015filik bir grup, 17 Eyl\u00fcl Cuma g\u00fcn\u00fc Ayasofya M\u00fczesi&#8217;nde ayin yapacaklar\u0131n\u0131 duyurdu. \u0130psala s\u0131n\u0131r kap\u0131s\u0131ndan \u0130stanbul\u2019a yol almas\u0131 beklenen kafile, m\u00fcze [&hellip;]\" \/>\n<meta property=\"og:url\" content=\"https:\/\/akunq.net\/turkish\/2010\/09\/16\/ayasofyadaki-ayine-devlet-dur-diyecek\/\" \/>\n<meta property=\"og:site_name\" content=\"Bati Ermenistan Ve Bati Ermenileri Sorunlari Ara\u015ftirmalar Merkezi\" \/>\n<meta property=\"article:published_time\" content=\"2010-09-16T12:17:22+00:00\" \/>\n<meta name=\"author\" content=\"kalem\" \/>\n<meta name=\"twitter:card\" content=\"summary_large_image\" \/>\n<meta name=\"twitter:label1\" content=\"Written by\" \/>\n\t<meta name=\"twitter:data1\" content=\"kalem\" \/>\n\t<meta name=\"twitter:label2\" content=\"Est. reading time\" \/>\n\t<meta name=\"twitter:data2\" content=\"2 minutes\" \/>\n<script type=\"application\/ld+json\" class=\"yoast-schema-graph\">{\"@context\":\"https:\\\/\\\/schema.org\",\"@graph\":[{\"@type\":\"Article\",\"@id\":\"https:\\\/\\\/akunq.net\\\/turkish\\\/2010\\\/09\\\/16\\\/ayasofyadaki-ayine-devlet-dur-diyecek\\\/#article\",\"isPartOf\":{\"@id\":\"https:\\\/\\\/akunq.net\\\/turkish\\\/2010\\\/09\\\/16\\\/ayasofyadaki-ayine-devlet-dur-diyecek\\\/\"},\"author\":{\"name\":\"kalem\",\"@id\":\"https:\\\/\\\/akunq.net\\\/turkish\\\/#\\\/schema\\\/person\\\/135e7923d1aeb8887890799619969a6c\"},\"headline\":\"Ayasofya&#8217;daki ayine devlet &#8216;dur&#8217; diyecek\",\"datePublished\":\"2010-09-16T12:17:22+00:00\",\"mainEntityOfPage\":{\"@id\":\"https:\\\/\\\/akunq.net\\\/turkish\\\/2010\\\/09\\\/16\\\/ayasofyadaki-ayine-devlet-dur-diyecek\\\/\"},\"wordCount\":351,\"articleSection\":[\"Haberler\"],\"inLanguage\":\"en-US\"},{\"@type\":\"WebPage\",\"@id\":\"https:\\\/\\\/akunq.net\\\/turkish\\\/2010\\\/09\\\/16\\\/ayasofyadaki-ayine-devlet-dur-diyecek\\\/\",\"url\":\"https:\\\/\\\/akunq.net\\\/turkish\\\/2010\\\/09\\\/16\\\/ayasofyadaki-ayine-devlet-dur-diyecek\\\/\",\"name\":\"Ayasofya'daki ayine devlet 'dur' diyecek - Bati Ermenistan Ve Bati Ermenileri Sorunlari Ara\u015ftirmalar Merkezi\",\"isPartOf\":{\"@id\":\"https:\\\/\\\/akunq.net\\\/turkish\\\/#website\"},\"datePublished\":\"2010-09-16T12:17:22+00:00\",\"author\":{\"@id\":\"https:\\\/\\\/akunq.net\\\/turkish\\\/#\\\/schema\\\/person\\\/135e7923d1aeb8887890799619969a6c\"},\"breadcrumb\":{\"@id\":\"https:\\\/\\\/akunq.net\\\/turkish\\\/2010\\\/09\\\/16\\\/ayasofyadaki-ayine-devlet-dur-diyecek\\\/#breadcrumb\"},\"inLanguage\":\"en-US\",\"potentialAction\":[{\"@type\":\"ReadAction\",\"target\":[\"https:\\\/\\\/akunq.net\\\/turkish\\\/2010\\\/09\\\/16\\\/ayasofyadaki-ayine-devlet-dur-diyecek\\\/\"]}]},{\"@type\":\"BreadcrumbList\",\"@id\":\"https:\\\/\\\/akunq.net\\\/turkish\\\/2010\\\/09\\\/16\\\/ayasofyadaki-ayine-devlet-dur-diyecek\\\/#breadcrumb\",\"itemListElement\":[{\"@type\":\"ListItem\",\"position\":1,\"name\":\"Home\",\"item\":\"https:\\\/\\\/akunq.net\\\/turkish\\\/\"},{\"@type\":\"ListItem\",\"position\":2,\"name\":\"Ayasofya&#8217;daki ayine devlet &#8216;dur&#8217; diyecek\"}]},{\"@type\":\"WebSite\",\"@id\":\"https:\\\/\\\/akunq.net\\\/turkish\\\/#website\",\"url\":\"https:\\\/\\\/akunq.net\\\/turkish\\\/\",\"name\":\"Bati Ermenistan Ve Bati Ermenileri Sorunlari Ara\u015ftirmalar Merkezi\",\"description\":\"\",\"potentialAction\":[{\"@type\":\"SearchAction\",\"target\":{\"@type\":\"EntryPoint\",\"urlTemplate\":\"https:\\\/\\\/akunq.net\\\/turkish\\\/?s={search_term_string}\"},\"query-input\":{\"@type\":\"PropertyValueSpecification\",\"valueRequired\":true,\"valueName\":\"search_term_string\"}}],\"inLanguage\":\"en-US\"},{\"@type\":\"Person\",\"@id\":\"https:\\\/\\\/akunq.net\\\/turkish\\\/#\\\/schema\\\/person\\\/135e7923d1aeb8887890799619969a6c\",\"name\":\"kalem\",\"image\":{\"@type\":\"ImageObject\",\"inLanguage\":\"en-US\",\"@id\":\"https:\\\/\\\/secure.gravatar.com\\\/avatar\\\/a06875e4b25feb5674296adf8e8a7ae1e587cebce2493fe63c456109967e27d3?s=96&d=mm&r=g\",\"url\":\"https:\\\/\\\/secure.gravatar.com\\\/avatar\\\/a06875e4b25feb5674296adf8e8a7ae1e587cebce2493fe63c456109967e27d3?s=96&d=mm&r=g\",\"contentUrl\":\"https:\\\/\\\/secure.gravatar.com\\\/avatar\\\/a06875e4b25feb5674296adf8e8a7ae1e587cebce2493fe63c456109967e27d3?s=96&d=mm&r=g\",\"caption\":\"kalem\"},\"url\":\"https:\\\/\\\/akunq.net\\\/turkish\\\/author\\\/kalem\\\/\"}]}<\/script>\n<!-- \/ Yoast SEO plugin. -->","yoast_head_json":{"title":"Ayasofya'daki ayine devlet 'dur' diyecek - Bati Ermenistan Ve Bati Ermenileri Sorunlari Ara\u015ftirmalar Merkezi","robots":{"index":"index","follow":"follow","max-snippet":"max-snippet:-1","max-image-preview":"max-image-preview:large","max-video-preview":"max-video-preview:-1"},"canonical":"https:\/\/akunq.net\/turkish\/2010\/09\/16\/ayasofyadaki-ayine-devlet-dur-diyecek\/","og_locale":"en_US","og_type":"article","og_title":"Ayasofya'daki ayine devlet 'dur' diyecek - Bati Ermenistan Ve Bati Ermenileri Sorunlari Ara\u015ftirmalar Merkezi","og_description":"Ayasofya&#8217;da bir grup Yunan&#8217;\u0131n ayin yapma giri\u015fimini de\u011ferlendiren Turizm Bakan\u0131 G\u00fcnay, &#8220;\u00d6zel bir kas\u0131tla huzur bozmak isteyen baz\u0131 gayretler varsa, devlet buna kar\u015f\u0131 \u00f6nlemler alacakt\u0131r&#8221; dedi. Kendilerini Yunan as\u0131ll\u0131 Amerikan vatanda\u015f\u0131 olarak tan\u0131tan 200 ki\u015filik bir grup, 17 Eyl\u00fcl Cuma g\u00fcn\u00fc Ayasofya M\u00fczesi&#8217;nde ayin yapacaklar\u0131n\u0131 duyurdu. \u0130psala s\u0131n\u0131r kap\u0131s\u0131ndan \u0130stanbul\u2019a yol almas\u0131 beklenen kafile, m\u00fcze [&hellip;]","og_url":"https:\/\/akunq.net\/turkish\/2010\/09\/16\/ayasofyadaki-ayine-devlet-dur-diyecek\/","og_site_name":"Bati Ermenistan Ve Bati Ermenileri Sorunlari Ara\u015ftirmalar Merkezi","article_published_time":"2010-09-16T12:17:22+00:00","author":"kalem","twitter_card":"summary_large_image","twitter_misc":{"Written by":"kalem","Est. reading time":"2 minutes"},"schema":{"@context":"https:\/\/schema.org","@graph":[{"@type":"Article","@id":"https:\/\/akunq.net\/turkish\/2010\/09\/16\/ayasofyadaki-ayine-devlet-dur-diyecek\/#article","isPartOf":{"@id":"https:\/\/akunq.net\/turkish\/2010\/09\/16\/ayasofyadaki-ayine-devlet-dur-diyecek\/"},"author":{"name":"kalem","@id":"https:\/\/akunq.net\/turkish\/#\/schema\/person\/135e7923d1aeb8887890799619969a6c"},"headline":"Ayasofya&#8217;daki ayine devlet &#8216;dur&#8217; diyecek","datePublished":"2010-09-16T12:17:22+00:00","mainEntityOfPage":{"@id":"https:\/\/akunq.net\/turkish\/2010\/09\/16\/ayasofyadaki-ayine-devlet-dur-diyecek\/"},"wordCount":351,"articleSection":["Haberler"],"inLanguage":"en-US"},{"@type":"WebPage","@id":"https:\/\/akunq.net\/turkish\/2010\/09\/16\/ayasofyadaki-ayine-devlet-dur-diyecek\/","url":"https:\/\/akunq.net\/turkish\/2010\/09\/16\/ayasofyadaki-ayine-devlet-dur-diyecek\/","name":"Ayasofya'daki ayine devlet 'dur' diyecek - Bati Ermenistan Ve Bati Ermenileri Sorunlari Ara\u015ftirmalar Merkezi","isPartOf":{"@id":"https:\/\/akunq.net\/turkish\/#website"},"datePublished":"2010-09-16T12:17:22+00:00","author":{"@id":"https:\/\/akunq.net\/turkish\/#\/schema\/person\/135e7923d1aeb8887890799619969a6c"},"breadcrumb":{"@id":"https:\/\/akunq.net\/turkish\/2010\/09\/16\/ayasofyadaki-ayine-devlet-dur-diyecek\/#breadcrumb"},"inLanguage":"en-US","potentialAction":[{"@type":"ReadAction","target":["https:\/\/akunq.net\/turkish\/2010\/09\/16\/ayasofyadaki-ayine-devlet-dur-diyecek\/"]}]},{"@type":"BreadcrumbList","@id":"https:\/\/akunq.net\/turkish\/2010\/09\/16\/ayasofyadaki-ayine-devlet-dur-diyecek\/#breadcrumb","itemListElement":[{"@type":"ListItem","position":1,"name":"Home","item":"https:\/\/akunq.net\/turkish\/"},{"@type":"ListItem","position":2,"name":"Ayasofya&#8217;daki ayine devlet &#8216;dur&#8217; diyecek"}]},{"@type":"WebSite","@id":"https:\/\/akunq.net\/turkish\/#website","url":"https:\/\/akunq.net\/turkish\/","name":"Bati Ermenistan Ve Bati Ermenileri Sorunlari Ara\u015ftirmalar Merkezi","description":"","potentialAction":[{"@type":"SearchAction","target":{"@type":"EntryPoint","urlTemplate":"https:\/\/akunq.net\/turkish\/?s={search_term_string}"},"query-input":{"@type":"PropertyValueSpecification","valueRequired":true,"valueName":"search_term_string"}}],"inLanguage":"en-US"},{"@type":"Person","@id":"https:\/\/akunq.net\/turkish\/#\/schema\/person\/135e7923d1aeb8887890799619969a6c","name":"kalem","image":{"@type":"ImageObject","inLanguage":"en-US","@id":"https:\/\/secure.gravatar.com\/avatar\/a06875e4b25feb5674296adf8e8a7ae1e587cebce2493fe63c456109967e27d3?s=96&d=mm&r=g","url":"https:\/\/secure.gravatar.com\/avatar\/a06875e4b25feb5674296adf8e8a7ae1e587cebce2493fe63c456109967e27d3?s=96&d=mm&r=g","contentUrl":"https:\/\/secure.gravatar.com\/avatar\/a06875e4b25feb5674296adf8e8a7ae1e587cebce2493fe63c456109967e27d3?s=96&d=mm&r=g","caption":"kalem"},"url":"https:\/\/akunq.net\/turkish\/author\/kalem\/"}]}},"_links":{"self":[{"href":"https:\/\/akunq.net\/turkish\/wp-json\/wp\/v2\/posts\/1993","targetHints":{"allow":["GET"]}}],"collection":[{"href":"https:\/\/akunq.net\/turkish\/wp-json\/wp\/v2\/posts"}],"about":[{"href":"https:\/\/akunq.net\/turkish\/wp-json\/wp\/v2\/types\/post"}],"author":[{"embeddable":true,"href":"https:\/\/akunq.net\/turkish\/wp-json\/wp\/v2\/users\/3"}],"replies":[{"embeddable":true,"href":"https:\/\/akunq.net\/turkish\/wp-json\/wp\/v2\/comments?post=1993"}],"version-history":[{"count":0,"href":"https:\/\/akunq.net\/turkish\/wp-json\/wp\/v2\/posts\/1993\/revisions"}],"wp:attachment":[{"href":"https:\/\/akunq.net\/turkish\/wp-json\/wp\/v2\/media?parent=1993"}],"wp:term":[{"taxonomy":"category","embeddable":true,"href":"https:\/\/akunq.net\/turkish\/wp-json\/wp\/v2\/categories?post=1993"},{"taxonomy":"post_tag","embeddable":true,"href":"https:\/\/akunq.net\/turkish\/wp-json\/wp\/v2\/tags?post=1993"}],"curies":[{"name":"wp","href":"https:\/\/api.w.org\/{rel}","templated":true}]}}