{"id":1988,"date":"2010-09-16T02:44:10","date_gmt":"2010-09-16T07:44:10","guid":{"rendered":"http:\/\/akunq.net\/tr\/?p=1988"},"modified":"2010-09-16T02:44:10","modified_gmt":"2010-09-16T07:44:10","slug":"turk-hosgorusunun-ifadesi","status":"publish","type":"post","link":"https:\/\/akunq.net\/turkish\/2010\/09\/16\/turk-hosgorusunun-ifadesi\/","title":{"rendered":"T\u00dcRK HO\u015eG\u00d6R\u00dcS\u00dcN\u00dcN \u0130FADES\u0130"},"content":{"rendered":"<p style=\"text-align: justify\">Akdamar Kilisesi&#8217;nde ayin yap\u0131lmas\u0131yla ilgili soru \u00fczerine Erdo\u011fan \u015funlar\u0131 kaydetti: &#8216;\u00dclkemizde Ermeni vatanda\u015flar\u0131m\u0131z var. Bizim onlar\u0131n dini abidelerine bak\u0131\u015f\u0131m\u0131z, mabetlerine bak\u0131\u015f\u0131m\u0131z nas\u0131l, onlar\u0131n bak\u0131\u015f\u0131 nas\u0131l, bunu ortaya koyal\u0131m istedik. Bu asl\u0131nda T\u00fcrk\u00fcn ho\u015fg\u00f6r\u00fcs\u00fcn\u00fcn bir ifadesidir. Bu ho\u015fg\u00f6r\u00fcy\u00fc bizim di\u011fer inan\u00e7 mensuplar\u0131ndan, d\u00fcnyan\u0131n de\u011fi\u015fik yerlerinden beklemek de hakk\u0131m\u0131zd\u0131r. Temenni ediyoruz ki onlar da ayn\u0131 anlay\u0131\u015f\u0131, ayn\u0131 ho\u015fg\u00f6r\u00fcy\u00fc, ayn\u0131 yakla\u015f\u0131m\u0131 bize g\u00f6sterir ve bu yapt\u0131klar\u0131m\u0131z kar\u015f\u0131l\u0131ks\u0131z kalmaz diye d\u00fc\u015f\u00fcn\u00fcyoruz, buna inan\u0131yoruz.&#8217;<\/p>\n<p style=\"text-align: justify\"><strong><em>\u00a0<\/em><\/strong><strong><em>Yeni<\/em><\/strong><strong><em>\u015f<\/em><\/strong><strong><em>afak <\/em><\/strong><\/p>\n<p style=\"text-align: justify\"><strong><em>16.09.2010<\/em><\/strong><strong><em><\/em><\/strong><\/p>\n<p style=\"text-align: justify\"><a href=\"http:\/\/yenisafak.com.tr\/Politika\/?t=16.09.2010&amp;i=278662\"><strong><em>http:\/\/yenisafak.com.tr\/Politika\/?t=16.09.2010&amp;i=278662<\/em><\/strong><\/a><strong><em><\/em><\/strong><\/p>\n","protected":false},"excerpt":{"rendered":"<p>Akdamar Kilisesi&#8217;nde ayin yap\u0131lmas\u0131yla ilgili soru \u00fczerine Erdo\u011fan \u015funlar\u0131 kaydetti: &#8216;\u00dclkemizde Ermeni vatanda\u015flar\u0131m\u0131z var. Bizim onlar\u0131n dini abidelerine bak\u0131\u015f\u0131m\u0131z, mabetlerine bak\u0131\u015f\u0131m\u0131z nas\u0131l, onlar\u0131n bak\u0131\u015f\u0131 nas\u0131l, bunu ortaya koyal\u0131m istedik. Bu asl\u0131nda T\u00fcrk\u00fcn ho\u015fg\u00f6r\u00fcs\u00fcn\u00fcn bir ifadesidir. Bu ho\u015fg\u00f6r\u00fcy\u00fc bizim di\u011fer inan\u00e7 mensuplar\u0131ndan, d\u00fcnyan\u0131n de\u011fi\u015fik yerlerinden beklemek de hakk\u0131m\u0131zd\u0131r. Temenni ediyoruz ki onlar da ayn\u0131 anlay\u0131\u015f\u0131, ayn\u0131 [&hellip;]<\/p>\n","protected":false},"author":3,"featured_media":0,"comment_status":"closed","ping_status":"open","sticky":false,"template":"","format":"standard","meta":{"footnotes":""},"categories":[14],"tags":[],"class_list":["post-1988","post","type-post","status-publish","format-standard","hentry","category-haberler"],"yoast_head":"<!-- This site is optimized with the Yoast SEO plugin v27.4 - https:\/\/yoast.com\/product\/yoast-seo-wordpress\/ -->\n<title>T\u00dcRK HO\u015eG\u00d6R\u00dcS\u00dcN\u00dcN \u0130FADES\u0130 - Bati Ermenistan Ve Bati Ermenileri Sorunlari Ara\u015ftirmalar Merkezi<\/title>\n<meta name=\"robots\" content=\"index, follow, max-snippet:-1, max-image-preview:large, max-video-preview:-1\" \/>\n<link rel=\"canonical\" href=\"https:\/\/akunq.net\/turkish\/2010\/09\/16\/turk-hosgorusunun-ifadesi\/\" \/>\n<meta property=\"og:locale\" content=\"en_US\" \/>\n<meta property=\"og:type\" content=\"article\" \/>\n<meta property=\"og:title\" content=\"T\u00dcRK HO\u015eG\u00d6R\u00dcS\u00dcN\u00dcN \u0130FADES\u0130 - Bati Ermenistan Ve Bati Ermenileri Sorunlari Ara\u015ftirmalar Merkezi\" \/>\n<meta property=\"og:description\" content=\"Akdamar Kilisesi&#8217;nde ayin yap\u0131lmas\u0131yla ilgili soru \u00fczerine Erdo\u011fan \u015funlar\u0131 kaydetti: &#8216;\u00dclkemizde Ermeni vatanda\u015flar\u0131m\u0131z var. Bizim onlar\u0131n dini abidelerine bak\u0131\u015f\u0131m\u0131z, mabetlerine bak\u0131\u015f\u0131m\u0131z nas\u0131l, onlar\u0131n bak\u0131\u015f\u0131 nas\u0131l, bunu ortaya koyal\u0131m istedik. Bu asl\u0131nda T\u00fcrk\u00fcn ho\u015fg\u00f6r\u00fcs\u00fcn\u00fcn bir ifadesidir. Bu ho\u015fg\u00f6r\u00fcy\u00fc bizim di\u011fer inan\u00e7 mensuplar\u0131ndan, d\u00fcnyan\u0131n de\u011fi\u015fik yerlerinden beklemek de hakk\u0131m\u0131zd\u0131r. Temenni ediyoruz ki onlar da ayn\u0131 anlay\u0131\u015f\u0131, ayn\u0131 [&hellip;]\" \/>\n<meta property=\"og:url\" content=\"https:\/\/akunq.net\/turkish\/2010\/09\/16\/turk-hosgorusunun-ifadesi\/\" \/>\n<meta property=\"og:site_name\" content=\"Bati Ermenistan Ve Bati Ermenileri Sorunlari Ara\u015ftirmalar Merkezi\" \/>\n<meta property=\"article:published_time\" content=\"2010-09-16T07:44:10+00:00\" \/>\n<meta name=\"author\" content=\"kalem\" \/>\n<meta name=\"twitter:card\" content=\"summary_large_image\" \/>\n<meta name=\"twitter:label1\" content=\"Written by\" \/>\n\t<meta name=\"twitter:data1\" content=\"kalem\" \/>\n\t<meta name=\"twitter:label2\" content=\"Est. reading time\" \/>\n\t<meta name=\"twitter:data2\" content=\"1 minute\" \/>\n<script type=\"application\/ld+json\" class=\"yoast-schema-graph\">{\"@context\":\"https:\\\/\\\/schema.org\",\"@graph\":[{\"@type\":\"Article\",\"@id\":\"https:\\\/\\\/akunq.net\\\/turkish\\\/2010\\\/09\\\/16\\\/turk-hosgorusunun-ifadesi\\\/#article\",\"isPartOf\":{\"@id\":\"https:\\\/\\\/akunq.net\\\/turkish\\\/2010\\\/09\\\/16\\\/turk-hosgorusunun-ifadesi\\\/\"},\"author\":{\"name\":\"kalem\",\"@id\":\"https:\\\/\\\/akunq.net\\\/turkish\\\/#\\\/schema\\\/person\\\/135e7923d1aeb8887890799619969a6c\"},\"headline\":\"T\u00dcRK HO\u015eG\u00d6R\u00dcS\u00dcN\u00dcN \u0130FADES\u0130\",\"datePublished\":\"2010-09-16T07:44:10+00:00\",\"mainEntityOfPage\":{\"@id\":\"https:\\\/\\\/akunq.net\\\/turkish\\\/2010\\\/09\\\/16\\\/turk-hosgorusunun-ifadesi\\\/\"},\"wordCount\":139,\"articleSection\":[\"Haberler\"],\"inLanguage\":\"en-US\"},{\"@type\":\"WebPage\",\"@id\":\"https:\\\/\\\/akunq.net\\\/turkish\\\/2010\\\/09\\\/16\\\/turk-hosgorusunun-ifadesi\\\/\",\"url\":\"https:\\\/\\\/akunq.net\\\/turkish\\\/2010\\\/09\\\/16\\\/turk-hosgorusunun-ifadesi\\\/\",\"name\":\"T\u00dcRK HO\u015eG\u00d6R\u00dcS\u00dcN\u00dcN \u0130FADES\u0130 - Bati Ermenistan Ve Bati Ermenileri Sorunlari Ara\u015ftirmalar Merkezi\",\"isPartOf\":{\"@id\":\"https:\\\/\\\/akunq.net\\\/turkish\\\/#website\"},\"datePublished\":\"2010-09-16T07:44:10+00:00\",\"author\":{\"@id\":\"https:\\\/\\\/akunq.net\\\/turkish\\\/#\\\/schema\\\/person\\\/135e7923d1aeb8887890799619969a6c\"},\"breadcrumb\":{\"@id\":\"https:\\\/\\\/akunq.net\\\/turkish\\\/2010\\\/09\\\/16\\\/turk-hosgorusunun-ifadesi\\\/#breadcrumb\"},\"inLanguage\":\"en-US\",\"potentialAction\":[{\"@type\":\"ReadAction\",\"target\":[\"https:\\\/\\\/akunq.net\\\/turkish\\\/2010\\\/09\\\/16\\\/turk-hosgorusunun-ifadesi\\\/\"]}]},{\"@type\":\"BreadcrumbList\",\"@id\":\"https:\\\/\\\/akunq.net\\\/turkish\\\/2010\\\/09\\\/16\\\/turk-hosgorusunun-ifadesi\\\/#breadcrumb\",\"itemListElement\":[{\"@type\":\"ListItem\",\"position\":1,\"name\":\"Home\",\"item\":\"https:\\\/\\\/akunq.net\\\/turkish\\\/\"},{\"@type\":\"ListItem\",\"position\":2,\"name\":\"T\u00dcRK HO\u015eG\u00d6R\u00dcS\u00dcN\u00dcN \u0130FADES\u0130\"}]},{\"@type\":\"WebSite\",\"@id\":\"https:\\\/\\\/akunq.net\\\/turkish\\\/#website\",\"url\":\"https:\\\/\\\/akunq.net\\\/turkish\\\/\",\"name\":\"Bati Ermenistan Ve Bati Ermenileri Sorunlari Ara\u015ftirmalar Merkezi\",\"description\":\"\",\"potentialAction\":[{\"@type\":\"SearchAction\",\"target\":{\"@type\":\"EntryPoint\",\"urlTemplate\":\"https:\\\/\\\/akunq.net\\\/turkish\\\/?s={search_term_string}\"},\"query-input\":{\"@type\":\"PropertyValueSpecification\",\"valueRequired\":true,\"valueName\":\"search_term_string\"}}],\"inLanguage\":\"en-US\"},{\"@type\":\"Person\",\"@id\":\"https:\\\/\\\/akunq.net\\\/turkish\\\/#\\\/schema\\\/person\\\/135e7923d1aeb8887890799619969a6c\",\"name\":\"kalem\",\"image\":{\"@type\":\"ImageObject\",\"inLanguage\":\"en-US\",\"@id\":\"https:\\\/\\\/secure.gravatar.com\\\/avatar\\\/a06875e4b25feb5674296adf8e8a7ae1e587cebce2493fe63c456109967e27d3?s=96&d=mm&r=g\",\"url\":\"https:\\\/\\\/secure.gravatar.com\\\/avatar\\\/a06875e4b25feb5674296adf8e8a7ae1e587cebce2493fe63c456109967e27d3?s=96&d=mm&r=g\",\"contentUrl\":\"https:\\\/\\\/secure.gravatar.com\\\/avatar\\\/a06875e4b25feb5674296adf8e8a7ae1e587cebce2493fe63c456109967e27d3?s=96&d=mm&r=g\",\"caption\":\"kalem\"},\"url\":\"https:\\\/\\\/akunq.net\\\/turkish\\\/author\\\/kalem\\\/\"}]}<\/script>\n<!-- \/ Yoast SEO plugin. -->","yoast_head_json":{"title":"T\u00dcRK HO\u015eG\u00d6R\u00dcS\u00dcN\u00dcN \u0130FADES\u0130 - Bati Ermenistan Ve Bati Ermenileri Sorunlari Ara\u015ftirmalar Merkezi","robots":{"index":"index","follow":"follow","max-snippet":"max-snippet:-1","max-image-preview":"max-image-preview:large","max-video-preview":"max-video-preview:-1"},"canonical":"https:\/\/akunq.net\/turkish\/2010\/09\/16\/turk-hosgorusunun-ifadesi\/","og_locale":"en_US","og_type":"article","og_title":"T\u00dcRK HO\u015eG\u00d6R\u00dcS\u00dcN\u00dcN \u0130FADES\u0130 - Bati Ermenistan Ve Bati Ermenileri Sorunlari Ara\u015ftirmalar Merkezi","og_description":"Akdamar Kilisesi&#8217;nde ayin yap\u0131lmas\u0131yla ilgili soru \u00fczerine Erdo\u011fan \u015funlar\u0131 kaydetti: &#8216;\u00dclkemizde Ermeni vatanda\u015flar\u0131m\u0131z var. Bizim onlar\u0131n dini abidelerine bak\u0131\u015f\u0131m\u0131z, mabetlerine bak\u0131\u015f\u0131m\u0131z nas\u0131l, onlar\u0131n bak\u0131\u015f\u0131 nas\u0131l, bunu ortaya koyal\u0131m istedik. Bu asl\u0131nda T\u00fcrk\u00fcn ho\u015fg\u00f6r\u00fcs\u00fcn\u00fcn bir ifadesidir. Bu ho\u015fg\u00f6r\u00fcy\u00fc bizim di\u011fer inan\u00e7 mensuplar\u0131ndan, d\u00fcnyan\u0131n de\u011fi\u015fik yerlerinden beklemek de hakk\u0131m\u0131zd\u0131r. Temenni ediyoruz ki onlar da ayn\u0131 anlay\u0131\u015f\u0131, ayn\u0131 [&hellip;]","og_url":"https:\/\/akunq.net\/turkish\/2010\/09\/16\/turk-hosgorusunun-ifadesi\/","og_site_name":"Bati Ermenistan Ve Bati Ermenileri Sorunlari Ara\u015ftirmalar Merkezi","article_published_time":"2010-09-16T07:44:10+00:00","author":"kalem","twitter_card":"summary_large_image","twitter_misc":{"Written by":"kalem","Est. reading time":"1 minute"},"schema":{"@context":"https:\/\/schema.org","@graph":[{"@type":"Article","@id":"https:\/\/akunq.net\/turkish\/2010\/09\/16\/turk-hosgorusunun-ifadesi\/#article","isPartOf":{"@id":"https:\/\/akunq.net\/turkish\/2010\/09\/16\/turk-hosgorusunun-ifadesi\/"},"author":{"name":"kalem","@id":"https:\/\/akunq.net\/turkish\/#\/schema\/person\/135e7923d1aeb8887890799619969a6c"},"headline":"T\u00dcRK HO\u015eG\u00d6R\u00dcS\u00dcN\u00dcN \u0130FADES\u0130","datePublished":"2010-09-16T07:44:10+00:00","mainEntityOfPage":{"@id":"https:\/\/akunq.net\/turkish\/2010\/09\/16\/turk-hosgorusunun-ifadesi\/"},"wordCount":139,"articleSection":["Haberler"],"inLanguage":"en-US"},{"@type":"WebPage","@id":"https:\/\/akunq.net\/turkish\/2010\/09\/16\/turk-hosgorusunun-ifadesi\/","url":"https:\/\/akunq.net\/turkish\/2010\/09\/16\/turk-hosgorusunun-ifadesi\/","name":"T\u00dcRK HO\u015eG\u00d6R\u00dcS\u00dcN\u00dcN \u0130FADES\u0130 - Bati Ermenistan Ve Bati Ermenileri Sorunlari Ara\u015ftirmalar Merkezi","isPartOf":{"@id":"https:\/\/akunq.net\/turkish\/#website"},"datePublished":"2010-09-16T07:44:10+00:00","author":{"@id":"https:\/\/akunq.net\/turkish\/#\/schema\/person\/135e7923d1aeb8887890799619969a6c"},"breadcrumb":{"@id":"https:\/\/akunq.net\/turkish\/2010\/09\/16\/turk-hosgorusunun-ifadesi\/#breadcrumb"},"inLanguage":"en-US","potentialAction":[{"@type":"ReadAction","target":["https:\/\/akunq.net\/turkish\/2010\/09\/16\/turk-hosgorusunun-ifadesi\/"]}]},{"@type":"BreadcrumbList","@id":"https:\/\/akunq.net\/turkish\/2010\/09\/16\/turk-hosgorusunun-ifadesi\/#breadcrumb","itemListElement":[{"@type":"ListItem","position":1,"name":"Home","item":"https:\/\/akunq.net\/turkish\/"},{"@type":"ListItem","position":2,"name":"T\u00dcRK HO\u015eG\u00d6R\u00dcS\u00dcN\u00dcN \u0130FADES\u0130"}]},{"@type":"WebSite","@id":"https:\/\/akunq.net\/turkish\/#website","url":"https:\/\/akunq.net\/turkish\/","name":"Bati Ermenistan Ve Bati Ermenileri Sorunlari Ara\u015ftirmalar Merkezi","description":"","potentialAction":[{"@type":"SearchAction","target":{"@type":"EntryPoint","urlTemplate":"https:\/\/akunq.net\/turkish\/?s={search_term_string}"},"query-input":{"@type":"PropertyValueSpecification","valueRequired":true,"valueName":"search_term_string"}}],"inLanguage":"en-US"},{"@type":"Person","@id":"https:\/\/akunq.net\/turkish\/#\/schema\/person\/135e7923d1aeb8887890799619969a6c","name":"kalem","image":{"@type":"ImageObject","inLanguage":"en-US","@id":"https:\/\/secure.gravatar.com\/avatar\/a06875e4b25feb5674296adf8e8a7ae1e587cebce2493fe63c456109967e27d3?s=96&d=mm&r=g","url":"https:\/\/secure.gravatar.com\/avatar\/a06875e4b25feb5674296adf8e8a7ae1e587cebce2493fe63c456109967e27d3?s=96&d=mm&r=g","contentUrl":"https:\/\/secure.gravatar.com\/avatar\/a06875e4b25feb5674296adf8e8a7ae1e587cebce2493fe63c456109967e27d3?s=96&d=mm&r=g","caption":"kalem"},"url":"https:\/\/akunq.net\/turkish\/author\/kalem\/"}]}},"_links":{"self":[{"href":"https:\/\/akunq.net\/turkish\/wp-json\/wp\/v2\/posts\/1988","targetHints":{"allow":["GET"]}}],"collection":[{"href":"https:\/\/akunq.net\/turkish\/wp-json\/wp\/v2\/posts"}],"about":[{"href":"https:\/\/akunq.net\/turkish\/wp-json\/wp\/v2\/types\/post"}],"author":[{"embeddable":true,"href":"https:\/\/akunq.net\/turkish\/wp-json\/wp\/v2\/users\/3"}],"replies":[{"embeddable":true,"href":"https:\/\/akunq.net\/turkish\/wp-json\/wp\/v2\/comments?post=1988"}],"version-history":[{"count":0,"href":"https:\/\/akunq.net\/turkish\/wp-json\/wp\/v2\/posts\/1988\/revisions"}],"wp:attachment":[{"href":"https:\/\/akunq.net\/turkish\/wp-json\/wp\/v2\/media?parent=1988"}],"wp:term":[{"taxonomy":"category","embeddable":true,"href":"https:\/\/akunq.net\/turkish\/wp-json\/wp\/v2\/categories?post=1988"},{"taxonomy":"post_tag","embeddable":true,"href":"https:\/\/akunq.net\/turkish\/wp-json\/wp\/v2\/tags?post=1988"}],"curies":[{"name":"wp","href":"https:\/\/api.w.org\/{rel}","templated":true}]}}