{"id":1978,"date":"2010-09-16T02:25:53","date_gmt":"2010-09-16T07:25:53","guid":{"rendered":"http:\/\/akunq.net\/tr\/?p=1978"},"modified":"2010-09-16T02:25:53","modified_gmt":"2010-09-16T07:25:53","slug":"hrant-dink-odulu-sahiplerini-buldu","status":"publish","type":"post","link":"https:\/\/akunq.net\/turkish\/2010\/09\/16\/hrant-dink-odulu-sahiplerini-buldu\/","title":{"rendered":"Hrant Dink \u00d6d\u00fcl\u00fc sahiplerini buldu"},"content":{"rendered":"<p style=\"text-align: justify\"><strong><em><a rel=\"attachment wp-att-1980\" href=\"http:\/\/akunq.net\/tr\/?attachment_id=1980\"><\/a><\/em><\/strong><\/p>\n<p style=\"text-align: justify\"><strong><em><a rel=\"attachment wp-att-1983\" href=\"http:\/\/akunq.net\/tr\/?attachment_id=1983\"><img loading=\"lazy\" decoding=\"async\" class=\"alignnone size-large wp-image-1983\" title=\"Hrant Dinki mrcanaky\" src=\"http:\/\/akunq.net\/tr\/wp-content\/uploads\/2010\/09\/Hrant-Dinki-mrcanaky2-600x286.jpg\" alt=\"\" width=\"572\" height=\"263\" \/><\/a><\/em><\/strong><\/p>\n<p style=\"text-align: justify\"><strong><em>Uluslararas\u0131 Hrant Dink Vakf\u0131 2010 \u00f6d\u00fcl\u00fc d\u00fcn gece t\u00f6renle sahiplerine verildi.<\/em><\/strong><\/p>\n<p style=\"text-align: justify\">\u00d6d\u00fcl t\u00f6reni Cemal Re\u015fit Rey Konser Salonu\u2019nda yap\u0131ld\u0131. <a href=\"http:\/\/www.milliyet.com.tr\/index\/Hrant%20Dink\" target=\"_blank\">Hrant Dink<\/a>\u2019in do\u011fum g\u00fcn\u00fc olan 15 Eyl\u00fcl\u2019de verilen Hrant Dink \u00f6d\u00fcl\u00fc bu y\u0131l ikinci kez verildi. Lale Mansur\u2019un sunuculu\u011funu yapt\u0131\u011f\u0131 gecede S\u0131la, Karde\u015f T\u00fcrk\u00fcler, Arto Tun\u00e7 gibi isimler sahne ald\u0131.<\/p>\n<p style=\"text-align: justify\">Ulusal dalda <a href=\"http:\/\/www.milliyet.com.tr\/index\/Turkiye\" target=\"_blank\">T\u00fcrkiye<\/a> Vicdani Ret Hareketi ad\u0131na Mehmet Tarhan, uluslararas\u0131 dalda ise \u0130spanyol H\u00e2kim <a href=\"http:\/\/www.milliyet.com.tr\/index\/Baltasar%20Garzon\" target=\"_blank\">Baltasar Garzon<\/a> Real \u00f6d\u00fcle lay\u0131k g\u00f6r\u00fcld\u00fc. Garzon konu\u015fmas\u0131nda, \u201c<a href=\"http:\/\/www.milliyet.com.tr\/index\/Ermeni%20soykirimi\" target=\"_blank\">Ermeni Soyk\u0131r\u0131m\u0131<\/a> bug\u00fcne kadar haks\u0131z olarak inkar edildi ve ediliyor\u201d dedi.<\/p>\n<p style=\"text-align: justify\">\u00d6d\u00fcl, her y\u0131l, biri T\u00fcrkiye \u2019den biri T\u00fcrkiye d\u0131\u015f\u0131ndan olmak \u00fczere ayr\u0131mc\u0131l\u0131ktan, \u0131rk\u00e7\u0131l\u0131ktan, \u015fiddetten ar\u0131nm\u0131\u015f, daha \u00f6zg\u00fcr ve adil bir d\u00fcnya i\u00e7in \u00e7al\u0131\u015fan, bu idealler u\u011fruna bireysel risk alan, ezber bozan, bar\u0131\u015f\u0131n dilini kullanan, bunlar\u0131 yaparken, insanlara m\u00fccadeleye devam etme yolunda ilham ve umut veren iki ki\u015fiye veriliyor.<\/p>\n<p style=\"text-align: justify\"><strong><em>16 Eyl\u00fcl 2010<\/em><\/strong><strong><em>\u00a0<\/em><\/strong><\/p>\n<p style=\"text-align: justify\"><strong><em>Milliyet Gazetesi<\/em><\/strong><\/p>\n","protected":false},"excerpt":{"rendered":"<p>Uluslararas\u0131 Hrant Dink Vakf\u0131 2010 \u00f6d\u00fcl\u00fc d\u00fcn gece t\u00f6renle sahiplerine verildi. \u00d6d\u00fcl t\u00f6reni Cemal Re\u015fit Rey Konser Salonu\u2019nda yap\u0131ld\u0131. Hrant Dink\u2019in do\u011fum g\u00fcn\u00fc olan 15 Eyl\u00fcl\u2019de verilen Hrant Dink \u00f6d\u00fcl\u00fc bu y\u0131l ikinci kez verildi. Lale Mansur\u2019un sunuculu\u011funu yapt\u0131\u011f\u0131 gecede S\u0131la, Karde\u015f T\u00fcrk\u00fcler, Arto Tun\u00e7 gibi isimler sahne ald\u0131. Ulusal dalda T\u00fcrkiye Vicdani Ret Hareketi [&hellip;]<\/p>\n","protected":false},"author":3,"featured_media":0,"comment_status":"closed","ping_status":"open","sticky":false,"template":"","format":"standard","meta":{"footnotes":""},"categories":[14],"tags":[],"class_list":["post-1978","post","type-post","status-publish","format-standard","hentry","category-haberler"],"yoast_head":"<!-- This site is optimized with the Yoast SEO plugin v27.4 - https:\/\/yoast.com\/product\/yoast-seo-wordpress\/ -->\n<title>Hrant Dink \u00d6d\u00fcl\u00fc sahiplerini buldu - Bati Ermenistan Ve Bati Ermenileri Sorunlari Ara\u015ftirmalar Merkezi<\/title>\n<meta name=\"robots\" content=\"index, follow, max-snippet:-1, max-image-preview:large, max-video-preview:-1\" \/>\n<link rel=\"canonical\" href=\"https:\/\/akunq.net\/turkish\/2010\/09\/16\/hrant-dink-odulu-sahiplerini-buldu\/\" \/>\n<meta property=\"og:locale\" content=\"en_US\" \/>\n<meta property=\"og:type\" content=\"article\" \/>\n<meta property=\"og:title\" content=\"Hrant Dink \u00d6d\u00fcl\u00fc sahiplerini buldu - Bati Ermenistan Ve Bati Ermenileri Sorunlari Ara\u015ftirmalar Merkezi\" \/>\n<meta property=\"og:description\" content=\"Uluslararas\u0131 Hrant Dink Vakf\u0131 2010 \u00f6d\u00fcl\u00fc d\u00fcn gece t\u00f6renle sahiplerine verildi. \u00d6d\u00fcl t\u00f6reni Cemal Re\u015fit Rey Konser Salonu\u2019nda yap\u0131ld\u0131. Hrant Dink\u2019in do\u011fum g\u00fcn\u00fc olan 15 Eyl\u00fcl\u2019de verilen Hrant Dink \u00f6d\u00fcl\u00fc bu y\u0131l ikinci kez verildi. Lale Mansur\u2019un sunuculu\u011funu yapt\u0131\u011f\u0131 gecede S\u0131la, Karde\u015f T\u00fcrk\u00fcler, Arto Tun\u00e7 gibi isimler sahne ald\u0131. Ulusal dalda T\u00fcrkiye Vicdani Ret Hareketi [&hellip;]\" \/>\n<meta property=\"og:url\" content=\"https:\/\/akunq.net\/turkish\/2010\/09\/16\/hrant-dink-odulu-sahiplerini-buldu\/\" \/>\n<meta property=\"og:site_name\" content=\"Bati Ermenistan Ve Bati Ermenileri Sorunlari Ara\u015ftirmalar Merkezi\" \/>\n<meta property=\"article:published_time\" content=\"2010-09-16T07:25:53+00:00\" \/>\n<meta property=\"og:image\" content=\"https:\/\/akunq.net\/turkish\/wp-content\/uploads\/sites\/5\/2010\/09\/Hrant-Dinki-mrcanaky2.jpg\" \/>\n\t<meta property=\"og:image:width\" content=\"670\" \/>\n\t<meta property=\"og:image:height\" content=\"320\" \/>\n\t<meta property=\"og:image:type\" content=\"image\/jpeg\" \/>\n<meta name=\"author\" content=\"kalem\" \/>\n<meta name=\"twitter:card\" content=\"summary_large_image\" \/>\n<meta name=\"twitter:label1\" content=\"Written by\" \/>\n\t<meta name=\"twitter:data1\" content=\"kalem\" \/>\n\t<meta name=\"twitter:label2\" content=\"Est. reading time\" \/>\n\t<meta name=\"twitter:data2\" content=\"1 minute\" \/>\n<script type=\"application\/ld+json\" class=\"yoast-schema-graph\">{\"@context\":\"https:\\\/\\\/schema.org\",\"@graph\":[{\"@type\":\"Article\",\"@id\":\"https:\\\/\\\/akunq.net\\\/turkish\\\/2010\\\/09\\\/16\\\/hrant-dink-odulu-sahiplerini-buldu\\\/#article\",\"isPartOf\":{\"@id\":\"https:\\\/\\\/akunq.net\\\/turkish\\\/2010\\\/09\\\/16\\\/hrant-dink-odulu-sahiplerini-buldu\\\/\"},\"author\":{\"name\":\"kalem\",\"@id\":\"https:\\\/\\\/akunq.net\\\/turkish\\\/#\\\/schema\\\/person\\\/135e7923d1aeb8887890799619969a6c\"},\"headline\":\"Hrant Dink \u00d6d\u00fcl\u00fc sahiplerini buldu\",\"datePublished\":\"2010-09-16T07:25:53+00:00\",\"mainEntityOfPage\":{\"@id\":\"https:\\\/\\\/akunq.net\\\/turkish\\\/2010\\\/09\\\/16\\\/hrant-dink-odulu-sahiplerini-buldu\\\/\"},\"wordCount\":190,\"image\":{\"@id\":\"https:\\\/\\\/akunq.net\\\/turkish\\\/2010\\\/09\\\/16\\\/hrant-dink-odulu-sahiplerini-buldu\\\/#primaryimage\"},\"thumbnailUrl\":\"http:\\\/\\\/akunq.net\\\/tr\\\/wp-content\\\/uploads\\\/2010\\\/09\\\/Hrant-Dinki-mrcanaky2-600x286.jpg\",\"articleSection\":[\"Haberler\"],\"inLanguage\":\"en-US\"},{\"@type\":\"WebPage\",\"@id\":\"https:\\\/\\\/akunq.net\\\/turkish\\\/2010\\\/09\\\/16\\\/hrant-dink-odulu-sahiplerini-buldu\\\/\",\"url\":\"https:\\\/\\\/akunq.net\\\/turkish\\\/2010\\\/09\\\/16\\\/hrant-dink-odulu-sahiplerini-buldu\\\/\",\"name\":\"Hrant Dink \u00d6d\u00fcl\u00fc sahiplerini buldu - Bati Ermenistan Ve Bati Ermenileri Sorunlari Ara\u015ftirmalar Merkezi\",\"isPartOf\":{\"@id\":\"https:\\\/\\\/akunq.net\\\/turkish\\\/#website\"},\"primaryImageOfPage\":{\"@id\":\"https:\\\/\\\/akunq.net\\\/turkish\\\/2010\\\/09\\\/16\\\/hrant-dink-odulu-sahiplerini-buldu\\\/#primaryimage\"},\"image\":{\"@id\":\"https:\\\/\\\/akunq.net\\\/turkish\\\/2010\\\/09\\\/16\\\/hrant-dink-odulu-sahiplerini-buldu\\\/#primaryimage\"},\"thumbnailUrl\":\"http:\\\/\\\/akunq.net\\\/tr\\\/wp-content\\\/uploads\\\/2010\\\/09\\\/Hrant-Dinki-mrcanaky2-600x286.jpg\",\"datePublished\":\"2010-09-16T07:25:53+00:00\",\"author\":{\"@id\":\"https:\\\/\\\/akunq.net\\\/turkish\\\/#\\\/schema\\\/person\\\/135e7923d1aeb8887890799619969a6c\"},\"breadcrumb\":{\"@id\":\"https:\\\/\\\/akunq.net\\\/turkish\\\/2010\\\/09\\\/16\\\/hrant-dink-odulu-sahiplerini-buldu\\\/#breadcrumb\"},\"inLanguage\":\"en-US\",\"potentialAction\":[{\"@type\":\"ReadAction\",\"target\":[\"https:\\\/\\\/akunq.net\\\/turkish\\\/2010\\\/09\\\/16\\\/hrant-dink-odulu-sahiplerini-buldu\\\/\"]}]},{\"@type\":\"ImageObject\",\"inLanguage\":\"en-US\",\"@id\":\"https:\\\/\\\/akunq.net\\\/turkish\\\/2010\\\/09\\\/16\\\/hrant-dink-odulu-sahiplerini-buldu\\\/#primaryimage\",\"url\":\"http:\\\/\\\/akunq.net\\\/tr\\\/wp-content\\\/uploads\\\/2010\\\/09\\\/Hrant-Dinki-mrcanaky2-600x286.jpg\",\"contentUrl\":\"http:\\\/\\\/akunq.net\\\/tr\\\/wp-content\\\/uploads\\\/2010\\\/09\\\/Hrant-Dinki-mrcanaky2-600x286.jpg\"},{\"@type\":\"BreadcrumbList\",\"@id\":\"https:\\\/\\\/akunq.net\\\/turkish\\\/2010\\\/09\\\/16\\\/hrant-dink-odulu-sahiplerini-buldu\\\/#breadcrumb\",\"itemListElement\":[{\"@type\":\"ListItem\",\"position\":1,\"name\":\"Home\",\"item\":\"https:\\\/\\\/akunq.net\\\/turkish\\\/\"},{\"@type\":\"ListItem\",\"position\":2,\"name\":\"Hrant Dink \u00d6d\u00fcl\u00fc sahiplerini buldu\"}]},{\"@type\":\"WebSite\",\"@id\":\"https:\\\/\\\/akunq.net\\\/turkish\\\/#website\",\"url\":\"https:\\\/\\\/akunq.net\\\/turkish\\\/\",\"name\":\"Bati Ermenistan Ve Bati Ermenileri Sorunlari Ara\u015ftirmalar Merkezi\",\"description\":\"\",\"potentialAction\":[{\"@type\":\"SearchAction\",\"target\":{\"@type\":\"EntryPoint\",\"urlTemplate\":\"https:\\\/\\\/akunq.net\\\/turkish\\\/?s={search_term_string}\"},\"query-input\":{\"@type\":\"PropertyValueSpecification\",\"valueRequired\":true,\"valueName\":\"search_term_string\"}}],\"inLanguage\":\"en-US\"},{\"@type\":\"Person\",\"@id\":\"https:\\\/\\\/akunq.net\\\/turkish\\\/#\\\/schema\\\/person\\\/135e7923d1aeb8887890799619969a6c\",\"name\":\"kalem\",\"image\":{\"@type\":\"ImageObject\",\"inLanguage\":\"en-US\",\"@id\":\"https:\\\/\\\/secure.gravatar.com\\\/avatar\\\/a06875e4b25feb5674296adf8e8a7ae1e587cebce2493fe63c456109967e27d3?s=96&d=mm&r=g\",\"url\":\"https:\\\/\\\/secure.gravatar.com\\\/avatar\\\/a06875e4b25feb5674296adf8e8a7ae1e587cebce2493fe63c456109967e27d3?s=96&d=mm&r=g\",\"contentUrl\":\"https:\\\/\\\/secure.gravatar.com\\\/avatar\\\/a06875e4b25feb5674296adf8e8a7ae1e587cebce2493fe63c456109967e27d3?s=96&d=mm&r=g\",\"caption\":\"kalem\"},\"url\":\"https:\\\/\\\/akunq.net\\\/turkish\\\/author\\\/kalem\\\/\"}]}<\/script>\n<!-- \/ Yoast SEO plugin. -->","yoast_head_json":{"title":"Hrant Dink \u00d6d\u00fcl\u00fc sahiplerini buldu - Bati Ermenistan Ve Bati Ermenileri Sorunlari Ara\u015ftirmalar Merkezi","robots":{"index":"index","follow":"follow","max-snippet":"max-snippet:-1","max-image-preview":"max-image-preview:large","max-video-preview":"max-video-preview:-1"},"canonical":"https:\/\/akunq.net\/turkish\/2010\/09\/16\/hrant-dink-odulu-sahiplerini-buldu\/","og_locale":"en_US","og_type":"article","og_title":"Hrant Dink \u00d6d\u00fcl\u00fc sahiplerini buldu - Bati Ermenistan Ve Bati Ermenileri Sorunlari Ara\u015ftirmalar Merkezi","og_description":"Uluslararas\u0131 Hrant Dink Vakf\u0131 2010 \u00f6d\u00fcl\u00fc d\u00fcn gece t\u00f6renle sahiplerine verildi. \u00d6d\u00fcl t\u00f6reni Cemal Re\u015fit Rey Konser Salonu\u2019nda yap\u0131ld\u0131. Hrant Dink\u2019in do\u011fum g\u00fcn\u00fc olan 15 Eyl\u00fcl\u2019de verilen Hrant Dink \u00f6d\u00fcl\u00fc bu y\u0131l ikinci kez verildi. Lale Mansur\u2019un sunuculu\u011funu yapt\u0131\u011f\u0131 gecede S\u0131la, Karde\u015f T\u00fcrk\u00fcler, Arto Tun\u00e7 gibi isimler sahne ald\u0131. Ulusal dalda T\u00fcrkiye Vicdani Ret Hareketi [&hellip;]","og_url":"https:\/\/akunq.net\/turkish\/2010\/09\/16\/hrant-dink-odulu-sahiplerini-buldu\/","og_site_name":"Bati Ermenistan Ve Bati Ermenileri Sorunlari Ara\u015ftirmalar Merkezi","article_published_time":"2010-09-16T07:25:53+00:00","og_image":[{"width":670,"height":320,"url":"https:\/\/akunq.net\/turkish\/wp-content\/uploads\/sites\/5\/2010\/09\/Hrant-Dinki-mrcanaky2.jpg","type":"image\/jpeg"}],"author":"kalem","twitter_card":"summary_large_image","twitter_misc":{"Written by":"kalem","Est. reading time":"1 minute"},"schema":{"@context":"https:\/\/schema.org","@graph":[{"@type":"Article","@id":"https:\/\/akunq.net\/turkish\/2010\/09\/16\/hrant-dink-odulu-sahiplerini-buldu\/#article","isPartOf":{"@id":"https:\/\/akunq.net\/turkish\/2010\/09\/16\/hrant-dink-odulu-sahiplerini-buldu\/"},"author":{"name":"kalem","@id":"https:\/\/akunq.net\/turkish\/#\/schema\/person\/135e7923d1aeb8887890799619969a6c"},"headline":"Hrant Dink \u00d6d\u00fcl\u00fc sahiplerini buldu","datePublished":"2010-09-16T07:25:53+00:00","mainEntityOfPage":{"@id":"https:\/\/akunq.net\/turkish\/2010\/09\/16\/hrant-dink-odulu-sahiplerini-buldu\/"},"wordCount":190,"image":{"@id":"https:\/\/akunq.net\/turkish\/2010\/09\/16\/hrant-dink-odulu-sahiplerini-buldu\/#primaryimage"},"thumbnailUrl":"http:\/\/akunq.net\/tr\/wp-content\/uploads\/2010\/09\/Hrant-Dinki-mrcanaky2-600x286.jpg","articleSection":["Haberler"],"inLanguage":"en-US"},{"@type":"WebPage","@id":"https:\/\/akunq.net\/turkish\/2010\/09\/16\/hrant-dink-odulu-sahiplerini-buldu\/","url":"https:\/\/akunq.net\/turkish\/2010\/09\/16\/hrant-dink-odulu-sahiplerini-buldu\/","name":"Hrant Dink \u00d6d\u00fcl\u00fc sahiplerini buldu - Bati Ermenistan Ve Bati Ermenileri Sorunlari Ara\u015ftirmalar Merkezi","isPartOf":{"@id":"https:\/\/akunq.net\/turkish\/#website"},"primaryImageOfPage":{"@id":"https:\/\/akunq.net\/turkish\/2010\/09\/16\/hrant-dink-odulu-sahiplerini-buldu\/#primaryimage"},"image":{"@id":"https:\/\/akunq.net\/turkish\/2010\/09\/16\/hrant-dink-odulu-sahiplerini-buldu\/#primaryimage"},"thumbnailUrl":"http:\/\/akunq.net\/tr\/wp-content\/uploads\/2010\/09\/Hrant-Dinki-mrcanaky2-600x286.jpg","datePublished":"2010-09-16T07:25:53+00:00","author":{"@id":"https:\/\/akunq.net\/turkish\/#\/schema\/person\/135e7923d1aeb8887890799619969a6c"},"breadcrumb":{"@id":"https:\/\/akunq.net\/turkish\/2010\/09\/16\/hrant-dink-odulu-sahiplerini-buldu\/#breadcrumb"},"inLanguage":"en-US","potentialAction":[{"@type":"ReadAction","target":["https:\/\/akunq.net\/turkish\/2010\/09\/16\/hrant-dink-odulu-sahiplerini-buldu\/"]}]},{"@type":"ImageObject","inLanguage":"en-US","@id":"https:\/\/akunq.net\/turkish\/2010\/09\/16\/hrant-dink-odulu-sahiplerini-buldu\/#primaryimage","url":"http:\/\/akunq.net\/tr\/wp-content\/uploads\/2010\/09\/Hrant-Dinki-mrcanaky2-600x286.jpg","contentUrl":"http:\/\/akunq.net\/tr\/wp-content\/uploads\/2010\/09\/Hrant-Dinki-mrcanaky2-600x286.jpg"},{"@type":"BreadcrumbList","@id":"https:\/\/akunq.net\/turkish\/2010\/09\/16\/hrant-dink-odulu-sahiplerini-buldu\/#breadcrumb","itemListElement":[{"@type":"ListItem","position":1,"name":"Home","item":"https:\/\/akunq.net\/turkish\/"},{"@type":"ListItem","position":2,"name":"Hrant Dink \u00d6d\u00fcl\u00fc sahiplerini buldu"}]},{"@type":"WebSite","@id":"https:\/\/akunq.net\/turkish\/#website","url":"https:\/\/akunq.net\/turkish\/","name":"Bati Ermenistan Ve Bati Ermenileri Sorunlari Ara\u015ftirmalar Merkezi","description":"","potentialAction":[{"@type":"SearchAction","target":{"@type":"EntryPoint","urlTemplate":"https:\/\/akunq.net\/turkish\/?s={search_term_string}"},"query-input":{"@type":"PropertyValueSpecification","valueRequired":true,"valueName":"search_term_string"}}],"inLanguage":"en-US"},{"@type":"Person","@id":"https:\/\/akunq.net\/turkish\/#\/schema\/person\/135e7923d1aeb8887890799619969a6c","name":"kalem","image":{"@type":"ImageObject","inLanguage":"en-US","@id":"https:\/\/secure.gravatar.com\/avatar\/a06875e4b25feb5674296adf8e8a7ae1e587cebce2493fe63c456109967e27d3?s=96&d=mm&r=g","url":"https:\/\/secure.gravatar.com\/avatar\/a06875e4b25feb5674296adf8e8a7ae1e587cebce2493fe63c456109967e27d3?s=96&d=mm&r=g","contentUrl":"https:\/\/secure.gravatar.com\/avatar\/a06875e4b25feb5674296adf8e8a7ae1e587cebce2493fe63c456109967e27d3?s=96&d=mm&r=g","caption":"kalem"},"url":"https:\/\/akunq.net\/turkish\/author\/kalem\/"}]}},"_links":{"self":[{"href":"https:\/\/akunq.net\/turkish\/wp-json\/wp\/v2\/posts\/1978","targetHints":{"allow":["GET"]}}],"collection":[{"href":"https:\/\/akunq.net\/turkish\/wp-json\/wp\/v2\/posts"}],"about":[{"href":"https:\/\/akunq.net\/turkish\/wp-json\/wp\/v2\/types\/post"}],"author":[{"embeddable":true,"href":"https:\/\/akunq.net\/turkish\/wp-json\/wp\/v2\/users\/3"}],"replies":[{"embeddable":true,"href":"https:\/\/akunq.net\/turkish\/wp-json\/wp\/v2\/comments?post=1978"}],"version-history":[{"count":0,"href":"https:\/\/akunq.net\/turkish\/wp-json\/wp\/v2\/posts\/1978\/revisions"}],"wp:attachment":[{"href":"https:\/\/akunq.net\/turkish\/wp-json\/wp\/v2\/media?parent=1978"}],"wp:term":[{"taxonomy":"category","embeddable":true,"href":"https:\/\/akunq.net\/turkish\/wp-json\/wp\/v2\/categories?post=1978"},{"taxonomy":"post_tag","embeddable":true,"href":"https:\/\/akunq.net\/turkish\/wp-json\/wp\/v2\/tags?post=1978"}],"curies":[{"name":"wp","href":"https:\/\/api.w.org\/{rel}","templated":true}]}}