{"id":1967,"date":"2010-09-15T04:14:03","date_gmt":"2010-09-15T09:14:03","guid":{"rendered":"http:\/\/akunq.net\/tr\/?p=1967"},"modified":"2010-09-15T04:14:03","modified_gmt":"2010-09-15T09:14:03","slug":"kilise-bahcesine-kuran-kursu","status":"publish","type":"post","link":"https:\/\/akunq.net\/turkish\/2010\/09\/15\/kilise-bahcesine-kuran-kursu\/","title":{"rendered":"Kilise bah\u00e7esine Kuran kursu!"},"content":{"rendered":"<p style=\"text-align: justify\">Diyarbak\u0131r\u2019\u0131n \u00c7\u00fcng\u00fc\u015f il\u00e7esinde, 15. y\u00fczy\u0131ldan kalma tarihi Ermeni kilisesinin bah\u00e7esine Kuran kursu in\u015fa ediliyor. Diyarbak\u0131r Arkeoloji M\u00fczesi yetkilileri, durumu Koruma Kurulu\u2019na ihbar ettiklerini belirtirken, in\u015faat yetkilileri&#8230;<\/p>\n<p style=\"text-align: justify\">Diyarbak\u0131r\u2019\u0131n \u00c7\u00fcng\u00fc\u015f il\u00e7esinde, 15. y\u00fczy\u0131ldan kalma tarihi Ermeni kilisesinin bah\u00e7esine Kuran kursu in\u015fa ediliyor. Diyarbak\u0131r Arkeoloji M\u00fczesi yetkilileri, durumu Koruma Kurulu\u2019na ihbar ettiklerini belirtirken, in\u015faat yetkilileri, izni kaymakaml\u0131ktan ald\u0131klar\u0131n\u0131 s\u00f6yledi. Kaymakaml\u0131k ise \u201cResmi bir izin verilmemi\u015f\u201d dedi.<\/p>\n<p style=\"text-align: justify\">\u201cS\u0130T alan\u0131\u201d olarak kabul g\u00f6ren, ancak bak\u0131ms\u0131zl\u0131ktan harabeye d\u00f6nen kilisenin hemen yan\u0131nda Kuran kursu yap\u0131lmas\u0131, tarihi yap\u0131y\u0131 b\u00fcy\u00fck \u00f6l\u00e7\u00fcde tahrip edecek. Diyarbak\u0131r Arkeoloji M\u00fczesi\u2019ne durumu ihbar etti ve Diyarbak\u0131r K\u00fclt\u00fcr ve Tabiat Varl\u0131klar\u0131n\u0131 Koruma Y\u00fcksek Kurulu\u2019nun b\u00f6lgede inceleme yapmas\u0131n\u0131 istedi. G\u00f6r\u00fc\u015fmek istedi\u011fimiz Koruma Kurulu yetkilileri ise, \u201cBas\u0131na bilgi veremiyoruz\u201d dedi.<\/p>\n<p style=\"text-align: justify\"><strong>\u00c7EL\u0130\u015eK\u0130L\u0130 A\u00c7IKLAMA <\/strong><\/p>\n<p style=\"text-align: justify\">\u00d6zel bir in\u015faat \u015firketi taraf\u0131ndan yap\u0131lan Kuran kursunun yap\u0131 iznine ili\u015fkin \u015firket yetkilileri kaymakaml\u0131ktan gerekli izni ald\u0131klar\u0131n\u0131 belirtiyor. \u00c7\u00fcng\u00fc\u015f Kaymakaml\u0131\u011f\u0131 yetkilileri ise b\u00f6yle bir yap\u0131 kuruldu\u011fu bilgisine sahip olduklar\u0131n\u0131 iddia ediyor. Herhangi bir iznin s\u00f6z konusu olmad\u0131\u011f\u0131n\u0131 ifaden yetkililerin, \u201cBizim taraf\u0131m\u0131zdan verilen resmi bir izin yok. Ama e\u011fer bireysel olarak dilek\u00e7e getirip imzalatm\u0131\u015flarsa onu bilemiyoruz\u201d a\u00e7\u0131klamas\u0131 yapmas\u0131 ise ak\u0131llarda soru i\u015faretleri b\u0131rak\u0131yor. Yakla\u015f\u0131k 2 ayd\u0131r yap\u0131m\u0131 s\u00fcren ve \u015fu an 3. kat\u0131 da tamamlanan Kuran kursu in\u015faat\u0131na, m\u00fcdahale edilmemesi ise in\u015faat\u0131n yetkililerin onay\u0131ndan ge\u00e7ti\u011fi yorumuna yol a\u00e7\u0131yor.<\/p>\n<p style=\"text-align: justify\">\u0130l\u00e7e merkezine giri\u015fte yer alan kiliseye restorasyon yap\u0131lmad\u0131. Ermenilerin eski yerle\u015fim yerlerinden biri olan \u00c7\u00fcng\u00fc\u015f, Ermenice ad\u0131yla \u00c7enku\u015f\u2019ta bulunan iki Ermeni kilisesinden biri.<\/p>\n<p style=\"text-align: justify\">\u00a0(<em>Diyarbak\u0131r\/D\u0130HA)<strong><\/strong><\/em><\/p>\n<p style=\"text-align: justify\"><em><strong>\u00a0<\/strong>Serta\u00e7 Kayar &#8211; \u0130smet Mikailo\u011fullar\u0131<strong><\/strong><\/em><\/p>\n<p style=\"text-align: justify\"><strong><a href=\"http:\/\/www.evrensel.net\/haber.php?haber_id=56443\"><em>http:\/\/www.evrensel.net\/haber.php?haber_id=56443<\/em><\/a><\/strong><\/p>\n","protected":false},"excerpt":{"rendered":"<p>Diyarbak\u0131r\u2019\u0131n \u00c7\u00fcng\u00fc\u015f il\u00e7esinde, 15. y\u00fczy\u0131ldan kalma tarihi Ermeni kilisesinin bah\u00e7esine Kuran kursu in\u015fa ediliyor. Diyarbak\u0131r Arkeoloji M\u00fczesi yetkilileri, durumu Koruma Kurulu\u2019na ihbar ettiklerini belirtirken, in\u015faat yetkilileri&#8230; Diyarbak\u0131r\u2019\u0131n \u00c7\u00fcng\u00fc\u015f il\u00e7esinde, 15. y\u00fczy\u0131ldan kalma tarihi Ermeni kilisesinin bah\u00e7esine Kuran kursu in\u015fa ediliyor. Diyarbak\u0131r Arkeoloji M\u00fczesi yetkilileri, durumu Koruma Kurulu\u2019na ihbar ettiklerini belirtirken, in\u015faat yetkilileri, izni kaymakaml\u0131ktan ald\u0131klar\u0131n\u0131 [&hellip;]<\/p>\n","protected":false},"author":3,"featured_media":0,"comment_status":"closed","ping_status":"open","sticky":false,"template":"","format":"standard","meta":{"footnotes":""},"categories":[14],"tags":[],"class_list":["post-1967","post","type-post","status-publish","format-standard","hentry","category-haberler"],"yoast_head":"<!-- This site is optimized with the Yoast SEO plugin v27.4 - https:\/\/yoast.com\/product\/yoast-seo-wordpress\/ -->\n<title>Kilise bah\u00e7esine Kuran kursu! - Bati Ermenistan Ve Bati Ermenileri Sorunlari Ara\u015ftirmalar Merkezi<\/title>\n<meta name=\"robots\" content=\"index, follow, max-snippet:-1, max-image-preview:large, max-video-preview:-1\" \/>\n<link rel=\"canonical\" href=\"https:\/\/akunq.net\/turkish\/2010\/09\/15\/kilise-bahcesine-kuran-kursu\/\" \/>\n<meta property=\"og:locale\" content=\"en_US\" \/>\n<meta property=\"og:type\" content=\"article\" \/>\n<meta property=\"og:title\" content=\"Kilise bah\u00e7esine Kuran kursu! - Bati Ermenistan Ve Bati Ermenileri Sorunlari Ara\u015ftirmalar Merkezi\" \/>\n<meta property=\"og:description\" content=\"Diyarbak\u0131r\u2019\u0131n \u00c7\u00fcng\u00fc\u015f il\u00e7esinde, 15. y\u00fczy\u0131ldan kalma tarihi Ermeni kilisesinin bah\u00e7esine Kuran kursu in\u015fa ediliyor. Diyarbak\u0131r Arkeoloji M\u00fczesi yetkilileri, durumu Koruma Kurulu\u2019na ihbar ettiklerini belirtirken, in\u015faat yetkilileri&#8230; Diyarbak\u0131r\u2019\u0131n \u00c7\u00fcng\u00fc\u015f il\u00e7esinde, 15. y\u00fczy\u0131ldan kalma tarihi Ermeni kilisesinin bah\u00e7esine Kuran kursu in\u015fa ediliyor. Diyarbak\u0131r Arkeoloji M\u00fczesi yetkilileri, durumu Koruma Kurulu\u2019na ihbar ettiklerini belirtirken, in\u015faat yetkilileri, izni kaymakaml\u0131ktan ald\u0131klar\u0131n\u0131 [&hellip;]\" \/>\n<meta property=\"og:url\" content=\"https:\/\/akunq.net\/turkish\/2010\/09\/15\/kilise-bahcesine-kuran-kursu\/\" \/>\n<meta property=\"og:site_name\" content=\"Bati Ermenistan Ve Bati Ermenileri Sorunlari Ara\u015ftirmalar Merkezi\" \/>\n<meta property=\"article:published_time\" content=\"2010-09-15T09:14:03+00:00\" \/>\n<meta name=\"author\" content=\"kalem\" \/>\n<meta name=\"twitter:card\" content=\"summary_large_image\" \/>\n<meta name=\"twitter:label1\" content=\"Written by\" \/>\n\t<meta name=\"twitter:data1\" content=\"kalem\" \/>\n\t<meta name=\"twitter:label2\" content=\"Est. reading time\" \/>\n\t<meta name=\"twitter:data2\" content=\"2 minutes\" \/>\n<script type=\"application\/ld+json\" class=\"yoast-schema-graph\">{\"@context\":\"https:\\\/\\\/schema.org\",\"@graph\":[{\"@type\":\"Article\",\"@id\":\"https:\\\/\\\/akunq.net\\\/turkish\\\/2010\\\/09\\\/15\\\/kilise-bahcesine-kuran-kursu\\\/#article\",\"isPartOf\":{\"@id\":\"https:\\\/\\\/akunq.net\\\/turkish\\\/2010\\\/09\\\/15\\\/kilise-bahcesine-kuran-kursu\\\/\"},\"author\":{\"name\":\"kalem\",\"@id\":\"https:\\\/\\\/akunq.net\\\/turkish\\\/#\\\/schema\\\/person\\\/135e7923d1aeb8887890799619969a6c\"},\"headline\":\"Kilise bah\u00e7esine Kuran kursu!\",\"datePublished\":\"2010-09-15T09:14:03+00:00\",\"mainEntityOfPage\":{\"@id\":\"https:\\\/\\\/akunq.net\\\/turkish\\\/2010\\\/09\\\/15\\\/kilise-bahcesine-kuran-kursu\\\/\"},\"wordCount\":343,\"articleSection\":[\"Haberler\"],\"inLanguage\":\"en-US\"},{\"@type\":\"WebPage\",\"@id\":\"https:\\\/\\\/akunq.net\\\/turkish\\\/2010\\\/09\\\/15\\\/kilise-bahcesine-kuran-kursu\\\/\",\"url\":\"https:\\\/\\\/akunq.net\\\/turkish\\\/2010\\\/09\\\/15\\\/kilise-bahcesine-kuran-kursu\\\/\",\"name\":\"Kilise bah\u00e7esine Kuran kursu! - Bati Ermenistan Ve Bati Ermenileri Sorunlari Ara\u015ftirmalar Merkezi\",\"isPartOf\":{\"@id\":\"https:\\\/\\\/akunq.net\\\/turkish\\\/#website\"},\"datePublished\":\"2010-09-15T09:14:03+00:00\",\"author\":{\"@id\":\"https:\\\/\\\/akunq.net\\\/turkish\\\/#\\\/schema\\\/person\\\/135e7923d1aeb8887890799619969a6c\"},\"breadcrumb\":{\"@id\":\"https:\\\/\\\/akunq.net\\\/turkish\\\/2010\\\/09\\\/15\\\/kilise-bahcesine-kuran-kursu\\\/#breadcrumb\"},\"inLanguage\":\"en-US\",\"potentialAction\":[{\"@type\":\"ReadAction\",\"target\":[\"https:\\\/\\\/akunq.net\\\/turkish\\\/2010\\\/09\\\/15\\\/kilise-bahcesine-kuran-kursu\\\/\"]}]},{\"@type\":\"BreadcrumbList\",\"@id\":\"https:\\\/\\\/akunq.net\\\/turkish\\\/2010\\\/09\\\/15\\\/kilise-bahcesine-kuran-kursu\\\/#breadcrumb\",\"itemListElement\":[{\"@type\":\"ListItem\",\"position\":1,\"name\":\"Home\",\"item\":\"https:\\\/\\\/akunq.net\\\/turkish\\\/\"},{\"@type\":\"ListItem\",\"position\":2,\"name\":\"Kilise bah\u00e7esine Kuran kursu!\"}]},{\"@type\":\"WebSite\",\"@id\":\"https:\\\/\\\/akunq.net\\\/turkish\\\/#website\",\"url\":\"https:\\\/\\\/akunq.net\\\/turkish\\\/\",\"name\":\"Bati Ermenistan Ve Bati Ermenileri Sorunlari Ara\u015ftirmalar Merkezi\",\"description\":\"\",\"potentialAction\":[{\"@type\":\"SearchAction\",\"target\":{\"@type\":\"EntryPoint\",\"urlTemplate\":\"https:\\\/\\\/akunq.net\\\/turkish\\\/?s={search_term_string}\"},\"query-input\":{\"@type\":\"PropertyValueSpecification\",\"valueRequired\":true,\"valueName\":\"search_term_string\"}}],\"inLanguage\":\"en-US\"},{\"@type\":\"Person\",\"@id\":\"https:\\\/\\\/akunq.net\\\/turkish\\\/#\\\/schema\\\/person\\\/135e7923d1aeb8887890799619969a6c\",\"name\":\"kalem\",\"image\":{\"@type\":\"ImageObject\",\"inLanguage\":\"en-US\",\"@id\":\"https:\\\/\\\/secure.gravatar.com\\\/avatar\\\/a06875e4b25feb5674296adf8e8a7ae1e587cebce2493fe63c456109967e27d3?s=96&d=mm&r=g\",\"url\":\"https:\\\/\\\/secure.gravatar.com\\\/avatar\\\/a06875e4b25feb5674296adf8e8a7ae1e587cebce2493fe63c456109967e27d3?s=96&d=mm&r=g\",\"contentUrl\":\"https:\\\/\\\/secure.gravatar.com\\\/avatar\\\/a06875e4b25feb5674296adf8e8a7ae1e587cebce2493fe63c456109967e27d3?s=96&d=mm&r=g\",\"caption\":\"kalem\"},\"url\":\"https:\\\/\\\/akunq.net\\\/turkish\\\/author\\\/kalem\\\/\"}]}<\/script>\n<!-- \/ Yoast SEO plugin. -->","yoast_head_json":{"title":"Kilise bah\u00e7esine Kuran kursu! - Bati Ermenistan Ve Bati Ermenileri Sorunlari Ara\u015ftirmalar Merkezi","robots":{"index":"index","follow":"follow","max-snippet":"max-snippet:-1","max-image-preview":"max-image-preview:large","max-video-preview":"max-video-preview:-1"},"canonical":"https:\/\/akunq.net\/turkish\/2010\/09\/15\/kilise-bahcesine-kuran-kursu\/","og_locale":"en_US","og_type":"article","og_title":"Kilise bah\u00e7esine Kuran kursu! - Bati Ermenistan Ve Bati Ermenileri Sorunlari Ara\u015ftirmalar Merkezi","og_description":"Diyarbak\u0131r\u2019\u0131n \u00c7\u00fcng\u00fc\u015f il\u00e7esinde, 15. y\u00fczy\u0131ldan kalma tarihi Ermeni kilisesinin bah\u00e7esine Kuran kursu in\u015fa ediliyor. Diyarbak\u0131r Arkeoloji M\u00fczesi yetkilileri, durumu Koruma Kurulu\u2019na ihbar ettiklerini belirtirken, in\u015faat yetkilileri&#8230; Diyarbak\u0131r\u2019\u0131n \u00c7\u00fcng\u00fc\u015f il\u00e7esinde, 15. y\u00fczy\u0131ldan kalma tarihi Ermeni kilisesinin bah\u00e7esine Kuran kursu in\u015fa ediliyor. Diyarbak\u0131r Arkeoloji M\u00fczesi yetkilileri, durumu Koruma Kurulu\u2019na ihbar ettiklerini belirtirken, in\u015faat yetkilileri, izni kaymakaml\u0131ktan ald\u0131klar\u0131n\u0131 [&hellip;]","og_url":"https:\/\/akunq.net\/turkish\/2010\/09\/15\/kilise-bahcesine-kuran-kursu\/","og_site_name":"Bati Ermenistan Ve Bati Ermenileri Sorunlari Ara\u015ftirmalar Merkezi","article_published_time":"2010-09-15T09:14:03+00:00","author":"kalem","twitter_card":"summary_large_image","twitter_misc":{"Written by":"kalem","Est. reading time":"2 minutes"},"schema":{"@context":"https:\/\/schema.org","@graph":[{"@type":"Article","@id":"https:\/\/akunq.net\/turkish\/2010\/09\/15\/kilise-bahcesine-kuran-kursu\/#article","isPartOf":{"@id":"https:\/\/akunq.net\/turkish\/2010\/09\/15\/kilise-bahcesine-kuran-kursu\/"},"author":{"name":"kalem","@id":"https:\/\/akunq.net\/turkish\/#\/schema\/person\/135e7923d1aeb8887890799619969a6c"},"headline":"Kilise bah\u00e7esine Kuran kursu!","datePublished":"2010-09-15T09:14:03+00:00","mainEntityOfPage":{"@id":"https:\/\/akunq.net\/turkish\/2010\/09\/15\/kilise-bahcesine-kuran-kursu\/"},"wordCount":343,"articleSection":["Haberler"],"inLanguage":"en-US"},{"@type":"WebPage","@id":"https:\/\/akunq.net\/turkish\/2010\/09\/15\/kilise-bahcesine-kuran-kursu\/","url":"https:\/\/akunq.net\/turkish\/2010\/09\/15\/kilise-bahcesine-kuran-kursu\/","name":"Kilise bah\u00e7esine Kuran kursu! - Bati Ermenistan Ve Bati Ermenileri Sorunlari Ara\u015ftirmalar Merkezi","isPartOf":{"@id":"https:\/\/akunq.net\/turkish\/#website"},"datePublished":"2010-09-15T09:14:03+00:00","author":{"@id":"https:\/\/akunq.net\/turkish\/#\/schema\/person\/135e7923d1aeb8887890799619969a6c"},"breadcrumb":{"@id":"https:\/\/akunq.net\/turkish\/2010\/09\/15\/kilise-bahcesine-kuran-kursu\/#breadcrumb"},"inLanguage":"en-US","potentialAction":[{"@type":"ReadAction","target":["https:\/\/akunq.net\/turkish\/2010\/09\/15\/kilise-bahcesine-kuran-kursu\/"]}]},{"@type":"BreadcrumbList","@id":"https:\/\/akunq.net\/turkish\/2010\/09\/15\/kilise-bahcesine-kuran-kursu\/#breadcrumb","itemListElement":[{"@type":"ListItem","position":1,"name":"Home","item":"https:\/\/akunq.net\/turkish\/"},{"@type":"ListItem","position":2,"name":"Kilise bah\u00e7esine Kuran kursu!"}]},{"@type":"WebSite","@id":"https:\/\/akunq.net\/turkish\/#website","url":"https:\/\/akunq.net\/turkish\/","name":"Bati Ermenistan Ve Bati Ermenileri Sorunlari Ara\u015ftirmalar Merkezi","description":"","potentialAction":[{"@type":"SearchAction","target":{"@type":"EntryPoint","urlTemplate":"https:\/\/akunq.net\/turkish\/?s={search_term_string}"},"query-input":{"@type":"PropertyValueSpecification","valueRequired":true,"valueName":"search_term_string"}}],"inLanguage":"en-US"},{"@type":"Person","@id":"https:\/\/akunq.net\/turkish\/#\/schema\/person\/135e7923d1aeb8887890799619969a6c","name":"kalem","image":{"@type":"ImageObject","inLanguage":"en-US","@id":"https:\/\/secure.gravatar.com\/avatar\/a06875e4b25feb5674296adf8e8a7ae1e587cebce2493fe63c456109967e27d3?s=96&d=mm&r=g","url":"https:\/\/secure.gravatar.com\/avatar\/a06875e4b25feb5674296adf8e8a7ae1e587cebce2493fe63c456109967e27d3?s=96&d=mm&r=g","contentUrl":"https:\/\/secure.gravatar.com\/avatar\/a06875e4b25feb5674296adf8e8a7ae1e587cebce2493fe63c456109967e27d3?s=96&d=mm&r=g","caption":"kalem"},"url":"https:\/\/akunq.net\/turkish\/author\/kalem\/"}]}},"_links":{"self":[{"href":"https:\/\/akunq.net\/turkish\/wp-json\/wp\/v2\/posts\/1967","targetHints":{"allow":["GET"]}}],"collection":[{"href":"https:\/\/akunq.net\/turkish\/wp-json\/wp\/v2\/posts"}],"about":[{"href":"https:\/\/akunq.net\/turkish\/wp-json\/wp\/v2\/types\/post"}],"author":[{"embeddable":true,"href":"https:\/\/akunq.net\/turkish\/wp-json\/wp\/v2\/users\/3"}],"replies":[{"embeddable":true,"href":"https:\/\/akunq.net\/turkish\/wp-json\/wp\/v2\/comments?post=1967"}],"version-history":[{"count":0,"href":"https:\/\/akunq.net\/turkish\/wp-json\/wp\/v2\/posts\/1967\/revisions"}],"wp:attachment":[{"href":"https:\/\/akunq.net\/turkish\/wp-json\/wp\/v2\/media?parent=1967"}],"wp:term":[{"taxonomy":"category","embeddable":true,"href":"https:\/\/akunq.net\/turkish\/wp-json\/wp\/v2\/categories?post=1967"},{"taxonomy":"post_tag","embeddable":true,"href":"https:\/\/akunq.net\/turkish\/wp-json\/wp\/v2\/tags?post=1967"}],"curies":[{"name":"wp","href":"https:\/\/api.w.org\/{rel}","templated":true}]}}